{"id":963659,"date":"2025-11-14T21:34:00","date_gmt":"2025-11-14T20:34:00","guid":{"rendered":"https:\/\/dmcsrb.com\/uncategorized\/istanbul-proglasen-za-najpozeljniji-grad-evrope-2025-nosi-istoriju-u-svom-kamenju-i-mastu-u-svojoj-buducnosti\/"},"modified":"2025-11-14T21:34:00","modified_gmt":"2025-11-14T20:34:00","slug":"istanbul-proglasen-za-najpozeljniji-grad-evrope-2025-nosi-istoriju-u-svom-kamenju-i-mastu-u-svojoj-buducnosti","status":"publish","type":"post","link":"https:\/\/dmcsrb.com\/en\/zanimljivosti\/istanbul-proglasen-za-najpozeljniji-grad-evrope-2025-nosi-istoriju-u-svom-kamenju-i-mastu-u-svojoj-buducnosti\/","title":{"rendered":"Istanbul progla\u0161en za najpo\u017eeljniji grad Evrope 2025: Nosi istoriju u svom kamenju i ma\u0161tu u svojoj budu\u0107nosti"},"content":{"rendered":"<p><br><\/p>\n\n\n\n<p>Ovaj grad osvojio je zlatnu nagradu na ceremoniji koja je odr\u017eana u srijedu u Nacionalnoj galeriji u Londonu.<\/p>\n\n\n\n<p>Tako\u0111e, Istanbul je srebrnu nagradu osvojio 2024. godine. <\/p>\n\n\n\n<p><br>&#8220;Magnetizam istoka i zapada u Istanbulu doveo ga je do zlatne nagrade&#8221;, navodi ovaj \u010dasopis. Uz to, isti\u010de se da ovaj grad spaja istoriju sa moderno\u0161\u0107u, od siluete kupola i minareta, do nove umjetni\u010dke i gastronomske scene.<\/p>\n\n\n\n<p><\/p>\n\n\n\n<p>Kako navode, posebnu zanimljivost \u010dini prelazak Bosfora u zalazak sunca, u\u017eivanje u jelima, obilazak crkava, d\u017eamija i galerija moderne umjetnosti. Glavni urednik Wanderlusta D\u017eord\u017e Kipuros naveo je da \u010ditaoci ovaj grad opisuju kao grad koji ih svaki put iznena\u0111uje.<\/p>\n\n\n\n<ol start=\"29\" class=\"wp-block-list\">\n<li><\/li>\n<\/ol>\n\n\n\n<p><br>&#8220;Energija Istanbula je u tome koliko ovaj grad \u017eivi izme\u0111u svjetova. Istanbul ima istoriju u svom kamenju i ma\u0161tu u svojoj budu\u0107nosti&#8221;, naveo je.<\/p>\n\n\n\n<p>Tako\u0111e, istanbulski aerodrom nedavno je progla\u0161en najboljim aerodromom na svetu na dodeli nagrada \u010ditalaca &#8220;Conde Nast Travellera&#8221; za 2025. godinu.<\/p>\n\n\n\n<p><br>&#8220;Ova zlatna nagrada za Istanbul potvr\u0111uje njegovu poziciju najprivla\u010dnijeg evropskog grada, gde susret kontinenata nastavlja da privla\u010di i inspiri\u0161e posetioce iz godine u godinu&#8221;, naveli su iz Agencije za promociju i razvoj turizma Turske.<\/p>\n\n\n\n<p>Uz to, srebrnu nagradu za najpo\u017eeljniji evropski grad osvojio je Dubrovnik, dok je Madrid dobio bronzanu nagradu u istoj kategoriji.<\/p>","protected":false},"excerpt":{"rendered":"<p>Istanbul je dobio titulu najpo\u017eeljnijeg grada Evrope na dodjeli nagrada Wanderlust Reader Travel Awards 2025.<\/p>","protected":false},"author":1,"featured_media":963660,"comment_status":"open","ping_status":"open","sticky":false,"template":"","format":"standard","meta":{"_acf_changed":false,"footnotes":""},"categories":[5672],"tags":[2347,14451,5268],"naslovna":[],"class_list":["post-963659","post","type-post","status-publish","format-standard","has-post-thumbnail","hentry","category-zanimljivosti","tag-2347","tag-grad-edvrope","tag-istanbul"],"acf":[],"yoast_head":"<!-- This site is optimized with the Yoast SEO plugin v27.0 - https:\/\/yoast.com\/product\/yoast-seo-wordpress\/ -->\n<title>Istanbul progla\u0161en za najpo\u017eeljniji grad Evrope 2025: Nosi istoriju u svom kamenju i ma\u0161tu u svojoj budu\u0107nosti - dmcsrb.com<\/title>\n<meta name=\"robots\" content=\"index, follow, max-snippet:-1, max-image-preview:large, max-video-preview:-1\" \/>\n<link rel=\"canonical\" href=\"https:\/\/dmcsrb.com\/en\/zanimljivosti\/istanbul-proglasen-za-najpozeljniji-grad-evrope-2025-nosi-istoriju-u-svom-kamenju-i-mastu-u-svojoj-buducnosti\/\" \/>\n<meta property=\"og:locale\" content=\"en_GB\" \/>\n<meta property=\"og:type\" content=\"article\" \/>\n<meta property=\"og:title\" content=\"Istanbul progla\u0161en za najpo\u017eeljniji grad Evrope 2025: Nosi istoriju u svom kamenju i ma\u0161tu u svojoj budu\u0107nosti - dmcsrb.com\" \/>\n<meta property=\"og:description\" content=\"Istanbul je dobio titulu najpo\u017eeljnijeg grada Evrope na dodjeli nagrada Wanderlust Reader Travel Awards 2025.\" \/>\n<meta property=\"og:url\" content=\"https:\/\/dmcsrb.com\/en\/zanimljivosti\/istanbul-proglasen-za-najpozeljniji-grad-evrope-2025-nosi-istoriju-u-svom-kamenju-i-mastu-u-svojoj-buducnosti\/\" \/>\n<meta property=\"og:site_name\" content=\"dmcsrb.com\" \/>\n<meta property=\"article:published_time\" content=\"2025-11-14T20:34:00+00:00\" \/>\n<meta property=\"og:image\" content=\"https:\/\/dmcsrb.com\/wp-content\/uploads\/2026\/01\/Istanbul-1.webp\" \/>\n\t<meta property=\"og:image:width\" content=\"2048\" \/>\n\t<meta property=\"og:image:height\" content=\"1367\" \/>\n\t<meta property=\"og:image:type\" content=\"image\/jpeg\" \/>\n<meta name=\"author\" content=\"dmcsrbija.com@gmail.com\" \/>\n<meta name=\"twitter:card\" content=\"summary_large_image\" \/>\n<meta name=\"twitter:label1\" content=\"Written by\" \/>\n\t<meta name=\"twitter:data1\" content=\"dmcsrbija.com@gmail.com\" \/>\n\t<meta name=\"twitter:label2\" content=\"Estimated reading time\" \/>\n\t<meta name=\"twitter:data2\" content=\"1 minute\" \/>\n<script type=\"application\/ld+json\" class=\"yoast-schema-graph\">{\"@context\":\"https:\/\/schema.org\",\"@graph\":[{\"@type\":\"Article\",\"@id\":\"https:\/\/dmcsrb.com\/zanimljivosti\/istanbul-proglasen-za-najpozeljniji-grad-evrope-2025-nosi-istoriju-u-svom-kamenju-i-mastu-u-svojoj-buducnosti\/#article\",\"isPartOf\":{\"@id\":\"https:\/\/dmcsrb.com\/zanimljivosti\/istanbul-proglasen-za-najpozeljniji-grad-evrope-2025-nosi-istoriju-u-svom-kamenju-i-mastu-u-svojoj-buducnosti\/\"},\"author\":{\"name\":\"dmcsrbija.com@gmail.com\",\"@id\":\"https:\/\/dmcsrb.com\/#\/schema\/person\/5c39170f12db1b8b457732d0b5c854e2\"},\"headline\":\"Istanbul progla\u0161en za najpo\u017eeljniji grad Evrope 2025: Nosi istoriju u svom kamenju i ma\u0161tu u svojoj budu\u0107nosti\",\"datePublished\":\"2025-11-14T20:34:00+00:00\",\"mainEntityOfPage\":{\"@id\":\"https:\/\/dmcsrb.com\/zanimljivosti\/istanbul-proglasen-za-najpozeljniji-grad-evrope-2025-nosi-istoriju-u-svom-kamenju-i-mastu-u-svojoj-buducnosti\/\"},\"wordCount\":237,\"commentCount\":0,\"image\":{\"@id\":\"https:\/\/dmcsrb.com\/zanimljivosti\/istanbul-proglasen-za-najpozeljniji-grad-evrope-2025-nosi-istoriju-u-svom-kamenju-i-mastu-u-svojoj-buducnosti\/#primaryimage\"},\"thumbnailUrl\":\"https:\/\/dmcsrb.com\/wp-content\/uploads\/2026\/01\/Istanbul-1.webp\",\"keywords\":[\"2025\",\"grad EDVrope\",\"Istanbul\"],\"articleSection\":[\"Zanimljivosti\"],\"inLanguage\":\"en-GB\",\"potentialAction\":[{\"@type\":\"CommentAction\",\"name\":\"Comment\",\"target\":[\"https:\/\/dmcsrb.com\/zanimljivosti\/istanbul-proglasen-za-najpozeljniji-grad-evrope-2025-nosi-istoriju-u-svom-kamenju-i-mastu-u-svojoj-buducnosti\/#respond\"]}]},{\"@type\":\"WebPage\",\"@id\":\"https:\/\/dmcsrb.com\/zanimljivosti\/istanbul-proglasen-za-najpozeljniji-grad-evrope-2025-nosi-istoriju-u-svom-kamenju-i-mastu-u-svojoj-buducnosti\/\",\"url\":\"https:\/\/dmcsrb.com\/zanimljivosti\/istanbul-proglasen-za-najpozeljniji-grad-evrope-2025-nosi-istoriju-u-svom-kamenju-i-mastu-u-svojoj-buducnosti\/\",\"name\":\"Istanbul progla\u0161en za najpo\u017eeljniji grad Evrope 2025: Nosi istoriju u svom kamenju i ma\u0161tu u svojoj budu\u0107nosti - dmcsrb.com\",\"isPartOf\":{\"@id\":\"https:\/\/dmcsrb.com\/#website\"},\"primaryImageOfPage\":{\"@id\":\"https:\/\/dmcsrb.com\/zanimljivosti\/istanbul-proglasen-za-najpozeljniji-grad-evrope-2025-nosi-istoriju-u-svom-kamenju-i-mastu-u-svojoj-buducnosti\/#primaryimage\"},\"image\":{\"@id\":\"https:\/\/dmcsrb.com\/zanimljivosti\/istanbul-proglasen-za-najpozeljniji-grad-evrope-2025-nosi-istoriju-u-svom-kamenju-i-mastu-u-svojoj-buducnosti\/#primaryimage\"},\"thumbnailUrl\":\"https:\/\/dmcsrb.com\/wp-content\/uploads\/2026\/01\/Istanbul-1.webp\",\"datePublished\":\"2025-11-14T20:34:00+00:00\",\"author\":{\"@id\":\"https:\/\/dmcsrb.com\/#\/schema\/person\/5c39170f12db1b8b457732d0b5c854e2\"},\"breadcrumb\":{\"@id\":\"https:\/\/dmcsrb.com\/zanimljivosti\/istanbul-proglasen-za-najpozeljniji-grad-evrope-2025-nosi-istoriju-u-svom-kamenju-i-mastu-u-svojoj-buducnosti\/#breadcrumb\"},\"inLanguage\":\"en-GB\",\"potentialAction\":[{\"@type\":\"ReadAction\",\"target\":[\"https:\/\/dmcsrb.com\/zanimljivosti\/istanbul-proglasen-za-najpozeljniji-grad-evrope-2025-nosi-istoriju-u-svom-kamenju-i-mastu-u-svojoj-buducnosti\/\"]}]},{\"@type\":\"ImageObject\",\"inLanguage\":\"en-GB\",\"@id\":\"https:\/\/dmcsrb.com\/zanimljivosti\/istanbul-proglasen-za-najpozeljniji-grad-evrope-2025-nosi-istoriju-u-svom-kamenju-i-mastu-u-svojoj-buducnosti\/#primaryimage\",\"url\":\"https:\/\/dmcsrb.com\/wp-content\/uploads\/2026\/01\/Istanbul-1.webp\",\"contentUrl\":\"https:\/\/dmcsrb.com\/wp-content\/uploads\/2026\/01\/Istanbul-1.webp\",\"width\":2048,\"height\":1367},{\"@type\":\"BreadcrumbList\",\"@id\":\"https:\/\/dmcsrb.com\/zanimljivosti\/istanbul-proglasen-za-najpozeljniji-grad-evrope-2025-nosi-istoriju-u-svom-kamenju-i-mastu-u-svojoj-buducnosti\/#breadcrumb\",\"itemListElement\":[{\"@type\":\"ListItem\",\"position\":1,\"name\":\"Home\",\"item\":\"https:\/\/dmcsrb.com\/\"},{\"@type\":\"ListItem\",\"position\":2,\"name\":\"Istanbul progla\u0161en za najpo\u017eeljniji grad Evrope 2025: Nosi istoriju u svom kamenju i ma\u0161tu u svojoj budu\u0107nosti\"}]},{\"@type\":\"WebSite\",\"@id\":\"https:\/\/dmcsrb.com\/#website\",\"url\":\"https:\/\/dmcsrb.com\/\",\"name\":\"dmcsrb.com\",\"description\":\"\",\"potentialAction\":[{\"@type\":\"SearchAction\",\"target\":{\"@type\":\"EntryPoint\",\"urlTemplate\":\"https:\/\/dmcsrb.com\/?s={search_term_string}\"},\"query-input\":{\"@type\":\"PropertyValueSpecification\",\"valueRequired\":true,\"valueName\":\"search_term_string\"}}],\"inLanguage\":\"en-GB\"},{\"@type\":\"Person\",\"@id\":\"https:\/\/dmcsrb.com\/#\/schema\/person\/5c39170f12db1b8b457732d0b5c854e2\",\"name\":\"dmcsrbija.com@gmail.com\",\"image\":{\"@type\":\"ImageObject\",\"inLanguage\":\"en-GB\",\"@id\":\"https:\/\/dmcsrb.com\/#\/schema\/person\/image\/\",\"url\":\"https:\/\/secure.gravatar.com\/avatar\/68592660ad6347fad0fb587f8d5d8f1a7b44961362f56e4f2cd524feb87e9069?s=96&d=mm&r=g\",\"contentUrl\":\"https:\/\/secure.gravatar.com\/avatar\/68592660ad6347fad0fb587f8d5d8f1a7b44961362f56e4f2cd524feb87e9069?s=96&d=mm&r=g\",\"caption\":\"dmcsrbija.com@gmail.com\"},\"sameAs\":[\"https:\/\/dmcsrb.com\"],\"url\":\"https:\/\/dmcsrb.com\/en\/author\/dmcsrbija-comgmail-com\/\"}]}<\/script>\n<!-- \/ Yoast SEO plugin. -->","yoast_head_json":{"title":"Istanbul progla\u0161en za najpo\u017eeljniji grad Evrope 2025: Nosi istoriju u svom kamenju i ma\u0161tu u svojoj budu\u0107nosti - dmcsrb.com","robots":{"index":"index","follow":"follow","max-snippet":"max-snippet:-1","max-image-preview":"max-image-preview:large","max-video-preview":"max-video-preview:-1"},"canonical":"https:\/\/dmcsrb.com\/en\/zanimljivosti\/istanbul-proglasen-za-najpozeljniji-grad-evrope-2025-nosi-istoriju-u-svom-kamenju-i-mastu-u-svojoj-buducnosti\/","og_locale":"en_GB","og_type":"article","og_title":"Istanbul progla\u0161en za najpo\u017eeljniji grad Evrope 2025: Nosi istoriju u svom kamenju i ma\u0161tu u svojoj budu\u0107nosti - dmcsrb.com","og_description":"Istanbul je dobio titulu najpo\u017eeljnijeg grada Evrope na dodjeli nagrada Wanderlust Reader Travel Awards 2025.","og_url":"https:\/\/dmcsrb.com\/en\/zanimljivosti\/istanbul-proglasen-za-najpozeljniji-grad-evrope-2025-nosi-istoriju-u-svom-kamenju-i-mastu-u-svojoj-buducnosti\/","og_site_name":"dmcsrb.com","article_published_time":"2025-11-14T20:34:00+00:00","og_image":[{"width":2048,"height":1367,"url":"https:\/\/dmcsrb.com\/wp-content\/uploads\/2026\/01\/Istanbul-1.webp","type":"image\/jpeg"}],"author":"dmcsrbija.com@gmail.com","twitter_card":"summary_large_image","twitter_misc":{"Written by":"dmcsrbija.com@gmail.com","Estimated reading time":"1 minute"},"schema":{"@context":"https:\/\/schema.org","@graph":[{"@type":"Article","@id":"https:\/\/dmcsrb.com\/zanimljivosti\/istanbul-proglasen-za-najpozeljniji-grad-evrope-2025-nosi-istoriju-u-svom-kamenju-i-mastu-u-svojoj-buducnosti\/#article","isPartOf":{"@id":"https:\/\/dmcsrb.com\/zanimljivosti\/istanbul-proglasen-za-najpozeljniji-grad-evrope-2025-nosi-istoriju-u-svom-kamenju-i-mastu-u-svojoj-buducnosti\/"},"author":{"name":"dmcsrbija.com@gmail.com","@id":"https:\/\/dmcsrb.com\/#\/schema\/person\/5c39170f12db1b8b457732d0b5c854e2"},"headline":"Istanbul progla\u0161en za najpo\u017eeljniji grad Evrope 2025: Nosi istoriju u svom kamenju i ma\u0161tu u svojoj budu\u0107nosti","datePublished":"2025-11-14T20:34:00+00:00","mainEntityOfPage":{"@id":"https:\/\/dmcsrb.com\/zanimljivosti\/istanbul-proglasen-za-najpozeljniji-grad-evrope-2025-nosi-istoriju-u-svom-kamenju-i-mastu-u-svojoj-buducnosti\/"},"wordCount":237,"commentCount":0,"image":{"@id":"https:\/\/dmcsrb.com\/zanimljivosti\/istanbul-proglasen-za-najpozeljniji-grad-evrope-2025-nosi-istoriju-u-svom-kamenju-i-mastu-u-svojoj-buducnosti\/#primaryimage"},"thumbnailUrl":"https:\/\/dmcsrb.com\/wp-content\/uploads\/2026\/01\/Istanbul-1.webp","keywords":["2025","grad EDVrope","Istanbul"],"articleSection":["Zanimljivosti"],"inLanguage":"en-GB","potentialAction":[{"@type":"CommentAction","name":"Comment","target":["https:\/\/dmcsrb.com\/zanimljivosti\/istanbul-proglasen-za-najpozeljniji-grad-evrope-2025-nosi-istoriju-u-svom-kamenju-i-mastu-u-svojoj-buducnosti\/#respond"]}]},{"@type":"WebPage","@id":"https:\/\/dmcsrb.com\/zanimljivosti\/istanbul-proglasen-za-najpozeljniji-grad-evrope-2025-nosi-istoriju-u-svom-kamenju-i-mastu-u-svojoj-buducnosti\/","url":"https:\/\/dmcsrb.com\/zanimljivosti\/istanbul-proglasen-za-najpozeljniji-grad-evrope-2025-nosi-istoriju-u-svom-kamenju-i-mastu-u-svojoj-buducnosti\/","name":"Istanbul progla\u0161en za najpo\u017eeljniji grad Evrope 2025: Nosi istoriju u svom kamenju i ma\u0161tu u svojoj budu\u0107nosti - dmcsrb.com","isPartOf":{"@id":"https:\/\/dmcsrb.com\/#website"},"primaryImageOfPage":{"@id":"https:\/\/dmcsrb.com\/zanimljivosti\/istanbul-proglasen-za-najpozeljniji-grad-evrope-2025-nosi-istoriju-u-svom-kamenju-i-mastu-u-svojoj-buducnosti\/#primaryimage"},"image":{"@id":"https:\/\/dmcsrb.com\/zanimljivosti\/istanbul-proglasen-za-najpozeljniji-grad-evrope-2025-nosi-istoriju-u-svom-kamenju-i-mastu-u-svojoj-buducnosti\/#primaryimage"},"thumbnailUrl":"https:\/\/dmcsrb.com\/wp-content\/uploads\/2026\/01\/Istanbul-1.webp","datePublished":"2025-11-14T20:34:00+00:00","author":{"@id":"https:\/\/dmcsrb.com\/#\/schema\/person\/5c39170f12db1b8b457732d0b5c854e2"},"breadcrumb":{"@id":"https:\/\/dmcsrb.com\/zanimljivosti\/istanbul-proglasen-za-najpozeljniji-grad-evrope-2025-nosi-istoriju-u-svom-kamenju-i-mastu-u-svojoj-buducnosti\/#breadcrumb"},"inLanguage":"en-GB","potentialAction":[{"@type":"ReadAction","target":["https:\/\/dmcsrb.com\/zanimljivosti\/istanbul-proglasen-za-najpozeljniji-grad-evrope-2025-nosi-istoriju-u-svom-kamenju-i-mastu-u-svojoj-buducnosti\/"]}]},{"@type":"ImageObject","inLanguage":"en-GB","@id":"https:\/\/dmcsrb.com\/zanimljivosti\/istanbul-proglasen-za-najpozeljniji-grad-evrope-2025-nosi-istoriju-u-svom-kamenju-i-mastu-u-svojoj-buducnosti\/#primaryimage","url":"https:\/\/dmcsrb.com\/wp-content\/uploads\/2026\/01\/Istanbul-1.webp","contentUrl":"https:\/\/dmcsrb.com\/wp-content\/uploads\/2026\/01\/Istanbul-1.webp","width":2048,"height":1367},{"@type":"BreadcrumbList","@id":"https:\/\/dmcsrb.com\/zanimljivosti\/istanbul-proglasen-za-najpozeljniji-grad-evrope-2025-nosi-istoriju-u-svom-kamenju-i-mastu-u-svojoj-buducnosti\/#breadcrumb","itemListElement":[{"@type":"ListItem","position":1,"name":"Home","item":"https:\/\/dmcsrb.com\/"},{"@type":"ListItem","position":2,"name":"Istanbul progla\u0161en za najpo\u017eeljniji grad Evrope 2025: Nosi istoriju u svom kamenju i ma\u0161tu u svojoj budu\u0107nosti"}]},{"@type":"WebSite","@id":"https:\/\/dmcsrb.com\/#website","url":"https:\/\/dmcsrb.com\/","name":"dmcsrb.com","description":"","potentialAction":[{"@type":"SearchAction","target":{"@type":"EntryPoint","urlTemplate":"https:\/\/dmcsrb.com\/?s={search_term_string}"},"query-input":{"@type":"PropertyValueSpecification","valueRequired":true,"valueName":"search_term_string"}}],"inLanguage":"en-GB"},{"@type":"Person","@id":"https:\/\/dmcsrb.com\/#\/schema\/person\/5c39170f12db1b8b457732d0b5c854e2","name":"dmcsrbija.com@gmail.com","image":{"@type":"ImageObject","inLanguage":"en-GB","@id":"https:\/\/dmcsrb.com\/#\/schema\/person\/image\/","url":"https:\/\/secure.gravatar.com\/avatar\/68592660ad6347fad0fb587f8d5d8f1a7b44961362f56e4f2cd524feb87e9069?s=96&d=mm&r=g","contentUrl":"https:\/\/secure.gravatar.com\/avatar\/68592660ad6347fad0fb587f8d5d8f1a7b44961362f56e4f2cd524feb87e9069?s=96&d=mm&r=g","caption":"dmcsrbija.com@gmail.com"},"sameAs":["https:\/\/dmcsrb.com"],"url":"https:\/\/dmcsrb.com\/en\/author\/dmcsrbija-comgmail-com\/"}]}},"_links":{"self":[{"href":"https:\/\/dmcsrb.com\/en\/wp-json\/wp\/v2\/posts\/963659","targetHints":{"allow":["GET"]}}],"collection":[{"href":"https:\/\/dmcsrb.com\/en\/wp-json\/wp\/v2\/posts"}],"about":[{"href":"https:\/\/dmcsrb.com\/en\/wp-json\/wp\/v2\/types\/post"}],"author":[{"embeddable":true,"href":"https:\/\/dmcsrb.com\/en\/wp-json\/wp\/v2\/users\/1"}],"replies":[{"embeddable":true,"href":"https:\/\/dmcsrb.com\/en\/wp-json\/wp\/v2\/comments?post=963659"}],"version-history":[{"count":0,"href":"https:\/\/dmcsrb.com\/en\/wp-json\/wp\/v2\/posts\/963659\/revisions"}],"wp:featuredmedia":[{"embeddable":true,"href":"https:\/\/dmcsrb.com\/en\/wp-json\/wp\/v2\/media\/963660"}],"wp:attachment":[{"href":"https:\/\/dmcsrb.com\/en\/wp-json\/wp\/v2\/media?parent=963659"}],"wp:term":[{"taxonomy":"category","embeddable":true,"href":"https:\/\/dmcsrb.com\/en\/wp-json\/wp\/v2\/categories?post=963659"},{"taxonomy":"post_tag","embeddable":true,"href":"https:\/\/dmcsrb.com\/en\/wp-json\/wp\/v2\/tags?post=963659"},{"taxonomy":"naslovna","embeddable":true,"href":"https:\/\/dmcsrb.com\/en\/wp-json\/wp\/v2\/naslovna?post=963659"}],"curies":[{"name":"wp","href":"https:\/\/api.w.org\/{rel}","templated":true}]}}