{"id":963600,"date":"2025-11-14T11:41:00","date_gmt":"2025-11-14T10:41:00","guid":{"rendered":"https:\/\/dmcsrb.com\/uncategorized\/ijz-u-crnoj-gori-oko-21-600-odraslih-osoba-zivi-sa-nedijagnostikovanom-secernom-bolescu\/"},"modified":"2025-11-14T11:41:00","modified_gmt":"2025-11-14T10:41:00","slug":"ijz-u-crnoj-gori-oko-21-600-odraslih-osoba-zivi-sa-nedijagnostikovanom-secernom-bolescu","status":"publish","type":"post","link":"https:\/\/dmcsrb.com\/en\/drustvo\/ijz-u-crnoj-gori-oko-21-600-odraslih-osoba-zivi-sa-nedijagnostikovanom-secernom-bolescu\/","title":{"rendered":"IJZ: U Crnoj Gori oko 21.600 odraslih osoba \u017eivi sa nedijagnostikovanom \u0161e\u0107ernom bole\u0161\u0107u"},"content":{"rendered":"<p>Crna Gora danas spada u zemlje sa visokom zastupljeno\u0161\u0107u oboljelih od dijabetesa i sa jasnom tendencijom daljeg porasta, saop\u0161teno je iz Instituta za javno zdravlje IJZ povodom 14. novembra \u2013 Svjetskog dana borbe protiv \u0161e\u0107erne bolesti<\/p>\n\n\n\n<p>Kako su naveli, procjene Me\u0111unarodne dijabetolo\u0161ke federacije (IDF Diabetes Atlas, 2021) ukazuju da oko 21.600 odraslih osoba u na\u0161oj zemlji \u017eivi sa nedijagnostikovanom \u0161e\u0107ernom bole\u0161\u0107u, a ukupno se procjenjuje da oko 50.000 gra\u0111ana starijih od 20 godina ima dijabetes, \u0161to predstavlja nacionalnu prevalencu od pribli\u017eno 10,7odsto.<\/p>\n\n\n\n<p>\u201cDugoro\u010dne projekcije ukazuju da bi prevalenca mogla da prema\u0161i 14 odsto do 2045. godine, ukoliko se trendovi ne promijene\u201d, kazali su iz IJZ-a.<\/p>\n\n\n\n<p>Tako\u0111e, isti\u010di, populacioni Registar \u0161e\u0107erne bolesti, koji funkcioni\u0161e od 2013. godine i zasniva se na prijavama ljekara koji postavljaju dijagnozu, danas obuhvata oko 90 odsto osoba koje se lije\u010de zbog dijabetesa, sa prosje\u010dnom popunjeno\u0161\u0107u podataka ve\u0107om od 70 odsto. Time Crna Gora raspola\u017ee stabilnom bazom podataka o vi\u0161e od 30.000 pacijenata.<\/p>\n\n\n\n<p>\u201cCrna Gora se, kao i ve\u0107ina savremenih dru\u0161tava, suo\u010dava sa starenjem stanovni\u0161tva, porastom prekomjerne tjelesne te\u017eine i ubrzanom urbanizacijom, \u0161to dodatno pove\u0107ava rizik za razvoj predijabetesa, dijabetesa i gestacijskog dijabetesa\u201d, dodaju u saop\u0161tenju.<\/p>\n\n\n\n<p>Pored toga, podaci Registra ukazuju da se i dalje bilje\u017ei rast oboljelih me\u0111u mladima, posebno u uzrastu od 14 do 19 godina, dok broj djece mla\u0111e od 14 godina ostaje visok, ali stabilan. Iako kod mladih i dalje dominira dijabetes tipa 1, sve \u010de\u0161\u0107e se registruje i dijabetes tipa 2, \u0161to je u skladu sa porastom gojaznosti u dje\u010dijoj i adolescentskoj populaciji.<\/p>\n\n\n\n<p>\u201cKod odraslih, dijabetes tipa 2 ostaje najzastupljeniji oblik, a podaci pokazuju da oko 80 odsto oboljelih ima pove\u0107anu tjelesnu masu, dok je 40 odsto fizi\u010dki neaktivno \u2014 \u0161to dodatno nagla\u0161ava va\u017enost preventivnih aktivnosti i promjena \u017eivotnog stila\u201d, kazali su iz IJZ-a.<\/p>\n\n\n\n<p>Prema podacima domova zdravlja za 2024. godinu, u sistemu primarne zdravstvene za\u0161tite lije\u010deno je ukupno 28.104 osoba oboljelih od dijabetesa, od \u010dega:<\/p>\n\n\n\n<ul class=\"wp-block-list\">\n<li>2.281 osoba sa dijabetesom tipa 1,<\/li>\n\n\n\n<li>25.716 sa dijabetesom tipa 2 i drugim oblicima bolesti,<\/li>\n\n\n\n<li>107 trudnica sa gestacijskim dijabetesom.<\/li>\n<\/ul>\n\n\n\n<p>Tokom iste godine, po prvi put je dijagnoza dijabetesa postavljena kod 3.312 osoba:<\/p>\n\n\n\n<ul class=\"wp-block-list\">\n<li>192 slu\u010daja dijabetesa tipa 1,<\/li>\n\n\n\n<li>3.058 dijabetesa tipa 2 i drugih tipova,<\/li>\n\n\n\n<li>62 slu\u010daja gestacijskog dijabetesa.<\/li>\n<\/ul>\n\n\n\n<p>\u201cS obzirom na obim i dinamiku javnozdravstvenog optere\u0107enja, modifikacija \u017eivotnog stila predstavlja najmo\u0107niji alat u prevenciji dijabetesa tipa 2. Ja\u010danje i revitalizacija postoje\u0107ih preventivnih savjetovali\u0161ta u domovima zdravlja \u2014 kroz multidisciplinarne timove ljekara, medicinskih sestara, nutricionista, psihologa i fizioterapeuta \u2014 omogu\u0107ilo bi efikasnije sprovo\u0111enje mjera usmjerenih na ukupnu populaciju\u201d, ocjenjuju.<\/p>\n\n\n\n<p>Iz IJZ-a isti\u010du da je dijabetes mogu\u0107e sprije\u010diti, odlo\u017eiti ili dr\u017eati pod kontrolom.<\/p>\n\n\n\n<p>\u201cUpravo zato je va\u017eno da se kontinuirano ula\u017ee u ja\u010danje preventivnih programa, edukaciju stanovni\u0161tva i podr\u0161ku najugro\u017eenijim grupama\u201d, zaklju\u010duju u sao\u0161tenju.<\/p>","protected":false},"excerpt":{"rendered":"<p>Porodi\u010dne i kulturolo\u0161ke navike u ishrani, nedovoljna fizi\u010dka aktivnost i sve intenzivniji svakodnevni stres, posebno u urbanim sredinama, prepoznati su kao klju\u010dni faktori rizika koji doprinose nastanku poreme\u0107aja metabolizma glukoze i porastu obolijevanja od dijabetesa tipa 2.<\/p>","protected":false},"author":1,"featured_media":963601,"comment_status":"open","ping_status":"open","sticky":false,"template":"","format":"standard","meta":{"_acf_changed":false,"footnotes":""},"categories":[2],"tags":[95,14416,2852],"naslovna":[],"class_list":["post-963600","post","type-post","status-publish","format-standard","has-post-thumbnail","hentry","category-drustvo","tag-crna-gora","tag-dijabetes","tag-ijz"],"acf":[],"yoast_head":"<!-- This site is optimized with the Yoast SEO plugin v27.0 - https:\/\/yoast.com\/product\/yoast-seo-wordpress\/ -->\n<title>IJZ: U Crnoj Gori oko 21.600 odraslih osoba \u017eivi sa nedijagnostikovanom \u0161e\u0107ernom bole\u0161\u0107u - dmcsrb.com<\/title>\n<meta name=\"robots\" content=\"index, follow, max-snippet:-1, max-image-preview:large, max-video-preview:-1\" \/>\n<link rel=\"canonical\" href=\"https:\/\/dmcsrb.com\/en\/drustvo\/ijz-u-crnoj-gori-oko-21-600-odraslih-osoba-zivi-sa-nedijagnostikovanom-secernom-bolescu\/\" \/>\n<meta property=\"og:locale\" content=\"en_GB\" \/>\n<meta property=\"og:type\" content=\"article\" \/>\n<meta property=\"og:title\" content=\"IJZ: U Crnoj Gori oko 21.600 odraslih osoba \u017eivi sa nedijagnostikovanom \u0161e\u0107ernom bole\u0161\u0107u - dmcsrb.com\" \/>\n<meta property=\"og:description\" content=\"Porodi\u010dne i kulturolo\u0161ke navike u ishrani, nedovoljna fizi\u010dka aktivnost i sve intenzivniji svakodnevni stres, posebno u urbanim sredinama, prepoznati su kao klju\u010dni faktori rizika koji doprinose nastanku poreme\u0107aja metabolizma glukoze i porastu obolijevanja od dijabetesa tipa 2.\" \/>\n<meta property=\"og:url\" content=\"https:\/\/dmcsrb.com\/en\/drustvo\/ijz-u-crnoj-gori-oko-21-600-odraslih-osoba-zivi-sa-nedijagnostikovanom-secernom-bolescu\/\" \/>\n<meta property=\"og:site_name\" content=\"dmcsrb.com\" \/>\n<meta property=\"article:published_time\" content=\"2025-11-14T10:41:00+00:00\" \/>\n<meta property=\"og:image\" content=\"https:\/\/dmcsrb.com\/wp-content\/uploads\/2026\/01\/vizual-.webp\" \/>\n\t<meta property=\"og:image:width\" content=\"1024\" \/>\n\t<meta property=\"og:image:height\" content=\"1280\" \/>\n\t<meta property=\"og:image:type\" content=\"image\/jpeg\" \/>\n<meta name=\"author\" content=\"dmcsrbija.com@gmail.com\" \/>\n<meta name=\"twitter:card\" content=\"summary_large_image\" \/>\n<meta name=\"twitter:label1\" content=\"Written by\" \/>\n\t<meta name=\"twitter:data1\" content=\"dmcsrbija.com@gmail.com\" \/>\n\t<meta name=\"twitter:label2\" content=\"Estimated reading time\" \/>\n\t<meta name=\"twitter:data2\" content=\"2 minutes\" \/>\n<script type=\"application\/ld+json\" class=\"yoast-schema-graph\">{\"@context\":\"https:\/\/schema.org\",\"@graph\":[{\"@type\":\"Article\",\"@id\":\"https:\/\/dmcsrb.com\/en\/drustvo\/ijz-u-crnoj-gori-oko-21-600-odraslih-osoba-zivi-sa-nedijagnostikovanom-secernom-bolescu\/#article\",\"isPartOf\":{\"@id\":\"https:\/\/dmcsrb.com\/en\/drustvo\/ijz-u-crnoj-gori-oko-21-600-odraslih-osoba-zivi-sa-nedijagnostikovanom-secernom-bolescu\/\"},\"author\":{\"name\":\"dmcsrbija.com@gmail.com\",\"@id\":\"https:\/\/dmcsrb.com\/#\/schema\/person\/5c39170f12db1b8b457732d0b5c854e2\"},\"headline\":\"IJZ: U Crnoj Gori oko 21.600 odraslih osoba \u017eivi sa nedijagnostikovanom \u0161e\u0107ernom bole\u0161\u0107u\",\"datePublished\":\"2025-11-14T10:41:00+00:00\",\"mainEntityOfPage\":{\"@id\":\"https:\/\/dmcsrb.com\/en\/drustvo\/ijz-u-crnoj-gori-oko-21-600-odraslih-osoba-zivi-sa-nedijagnostikovanom-secernom-bolescu\/\"},\"wordCount\":486,\"commentCount\":0,\"image\":{\"@id\":\"https:\/\/dmcsrb.com\/en\/drustvo\/ijz-u-crnoj-gori-oko-21-600-odraslih-osoba-zivi-sa-nedijagnostikovanom-secernom-bolescu\/#primaryimage\"},\"thumbnailUrl\":\"https:\/\/dmcsrb.com\/wp-content\/uploads\/2026\/01\/vizual-.webp\",\"keywords\":[\"Crna Gora\",\"Dijabetes\",\"IJZ\"],\"articleSection\":[\"Dru\u0161tvo\"],\"inLanguage\":\"en-GB\",\"potentialAction\":[{\"@type\":\"CommentAction\",\"name\":\"Comment\",\"target\":[\"https:\/\/dmcsrb.com\/en\/drustvo\/ijz-u-crnoj-gori-oko-21-600-odraslih-osoba-zivi-sa-nedijagnostikovanom-secernom-bolescu\/#respond\"]}]},{\"@type\":\"WebPage\",\"@id\":\"https:\/\/dmcsrb.com\/en\/drustvo\/ijz-u-crnoj-gori-oko-21-600-odraslih-osoba-zivi-sa-nedijagnostikovanom-secernom-bolescu\/\",\"url\":\"https:\/\/dmcsrb.com\/en\/drustvo\/ijz-u-crnoj-gori-oko-21-600-odraslih-osoba-zivi-sa-nedijagnostikovanom-secernom-bolescu\/\",\"name\":\"IJZ: U Crnoj Gori oko 21.600 odraslih osoba \u017eivi sa nedijagnostikovanom \u0161e\u0107ernom bole\u0161\u0107u - dmcsrb.com\",\"isPartOf\":{\"@id\":\"https:\/\/dmcsrb.com\/#website\"},\"primaryImageOfPage\":{\"@id\":\"https:\/\/dmcsrb.com\/en\/drustvo\/ijz-u-crnoj-gori-oko-21-600-odraslih-osoba-zivi-sa-nedijagnostikovanom-secernom-bolescu\/#primaryimage\"},\"image\":{\"@id\":\"https:\/\/dmcsrb.com\/en\/drustvo\/ijz-u-crnoj-gori-oko-21-600-odraslih-osoba-zivi-sa-nedijagnostikovanom-secernom-bolescu\/#primaryimage\"},\"thumbnailUrl\":\"https:\/\/dmcsrb.com\/wp-content\/uploads\/2026\/01\/vizual-.webp\",\"datePublished\":\"2025-11-14T10:41:00+00:00\",\"author\":{\"@id\":\"https:\/\/dmcsrb.com\/#\/schema\/person\/5c39170f12db1b8b457732d0b5c854e2\"},\"breadcrumb\":{\"@id\":\"https:\/\/dmcsrb.com\/en\/drustvo\/ijz-u-crnoj-gori-oko-21-600-odraslih-osoba-zivi-sa-nedijagnostikovanom-secernom-bolescu\/#breadcrumb\"},\"inLanguage\":\"en-GB\",\"potentialAction\":[{\"@type\":\"ReadAction\",\"target\":[\"https:\/\/dmcsrb.com\/en\/drustvo\/ijz-u-crnoj-gori-oko-21-600-odraslih-osoba-zivi-sa-nedijagnostikovanom-secernom-bolescu\/\"]}]},{\"@type\":\"ImageObject\",\"inLanguage\":\"en-GB\",\"@id\":\"https:\/\/dmcsrb.com\/en\/drustvo\/ijz-u-crnoj-gori-oko-21-600-odraslih-osoba-zivi-sa-nedijagnostikovanom-secernom-bolescu\/#primaryimage\",\"url\":\"https:\/\/dmcsrb.com\/wp-content\/uploads\/2026\/01\/vizual-.webp\",\"contentUrl\":\"https:\/\/dmcsrb.com\/wp-content\/uploads\/2026\/01\/vizual-.webp\",\"width\":1024,\"height\":1280},{\"@type\":\"BreadcrumbList\",\"@id\":\"https:\/\/dmcsrb.com\/en\/drustvo\/ijz-u-crnoj-gori-oko-21-600-odraslih-osoba-zivi-sa-nedijagnostikovanom-secernom-bolescu\/#breadcrumb\",\"itemListElement\":[{\"@type\":\"ListItem\",\"position\":1,\"name\":\"Home\",\"item\":\"https:\/\/dmcsrb.com\/\"},{\"@type\":\"ListItem\",\"position\":2,\"name\":\"IJZ: U Crnoj Gori oko 21.600 odraslih osoba \u017eivi sa nedijagnostikovanom \u0161e\u0107ernom bole\u0161\u0107u\"}]},{\"@type\":\"WebSite\",\"@id\":\"https:\/\/dmcsrb.com\/#website\",\"url\":\"https:\/\/dmcsrb.com\/\",\"name\":\"dmcsrb.com\",\"description\":\"\",\"potentialAction\":[{\"@type\":\"SearchAction\",\"target\":{\"@type\":\"EntryPoint\",\"urlTemplate\":\"https:\/\/dmcsrb.com\/?s={search_term_string}\"},\"query-input\":{\"@type\":\"PropertyValueSpecification\",\"valueRequired\":true,\"valueName\":\"search_term_string\"}}],\"inLanguage\":\"en-GB\"},{\"@type\":\"Person\",\"@id\":\"https:\/\/dmcsrb.com\/#\/schema\/person\/5c39170f12db1b8b457732d0b5c854e2\",\"name\":\"dmcsrbija.com@gmail.com\",\"image\":{\"@type\":\"ImageObject\",\"inLanguage\":\"en-GB\",\"@id\":\"https:\/\/dmcsrb.com\/#\/schema\/person\/image\/\",\"url\":\"https:\/\/secure.gravatar.com\/avatar\/68592660ad6347fad0fb587f8d5d8f1a7b44961362f56e4f2cd524feb87e9069?s=96&d=mm&r=g\",\"contentUrl\":\"https:\/\/secure.gravatar.com\/avatar\/68592660ad6347fad0fb587f8d5d8f1a7b44961362f56e4f2cd524feb87e9069?s=96&d=mm&r=g\",\"caption\":\"dmcsrbija.com@gmail.com\"},\"sameAs\":[\"https:\/\/dmcsrb.com\"],\"url\":\"https:\/\/dmcsrb.com\/en\/author\/dmcsrbija-comgmail-com\/\"}]}<\/script>\n<!-- \/ Yoast SEO plugin. -->","yoast_head_json":{"title":"IJZ: U Crnoj Gori oko 21.600 odraslih osoba \u017eivi sa nedijagnostikovanom \u0161e\u0107ernom bole\u0161\u0107u - dmcsrb.com","robots":{"index":"index","follow":"follow","max-snippet":"max-snippet:-1","max-image-preview":"max-image-preview:large","max-video-preview":"max-video-preview:-1"},"canonical":"https:\/\/dmcsrb.com\/en\/drustvo\/ijz-u-crnoj-gori-oko-21-600-odraslih-osoba-zivi-sa-nedijagnostikovanom-secernom-bolescu\/","og_locale":"en_GB","og_type":"article","og_title":"IJZ: U Crnoj Gori oko 21.600 odraslih osoba \u017eivi sa nedijagnostikovanom \u0161e\u0107ernom bole\u0161\u0107u - dmcsrb.com","og_description":"Porodi\u010dne i kulturolo\u0161ke navike u ishrani, nedovoljna fizi\u010dka aktivnost i sve intenzivniji svakodnevni stres, posebno u urbanim sredinama, prepoznati su kao klju\u010dni faktori rizika koji doprinose nastanku poreme\u0107aja metabolizma glukoze i porastu obolijevanja od dijabetesa tipa 2.","og_url":"https:\/\/dmcsrb.com\/en\/drustvo\/ijz-u-crnoj-gori-oko-21-600-odraslih-osoba-zivi-sa-nedijagnostikovanom-secernom-bolescu\/","og_site_name":"dmcsrb.com","article_published_time":"2025-11-14T10:41:00+00:00","og_image":[{"width":1024,"height":1280,"url":"https:\/\/dmcsrb.com\/wp-content\/uploads\/2026\/01\/vizual-.webp","type":"image\/jpeg"}],"author":"dmcsrbija.com@gmail.com","twitter_card":"summary_large_image","twitter_misc":{"Written by":"dmcsrbija.com@gmail.com","Estimated reading time":"2 minutes"},"schema":{"@context":"https:\/\/schema.org","@graph":[{"@type":"Article","@id":"https:\/\/dmcsrb.com\/en\/drustvo\/ijz-u-crnoj-gori-oko-21-600-odraslih-osoba-zivi-sa-nedijagnostikovanom-secernom-bolescu\/#article","isPartOf":{"@id":"https:\/\/dmcsrb.com\/en\/drustvo\/ijz-u-crnoj-gori-oko-21-600-odraslih-osoba-zivi-sa-nedijagnostikovanom-secernom-bolescu\/"},"author":{"name":"dmcsrbija.com@gmail.com","@id":"https:\/\/dmcsrb.com\/#\/schema\/person\/5c39170f12db1b8b457732d0b5c854e2"},"headline":"IJZ: U Crnoj Gori oko 21.600 odraslih osoba \u017eivi sa nedijagnostikovanom \u0161e\u0107ernom bole\u0161\u0107u","datePublished":"2025-11-14T10:41:00+00:00","mainEntityOfPage":{"@id":"https:\/\/dmcsrb.com\/en\/drustvo\/ijz-u-crnoj-gori-oko-21-600-odraslih-osoba-zivi-sa-nedijagnostikovanom-secernom-bolescu\/"},"wordCount":486,"commentCount":0,"image":{"@id":"https:\/\/dmcsrb.com\/en\/drustvo\/ijz-u-crnoj-gori-oko-21-600-odraslih-osoba-zivi-sa-nedijagnostikovanom-secernom-bolescu\/#primaryimage"},"thumbnailUrl":"https:\/\/dmcsrb.com\/wp-content\/uploads\/2026\/01\/vizual-.webp","keywords":["Crna Gora","Dijabetes","IJZ"],"articleSection":["Dru\u0161tvo"],"inLanguage":"en-GB","potentialAction":[{"@type":"CommentAction","name":"Comment","target":["https:\/\/dmcsrb.com\/en\/drustvo\/ijz-u-crnoj-gori-oko-21-600-odraslih-osoba-zivi-sa-nedijagnostikovanom-secernom-bolescu\/#respond"]}]},{"@type":"WebPage","@id":"https:\/\/dmcsrb.com\/en\/drustvo\/ijz-u-crnoj-gori-oko-21-600-odraslih-osoba-zivi-sa-nedijagnostikovanom-secernom-bolescu\/","url":"https:\/\/dmcsrb.com\/en\/drustvo\/ijz-u-crnoj-gori-oko-21-600-odraslih-osoba-zivi-sa-nedijagnostikovanom-secernom-bolescu\/","name":"IJZ: U Crnoj Gori oko 21.600 odraslih osoba \u017eivi sa nedijagnostikovanom \u0161e\u0107ernom bole\u0161\u0107u - dmcsrb.com","isPartOf":{"@id":"https:\/\/dmcsrb.com\/#website"},"primaryImageOfPage":{"@id":"https:\/\/dmcsrb.com\/en\/drustvo\/ijz-u-crnoj-gori-oko-21-600-odraslih-osoba-zivi-sa-nedijagnostikovanom-secernom-bolescu\/#primaryimage"},"image":{"@id":"https:\/\/dmcsrb.com\/en\/drustvo\/ijz-u-crnoj-gori-oko-21-600-odraslih-osoba-zivi-sa-nedijagnostikovanom-secernom-bolescu\/#primaryimage"},"thumbnailUrl":"https:\/\/dmcsrb.com\/wp-content\/uploads\/2026\/01\/vizual-.webp","datePublished":"2025-11-14T10:41:00+00:00","author":{"@id":"https:\/\/dmcsrb.com\/#\/schema\/person\/5c39170f12db1b8b457732d0b5c854e2"},"breadcrumb":{"@id":"https:\/\/dmcsrb.com\/en\/drustvo\/ijz-u-crnoj-gori-oko-21-600-odraslih-osoba-zivi-sa-nedijagnostikovanom-secernom-bolescu\/#breadcrumb"},"inLanguage":"en-GB","potentialAction":[{"@type":"ReadAction","target":["https:\/\/dmcsrb.com\/en\/drustvo\/ijz-u-crnoj-gori-oko-21-600-odraslih-osoba-zivi-sa-nedijagnostikovanom-secernom-bolescu\/"]}]},{"@type":"ImageObject","inLanguage":"en-GB","@id":"https:\/\/dmcsrb.com\/en\/drustvo\/ijz-u-crnoj-gori-oko-21-600-odraslih-osoba-zivi-sa-nedijagnostikovanom-secernom-bolescu\/#primaryimage","url":"https:\/\/dmcsrb.com\/wp-content\/uploads\/2026\/01\/vizual-.webp","contentUrl":"https:\/\/dmcsrb.com\/wp-content\/uploads\/2026\/01\/vizual-.webp","width":1024,"height":1280},{"@type":"BreadcrumbList","@id":"https:\/\/dmcsrb.com\/en\/drustvo\/ijz-u-crnoj-gori-oko-21-600-odraslih-osoba-zivi-sa-nedijagnostikovanom-secernom-bolescu\/#breadcrumb","itemListElement":[{"@type":"ListItem","position":1,"name":"Home","item":"https:\/\/dmcsrb.com\/"},{"@type":"ListItem","position":2,"name":"IJZ: U Crnoj Gori oko 21.600 odraslih osoba \u017eivi sa nedijagnostikovanom \u0161e\u0107ernom bole\u0161\u0107u"}]},{"@type":"WebSite","@id":"https:\/\/dmcsrb.com\/#website","url":"https:\/\/dmcsrb.com\/","name":"dmcsrb.com","description":"","potentialAction":[{"@type":"SearchAction","target":{"@type":"EntryPoint","urlTemplate":"https:\/\/dmcsrb.com\/?s={search_term_string}"},"query-input":{"@type":"PropertyValueSpecification","valueRequired":true,"valueName":"search_term_string"}}],"inLanguage":"en-GB"},{"@type":"Person","@id":"https:\/\/dmcsrb.com\/#\/schema\/person\/5c39170f12db1b8b457732d0b5c854e2","name":"dmcsrbija.com@gmail.com","image":{"@type":"ImageObject","inLanguage":"en-GB","@id":"https:\/\/dmcsrb.com\/#\/schema\/person\/image\/","url":"https:\/\/secure.gravatar.com\/avatar\/68592660ad6347fad0fb587f8d5d8f1a7b44961362f56e4f2cd524feb87e9069?s=96&d=mm&r=g","contentUrl":"https:\/\/secure.gravatar.com\/avatar\/68592660ad6347fad0fb587f8d5d8f1a7b44961362f56e4f2cd524feb87e9069?s=96&d=mm&r=g","caption":"dmcsrbija.com@gmail.com"},"sameAs":["https:\/\/dmcsrb.com"],"url":"https:\/\/dmcsrb.com\/en\/author\/dmcsrbija-comgmail-com\/"}]}},"_links":{"self":[{"href":"https:\/\/dmcsrb.com\/en\/wp-json\/wp\/v2\/posts\/963600","targetHints":{"allow":["GET"]}}],"collection":[{"href":"https:\/\/dmcsrb.com\/en\/wp-json\/wp\/v2\/posts"}],"about":[{"href":"https:\/\/dmcsrb.com\/en\/wp-json\/wp\/v2\/types\/post"}],"author":[{"embeddable":true,"href":"https:\/\/dmcsrb.com\/en\/wp-json\/wp\/v2\/users\/1"}],"replies":[{"embeddable":true,"href":"https:\/\/dmcsrb.com\/en\/wp-json\/wp\/v2\/comments?post=963600"}],"version-history":[{"count":0,"href":"https:\/\/dmcsrb.com\/en\/wp-json\/wp\/v2\/posts\/963600\/revisions"}],"wp:featuredmedia":[{"embeddable":true,"href":"https:\/\/dmcsrb.com\/en\/wp-json\/wp\/v2\/media\/963601"}],"wp:attachment":[{"href":"https:\/\/dmcsrb.com\/en\/wp-json\/wp\/v2\/media?parent=963600"}],"wp:term":[{"taxonomy":"category","embeddable":true,"href":"https:\/\/dmcsrb.com\/en\/wp-json\/wp\/v2\/categories?post=963600"},{"taxonomy":"post_tag","embeddable":true,"href":"https:\/\/dmcsrb.com\/en\/wp-json\/wp\/v2\/tags?post=963600"},{"taxonomy":"naslovna","embeddable":true,"href":"https:\/\/dmcsrb.com\/en\/wp-json\/wp\/v2\/naslovna?post=963600"}],"curies":[{"name":"wp","href":"https:\/\/api.w.org\/{rel}","templated":true}]}}