{"id":963586,"date":"2025-11-14T09:49:00","date_gmt":"2025-11-14T08:49:00","guid":{"rendered":"https:\/\/dmcsrb.com\/uncategorized\/markovic-crna-gora-nikada-bliza-eu-i-nikada-vise-antievropske-politike-vlasti\/"},"modified":"2025-11-14T09:49:00","modified_gmt":"2025-11-14T08:49:00","slug":"markovic-crna-gora-nikada-bliza-eu-i-nikada-vise-antievropske-politike-vlasti","status":"publish","type":"post","link":"https:\/\/dmcsrb.com\/en\/politika\/markovic-crna-gora-nikada-bliza-eu-i-nikada-vise-antievropske-politike-vlasti\/","title":{"rendered":"Markovi\u0107: Crna Gora nikada bli\u017ea EU i nikada vi\u0161e antievropske politike vlasti"},"content":{"rendered":"<p><\/p>\n\n\n\n<p>\u201cJa kada na ovu temu (EU integracije) govorim u Crnoj Gori, ka\u017eem da nas je Evropska unija uzela u naru\u010dje i nosi nas intenzivno ka svom \u010dlanstvu i sada je samo pitanje da Crna Gora ne ispadne iz toga naru\u010dja. A vrlo \u010desto smo na ivici ispadanja, skoro svakog dana smo na ivici ispadanja. \u2026 Nikada nijesmo bili bli\u017ee Evropskoj uniji, a nikada vi\u0161e neevropske politike nijesmo imali u Crnoj Gori i to od strane ve\u0107ine koja konstitui\u0161e dana\u0161nju vladu, ve\u0107ine koja je pobijedila na izborima 2020. godine\u201c, kazao je Du\u0161ko Markovi\u0107 na regionalnoj konferenciji Diplomatska i politi\u010dka pitanja u me\u0111unarodnim odnosima, koju je u Zagrebu organizovao Fakultet politi\u010dkih znanosti.<\/p>\n\n\n\n<p>Govore\u0107i na konferenciji kao jedan od panelista na prvoj panel diskusiji \u201eRegionalni diplomatski odnosi \u2013 izazovi i perspektive\u201c Du\u0161ko Markovi\u0107 je kazao da su do 2020. dobrosusjedski odnosi bili jedno od va\u017enih obilje\u017eja crnogorske dr\u017eavne politike.<\/p>\n\n\n\n<p>\u201cCrna Gora je u tom periodu bila stabilna ne samo unutar svojih granica, Crna Gora je sa svojom spoljnom politikom i odnosima sa susjedima emitovala stabilnost i dobre odnose u regionu. To je bila jedna od glavnih karakteristika na\u0161e politike, pored onoga \u0161to su bile na\u0161e unutra\u0161nje vrijednosti: skladni etni\u010dki i multikonfesionalni odnosi me\u0111u razli\u010ditim strukturama nacionalnim i vjerskim. Danas Crna Gora nema dobre odnose, gotovo ni sa jednom zemljom u svom okru\u017eenju\u201c, kazao je Du\u0161ko Markovi\u0107.<\/p>\n\n\n\n<p>Me\u0111u unutra\u0161njim izazovima pomenuo je da jo\u0161 nijesu popunjeni Sudski i Tu\u017eila\u010dki savjet, te da nijesu izabrane sudije Ustavnog suda.<\/p>\n\n\n\n<p>\u201cTako da sam zaista zabrinut sa tim \u0161to imamo unutra kao nacionalnu politiku aktuelne vlasti. Ali vjerujem da se, u susret izborima 2027. godine, mo\u017ee dodatno sna\u017eiti i gra\u0111anska, i evropska, i suverenisti\u010dka snaga i da mo\u017eemo 2027. godine dati odgovor i na ove unutra\u0161nje izazove i evropsku perspektivu u\u010diniti neupitnom\u201c, zaklju\u010dio je Du\u0161ko Markovi\u0107 govore\u0107i u Zagrebu na regionalnoj konferenciji \u201eDiplomatska i politi\u010dka pitanja u me\u0111unarodnim odnosima\u201c na kojoj Fakultet politi\u010dkih znanosti okuplja stru\u010dnjake, studente i mlade istra\u017eiva\u010de iz Hrvatske, Crne Gore, Bosne i Hercegovine, Slovenije i Srbije kako bi razgovarali o klju\u010dnim temama diplomatije, me\u0111unarodnih odnosa i savremenih politi\u010dkih izazova.<\/p>","protected":false},"excerpt":{"rendered":"<p>Predsjednik Stranke evropskog progresa\u00a0Du\u0161ko Markovi\u0107\u00a0ocijenio je u Zagrebu da je Crna Gora nikada nije bila bli\u017ea Evropskoj uniji, ali i da nikada u potezima dijela vlasti nije bilo vi\u0161e neevropske politike te da vjeruje da \u0107e u susret izborima 2027. ja\u010dati suverenisti\u010dka, gra\u0111anska i evropska politi\u010dka opcija.<\/p>","protected":false},"author":1,"featured_media":947503,"comment_status":"open","ping_status":"open","sticky":false,"template":"","format":"standard","meta":{"_acf_changed":false,"footnotes":""},"categories":[12],"tags":[8860,232],"naslovna":[],"class_list":["post-963586","post","type-post","status-publish","format-standard","has-post-thumbnail","hentry","category-politika","tag-dusko-markovic","tag-sep"],"acf":[],"yoast_head":"<!-- This site is optimized with the Yoast SEO plugin v27.4 - https:\/\/yoast.com\/product\/yoast-seo-wordpress\/ -->\n<title>Markovi\u0107: Crna Gora nikada bli\u017ea EU i nikada vi\u0161e antievropske politike vlasti - dmcsrb.com<\/title>\n<meta name=\"robots\" content=\"index, follow, max-snippet:-1, max-image-preview:large, max-video-preview:-1\" \/>\n<link rel=\"canonical\" href=\"https:\/\/dmcsrb.com\/en\/politika\/markovic-crna-gora-nikada-bliza-eu-i-nikada-vise-antievropske-politike-vlasti\/\" \/>\n<meta property=\"og:locale\" content=\"en_GB\" \/>\n<meta property=\"og:type\" content=\"article\" \/>\n<meta property=\"og:title\" content=\"Markovi\u0107: Crna Gora nikada bli\u017ea EU i nikada vi\u0161e antievropske politike vlasti - dmcsrb.com\" \/>\n<meta property=\"og:description\" content=\"Predsjednik Stranke evropskog progresa\u00a0Du\u0161ko Markovi\u0107\u00a0ocijenio je u Zagrebu da je Crna Gora nikada nije bila bli\u017ea Evropskoj uniji, ali i da nikada u potezima dijela vlasti nije bilo vi\u0161e neevropske politike te da vjeruje da \u0107e u susret izborima 2027. ja\u010dati suverenisti\u010dka, gra\u0111anska i evropska politi\u010dka opcija.\" \/>\n<meta property=\"og:url\" content=\"https:\/\/dmcsrb.com\/en\/politika\/markovic-crna-gora-nikada-bliza-eu-i-nikada-vise-antievropske-politike-vlasti\/\" \/>\n<meta property=\"og:site_name\" content=\"dmcsrb.com\" \/>\n<meta property=\"article:published_time\" content=\"2025-11-14T08:49:00+00:00\" \/>\n<meta property=\"og:image\" content=\"https:\/\/dmcsrb.com\/wp-content\/uploads\/2026\/01\/53954026234_ff1d043fb4_c.webp\" \/>\n\t<meta property=\"og:image:width\" content=\"800\" \/>\n\t<meta property=\"og:image:height\" content=\"496\" \/>\n\t<meta property=\"og:image:type\" content=\"image\/jpeg\" \/>\n<meta name=\"author\" content=\"dmcsrbija.com@gmail.com\" \/>\n<meta name=\"twitter:card\" content=\"summary_large_image\" \/>\n<meta name=\"twitter:label1\" content=\"Written by\" \/>\n\t<meta name=\"twitter:data1\" content=\"dmcsrbija.com@gmail.com\" \/>\n\t<meta name=\"twitter:label2\" content=\"Estimated reading time\" \/>\n\t<meta name=\"twitter:data2\" content=\"2 minutes\" \/>\n<script type=\"application\/ld+json\" class=\"yoast-schema-graph\">{\"@context\":\"https:\\\/\\\/schema.org\",\"@graph\":[{\"@type\":\"Article\",\"@id\":\"https:\\\/\\\/dmcsrb.com\\\/politika\\\/markovic-crna-gora-nikada-bliza-eu-i-nikada-vise-antievropske-politike-vlasti\\\/#article\",\"isPartOf\":{\"@id\":\"https:\\\/\\\/dmcsrb.com\\\/politika\\\/markovic-crna-gora-nikada-bliza-eu-i-nikada-vise-antievropske-politike-vlasti\\\/\"},\"author\":{\"name\":\"dmcsrbija.com@gmail.com\",\"@id\":\"https:\\\/\\\/dmcsrb.com\\\/#\\\/schema\\\/person\\\/5c39170f12db1b8b457732d0b5c854e2\"},\"headline\":\"Markovi\u0107: Crna Gora nikada bli\u017ea EU i nikada vi\u0161e antievropske politike vlasti\",\"datePublished\":\"2025-11-14T08:49:00+00:00\",\"mainEntityOfPage\":{\"@id\":\"https:\\\/\\\/dmcsrb.com\\\/politika\\\/markovic-crna-gora-nikada-bliza-eu-i-nikada-vise-antievropske-politike-vlasti\\\/\"},\"wordCount\":402,\"commentCount\":0,\"image\":{\"@id\":\"https:\\\/\\\/dmcsrb.com\\\/politika\\\/markovic-crna-gora-nikada-bliza-eu-i-nikada-vise-antievropske-politike-vlasti\\\/#primaryimage\"},\"thumbnailUrl\":\"https:\\\/\\\/dmcsrb.com\\\/wp-content\\\/uploads\\\/2026\\\/01\\\/53954026234_ff1d043fb4_c.webp\",\"keywords\":[\"Du\u0161ko Markovi\u0107\",\"SEP\"],\"articleSection\":[\"Politika\"],\"inLanguage\":\"en-GB\",\"potentialAction\":[{\"@type\":\"CommentAction\",\"name\":\"Comment\",\"target\":[\"https:\\\/\\\/dmcsrb.com\\\/politika\\\/markovic-crna-gora-nikada-bliza-eu-i-nikada-vise-antievropske-politike-vlasti\\\/#respond\"]}]},{\"@type\":\"WebPage\",\"@id\":\"https:\\\/\\\/dmcsrb.com\\\/politika\\\/markovic-crna-gora-nikada-bliza-eu-i-nikada-vise-antievropske-politike-vlasti\\\/\",\"url\":\"https:\\\/\\\/dmcsrb.com\\\/politika\\\/markovic-crna-gora-nikada-bliza-eu-i-nikada-vise-antievropske-politike-vlasti\\\/\",\"name\":\"Markovi\u0107: Crna Gora nikada bli\u017ea EU i nikada vi\u0161e antievropske politike vlasti - dmcsrb.com\",\"isPartOf\":{\"@id\":\"https:\\\/\\\/dmcsrb.com\\\/#website\"},\"primaryImageOfPage\":{\"@id\":\"https:\\\/\\\/dmcsrb.com\\\/politika\\\/markovic-crna-gora-nikada-bliza-eu-i-nikada-vise-antievropske-politike-vlasti\\\/#primaryimage\"},\"image\":{\"@id\":\"https:\\\/\\\/dmcsrb.com\\\/politika\\\/markovic-crna-gora-nikada-bliza-eu-i-nikada-vise-antievropske-politike-vlasti\\\/#primaryimage\"},\"thumbnailUrl\":\"https:\\\/\\\/dmcsrb.com\\\/wp-content\\\/uploads\\\/2026\\\/01\\\/53954026234_ff1d043fb4_c.webp\",\"datePublished\":\"2025-11-14T08:49:00+00:00\",\"author\":{\"@id\":\"https:\\\/\\\/dmcsrb.com\\\/#\\\/schema\\\/person\\\/5c39170f12db1b8b457732d0b5c854e2\"},\"breadcrumb\":{\"@id\":\"https:\\\/\\\/dmcsrb.com\\\/politika\\\/markovic-crna-gora-nikada-bliza-eu-i-nikada-vise-antievropske-politike-vlasti\\\/#breadcrumb\"},\"inLanguage\":\"en-GB\",\"potentialAction\":[{\"@type\":\"ReadAction\",\"target\":[\"https:\\\/\\\/dmcsrb.com\\\/politika\\\/markovic-crna-gora-nikada-bliza-eu-i-nikada-vise-antievropske-politike-vlasti\\\/\"]}]},{\"@type\":\"ImageObject\",\"inLanguage\":\"en-GB\",\"@id\":\"https:\\\/\\\/dmcsrb.com\\\/politika\\\/markovic-crna-gora-nikada-bliza-eu-i-nikada-vise-antievropske-politike-vlasti\\\/#primaryimage\",\"url\":\"https:\\\/\\\/dmcsrb.com\\\/wp-content\\\/uploads\\\/2026\\\/01\\\/53954026234_ff1d043fb4_c.webp\",\"contentUrl\":\"https:\\\/\\\/dmcsrb.com\\\/wp-content\\\/uploads\\\/2026\\\/01\\\/53954026234_ff1d043fb4_c.webp\",\"width\":800,\"height\":496},{\"@type\":\"BreadcrumbList\",\"@id\":\"https:\\\/\\\/dmcsrb.com\\\/politika\\\/markovic-crna-gora-nikada-bliza-eu-i-nikada-vise-antievropske-politike-vlasti\\\/#breadcrumb\",\"itemListElement\":[{\"@type\":\"ListItem\",\"position\":1,\"name\":\"Home\",\"item\":\"https:\\\/\\\/dmcsrb.com\\\/\"},{\"@type\":\"ListItem\",\"position\":2,\"name\":\"Markovi\u0107: Crna Gora nikada bli\u017ea EU i nikada vi\u0161e antievropske politike vlasti\"}]},{\"@type\":\"WebSite\",\"@id\":\"https:\\\/\\\/dmcsrb.com\\\/#website\",\"url\":\"https:\\\/\\\/dmcsrb.com\\\/\",\"name\":\"dmcsrb.com\",\"description\":\"\",\"potentialAction\":[{\"@type\":\"SearchAction\",\"target\":{\"@type\":\"EntryPoint\",\"urlTemplate\":\"https:\\\/\\\/dmcsrb.com\\\/?s={search_term_string}\"},\"query-input\":{\"@type\":\"PropertyValueSpecification\",\"valueRequired\":true,\"valueName\":\"search_term_string\"}}],\"inLanguage\":\"en-GB\"},{\"@type\":\"Person\",\"@id\":\"https:\\\/\\\/dmcsrb.com\\\/#\\\/schema\\\/person\\\/5c39170f12db1b8b457732d0b5c854e2\",\"name\":\"dmcsrbija.com@gmail.com\",\"image\":{\"@type\":\"ImageObject\",\"inLanguage\":\"en-GB\",\"@id\":\"https:\\\/\\\/secure.gravatar.com\\\/avatar\\\/68592660ad6347fad0fb587f8d5d8f1a7b44961362f56e4f2cd524feb87e9069?s=96&d=mm&r=g\",\"url\":\"https:\\\/\\\/secure.gravatar.com\\\/avatar\\\/68592660ad6347fad0fb587f8d5d8f1a7b44961362f56e4f2cd524feb87e9069?s=96&d=mm&r=g\",\"contentUrl\":\"https:\\\/\\\/secure.gravatar.com\\\/avatar\\\/68592660ad6347fad0fb587f8d5d8f1a7b44961362f56e4f2cd524feb87e9069?s=96&d=mm&r=g\",\"caption\":\"dmcsrbija.com@gmail.com\"},\"sameAs\":[\"https:\\\/\\\/dmcsrb.com\"],\"url\":\"https:\\\/\\\/dmcsrb.com\\\/en\\\/author\\\/dmcsrbija-comgmail-com\\\/\"}]}<\/script>\n<!-- \/ Yoast SEO plugin. -->","yoast_head_json":{"title":"Markovi\u0107: Crna Gora nikada bli\u017ea EU i nikada vi\u0161e antievropske politike vlasti - dmcsrb.com","robots":{"index":"index","follow":"follow","max-snippet":"max-snippet:-1","max-image-preview":"max-image-preview:large","max-video-preview":"max-video-preview:-1"},"canonical":"https:\/\/dmcsrb.com\/en\/politika\/markovic-crna-gora-nikada-bliza-eu-i-nikada-vise-antievropske-politike-vlasti\/","og_locale":"en_GB","og_type":"article","og_title":"Markovi\u0107: Crna Gora nikada bli\u017ea EU i nikada vi\u0161e antievropske politike vlasti - dmcsrb.com","og_description":"Predsjednik Stranke evropskog progresa\u00a0Du\u0161ko Markovi\u0107\u00a0ocijenio je u Zagrebu da je Crna Gora nikada nije bila bli\u017ea Evropskoj uniji, ali i da nikada u potezima dijela vlasti nije bilo vi\u0161e neevropske politike te da vjeruje da \u0107e u susret izborima 2027. ja\u010dati suverenisti\u010dka, gra\u0111anska i evropska politi\u010dka opcija.","og_url":"https:\/\/dmcsrb.com\/en\/politika\/markovic-crna-gora-nikada-bliza-eu-i-nikada-vise-antievropske-politike-vlasti\/","og_site_name":"dmcsrb.com","article_published_time":"2025-11-14T08:49:00+00:00","og_image":[{"width":800,"height":496,"url":"https:\/\/dmcsrb.com\/wp-content\/uploads\/2026\/01\/53954026234_ff1d043fb4_c.webp","type":"image\/jpeg"}],"author":"dmcsrbija.com@gmail.com","twitter_card":"summary_large_image","twitter_misc":{"Written by":"dmcsrbija.com@gmail.com","Estimated reading time":"2 minutes"},"schema":{"@context":"https:\/\/schema.org","@graph":[{"@type":"Article","@id":"https:\/\/dmcsrb.com\/politika\/markovic-crna-gora-nikada-bliza-eu-i-nikada-vise-antievropske-politike-vlasti\/#article","isPartOf":{"@id":"https:\/\/dmcsrb.com\/politika\/markovic-crna-gora-nikada-bliza-eu-i-nikada-vise-antievropske-politike-vlasti\/"},"author":{"name":"dmcsrbija.com@gmail.com","@id":"https:\/\/dmcsrb.com\/#\/schema\/person\/5c39170f12db1b8b457732d0b5c854e2"},"headline":"Markovi\u0107: Crna Gora nikada bli\u017ea EU i nikada vi\u0161e antievropske politike vlasti","datePublished":"2025-11-14T08:49:00+00:00","mainEntityOfPage":{"@id":"https:\/\/dmcsrb.com\/politika\/markovic-crna-gora-nikada-bliza-eu-i-nikada-vise-antievropske-politike-vlasti\/"},"wordCount":402,"commentCount":0,"image":{"@id":"https:\/\/dmcsrb.com\/politika\/markovic-crna-gora-nikada-bliza-eu-i-nikada-vise-antievropske-politike-vlasti\/#primaryimage"},"thumbnailUrl":"https:\/\/dmcsrb.com\/wp-content\/uploads\/2026\/01\/53954026234_ff1d043fb4_c.webp","keywords":["Du\u0161ko Markovi\u0107","SEP"],"articleSection":["Politika"],"inLanguage":"en-GB","potentialAction":[{"@type":"CommentAction","name":"Comment","target":["https:\/\/dmcsrb.com\/politika\/markovic-crna-gora-nikada-bliza-eu-i-nikada-vise-antievropske-politike-vlasti\/#respond"]}]},{"@type":"WebPage","@id":"https:\/\/dmcsrb.com\/politika\/markovic-crna-gora-nikada-bliza-eu-i-nikada-vise-antievropske-politike-vlasti\/","url":"https:\/\/dmcsrb.com\/politika\/markovic-crna-gora-nikada-bliza-eu-i-nikada-vise-antievropske-politike-vlasti\/","name":"Markovi\u0107: Crna Gora nikada bli\u017ea EU i nikada vi\u0161e antievropske politike vlasti - dmcsrb.com","isPartOf":{"@id":"https:\/\/dmcsrb.com\/#website"},"primaryImageOfPage":{"@id":"https:\/\/dmcsrb.com\/politika\/markovic-crna-gora-nikada-bliza-eu-i-nikada-vise-antievropske-politike-vlasti\/#primaryimage"},"image":{"@id":"https:\/\/dmcsrb.com\/politika\/markovic-crna-gora-nikada-bliza-eu-i-nikada-vise-antievropske-politike-vlasti\/#primaryimage"},"thumbnailUrl":"https:\/\/dmcsrb.com\/wp-content\/uploads\/2026\/01\/53954026234_ff1d043fb4_c.webp","datePublished":"2025-11-14T08:49:00+00:00","author":{"@id":"https:\/\/dmcsrb.com\/#\/schema\/person\/5c39170f12db1b8b457732d0b5c854e2"},"breadcrumb":{"@id":"https:\/\/dmcsrb.com\/politika\/markovic-crna-gora-nikada-bliza-eu-i-nikada-vise-antievropske-politike-vlasti\/#breadcrumb"},"inLanguage":"en-GB","potentialAction":[{"@type":"ReadAction","target":["https:\/\/dmcsrb.com\/politika\/markovic-crna-gora-nikada-bliza-eu-i-nikada-vise-antievropske-politike-vlasti\/"]}]},{"@type":"ImageObject","inLanguage":"en-GB","@id":"https:\/\/dmcsrb.com\/politika\/markovic-crna-gora-nikada-bliza-eu-i-nikada-vise-antievropske-politike-vlasti\/#primaryimage","url":"https:\/\/dmcsrb.com\/wp-content\/uploads\/2026\/01\/53954026234_ff1d043fb4_c.webp","contentUrl":"https:\/\/dmcsrb.com\/wp-content\/uploads\/2026\/01\/53954026234_ff1d043fb4_c.webp","width":800,"height":496},{"@type":"BreadcrumbList","@id":"https:\/\/dmcsrb.com\/politika\/markovic-crna-gora-nikada-bliza-eu-i-nikada-vise-antievropske-politike-vlasti\/#breadcrumb","itemListElement":[{"@type":"ListItem","position":1,"name":"Home","item":"https:\/\/dmcsrb.com\/"},{"@type":"ListItem","position":2,"name":"Markovi\u0107: Crna Gora nikada bli\u017ea EU i nikada vi\u0161e antievropske politike vlasti"}]},{"@type":"WebSite","@id":"https:\/\/dmcsrb.com\/#website","url":"https:\/\/dmcsrb.com\/","name":"dmcsrb.com","description":"","potentialAction":[{"@type":"SearchAction","target":{"@type":"EntryPoint","urlTemplate":"https:\/\/dmcsrb.com\/?s={search_term_string}"},"query-input":{"@type":"PropertyValueSpecification","valueRequired":true,"valueName":"search_term_string"}}],"inLanguage":"en-GB"},{"@type":"Person","@id":"https:\/\/dmcsrb.com\/#\/schema\/person\/5c39170f12db1b8b457732d0b5c854e2","name":"dmcsrbija.com@gmail.com","image":{"@type":"ImageObject","inLanguage":"en-GB","@id":"https:\/\/secure.gravatar.com\/avatar\/68592660ad6347fad0fb587f8d5d8f1a7b44961362f56e4f2cd524feb87e9069?s=96&d=mm&r=g","url":"https:\/\/secure.gravatar.com\/avatar\/68592660ad6347fad0fb587f8d5d8f1a7b44961362f56e4f2cd524feb87e9069?s=96&d=mm&r=g","contentUrl":"https:\/\/secure.gravatar.com\/avatar\/68592660ad6347fad0fb587f8d5d8f1a7b44961362f56e4f2cd524feb87e9069?s=96&d=mm&r=g","caption":"dmcsrbija.com@gmail.com"},"sameAs":["https:\/\/dmcsrb.com"],"url":"https:\/\/dmcsrb.com\/en\/author\/dmcsrbija-comgmail-com\/"}]}},"_links":{"self":[{"href":"https:\/\/dmcsrb.com\/en\/wp-json\/wp\/v2\/posts\/963586","targetHints":{"allow":["GET"]}}],"collection":[{"href":"https:\/\/dmcsrb.com\/en\/wp-json\/wp\/v2\/posts"}],"about":[{"href":"https:\/\/dmcsrb.com\/en\/wp-json\/wp\/v2\/types\/post"}],"author":[{"embeddable":true,"href":"https:\/\/dmcsrb.com\/en\/wp-json\/wp\/v2\/users\/1"}],"replies":[{"embeddable":true,"href":"https:\/\/dmcsrb.com\/en\/wp-json\/wp\/v2\/comments?post=963586"}],"version-history":[{"count":0,"href":"https:\/\/dmcsrb.com\/en\/wp-json\/wp\/v2\/posts\/963586\/revisions"}],"wp:featuredmedia":[{"embeddable":true,"href":"https:\/\/dmcsrb.com\/en\/wp-json\/wp\/v2\/media\/947503"}],"wp:attachment":[{"href":"https:\/\/dmcsrb.com\/en\/wp-json\/wp\/v2\/media?parent=963586"}],"wp:term":[{"taxonomy":"category","embeddable":true,"href":"https:\/\/dmcsrb.com\/en\/wp-json\/wp\/v2\/categories?post=963586"},{"taxonomy":"post_tag","embeddable":true,"href":"https:\/\/dmcsrb.com\/en\/wp-json\/wp\/v2\/tags?post=963586"},{"taxonomy":"naslovna","embeddable":true,"href":"https:\/\/dmcsrb.com\/en\/wp-json\/wp\/v2\/naslovna?post=963586"}],"curies":[{"name":"wp","href":"https:\/\/api.w.org\/{rel}","templated":true}]}}