{"id":963573,"date":"2025-11-14T06:57:00","date_gmt":"2025-11-14T05:57:00","guid":{"rendered":"https:\/\/dmcsrb.com\/uncategorized\/svjetski-dan-borbe-protiv-dijabetesa-broj-oboljelih-raste\/"},"modified":"2025-11-14T06:57:00","modified_gmt":"2025-11-14T05:57:00","slug":"svjetski-dan-borbe-protiv-dijabetesa-broj-oboljelih-raste","status":"publish","type":"post","link":"https:\/\/dmcsrb.com\/en\/drustvo\/svjetski-dan-borbe-protiv-dijabetesa-broj-oboljelih-raste\/","title":{"rendered":"Svjetski dan borbe protiv dijabetesa: Broj oboljelih raste"},"content":{"rendered":"<p>Prema podacima Instituta za javno zdravlje, Crna Gora je zemlja sa visokom zastupljeno\u0161\u0107u oboljelih, a broj osiguranika koji se lije\u010de od dijabetesa kod izabranih doktora porastao je za 19 odsto za deset godina \u2013 sa 23.332 oboljela u 2013. godini, na 27.683 u 2023. godini.<\/p>\n\n\n\n<p>Ovogodi\u0161nja globalna tema <a href=\"https:\/\/worlddiabetesday.org\/\" target=\"_blank\" rel=\"noreferrer noopener\">Me\u0111unarodne federacije za dijabetes<\/a> ukazuje da je sedam od deset odraslih osoba sa dijabetesom radno aktivno, te da mnogi svakodnevno balansiraju terapiju, pra\u0107enje glikemije i prehranu sa radnim obavezama. Kampanja nagla\u0161ava da su stigma, nesigurnost, nedostatak razumijevanja i neprilago\u0111eno radno okru\u017eenje i dalje prisutni u mnogim zemljama.<\/p>\n\n\n\n<p>Ta slika, smatra <strong>Lejla Martinovi\u0107<\/strong>, osniva\u010dica i predsjednica NVO \u201eDijabetes Ekipa \u2013 DOB\u201c, prepoznatljiva je i u Crnoj Gori. Ona ka\u017ee da \u017eivot sa dijabetesom, \u010dak i u idealnim uslovima, zahtijeva neprekidnu pa\u017enju, a da ovda\u0161nji pacijenti nose dodatni teret zbog ograni\u010denog pristupa klju\u010dnim pomagalima.<\/p>\n\n\n\n<p>&#8220;Pacijenti 24 \u010dasa dnevno, i cijeli \u017eivot moraju da odr\u017eavaju \u0161to bolju svoju glukoregulaciju, da donose odluke koliko insulina primiti shodno obroku koji jedu, da znaju da upravljaju tehnologijom koju nose, da redovno obavljaju redovne i specijalisti\u010dke preglede, da se bave sportom i prate zdrav na\u010din ishrane, da se edukuju i reedukuju jer dijabetes je oboljenje \u010dija terapijska i tehnolo\u0161ka industrija ide jako brzim korakom i da bi bili dobri pacijenti i mi moramo da stalno radimo na tome&#8221;, ka\u017ee Martinovi\u0107.<\/p>\n\n\n\n<p><img decoding=\"async\" width=\"100%\" alt=\"Lejla Martinovi\u0107\" src=\"https:\/\/rtcg.me\/upload\/\/media\/2025\/10\/14\/0\/44\/548\/2331578\/resize\/2331584\/WhatsApp_Image_2025-11-13_at_16.59.58_7f66f676_1200x900\">Lejla Martinovi\u0107 (Foto: Privatna arhiva)<\/p>\n\n\n\n<p>Ukazuje i na dodatne pote\u0161ko\u0107e dodatne koje im ote\u017eavaju sve ove obaveze.<\/p>\n\n\n\n<p>&#8220;Adultni pacijenti u Crnoj Gori tu borbu vode bez senzora za kontinuirano pra\u0107enje, sa nedovoljno trakica za ketone, \u010desto i bez iglica za insulinsku terapiju. Ne postoji psiholo\u0161ka, niti nutricionisti\u010dka podr\u0161ka o tro\u0161ku osiguranja, a mnogi nemaju ni podr\u0161ku porodice ili poslodavaca\u201c, ka\u017ee Lejla.<\/p>\n\n\n\n<p>Prema njenim rije\u010dima, najve\u0107i problem le\u017ei u pravilniku Fonda koji propisuje ko ima pravo na savremena medicinska pomagala.<\/p>\n\n\n\n<p>&#8220;Tehnologija postoji, dostupna je u zemlji, ali ne i pacijentima koji nijesu u odre\u0111enim kategorijama. Mnogi je zbog finansijskih razloga ne koriste, i time pogor\u0161avaju svakodnevnu samokontrolu\u201c, obja\u0161njava Martinovi\u0107.<\/p>\n\n\n\n<p>Uprkos tome \u0161to terapijski Crna Gora ne zaostaje za regionom, Martinovi\u0107 smatra da je &#8220;tehnolo\u0161ka rupa\u201c veliki problem. Tako\u0111e ukazuje da je javna svijest o dijabetesu tipa 1 izuzetno slaba, jer se \u010desto mije\u0161a sa tipom 2, iako je rije\u010d o dvije potpuno razli\u010dite bolesti.<\/p>\n\n\n\n<p>&#8220;Ovo su u su\u0161tini dva razli\u010dita oboljenja \u2014 tip 1 je autoimuno hroni\u010dno oboljenje, dok je tip 2 metaboli\u010dki poreme\u0107aj, naj\u010de\u0161\u0107e nasljedan, i ono \u0161to im jeste zajedni\u010dko je pove\u0107an nivo glikemije u krvi. Pra\u0107enjem pravilnog na\u010dina ishrane, izbjegavanjem uno\u0161enja velike koli\u010dine \u0161e\u0107era i praktikovanjem fizi\u010dke aktivnosti mo\u017ee se prevenirati pojavljivanje dijabetesa tipa 2, dok kod tipa 1 to nije mogu\u0107e&#8221;, isti\u010de ona.<\/p>\n\n\n\n<p>Martinovi\u0107 isti\u010de da nedostatak edukacije dodatno ote\u017eava situaciju.<\/p>\n\n\n\n<p>&#8220;Nemogu\u0107e je o\u010dekivati od njih da sami tra\u017ee ili prihvate savremenu tehnologiju. Pacijent se mora osjetiti inspirisanim, podr\u017eanim&#8230; Mora imati oslonac u porodici, ambulanti kod ljekara i od strane udru\u017eenja koja se bave ovom problematikom&#8221;, poja\u0161njava Martinovi\u0107.<\/p>\n\n\n\n<p>Potrebno je, ka\u017ee. vrijeme da se nau\u010di i prihvati tehnologija, ali kada se usvoji, kvalitet \u017eivota se zna\u010dajno pobolj\u0161ava.<\/p>\n\n\n\n<p><img decoding=\"async\" width=\"100%\" alt=\"Ilustracija\" src=\"https:\/\/rtcg.me\/upload\/\/media\/2025\/10\/13\/23\/52\/580\/2331566\/resize\/2331569\/5d7cbfad-4634-45db-9d7d-5980c07a9133_600x900\">Ilustracija (Foto: Pixabay)<\/p>\n\n\n\n<p>Jedan od najve\u0107ih problema, dodaje ona, je i izostanak psiholo\u0161ke podr\u0161ke.<\/p>\n\n\n\n<p>&#8220;Psiholo\u0161ka podr\u0161ka u dana\u0161njem vremenu je potrebna skoro svima, a pogotovo osobama koje boluju od neke hroni\u010dne bolesti kao \u0161to je dijabetes. Na\u017ealost, na na\u0161im prostorima jo\u0161 uvijek je ovo tabu tema&#8230; ali u \u017eivotu nas pacijenata odlazak kod psihologa treba do\u017eivljavati kao ne\u0161to obavezno \u0161to nam mo\u017ee samo pomo\u0107i kada nas dijabetes umori&#8221;, poru\u010duje Martinovi\u0107.<\/p>\n\n\n\n<p>Poja\u0161njava da je u svijetu standard da tim ljekara prate oboljelog od dijabetesa.<\/p>\n\n\n\n<p>&#8220;Endokrinolog, dijabetolog, nutricionista i psiholog su osnova uz edukaciju i tehni\u010dku podr\u0161ku koja je postala sastavni dio savremene terapije i sve je te\u017ee \u017eivjeti bez nje u dana\u0161nje vrijeme&#8221;, obja\u0161njava Lejla, koja se nada da \u0107e i crnogorski pacijenti dobiti takav tretman, kao i pravo na senzore bez obzira na starosnu dob.<\/p>\n\n\n\n<p>Udru\u017eenje \u201eDijabetes Ekipa \u2013 DOB\u201c posljednje dvije godine organizovalo je niz online radionica o savremenoj tehnologiji i prora\u010dunavanju ugljenih hidrata, pokrenulo e-peticiju koja je dovela do pro\u0161irenja pravilnika o medicinskim pomagalima i sprovelo edukacije \u0161irom Crne Gore.<\/p>\n\n\n\n<p>Trenutno pripremaju edukativni kamp u Kola\u0161inu za 22 u\u010desnika, u \u010dijem radu u\u010destvuju adultni pacijenti, internista endorkinolog Emir Muzurovi\u0107, glavna sestra interne medicine KCCG Sanja Mini\u0107 i nutricionista Romina Li\u010dina iz Milana.<\/p>\n\n\n\n<p>&#8220;Nadamo se da \u0107e institucije prepoznati na\u0161 rad i volonterski trud, i da \u0107e pru\u017eiti podr\u0161ku za dalje projekte, jer adultni pacijenti u Crnoj Gori zaslu\u017euju osnovnu tehnologiju koja direktno uti\u010de na \u017eivot\u201c, poru\u010duje Martinovi\u0107.<\/p>","protected":false},"excerpt":{"rendered":"<p>Dok se svijet na ovogodi\u0161nji Dan dijabetesa fokusira na podr\u0161ku radno aktivnim osobama, adultni pacijenti u Crnoj Gori i dalje \u010dekaju tehnologiju i uslove koji su drugdje standard. Broj oboljelih od dijabetesa u Crnoj Gori raste iz godine u godinu, pokazuju podaci Instituta za javno zdravlje, dok adultni pacijenti koji \u017eive sa dijabetesom tipa 1 upozoravaju da se i dalje suo\u010davaju sa ozbiljnim ograni\u010denjima \u2013 od nedostatka senzora i trakica, do izostanka psiholo\u0161ke i nutricionisti\u010dke podr\u0161ke. Ovogodi\u0161nja kampanja Me\u0111unarodne federacije za dijabetes (IDF), pod sloganom &#8220;Znaj vi\u0161e i u\u010dini vi\u0161e za dijabetes na poslu\u201c, dodatno nagla\u0161ava izazove sa kojima se oboljeli suo\u010davaju upravo u radnom okru\u017eenju.<\/p>","protected":false},"author":1,"featured_media":963574,"comment_status":"open","ping_status":"open","sticky":false,"template":"","format":"standard","meta":{"_acf_changed":false,"footnotes":""},"categories":[2],"tags":[14416,14417],"naslovna":[],"class_list":["post-963573","post","type-post","status-publish","format-standard","has-post-thumbnail","hentry","category-drustvo","tag-dijabetes","tag-svjetski-dan-borbe-protiv-dijabetesa"],"acf":[],"yoast_head":"<!-- This site is optimized with the Yoast SEO plugin v27.0 - https:\/\/yoast.com\/product\/yoast-seo-wordpress\/ -->\n<title>Svjetski dan borbe protiv dijabetesa: Broj oboljelih raste - dmcsrb.com<\/title>\n<meta name=\"robots\" content=\"index, follow, max-snippet:-1, max-image-preview:large, max-video-preview:-1\" \/>\n<link rel=\"canonical\" href=\"https:\/\/dmcsrb.com\/en\/drustvo\/svjetski-dan-borbe-protiv-dijabetesa-broj-oboljelih-raste\/\" \/>\n<meta property=\"og:locale\" content=\"en_GB\" \/>\n<meta property=\"og:type\" content=\"article\" \/>\n<meta property=\"og:title\" content=\"Svjetski dan borbe protiv dijabetesa: Broj oboljelih raste - dmcsrb.com\" \/>\n<meta property=\"og:description\" content=\"Dok se svijet na ovogodi\u0161nji Dan dijabetesa fokusira na podr\u0161ku radno aktivnim osobama, adultni pacijenti u Crnoj Gori i dalje \u010dekaju tehnologiju i uslove koji su drugdje standard. Broj oboljelih od dijabetesa u Crnoj Gori raste iz godine u godinu, pokazuju podaci Instituta za javno zdravlje, dok adultni pacijenti koji \u017eive sa dijabetesom tipa 1 upozoravaju da se i dalje suo\u010davaju sa ozbiljnim ograni\u010denjima \u2013 od nedostatka senzora i trakica, do izostanka psiholo\u0161ke i nutricionisti\u010dke podr\u0161ke. Ovogodi\u0161nja kampanja Me\u0111unarodne federacije za dijabetes (IDF), pod sloganom &quot;Znaj vi\u0161e i u\u010dini vi\u0161e za dijabetes na poslu\u201c, dodatno nagla\u0161ava izazove sa kojima se oboljeli suo\u010davaju upravo u radnom okru\u017eenju.\" \/>\n<meta property=\"og:url\" content=\"https:\/\/dmcsrb.com\/en\/drustvo\/svjetski-dan-borbe-protiv-dijabetesa-broj-oboljelih-raste\/\" \/>\n<meta property=\"og:site_name\" content=\"dmcsrb.com\" \/>\n<meta property=\"article:published_time\" content=\"2025-11-14T05:57:00+00:00\" \/>\n<meta property=\"og:image\" content=\"https:\/\/dmcsrb.com\/wp-content\/uploads\/2026\/01\/dijabetes-secerna-bolest-foto-kccg.webp\" \/>\n\t<meta property=\"og:image:width\" content=\"924\" \/>\n\t<meta property=\"og:image:height\" content=\"545\" \/>\n\t<meta property=\"og:image:type\" content=\"image\/jpeg\" \/>\n<meta name=\"author\" content=\"dmcsrbija.com@gmail.com\" \/>\n<meta name=\"twitter:card\" content=\"summary_large_image\" \/>\n<meta name=\"twitter:label1\" content=\"Written by\" \/>\n\t<meta name=\"twitter:data1\" content=\"dmcsrbija.com@gmail.com\" \/>\n\t<meta name=\"twitter:label2\" content=\"Estimated reading time\" \/>\n\t<meta name=\"twitter:data2\" content=\"4 minutes\" \/>\n<script type=\"application\/ld+json\" class=\"yoast-schema-graph\">{\"@context\":\"https:\/\/schema.org\",\"@graph\":[{\"@type\":\"Article\",\"@id\":\"https:\/\/dmcsrb.com\/drustvo\/svjetski-dan-borbe-protiv-dijabetesa-broj-oboljelih-raste\/#article\",\"isPartOf\":{\"@id\":\"https:\/\/dmcsrb.com\/drustvo\/svjetski-dan-borbe-protiv-dijabetesa-broj-oboljelih-raste\/\"},\"author\":{\"name\":\"dmcsrbija.com@gmail.com\",\"@id\":\"https:\/\/dmcsrb.com\/#\/schema\/person\/5c39170f12db1b8b457732d0b5c854e2\"},\"headline\":\"Svjetski dan borbe protiv dijabetesa: Broj oboljelih raste\",\"datePublished\":\"2025-11-14T05:57:00+00:00\",\"mainEntityOfPage\":{\"@id\":\"https:\/\/dmcsrb.com\/drustvo\/svjetski-dan-borbe-protiv-dijabetesa-broj-oboljelih-raste\/\"},\"wordCount\":832,\"commentCount\":0,\"image\":{\"@id\":\"https:\/\/dmcsrb.com\/drustvo\/svjetski-dan-borbe-protiv-dijabetesa-broj-oboljelih-raste\/#primaryimage\"},\"thumbnailUrl\":\"https:\/\/dmcsrb.com\/wp-content\/uploads\/2026\/01\/dijabetes-secerna-bolest-foto-kccg.webp\",\"keywords\":[\"Dijabetes\",\"svjetski dan borbe protiv dijabetesa\"],\"articleSection\":[\"Dru\u0161tvo\"],\"inLanguage\":\"en-GB\",\"potentialAction\":[{\"@type\":\"CommentAction\",\"name\":\"Comment\",\"target\":[\"https:\/\/dmcsrb.com\/drustvo\/svjetski-dan-borbe-protiv-dijabetesa-broj-oboljelih-raste\/#respond\"]}]},{\"@type\":\"WebPage\",\"@id\":\"https:\/\/dmcsrb.com\/drustvo\/svjetski-dan-borbe-protiv-dijabetesa-broj-oboljelih-raste\/\",\"url\":\"https:\/\/dmcsrb.com\/drustvo\/svjetski-dan-borbe-protiv-dijabetesa-broj-oboljelih-raste\/\",\"name\":\"Svjetski dan borbe protiv dijabetesa: Broj oboljelih raste - dmcsrb.com\",\"isPartOf\":{\"@id\":\"https:\/\/dmcsrb.com\/#website\"},\"primaryImageOfPage\":{\"@id\":\"https:\/\/dmcsrb.com\/drustvo\/svjetski-dan-borbe-protiv-dijabetesa-broj-oboljelih-raste\/#primaryimage\"},\"image\":{\"@id\":\"https:\/\/dmcsrb.com\/drustvo\/svjetski-dan-borbe-protiv-dijabetesa-broj-oboljelih-raste\/#primaryimage\"},\"thumbnailUrl\":\"https:\/\/dmcsrb.com\/wp-content\/uploads\/2026\/01\/dijabetes-secerna-bolest-foto-kccg.webp\",\"datePublished\":\"2025-11-14T05:57:00+00:00\",\"author\":{\"@id\":\"https:\/\/dmcsrb.com\/#\/schema\/person\/5c39170f12db1b8b457732d0b5c854e2\"},\"breadcrumb\":{\"@id\":\"https:\/\/dmcsrb.com\/drustvo\/svjetski-dan-borbe-protiv-dijabetesa-broj-oboljelih-raste\/#breadcrumb\"},\"inLanguage\":\"en-GB\",\"potentialAction\":[{\"@type\":\"ReadAction\",\"target\":[\"https:\/\/dmcsrb.com\/drustvo\/svjetski-dan-borbe-protiv-dijabetesa-broj-oboljelih-raste\/\"]}]},{\"@type\":\"ImageObject\",\"inLanguage\":\"en-GB\",\"@id\":\"https:\/\/dmcsrb.com\/drustvo\/svjetski-dan-borbe-protiv-dijabetesa-broj-oboljelih-raste\/#primaryimage\",\"url\":\"https:\/\/dmcsrb.com\/wp-content\/uploads\/2026\/01\/dijabetes-secerna-bolest-foto-kccg.webp\",\"contentUrl\":\"https:\/\/dmcsrb.com\/wp-content\/uploads\/2026\/01\/dijabetes-secerna-bolest-foto-kccg.webp\",\"width\":924,\"height\":545},{\"@type\":\"BreadcrumbList\",\"@id\":\"https:\/\/dmcsrb.com\/drustvo\/svjetski-dan-borbe-protiv-dijabetesa-broj-oboljelih-raste\/#breadcrumb\",\"itemListElement\":[{\"@type\":\"ListItem\",\"position\":1,\"name\":\"Home\",\"item\":\"https:\/\/dmcsrb.com\/\"},{\"@type\":\"ListItem\",\"position\":2,\"name\":\"Svjetski dan borbe protiv dijabetesa: Broj oboljelih raste\"}]},{\"@type\":\"WebSite\",\"@id\":\"https:\/\/dmcsrb.com\/#website\",\"url\":\"https:\/\/dmcsrb.com\/\",\"name\":\"dmcsrb.com\",\"description\":\"\",\"potentialAction\":[{\"@type\":\"SearchAction\",\"target\":{\"@type\":\"EntryPoint\",\"urlTemplate\":\"https:\/\/dmcsrb.com\/?s={search_term_string}\"},\"query-input\":{\"@type\":\"PropertyValueSpecification\",\"valueRequired\":true,\"valueName\":\"search_term_string\"}}],\"inLanguage\":\"en-GB\"},{\"@type\":\"Person\",\"@id\":\"https:\/\/dmcsrb.com\/#\/schema\/person\/5c39170f12db1b8b457732d0b5c854e2\",\"name\":\"dmcsrbija.com@gmail.com\",\"image\":{\"@type\":\"ImageObject\",\"inLanguage\":\"en-GB\",\"@id\":\"https:\/\/dmcsrb.com\/#\/schema\/person\/image\/\",\"url\":\"https:\/\/secure.gravatar.com\/avatar\/68592660ad6347fad0fb587f8d5d8f1a7b44961362f56e4f2cd524feb87e9069?s=96&d=mm&r=g\",\"contentUrl\":\"https:\/\/secure.gravatar.com\/avatar\/68592660ad6347fad0fb587f8d5d8f1a7b44961362f56e4f2cd524feb87e9069?s=96&d=mm&r=g\",\"caption\":\"dmcsrbija.com@gmail.com\"},\"sameAs\":[\"https:\/\/dmcsrb.com\"],\"url\":\"https:\/\/dmcsrb.com\/en\/author\/dmcsrbija-comgmail-com\/\"}]}<\/script>\n<!-- \/ Yoast SEO plugin. -->","yoast_head_json":{"title":"Svjetski dan borbe protiv dijabetesa: Broj oboljelih raste - dmcsrb.com","robots":{"index":"index","follow":"follow","max-snippet":"max-snippet:-1","max-image-preview":"max-image-preview:large","max-video-preview":"max-video-preview:-1"},"canonical":"https:\/\/dmcsrb.com\/en\/drustvo\/svjetski-dan-borbe-protiv-dijabetesa-broj-oboljelih-raste\/","og_locale":"en_GB","og_type":"article","og_title":"Svjetski dan borbe protiv dijabetesa: Broj oboljelih raste - dmcsrb.com","og_description":"Dok se svijet na ovogodi\u0161nji Dan dijabetesa fokusira na podr\u0161ku radno aktivnim osobama, adultni pacijenti u Crnoj Gori i dalje \u010dekaju tehnologiju i uslove koji su drugdje standard. Broj oboljelih od dijabetesa u Crnoj Gori raste iz godine u godinu, pokazuju podaci Instituta za javno zdravlje, dok adultni pacijenti koji \u017eive sa dijabetesom tipa 1 upozoravaju da se i dalje suo\u010davaju sa ozbiljnim ograni\u010denjima \u2013 od nedostatka senzora i trakica, do izostanka psiholo\u0161ke i nutricionisti\u010dke podr\u0161ke. Ovogodi\u0161nja kampanja Me\u0111unarodne federacije za dijabetes (IDF), pod sloganom \"Znaj vi\u0161e i u\u010dini vi\u0161e za dijabetes na poslu\u201c, dodatno nagla\u0161ava izazove sa kojima se oboljeli suo\u010davaju upravo u radnom okru\u017eenju.","og_url":"https:\/\/dmcsrb.com\/en\/drustvo\/svjetski-dan-borbe-protiv-dijabetesa-broj-oboljelih-raste\/","og_site_name":"dmcsrb.com","article_published_time":"2025-11-14T05:57:00+00:00","og_image":[{"width":924,"height":545,"url":"https:\/\/dmcsrb.com\/wp-content\/uploads\/2026\/01\/dijabetes-secerna-bolest-foto-kccg.webp","type":"image\/jpeg"}],"author":"dmcsrbija.com@gmail.com","twitter_card":"summary_large_image","twitter_misc":{"Written by":"dmcsrbija.com@gmail.com","Estimated reading time":"4 minutes"},"schema":{"@context":"https:\/\/schema.org","@graph":[{"@type":"Article","@id":"https:\/\/dmcsrb.com\/drustvo\/svjetski-dan-borbe-protiv-dijabetesa-broj-oboljelih-raste\/#article","isPartOf":{"@id":"https:\/\/dmcsrb.com\/drustvo\/svjetski-dan-borbe-protiv-dijabetesa-broj-oboljelih-raste\/"},"author":{"name":"dmcsrbija.com@gmail.com","@id":"https:\/\/dmcsrb.com\/#\/schema\/person\/5c39170f12db1b8b457732d0b5c854e2"},"headline":"Svjetski dan borbe protiv dijabetesa: Broj oboljelih raste","datePublished":"2025-11-14T05:57:00+00:00","mainEntityOfPage":{"@id":"https:\/\/dmcsrb.com\/drustvo\/svjetski-dan-borbe-protiv-dijabetesa-broj-oboljelih-raste\/"},"wordCount":832,"commentCount":0,"image":{"@id":"https:\/\/dmcsrb.com\/drustvo\/svjetski-dan-borbe-protiv-dijabetesa-broj-oboljelih-raste\/#primaryimage"},"thumbnailUrl":"https:\/\/dmcsrb.com\/wp-content\/uploads\/2026\/01\/dijabetes-secerna-bolest-foto-kccg.webp","keywords":["Dijabetes","svjetski dan borbe protiv dijabetesa"],"articleSection":["Dru\u0161tvo"],"inLanguage":"en-GB","potentialAction":[{"@type":"CommentAction","name":"Comment","target":["https:\/\/dmcsrb.com\/drustvo\/svjetski-dan-borbe-protiv-dijabetesa-broj-oboljelih-raste\/#respond"]}]},{"@type":"WebPage","@id":"https:\/\/dmcsrb.com\/drustvo\/svjetski-dan-borbe-protiv-dijabetesa-broj-oboljelih-raste\/","url":"https:\/\/dmcsrb.com\/drustvo\/svjetski-dan-borbe-protiv-dijabetesa-broj-oboljelih-raste\/","name":"Svjetski dan borbe protiv dijabetesa: Broj oboljelih raste - dmcsrb.com","isPartOf":{"@id":"https:\/\/dmcsrb.com\/#website"},"primaryImageOfPage":{"@id":"https:\/\/dmcsrb.com\/drustvo\/svjetski-dan-borbe-protiv-dijabetesa-broj-oboljelih-raste\/#primaryimage"},"image":{"@id":"https:\/\/dmcsrb.com\/drustvo\/svjetski-dan-borbe-protiv-dijabetesa-broj-oboljelih-raste\/#primaryimage"},"thumbnailUrl":"https:\/\/dmcsrb.com\/wp-content\/uploads\/2026\/01\/dijabetes-secerna-bolest-foto-kccg.webp","datePublished":"2025-11-14T05:57:00+00:00","author":{"@id":"https:\/\/dmcsrb.com\/#\/schema\/person\/5c39170f12db1b8b457732d0b5c854e2"},"breadcrumb":{"@id":"https:\/\/dmcsrb.com\/drustvo\/svjetski-dan-borbe-protiv-dijabetesa-broj-oboljelih-raste\/#breadcrumb"},"inLanguage":"en-GB","potentialAction":[{"@type":"ReadAction","target":["https:\/\/dmcsrb.com\/drustvo\/svjetski-dan-borbe-protiv-dijabetesa-broj-oboljelih-raste\/"]}]},{"@type":"ImageObject","inLanguage":"en-GB","@id":"https:\/\/dmcsrb.com\/drustvo\/svjetski-dan-borbe-protiv-dijabetesa-broj-oboljelih-raste\/#primaryimage","url":"https:\/\/dmcsrb.com\/wp-content\/uploads\/2026\/01\/dijabetes-secerna-bolest-foto-kccg.webp","contentUrl":"https:\/\/dmcsrb.com\/wp-content\/uploads\/2026\/01\/dijabetes-secerna-bolest-foto-kccg.webp","width":924,"height":545},{"@type":"BreadcrumbList","@id":"https:\/\/dmcsrb.com\/drustvo\/svjetski-dan-borbe-protiv-dijabetesa-broj-oboljelih-raste\/#breadcrumb","itemListElement":[{"@type":"ListItem","position":1,"name":"Home","item":"https:\/\/dmcsrb.com\/"},{"@type":"ListItem","position":2,"name":"Svjetski dan borbe protiv dijabetesa: Broj oboljelih raste"}]},{"@type":"WebSite","@id":"https:\/\/dmcsrb.com\/#website","url":"https:\/\/dmcsrb.com\/","name":"dmcsrb.com","description":"","potentialAction":[{"@type":"SearchAction","target":{"@type":"EntryPoint","urlTemplate":"https:\/\/dmcsrb.com\/?s={search_term_string}"},"query-input":{"@type":"PropertyValueSpecification","valueRequired":true,"valueName":"search_term_string"}}],"inLanguage":"en-GB"},{"@type":"Person","@id":"https:\/\/dmcsrb.com\/#\/schema\/person\/5c39170f12db1b8b457732d0b5c854e2","name":"dmcsrbija.com@gmail.com","image":{"@type":"ImageObject","inLanguage":"en-GB","@id":"https:\/\/dmcsrb.com\/#\/schema\/person\/image\/","url":"https:\/\/secure.gravatar.com\/avatar\/68592660ad6347fad0fb587f8d5d8f1a7b44961362f56e4f2cd524feb87e9069?s=96&d=mm&r=g","contentUrl":"https:\/\/secure.gravatar.com\/avatar\/68592660ad6347fad0fb587f8d5d8f1a7b44961362f56e4f2cd524feb87e9069?s=96&d=mm&r=g","caption":"dmcsrbija.com@gmail.com"},"sameAs":["https:\/\/dmcsrb.com"],"url":"https:\/\/dmcsrb.com\/en\/author\/dmcsrbija-comgmail-com\/"}]}},"_links":{"self":[{"href":"https:\/\/dmcsrb.com\/en\/wp-json\/wp\/v2\/posts\/963573","targetHints":{"allow":["GET"]}}],"collection":[{"href":"https:\/\/dmcsrb.com\/en\/wp-json\/wp\/v2\/posts"}],"about":[{"href":"https:\/\/dmcsrb.com\/en\/wp-json\/wp\/v2\/types\/post"}],"author":[{"embeddable":true,"href":"https:\/\/dmcsrb.com\/en\/wp-json\/wp\/v2\/users\/1"}],"replies":[{"embeddable":true,"href":"https:\/\/dmcsrb.com\/en\/wp-json\/wp\/v2\/comments?post=963573"}],"version-history":[{"count":0,"href":"https:\/\/dmcsrb.com\/en\/wp-json\/wp\/v2\/posts\/963573\/revisions"}],"wp:featuredmedia":[{"embeddable":true,"href":"https:\/\/dmcsrb.com\/en\/wp-json\/wp\/v2\/media\/963574"}],"wp:attachment":[{"href":"https:\/\/dmcsrb.com\/en\/wp-json\/wp\/v2\/media?parent=963573"}],"wp:term":[{"taxonomy":"category","embeddable":true,"href":"https:\/\/dmcsrb.com\/en\/wp-json\/wp\/v2\/categories?post=963573"},{"taxonomy":"post_tag","embeddable":true,"href":"https:\/\/dmcsrb.com\/en\/wp-json\/wp\/v2\/tags?post=963573"},{"taxonomy":"naslovna","embeddable":true,"href":"https:\/\/dmcsrb.com\/en\/wp-json\/wp\/v2\/naslovna?post=963573"}],"curies":[{"name":"wp","href":"https:\/\/api.w.org\/{rel}","templated":true}]}}