{"id":963566,"date":"2025-11-13T21:09:20","date_gmt":"2025-11-13T20:09:20","guid":{"rendered":"https:\/\/dmcsrb.com\/uncategorized\/u-saobracajnoj-nezgodi-u-bijeloj-tesko-povrijedjena-jedna-osoba\/"},"modified":"2025-11-13T21:09:20","modified_gmt":"2025-11-13T20:09:20","slug":"u-saobracajnoj-nezgodi-u-bijeloj-tesko-povrijedjena-jedna-osoba","status":"publish","type":"post","link":"https:\/\/dmcsrb.com\/en\/hronika\/u-saobracajnoj-nezgodi-u-bijeloj-tesko-povrijedjena-jedna-osoba\/","title":{"rendered":"U saobra\u0107ajnoj nezgodi u Bijeloj te\u0161ko povrije\u0111ena jedna osoba"},"content":{"rendered":"<p><\/p>\n\n\n\n<p>Nezgoda se dogodila kada su se dva putni\u010dka vozila kretala od Kamenara prema Herceg Novom. Voza\u010d H. S. je upravljao vozilom reg.oznaka PB 029 CU, a drugo vozilo bilo je \u201cAudi\u201d, reg.oznala PG JD 961, kojim je upravljao R. R. (1994.) iz Podgorice. Kako je do\u0161lo do kontakta jo\u0161 se utvr\u0111uje, a zbog povreda glave H.S. je prevezen u bolnicu Meljine.<\/p>\n\n\n\n<p>Uvi\u0111aj na licu mjesta, po ovla\u0161\u0107enju de\u017eurnog ODT obavila je saobra\u0107ajna patrola Odjeljenja bezbjednosti Herceg Novi.<\/p>\n\n\n\n<p>Saobra\u0107aj je bio u prekidu, odvijao se alternativnim \u2013 priobalnim putem naizmjeni\u010dno, do okon\u010danja uvi\u0111aja.<\/p>","protected":false},"excerpt":{"rendered":"<p>U Bijeloj se ve\u010deras u 19.30 sati na magistralnom putu, dogodila saobra\u0107ajna nezgoda u kojoj je te\u0161ko povrije\u0111en H.S. (1968) iz Priboja, potvr\u0111eno je Novskom portalu u saobra\u0107ajnoj policiji.<\/p>","protected":false},"author":1,"featured_media":963567,"comment_status":"open","ping_status":"open","sticky":false,"template":"","format":"standard","meta":{"_acf_changed":false,"footnotes":""},"categories":[17],"tags":[991,48,45,691],"naslovna":[],"class_list":["post-963566","post","type-post","status-publish","format-standard","has-post-thumbnail","hentry","category-hronika","tag-bijela","tag-herceg-novi","tag-policija","tag-saobracajna-nezgoda-2"],"acf":[],"yoast_head":"<!-- This site is optimized with the Yoast SEO plugin v27.4 - https:\/\/yoast.com\/product\/yoast-seo-wordpress\/ -->\n<title>U saobra\u0107ajnoj nezgodi u Bijeloj te\u0161ko povrije\u0111ena jedna osoba - dmcsrb.com<\/title>\n<meta name=\"robots\" content=\"index, follow, max-snippet:-1, max-image-preview:large, max-video-preview:-1\" \/>\n<link rel=\"canonical\" href=\"https:\/\/dmcsrb.com\/en\/hronika\/u-saobracajnoj-nezgodi-u-bijeloj-tesko-povrijedjena-jedna-osoba\/\" \/>\n<meta property=\"og:locale\" content=\"en_GB\" \/>\n<meta property=\"og:type\" content=\"article\" \/>\n<meta property=\"og:title\" content=\"U saobra\u0107ajnoj nezgodi u Bijeloj te\u0161ko povrije\u0111ena jedna osoba - dmcsrb.com\" \/>\n<meta property=\"og:description\" content=\"U Bijeloj se ve\u010deras u 19.30 sati na magistralnom putu, dogodila saobra\u0107ajna nezgoda u kojoj je te\u0161ko povrije\u0111en H.S. (1968) iz Priboja, potvr\u0111eno je Novskom portalu u saobra\u0107ajnoj policiji.\" \/>\n<meta property=\"og:url\" content=\"https:\/\/dmcsrb.com\/en\/hronika\/u-saobracajnoj-nezgodi-u-bijeloj-tesko-povrijedjena-jedna-osoba\/\" \/>\n<meta property=\"og:site_name\" content=\"dmcsrb.com\" \/>\n<meta property=\"article:published_time\" content=\"2025-11-13T20:09:20+00:00\" \/>\n<meta property=\"og:image\" content=\"https:\/\/dmcsrb.com\/wp-content\/uploads\/2026\/01\/Udes-Bijela-foto-novski-portal.webp\" \/>\n\t<meta property=\"og:image:width\" content=\"688\" \/>\n\t<meta property=\"og:image:height\" content=\"477\" \/>\n\t<meta property=\"og:image:type\" content=\"image\/jpeg\" \/>\n<meta name=\"author\" content=\"dmcsrbija.com@gmail.com\" \/>\n<meta name=\"twitter:card\" content=\"summary_large_image\" \/>\n<meta name=\"twitter:label1\" content=\"Written by\" \/>\n\t<meta name=\"twitter:data1\" content=\"dmcsrbija.com@gmail.com\" \/>\n\t<meta name=\"twitter:label2\" content=\"Estimated reading time\" \/>\n\t<meta name=\"twitter:data2\" content=\"1 minute\" \/>\n<script type=\"application\/ld+json\" class=\"yoast-schema-graph\">{\"@context\":\"https:\\\/\\\/schema.org\",\"@graph\":[{\"@type\":\"Article\",\"@id\":\"https:\\\/\\\/dmcsrb.com\\\/hronika\\\/u-saobracajnoj-nezgodi-u-bijeloj-tesko-povrijedjena-jedna-osoba\\\/#article\",\"isPartOf\":{\"@id\":\"https:\\\/\\\/dmcsrb.com\\\/hronika\\\/u-saobracajnoj-nezgodi-u-bijeloj-tesko-povrijedjena-jedna-osoba\\\/\"},\"author\":{\"name\":\"dmcsrbija.com@gmail.com\",\"@id\":\"https:\\\/\\\/dmcsrb.com\\\/#\\\/schema\\\/person\\\/5c39170f12db1b8b457732d0b5c854e2\"},\"headline\":\"U saobra\u0107ajnoj nezgodi u Bijeloj te\u0161ko povrije\u0111ena jedna osoba\",\"datePublished\":\"2025-11-13T20:09:20+00:00\",\"mainEntityOfPage\":{\"@id\":\"https:\\\/\\\/dmcsrb.com\\\/hronika\\\/u-saobracajnoj-nezgodi-u-bijeloj-tesko-povrijedjena-jedna-osoba\\\/\"},\"wordCount\":114,\"commentCount\":0,\"image\":{\"@id\":\"https:\\\/\\\/dmcsrb.com\\\/hronika\\\/u-saobracajnoj-nezgodi-u-bijeloj-tesko-povrijedjena-jedna-osoba\\\/#primaryimage\"},\"thumbnailUrl\":\"https:\\\/\\\/dmcsrb.com\\\/wp-content\\\/uploads\\\/2026\\\/01\\\/Udes-Bijela-foto-novski-portal.webp\",\"keywords\":[\"Bijela\",\"Herceg Novi\",\"policija\",\"Saobra\u0107ajna nezgoda\"],\"articleSection\":[\"Hronika\"],\"inLanguage\":\"en-GB\",\"potentialAction\":[{\"@type\":\"CommentAction\",\"name\":\"Comment\",\"target\":[\"https:\\\/\\\/dmcsrb.com\\\/hronika\\\/u-saobracajnoj-nezgodi-u-bijeloj-tesko-povrijedjena-jedna-osoba\\\/#respond\"]}]},{\"@type\":\"WebPage\",\"@id\":\"https:\\\/\\\/dmcsrb.com\\\/hronika\\\/u-saobracajnoj-nezgodi-u-bijeloj-tesko-povrijedjena-jedna-osoba\\\/\",\"url\":\"https:\\\/\\\/dmcsrb.com\\\/hronika\\\/u-saobracajnoj-nezgodi-u-bijeloj-tesko-povrijedjena-jedna-osoba\\\/\",\"name\":\"U saobra\u0107ajnoj nezgodi u Bijeloj te\u0161ko povrije\u0111ena jedna osoba - dmcsrb.com\",\"isPartOf\":{\"@id\":\"https:\\\/\\\/dmcsrb.com\\\/#website\"},\"primaryImageOfPage\":{\"@id\":\"https:\\\/\\\/dmcsrb.com\\\/hronika\\\/u-saobracajnoj-nezgodi-u-bijeloj-tesko-povrijedjena-jedna-osoba\\\/#primaryimage\"},\"image\":{\"@id\":\"https:\\\/\\\/dmcsrb.com\\\/hronika\\\/u-saobracajnoj-nezgodi-u-bijeloj-tesko-povrijedjena-jedna-osoba\\\/#primaryimage\"},\"thumbnailUrl\":\"https:\\\/\\\/dmcsrb.com\\\/wp-content\\\/uploads\\\/2026\\\/01\\\/Udes-Bijela-foto-novski-portal.webp\",\"datePublished\":\"2025-11-13T20:09:20+00:00\",\"author\":{\"@id\":\"https:\\\/\\\/dmcsrb.com\\\/#\\\/schema\\\/person\\\/5c39170f12db1b8b457732d0b5c854e2\"},\"breadcrumb\":{\"@id\":\"https:\\\/\\\/dmcsrb.com\\\/hronika\\\/u-saobracajnoj-nezgodi-u-bijeloj-tesko-povrijedjena-jedna-osoba\\\/#breadcrumb\"},\"inLanguage\":\"en-GB\",\"potentialAction\":[{\"@type\":\"ReadAction\",\"target\":[\"https:\\\/\\\/dmcsrb.com\\\/hronika\\\/u-saobracajnoj-nezgodi-u-bijeloj-tesko-povrijedjena-jedna-osoba\\\/\"]}]},{\"@type\":\"ImageObject\",\"inLanguage\":\"en-GB\",\"@id\":\"https:\\\/\\\/dmcsrb.com\\\/hronika\\\/u-saobracajnoj-nezgodi-u-bijeloj-tesko-povrijedjena-jedna-osoba\\\/#primaryimage\",\"url\":\"https:\\\/\\\/dmcsrb.com\\\/wp-content\\\/uploads\\\/2026\\\/01\\\/Udes-Bijela-foto-novski-portal.webp\",\"contentUrl\":\"https:\\\/\\\/dmcsrb.com\\\/wp-content\\\/uploads\\\/2026\\\/01\\\/Udes-Bijela-foto-novski-portal.webp\",\"width\":688,\"height\":477},{\"@type\":\"BreadcrumbList\",\"@id\":\"https:\\\/\\\/dmcsrb.com\\\/hronika\\\/u-saobracajnoj-nezgodi-u-bijeloj-tesko-povrijedjena-jedna-osoba\\\/#breadcrumb\",\"itemListElement\":[{\"@type\":\"ListItem\",\"position\":1,\"name\":\"Home\",\"item\":\"https:\\\/\\\/dmcsrb.com\\\/\"},{\"@type\":\"ListItem\",\"position\":2,\"name\":\"U saobra\u0107ajnoj nezgodi u Bijeloj te\u0161ko povrije\u0111ena jedna osoba\"}]},{\"@type\":\"WebSite\",\"@id\":\"https:\\\/\\\/dmcsrb.com\\\/#website\",\"url\":\"https:\\\/\\\/dmcsrb.com\\\/\",\"name\":\"dmcsrb.com\",\"description\":\"\",\"potentialAction\":[{\"@type\":\"SearchAction\",\"target\":{\"@type\":\"EntryPoint\",\"urlTemplate\":\"https:\\\/\\\/dmcsrb.com\\\/?s={search_term_string}\"},\"query-input\":{\"@type\":\"PropertyValueSpecification\",\"valueRequired\":true,\"valueName\":\"search_term_string\"}}],\"inLanguage\":\"en-GB\"},{\"@type\":\"Person\",\"@id\":\"https:\\\/\\\/dmcsrb.com\\\/#\\\/schema\\\/person\\\/5c39170f12db1b8b457732d0b5c854e2\",\"name\":\"dmcsrbija.com@gmail.com\",\"image\":{\"@type\":\"ImageObject\",\"inLanguage\":\"en-GB\",\"@id\":\"https:\\\/\\\/secure.gravatar.com\\\/avatar\\\/68592660ad6347fad0fb587f8d5d8f1a7b44961362f56e4f2cd524feb87e9069?s=96&d=mm&r=g\",\"url\":\"https:\\\/\\\/secure.gravatar.com\\\/avatar\\\/68592660ad6347fad0fb587f8d5d8f1a7b44961362f56e4f2cd524feb87e9069?s=96&d=mm&r=g\",\"contentUrl\":\"https:\\\/\\\/secure.gravatar.com\\\/avatar\\\/68592660ad6347fad0fb587f8d5d8f1a7b44961362f56e4f2cd524feb87e9069?s=96&d=mm&r=g\",\"caption\":\"dmcsrbija.com@gmail.com\"},\"sameAs\":[\"https:\\\/\\\/dmcsrb.com\"],\"url\":\"https:\\\/\\\/dmcsrb.com\\\/en\\\/author\\\/dmcsrbija-comgmail-com\\\/\"}]}<\/script>\n<!-- \/ Yoast SEO plugin. -->","yoast_head_json":{"title":"U saobra\u0107ajnoj nezgodi u Bijeloj te\u0161ko povrije\u0111ena jedna osoba - dmcsrb.com","robots":{"index":"index","follow":"follow","max-snippet":"max-snippet:-1","max-image-preview":"max-image-preview:large","max-video-preview":"max-video-preview:-1"},"canonical":"https:\/\/dmcsrb.com\/en\/hronika\/u-saobracajnoj-nezgodi-u-bijeloj-tesko-povrijedjena-jedna-osoba\/","og_locale":"en_GB","og_type":"article","og_title":"U saobra\u0107ajnoj nezgodi u Bijeloj te\u0161ko povrije\u0111ena jedna osoba - dmcsrb.com","og_description":"U Bijeloj se ve\u010deras u 19.30 sati na magistralnom putu, dogodila saobra\u0107ajna nezgoda u kojoj je te\u0161ko povrije\u0111en H.S. (1968) iz Priboja, potvr\u0111eno je Novskom portalu u saobra\u0107ajnoj policiji.","og_url":"https:\/\/dmcsrb.com\/en\/hronika\/u-saobracajnoj-nezgodi-u-bijeloj-tesko-povrijedjena-jedna-osoba\/","og_site_name":"dmcsrb.com","article_published_time":"2025-11-13T20:09:20+00:00","og_image":[{"width":688,"height":477,"url":"https:\/\/dmcsrb.com\/wp-content\/uploads\/2026\/01\/Udes-Bijela-foto-novski-portal.webp","type":"image\/jpeg"}],"author":"dmcsrbija.com@gmail.com","twitter_card":"summary_large_image","twitter_misc":{"Written by":"dmcsrbija.com@gmail.com","Estimated reading time":"1 minute"},"schema":{"@context":"https:\/\/schema.org","@graph":[{"@type":"Article","@id":"https:\/\/dmcsrb.com\/hronika\/u-saobracajnoj-nezgodi-u-bijeloj-tesko-povrijedjena-jedna-osoba\/#article","isPartOf":{"@id":"https:\/\/dmcsrb.com\/hronika\/u-saobracajnoj-nezgodi-u-bijeloj-tesko-povrijedjena-jedna-osoba\/"},"author":{"name":"dmcsrbija.com@gmail.com","@id":"https:\/\/dmcsrb.com\/#\/schema\/person\/5c39170f12db1b8b457732d0b5c854e2"},"headline":"U saobra\u0107ajnoj nezgodi u Bijeloj te\u0161ko povrije\u0111ena jedna osoba","datePublished":"2025-11-13T20:09:20+00:00","mainEntityOfPage":{"@id":"https:\/\/dmcsrb.com\/hronika\/u-saobracajnoj-nezgodi-u-bijeloj-tesko-povrijedjena-jedna-osoba\/"},"wordCount":114,"commentCount":0,"image":{"@id":"https:\/\/dmcsrb.com\/hronika\/u-saobracajnoj-nezgodi-u-bijeloj-tesko-povrijedjena-jedna-osoba\/#primaryimage"},"thumbnailUrl":"https:\/\/dmcsrb.com\/wp-content\/uploads\/2026\/01\/Udes-Bijela-foto-novski-portal.webp","keywords":["Bijela","Herceg Novi","policija","Saobra\u0107ajna nezgoda"],"articleSection":["Hronika"],"inLanguage":"en-GB","potentialAction":[{"@type":"CommentAction","name":"Comment","target":["https:\/\/dmcsrb.com\/hronika\/u-saobracajnoj-nezgodi-u-bijeloj-tesko-povrijedjena-jedna-osoba\/#respond"]}]},{"@type":"WebPage","@id":"https:\/\/dmcsrb.com\/hronika\/u-saobracajnoj-nezgodi-u-bijeloj-tesko-povrijedjena-jedna-osoba\/","url":"https:\/\/dmcsrb.com\/hronika\/u-saobracajnoj-nezgodi-u-bijeloj-tesko-povrijedjena-jedna-osoba\/","name":"U saobra\u0107ajnoj nezgodi u Bijeloj te\u0161ko povrije\u0111ena jedna osoba - dmcsrb.com","isPartOf":{"@id":"https:\/\/dmcsrb.com\/#website"},"primaryImageOfPage":{"@id":"https:\/\/dmcsrb.com\/hronika\/u-saobracajnoj-nezgodi-u-bijeloj-tesko-povrijedjena-jedna-osoba\/#primaryimage"},"image":{"@id":"https:\/\/dmcsrb.com\/hronika\/u-saobracajnoj-nezgodi-u-bijeloj-tesko-povrijedjena-jedna-osoba\/#primaryimage"},"thumbnailUrl":"https:\/\/dmcsrb.com\/wp-content\/uploads\/2026\/01\/Udes-Bijela-foto-novski-portal.webp","datePublished":"2025-11-13T20:09:20+00:00","author":{"@id":"https:\/\/dmcsrb.com\/#\/schema\/person\/5c39170f12db1b8b457732d0b5c854e2"},"breadcrumb":{"@id":"https:\/\/dmcsrb.com\/hronika\/u-saobracajnoj-nezgodi-u-bijeloj-tesko-povrijedjena-jedna-osoba\/#breadcrumb"},"inLanguage":"en-GB","potentialAction":[{"@type":"ReadAction","target":["https:\/\/dmcsrb.com\/hronika\/u-saobracajnoj-nezgodi-u-bijeloj-tesko-povrijedjena-jedna-osoba\/"]}]},{"@type":"ImageObject","inLanguage":"en-GB","@id":"https:\/\/dmcsrb.com\/hronika\/u-saobracajnoj-nezgodi-u-bijeloj-tesko-povrijedjena-jedna-osoba\/#primaryimage","url":"https:\/\/dmcsrb.com\/wp-content\/uploads\/2026\/01\/Udes-Bijela-foto-novski-portal.webp","contentUrl":"https:\/\/dmcsrb.com\/wp-content\/uploads\/2026\/01\/Udes-Bijela-foto-novski-portal.webp","width":688,"height":477},{"@type":"BreadcrumbList","@id":"https:\/\/dmcsrb.com\/hronika\/u-saobracajnoj-nezgodi-u-bijeloj-tesko-povrijedjena-jedna-osoba\/#breadcrumb","itemListElement":[{"@type":"ListItem","position":1,"name":"Home","item":"https:\/\/dmcsrb.com\/"},{"@type":"ListItem","position":2,"name":"U saobra\u0107ajnoj nezgodi u Bijeloj te\u0161ko povrije\u0111ena jedna osoba"}]},{"@type":"WebSite","@id":"https:\/\/dmcsrb.com\/#website","url":"https:\/\/dmcsrb.com\/","name":"dmcsrb.com","description":"","potentialAction":[{"@type":"SearchAction","target":{"@type":"EntryPoint","urlTemplate":"https:\/\/dmcsrb.com\/?s={search_term_string}"},"query-input":{"@type":"PropertyValueSpecification","valueRequired":true,"valueName":"search_term_string"}}],"inLanguage":"en-GB"},{"@type":"Person","@id":"https:\/\/dmcsrb.com\/#\/schema\/person\/5c39170f12db1b8b457732d0b5c854e2","name":"dmcsrbija.com@gmail.com","image":{"@type":"ImageObject","inLanguage":"en-GB","@id":"https:\/\/secure.gravatar.com\/avatar\/68592660ad6347fad0fb587f8d5d8f1a7b44961362f56e4f2cd524feb87e9069?s=96&d=mm&r=g","url":"https:\/\/secure.gravatar.com\/avatar\/68592660ad6347fad0fb587f8d5d8f1a7b44961362f56e4f2cd524feb87e9069?s=96&d=mm&r=g","contentUrl":"https:\/\/secure.gravatar.com\/avatar\/68592660ad6347fad0fb587f8d5d8f1a7b44961362f56e4f2cd524feb87e9069?s=96&d=mm&r=g","caption":"dmcsrbija.com@gmail.com"},"sameAs":["https:\/\/dmcsrb.com"],"url":"https:\/\/dmcsrb.com\/en\/author\/dmcsrbija-comgmail-com\/"}]}},"_links":{"self":[{"href":"https:\/\/dmcsrb.com\/en\/wp-json\/wp\/v2\/posts\/963566","targetHints":{"allow":["GET"]}}],"collection":[{"href":"https:\/\/dmcsrb.com\/en\/wp-json\/wp\/v2\/posts"}],"about":[{"href":"https:\/\/dmcsrb.com\/en\/wp-json\/wp\/v2\/types\/post"}],"author":[{"embeddable":true,"href":"https:\/\/dmcsrb.com\/en\/wp-json\/wp\/v2\/users\/1"}],"replies":[{"embeddable":true,"href":"https:\/\/dmcsrb.com\/en\/wp-json\/wp\/v2\/comments?post=963566"}],"version-history":[{"count":0,"href":"https:\/\/dmcsrb.com\/en\/wp-json\/wp\/v2\/posts\/963566\/revisions"}],"wp:featuredmedia":[{"embeddable":true,"href":"https:\/\/dmcsrb.com\/en\/wp-json\/wp\/v2\/media\/963567"}],"wp:attachment":[{"href":"https:\/\/dmcsrb.com\/en\/wp-json\/wp\/v2\/media?parent=963566"}],"wp:term":[{"taxonomy":"category","embeddable":true,"href":"https:\/\/dmcsrb.com\/en\/wp-json\/wp\/v2\/categories?post=963566"},{"taxonomy":"post_tag","embeddable":true,"href":"https:\/\/dmcsrb.com\/en\/wp-json\/wp\/v2\/tags?post=963566"},{"taxonomy":"naslovna","embeddable":true,"href":"https:\/\/dmcsrb.com\/en\/wp-json\/wp\/v2\/naslovna?post=963566"}],"curies":[{"name":"wp","href":"https:\/\/api.w.org\/{rel}","templated":true}]}}