{"id":963535,"date":"2025-11-13T17:14:00","date_gmt":"2025-11-13T16:14:00","guid":{"rendered":"https:\/\/dmcsrb.com\/uncategorized\/njemacka-uvodi-vojni-rok-svi-muskarci-iznad-18-godina-ce-se-morati-prijaviti\/"},"modified":"2025-11-13T17:14:00","modified_gmt":"2025-11-13T16:14:00","slug":"njemacka-uvodi-vojni-rok-svi-muskarci-iznad-18-godina-ce-se-morati-prijaviti","status":"publish","type":"post","link":"https:\/\/dmcsrb.com\/en\/svijet\/njemacka-uvodi-vojni-rok-svi-muskarci-iznad-18-godina-ce-se-morati-prijaviti\/","title":{"rendered":"Njema\u010dka uvodi vojni rok: Svi mu\u0161karci iznad 18 godina \u0107e se morati prijaviti"},"content":{"rendered":"<p><br>Prema pisanju njema\u010dkog Bilda, svi mu\u0161karci koji imaju najmanje 18 godina morat \u0107e se prijaviti, te \u0107e morati da urade ljekarske preglede.<\/p>\n\n\n\n<p>U slu\u010daju da se nedovoljan broj dobrovoljaca prijavi za vojsku, dogovoren je sistem lutrije kojim \u0107e se izabrati ostatak Nijemaca za slu\u017eenje vojnog roka.<\/p>\n\n\n\n<p>Mu\u0161karci koji kroz ovaj sistem postanu vojnici dobit \u0107e bruto platu od 2.600 eura, a oni koji ostanu nekoliko mjeseci du\u017ee od vojnog roka dobit \u0107e dodatne bonuse i subvenciju za pla\u0107anje polaganja voza\u010dkog ispita.<\/p>\n\n\n\n<p>Cilj zakona o novoj vojnoj slu\u017ebi bio je, kako pi\u0161u njema\u010dki mediji, izgraditi rezervni sastav od pribli\u017eno 200.000 vojnika u narednim godinama, koji bi mogli biti brzo mobilizirani u slu\u010daju nacionalne vanredne situacije.<\/p>\n\n\n\n<p>Dobrovoljci u po\u010detku prolaze osnovnu obuku za stra\u017earske i sigurnosne du\u017enosti i u tom periodu se jo\u0161 ne smatraju vojnicima na privremenoj slu\u017ebi.<\/p>\n\n\n\n<p>Ovaj znatno povla\u0161teniji status vojnika, koji uklju\u010duje i sveobuhvatnu zdravstvenu za\u0161titu, sada se dodjeljuje samo onim dobrovoljcima koji slu\u017ee u oru\u017eanim snagama du\u017ee od godinu dana.<\/p>\n\n\n\n<p>Cilj je \u201cdobrovoljnost kroz privla\u010dnost\u201d, kako je navedeno u sporazumu izme\u0111u CDU\/CSU-a i SPD-a.<\/p>\n\n\n\n<p>Planirani proces regrutacije obavezan je samo za mu\u0161karce, koji prvo moraju popuniti upitnik o svom zdravlju i motivaciji. \u017dene mogu u\u010destvovati dobrovoljno. Isto tako, njihova regrutacija je isklju\u010divo dobrovoljna, jer njema\u010dki Ustav ne predvi\u0111a obaveznu vojnu slu\u017ebu za \u017eene.<\/p>","protected":false},"excerpt":{"rendered":"<p>Parlamentarne grupe CDU\/CSU i SPD, dvije vladaju\u0107e stranke u Njema\u010dkoj, postigle su dogovor s ministrom odbrane Borisom Pistoriusom, te se o\u010dekuje da \u0107e uskoro biti i formalno izglasano ponovno uvo\u0111enje vojnog roka.<\/p>","protected":false},"author":1,"featured_media":963536,"comment_status":"open","ping_status":"open","sticky":false,"template":"","format":"standard","meta":{"_acf_changed":false,"footnotes":""},"categories":[144],"tags":[58,5832],"naslovna":[],"class_list":["post-963535","post","type-post","status-publish","format-standard","has-post-thumbnail","hentry","category-svijet","tag-njemacka","tag-vojni-rok"],"acf":[],"yoast_head":"<!-- This site is optimized with the Yoast SEO plugin v27.4 - https:\/\/yoast.com\/product\/yoast-seo-wordpress\/ -->\n<title>Njema\u010dka uvodi vojni rok: Svi mu\u0161karci iznad 18 godina \u0107e se morati prijaviti - dmcsrb.com<\/title>\n<meta name=\"robots\" content=\"index, follow, max-snippet:-1, max-image-preview:large, max-video-preview:-1\" \/>\n<link rel=\"canonical\" href=\"https:\/\/dmcsrb.com\/en\/svijet\/njemacka-uvodi-vojni-rok-svi-muskarci-iznad-18-godina-ce-se-morati-prijaviti\/\" \/>\n<meta property=\"og:locale\" content=\"en_GB\" \/>\n<meta property=\"og:type\" content=\"article\" \/>\n<meta property=\"og:title\" content=\"Njema\u010dka uvodi vojni rok: Svi mu\u0161karci iznad 18 godina \u0107e se morati prijaviti - dmcsrb.com\" \/>\n<meta property=\"og:description\" content=\"Parlamentarne grupe CDU\/CSU i SPD, dvije vladaju\u0107e stranke u Njema\u010dkoj, postigle su dogovor s ministrom odbrane Borisom Pistoriusom, te se o\u010dekuje da \u0107e uskoro biti i formalno izglasano ponovno uvo\u0111enje vojnog roka.\" \/>\n<meta property=\"og:url\" content=\"https:\/\/dmcsrb.com\/en\/svijet\/njemacka-uvodi-vojni-rok-svi-muskarci-iznad-18-godina-ce-se-morati-prijaviti\/\" \/>\n<meta property=\"og:site_name\" content=\"dmcsrb.com\" \/>\n<meta property=\"article:published_time\" content=\"2025-11-13T16:14:00+00:00\" \/>\n<meta property=\"og:image\" content=\"https:\/\/dmcsrb.com\/wp-content\/uploads\/2026\/01\/military-2664779_640.webp\" \/>\n\t<meta property=\"og:image:width\" content=\"640\" \/>\n\t<meta property=\"og:image:height\" content=\"382\" \/>\n\t<meta property=\"og:image:type\" content=\"image\/jpeg\" \/>\n<meta name=\"author\" content=\"dmcsrbija.com@gmail.com\" \/>\n<meta name=\"twitter:card\" content=\"summary_large_image\" \/>\n<meta name=\"twitter:label1\" content=\"Written by\" \/>\n\t<meta name=\"twitter:data1\" content=\"dmcsrbija.com@gmail.com\" \/>\n\t<meta name=\"twitter:label2\" content=\"Estimated reading time\" \/>\n\t<meta name=\"twitter:data2\" content=\"1 minute\" \/>\n<script type=\"application\/ld+json\" class=\"yoast-schema-graph\">{\"@context\":\"https:\\\/\\\/schema.org\",\"@graph\":[{\"@type\":\"Article\",\"@id\":\"https:\\\/\\\/dmcsrb.com\\\/svijet\\\/njemacka-uvodi-vojni-rok-svi-muskarci-iznad-18-godina-ce-se-morati-prijaviti\\\/#article\",\"isPartOf\":{\"@id\":\"https:\\\/\\\/dmcsrb.com\\\/svijet\\\/njemacka-uvodi-vojni-rok-svi-muskarci-iznad-18-godina-ce-se-morati-prijaviti\\\/\"},\"author\":{\"name\":\"dmcsrbija.com@gmail.com\",\"@id\":\"https:\\\/\\\/dmcsrb.com\\\/#\\\/schema\\\/person\\\/5c39170f12db1b8b457732d0b5c854e2\"},\"headline\":\"Njema\u010dka uvodi vojni rok: Svi mu\u0161karci iznad 18 godina \u0107e se morati prijaviti\",\"datePublished\":\"2025-11-13T16:14:00+00:00\",\"mainEntityOfPage\":{\"@id\":\"https:\\\/\\\/dmcsrb.com\\\/svijet\\\/njemacka-uvodi-vojni-rok-svi-muskarci-iznad-18-godina-ce-se-morati-prijaviti\\\/\"},\"wordCount\":259,\"commentCount\":0,\"image\":{\"@id\":\"https:\\\/\\\/dmcsrb.com\\\/svijet\\\/njemacka-uvodi-vojni-rok-svi-muskarci-iznad-18-godina-ce-se-morati-prijaviti\\\/#primaryimage\"},\"thumbnailUrl\":\"https:\\\/\\\/dmcsrb.com\\\/wp-content\\\/uploads\\\/2026\\\/01\\\/military-2664779_640.webp\",\"keywords\":[\"Njema\u010dka\",\"Vojni rok\"],\"articleSection\":[\"Svijet\"],\"inLanguage\":\"en-GB\",\"potentialAction\":[{\"@type\":\"CommentAction\",\"name\":\"Comment\",\"target\":[\"https:\\\/\\\/dmcsrb.com\\\/svijet\\\/njemacka-uvodi-vojni-rok-svi-muskarci-iznad-18-godina-ce-se-morati-prijaviti\\\/#respond\"]}]},{\"@type\":\"WebPage\",\"@id\":\"https:\\\/\\\/dmcsrb.com\\\/svijet\\\/njemacka-uvodi-vojni-rok-svi-muskarci-iznad-18-godina-ce-se-morati-prijaviti\\\/\",\"url\":\"https:\\\/\\\/dmcsrb.com\\\/svijet\\\/njemacka-uvodi-vojni-rok-svi-muskarci-iznad-18-godina-ce-se-morati-prijaviti\\\/\",\"name\":\"Njema\u010dka uvodi vojni rok: Svi mu\u0161karci iznad 18 godina \u0107e se morati prijaviti - dmcsrb.com\",\"isPartOf\":{\"@id\":\"https:\\\/\\\/dmcsrb.com\\\/#website\"},\"primaryImageOfPage\":{\"@id\":\"https:\\\/\\\/dmcsrb.com\\\/svijet\\\/njemacka-uvodi-vojni-rok-svi-muskarci-iznad-18-godina-ce-se-morati-prijaviti\\\/#primaryimage\"},\"image\":{\"@id\":\"https:\\\/\\\/dmcsrb.com\\\/svijet\\\/njemacka-uvodi-vojni-rok-svi-muskarci-iznad-18-godina-ce-se-morati-prijaviti\\\/#primaryimage\"},\"thumbnailUrl\":\"https:\\\/\\\/dmcsrb.com\\\/wp-content\\\/uploads\\\/2026\\\/01\\\/military-2664779_640.webp\",\"datePublished\":\"2025-11-13T16:14:00+00:00\",\"author\":{\"@id\":\"https:\\\/\\\/dmcsrb.com\\\/#\\\/schema\\\/person\\\/5c39170f12db1b8b457732d0b5c854e2\"},\"breadcrumb\":{\"@id\":\"https:\\\/\\\/dmcsrb.com\\\/svijet\\\/njemacka-uvodi-vojni-rok-svi-muskarci-iznad-18-godina-ce-se-morati-prijaviti\\\/#breadcrumb\"},\"inLanguage\":\"en-GB\",\"potentialAction\":[{\"@type\":\"ReadAction\",\"target\":[\"https:\\\/\\\/dmcsrb.com\\\/svijet\\\/njemacka-uvodi-vojni-rok-svi-muskarci-iznad-18-godina-ce-se-morati-prijaviti\\\/\"]}]},{\"@type\":\"ImageObject\",\"inLanguage\":\"en-GB\",\"@id\":\"https:\\\/\\\/dmcsrb.com\\\/svijet\\\/njemacka-uvodi-vojni-rok-svi-muskarci-iznad-18-godina-ce-se-morati-prijaviti\\\/#primaryimage\",\"url\":\"https:\\\/\\\/dmcsrb.com\\\/wp-content\\\/uploads\\\/2026\\\/01\\\/military-2664779_640.webp\",\"contentUrl\":\"https:\\\/\\\/dmcsrb.com\\\/wp-content\\\/uploads\\\/2026\\\/01\\\/military-2664779_640.webp\",\"width\":640,\"height\":382},{\"@type\":\"BreadcrumbList\",\"@id\":\"https:\\\/\\\/dmcsrb.com\\\/svijet\\\/njemacka-uvodi-vojni-rok-svi-muskarci-iznad-18-godina-ce-se-morati-prijaviti\\\/#breadcrumb\",\"itemListElement\":[{\"@type\":\"ListItem\",\"position\":1,\"name\":\"Home\",\"item\":\"https:\\\/\\\/dmcsrb.com\\\/\"},{\"@type\":\"ListItem\",\"position\":2,\"name\":\"Njema\u010dka uvodi vojni rok: Svi mu\u0161karci iznad 18 godina \u0107e se morati prijaviti\"}]},{\"@type\":\"WebSite\",\"@id\":\"https:\\\/\\\/dmcsrb.com\\\/#website\",\"url\":\"https:\\\/\\\/dmcsrb.com\\\/\",\"name\":\"dmcsrb.com\",\"description\":\"\",\"potentialAction\":[{\"@type\":\"SearchAction\",\"target\":{\"@type\":\"EntryPoint\",\"urlTemplate\":\"https:\\\/\\\/dmcsrb.com\\\/?s={search_term_string}\"},\"query-input\":{\"@type\":\"PropertyValueSpecification\",\"valueRequired\":true,\"valueName\":\"search_term_string\"}}],\"inLanguage\":\"en-GB\"},{\"@type\":\"Person\",\"@id\":\"https:\\\/\\\/dmcsrb.com\\\/#\\\/schema\\\/person\\\/5c39170f12db1b8b457732d0b5c854e2\",\"name\":\"dmcsrbija.com@gmail.com\",\"image\":{\"@type\":\"ImageObject\",\"inLanguage\":\"en-GB\",\"@id\":\"https:\\\/\\\/secure.gravatar.com\\\/avatar\\\/68592660ad6347fad0fb587f8d5d8f1a7b44961362f56e4f2cd524feb87e9069?s=96&d=mm&r=g\",\"url\":\"https:\\\/\\\/secure.gravatar.com\\\/avatar\\\/68592660ad6347fad0fb587f8d5d8f1a7b44961362f56e4f2cd524feb87e9069?s=96&d=mm&r=g\",\"contentUrl\":\"https:\\\/\\\/secure.gravatar.com\\\/avatar\\\/68592660ad6347fad0fb587f8d5d8f1a7b44961362f56e4f2cd524feb87e9069?s=96&d=mm&r=g\",\"caption\":\"dmcsrbija.com@gmail.com\"},\"sameAs\":[\"https:\\\/\\\/dmcsrb.com\"],\"url\":\"https:\\\/\\\/dmcsrb.com\\\/en\\\/author\\\/dmcsrbija-comgmail-com\\\/\"}]}<\/script>\n<!-- \/ Yoast SEO plugin. -->","yoast_head_json":{"title":"Njema\u010dka uvodi vojni rok: Svi mu\u0161karci iznad 18 godina \u0107e se morati prijaviti - dmcsrb.com","robots":{"index":"index","follow":"follow","max-snippet":"max-snippet:-1","max-image-preview":"max-image-preview:large","max-video-preview":"max-video-preview:-1"},"canonical":"https:\/\/dmcsrb.com\/en\/svijet\/njemacka-uvodi-vojni-rok-svi-muskarci-iznad-18-godina-ce-se-morati-prijaviti\/","og_locale":"en_GB","og_type":"article","og_title":"Njema\u010dka uvodi vojni rok: Svi mu\u0161karci iznad 18 godina \u0107e se morati prijaviti - dmcsrb.com","og_description":"Parlamentarne grupe CDU\/CSU i SPD, dvije vladaju\u0107e stranke u Njema\u010dkoj, postigle su dogovor s ministrom odbrane Borisom Pistoriusom, te se o\u010dekuje da \u0107e uskoro biti i formalno izglasano ponovno uvo\u0111enje vojnog roka.","og_url":"https:\/\/dmcsrb.com\/en\/svijet\/njemacka-uvodi-vojni-rok-svi-muskarci-iznad-18-godina-ce-se-morati-prijaviti\/","og_site_name":"dmcsrb.com","article_published_time":"2025-11-13T16:14:00+00:00","og_image":[{"width":640,"height":382,"url":"https:\/\/dmcsrb.com\/wp-content\/uploads\/2026\/01\/military-2664779_640.webp","type":"image\/jpeg"}],"author":"dmcsrbija.com@gmail.com","twitter_card":"summary_large_image","twitter_misc":{"Written by":"dmcsrbija.com@gmail.com","Estimated reading time":"1 minute"},"schema":{"@context":"https:\/\/schema.org","@graph":[{"@type":"Article","@id":"https:\/\/dmcsrb.com\/svijet\/njemacka-uvodi-vojni-rok-svi-muskarci-iznad-18-godina-ce-se-morati-prijaviti\/#article","isPartOf":{"@id":"https:\/\/dmcsrb.com\/svijet\/njemacka-uvodi-vojni-rok-svi-muskarci-iznad-18-godina-ce-se-morati-prijaviti\/"},"author":{"name":"dmcsrbija.com@gmail.com","@id":"https:\/\/dmcsrb.com\/#\/schema\/person\/5c39170f12db1b8b457732d0b5c854e2"},"headline":"Njema\u010dka uvodi vojni rok: Svi mu\u0161karci iznad 18 godina \u0107e se morati prijaviti","datePublished":"2025-11-13T16:14:00+00:00","mainEntityOfPage":{"@id":"https:\/\/dmcsrb.com\/svijet\/njemacka-uvodi-vojni-rok-svi-muskarci-iznad-18-godina-ce-se-morati-prijaviti\/"},"wordCount":259,"commentCount":0,"image":{"@id":"https:\/\/dmcsrb.com\/svijet\/njemacka-uvodi-vojni-rok-svi-muskarci-iznad-18-godina-ce-se-morati-prijaviti\/#primaryimage"},"thumbnailUrl":"https:\/\/dmcsrb.com\/wp-content\/uploads\/2026\/01\/military-2664779_640.webp","keywords":["Njema\u010dka","Vojni rok"],"articleSection":["Svijet"],"inLanguage":"en-GB","potentialAction":[{"@type":"CommentAction","name":"Comment","target":["https:\/\/dmcsrb.com\/svijet\/njemacka-uvodi-vojni-rok-svi-muskarci-iznad-18-godina-ce-se-morati-prijaviti\/#respond"]}]},{"@type":"WebPage","@id":"https:\/\/dmcsrb.com\/svijet\/njemacka-uvodi-vojni-rok-svi-muskarci-iznad-18-godina-ce-se-morati-prijaviti\/","url":"https:\/\/dmcsrb.com\/svijet\/njemacka-uvodi-vojni-rok-svi-muskarci-iznad-18-godina-ce-se-morati-prijaviti\/","name":"Njema\u010dka uvodi vojni rok: Svi mu\u0161karci iznad 18 godina \u0107e se morati prijaviti - dmcsrb.com","isPartOf":{"@id":"https:\/\/dmcsrb.com\/#website"},"primaryImageOfPage":{"@id":"https:\/\/dmcsrb.com\/svijet\/njemacka-uvodi-vojni-rok-svi-muskarci-iznad-18-godina-ce-se-morati-prijaviti\/#primaryimage"},"image":{"@id":"https:\/\/dmcsrb.com\/svijet\/njemacka-uvodi-vojni-rok-svi-muskarci-iznad-18-godina-ce-se-morati-prijaviti\/#primaryimage"},"thumbnailUrl":"https:\/\/dmcsrb.com\/wp-content\/uploads\/2026\/01\/military-2664779_640.webp","datePublished":"2025-11-13T16:14:00+00:00","author":{"@id":"https:\/\/dmcsrb.com\/#\/schema\/person\/5c39170f12db1b8b457732d0b5c854e2"},"breadcrumb":{"@id":"https:\/\/dmcsrb.com\/svijet\/njemacka-uvodi-vojni-rok-svi-muskarci-iznad-18-godina-ce-se-morati-prijaviti\/#breadcrumb"},"inLanguage":"en-GB","potentialAction":[{"@type":"ReadAction","target":["https:\/\/dmcsrb.com\/svijet\/njemacka-uvodi-vojni-rok-svi-muskarci-iznad-18-godina-ce-se-morati-prijaviti\/"]}]},{"@type":"ImageObject","inLanguage":"en-GB","@id":"https:\/\/dmcsrb.com\/svijet\/njemacka-uvodi-vojni-rok-svi-muskarci-iznad-18-godina-ce-se-morati-prijaviti\/#primaryimage","url":"https:\/\/dmcsrb.com\/wp-content\/uploads\/2026\/01\/military-2664779_640.webp","contentUrl":"https:\/\/dmcsrb.com\/wp-content\/uploads\/2026\/01\/military-2664779_640.webp","width":640,"height":382},{"@type":"BreadcrumbList","@id":"https:\/\/dmcsrb.com\/svijet\/njemacka-uvodi-vojni-rok-svi-muskarci-iznad-18-godina-ce-se-morati-prijaviti\/#breadcrumb","itemListElement":[{"@type":"ListItem","position":1,"name":"Home","item":"https:\/\/dmcsrb.com\/"},{"@type":"ListItem","position":2,"name":"Njema\u010dka uvodi vojni rok: Svi mu\u0161karci iznad 18 godina \u0107e se morati prijaviti"}]},{"@type":"WebSite","@id":"https:\/\/dmcsrb.com\/#website","url":"https:\/\/dmcsrb.com\/","name":"dmcsrb.com","description":"","potentialAction":[{"@type":"SearchAction","target":{"@type":"EntryPoint","urlTemplate":"https:\/\/dmcsrb.com\/?s={search_term_string}"},"query-input":{"@type":"PropertyValueSpecification","valueRequired":true,"valueName":"search_term_string"}}],"inLanguage":"en-GB"},{"@type":"Person","@id":"https:\/\/dmcsrb.com\/#\/schema\/person\/5c39170f12db1b8b457732d0b5c854e2","name":"dmcsrbija.com@gmail.com","image":{"@type":"ImageObject","inLanguage":"en-GB","@id":"https:\/\/secure.gravatar.com\/avatar\/68592660ad6347fad0fb587f8d5d8f1a7b44961362f56e4f2cd524feb87e9069?s=96&d=mm&r=g","url":"https:\/\/secure.gravatar.com\/avatar\/68592660ad6347fad0fb587f8d5d8f1a7b44961362f56e4f2cd524feb87e9069?s=96&d=mm&r=g","contentUrl":"https:\/\/secure.gravatar.com\/avatar\/68592660ad6347fad0fb587f8d5d8f1a7b44961362f56e4f2cd524feb87e9069?s=96&d=mm&r=g","caption":"dmcsrbija.com@gmail.com"},"sameAs":["https:\/\/dmcsrb.com"],"url":"https:\/\/dmcsrb.com\/en\/author\/dmcsrbija-comgmail-com\/"}]}},"_links":{"self":[{"href":"https:\/\/dmcsrb.com\/en\/wp-json\/wp\/v2\/posts\/963535","targetHints":{"allow":["GET"]}}],"collection":[{"href":"https:\/\/dmcsrb.com\/en\/wp-json\/wp\/v2\/posts"}],"about":[{"href":"https:\/\/dmcsrb.com\/en\/wp-json\/wp\/v2\/types\/post"}],"author":[{"embeddable":true,"href":"https:\/\/dmcsrb.com\/en\/wp-json\/wp\/v2\/users\/1"}],"replies":[{"embeddable":true,"href":"https:\/\/dmcsrb.com\/en\/wp-json\/wp\/v2\/comments?post=963535"}],"version-history":[{"count":0,"href":"https:\/\/dmcsrb.com\/en\/wp-json\/wp\/v2\/posts\/963535\/revisions"}],"wp:featuredmedia":[{"embeddable":true,"href":"https:\/\/dmcsrb.com\/en\/wp-json\/wp\/v2\/media\/963536"}],"wp:attachment":[{"href":"https:\/\/dmcsrb.com\/en\/wp-json\/wp\/v2\/media?parent=963535"}],"wp:term":[{"taxonomy":"category","embeddable":true,"href":"https:\/\/dmcsrb.com\/en\/wp-json\/wp\/v2\/categories?post=963535"},{"taxonomy":"post_tag","embeddable":true,"href":"https:\/\/dmcsrb.com\/en\/wp-json\/wp\/v2\/tags?post=963535"},{"taxonomy":"naslovna","embeddable":true,"href":"https:\/\/dmcsrb.com\/en\/wp-json\/wp\/v2\/naslovna?post=963535"}],"curies":[{"name":"wp","href":"https:\/\/api.w.org\/{rel}","templated":true}]}}