{"id":963514,"date":"2025-11-13T14:46:00","date_gmt":"2025-11-13T13:46:00","guid":{"rendered":"https:\/\/dmcsrb.com\/uncategorized\/belan-crna-gora-se-nalazi-u-vaznoj-fazi-na-putu-uclanjenja-u-eu-potrebno-jasno-adresiranje-izazova-i-izvora-problema\/"},"modified":"2025-11-13T14:46:00","modified_gmt":"2025-11-13T13:46:00","slug":"belan-crna-gora-se-nalazi-u-vaznoj-fazi-na-putu-uclanjenja-u-eu-potrebno-jasno-adresiranje-izazova-i-izvora-problema","status":"publish","type":"post","link":"https:\/\/dmcsrb.com\/en\/politika\/belan-crna-gora-se-nalazi-u-vaznoj-fazi-na-putu-uclanjenja-u-eu-potrebno-jasno-adresiranje-izazova-i-izvora-problema\/","title":{"rendered":"Belan: Crna Gora se nalazi u va\u017enoj fazi na putu u\u010dlanjenja u EU, potrebno jasno adresiranje izazova i izvora problema"},"content":{"rendered":"<p><\/p>\n\n\n\n<p>&#8220;Uz svo razumjevanje i prepoznavanje diplomatskog jezika i pristupa, i funkcije gospodina \u0160areca, formulacije poput &#8220;mnogi ne \u017eele Crnu Goru u EU&#8221; vi\u0161e ne mogu biti od pomo\u0107i. Moramo znati ko su &#8220;mnogi&#8221;, u kojim strukturama se nalaze, kako bi ih zajedno preduprijedili prije nego naprave nemjerljivu \u0161tetu. Jesu li u Vladi Crne Gore, imaju li klju\u010dni uticaj na njen rad? Ja mislim da jesu u Vladi i da imaju veliki uticaj na Vladu i parlamentarnu ve\u0107inu, a politi\u010dki ih predvodi u ulozi &#8220;dobrog policajca&#8221; predsjednik Skup\u0161tine Andrija Mandi\u0107&#8221;, kazao je Belan.<\/p>\n\n\n\n<p>Misli li tako, ka\u017ee Belan, i gospodin \u0160arec i njegove EU kolege?<\/p>\n\n\n\n<p>&#8220;Ako misli, hajde da vidimo \u0161to nam je \u010dinjeti u narednom periodu kako bi 2028. do\u010dekali bez brige i sa ostvarenim ciljem. Jasno je da je sada krajnji momenat za prepoznavanje &#8220;trojanskih konja&#8221;. Ako ne misli tako, ve\u0107 se &#8220;mnogi&#8221; eventualno nalaze recimo me\u0111u mojim bo\u0107arima ili sli\u010dnim dru\u0161tvenim strukturama, onda smo relaksirani i bez briga svakako&#8221;, naveo je Belan.<\/p>","protected":false},"excerpt":{"rendered":"<p>Saglasan sam sa ve\u0107inom opservacija gospodina \u0160areca. Ipak, Crna Gora se nalazi u kriti\u010dnoj, va\u017enoj fazi na putu u\u010dlanjenja u EU u kojoj je potrebno jasno adresiranje izazova i izvora problema, jer vremena za gubljenje vi\u0161e nemamo, ni mi ni EU, ocijenio je predsjednik Liberalne partije i jedan od lidera Evropskog saveza, Vatroslav Belan.<\/p>","protected":false},"author":1,"featured_media":952536,"comment_status":"open","ping_status":"open","sticky":false,"template":"","format":"standard","meta":{"_acf_changed":false,"footnotes":""},"categories":[12],"tags":[10,1834,9975,2847],"naslovna":[],"class_list":["post-963514","post","type-post","status-publish","format-standard","has-post-thumbnail","hentry","category-politika","tag-eu","tag-evropski-savez","tag-liberalna-partija","tag-vatroslav-belan"],"acf":[],"yoast_head":"<!-- This site is optimized with the Yoast SEO plugin v27.0 - https:\/\/yoast.com\/product\/yoast-seo-wordpress\/ -->\n<title>Belan: Crna Gora se nalazi u va\u017enoj fazi na putu u\u010dlanjenja u EU, potrebno jasno adresiranje izazova i izvora problema - dmcsrb.com<\/title>\n<meta name=\"robots\" content=\"index, follow, max-snippet:-1, max-image-preview:large, max-video-preview:-1\" \/>\n<link rel=\"canonical\" href=\"https:\/\/dmcsrb.com\/en\/politika\/belan-crna-gora-se-nalazi-u-vaznoj-fazi-na-putu-uclanjenja-u-eu-potrebno-jasno-adresiranje-izazova-i-izvora-problema\/\" \/>\n<meta property=\"og:locale\" content=\"en_GB\" \/>\n<meta property=\"og:type\" content=\"article\" \/>\n<meta property=\"og:title\" content=\"Belan: Crna Gora se nalazi u va\u017enoj fazi na putu u\u010dlanjenja u EU, potrebno jasno adresiranje izazova i izvora problema - dmcsrb.com\" \/>\n<meta property=\"og:description\" content=\"Saglasan sam sa ve\u0107inom opservacija gospodina \u0160areca. Ipak, Crna Gora se nalazi u kriti\u010dnoj, va\u017enoj fazi na putu u\u010dlanjenja u EU u kojoj je potrebno jasno adresiranje izazova i izvora problema, jer vremena za gubljenje vi\u0161e nemamo, ni mi ni EU, ocijenio je predsjednik Liberalne partije i jedan od lidera Evropskog saveza, Vatroslav Belan.\" \/>\n<meta property=\"og:url\" content=\"https:\/\/dmcsrb.com\/en\/politika\/belan-crna-gora-se-nalazi-u-vaznoj-fazi-na-putu-uclanjenja-u-eu-potrebno-jasno-adresiranje-izazova-i-izvora-problema\/\" \/>\n<meta property=\"og:site_name\" content=\"dmcsrb.com\" \/>\n<meta property=\"article:published_time\" content=\"2025-11-13T13:46:00+00:00\" \/>\n<meta property=\"og:image\" content=\"https:\/\/dmcsrb.com\/wp-content\/uploads\/2026\/01\/Vatroslav-Belan.webp\" \/>\n\t<meta property=\"og:image:width\" content=\"811\" \/>\n\t<meta property=\"og:image:height\" content=\"432\" \/>\n\t<meta property=\"og:image:type\" content=\"image\/jpeg\" \/>\n<meta name=\"author\" content=\"dmcsrbija.com@gmail.com\" \/>\n<meta name=\"twitter:card\" content=\"summary_large_image\" \/>\n<meta name=\"twitter:label1\" content=\"Written by\" \/>\n\t<meta name=\"twitter:data1\" content=\"dmcsrbija.com@gmail.com\" \/>\n\t<meta name=\"twitter:label2\" content=\"Estimated reading time\" \/>\n\t<meta name=\"twitter:data2\" content=\"1 minute\" \/>\n<script type=\"application\/ld+json\" class=\"yoast-schema-graph\">{\"@context\":\"https:\/\/schema.org\",\"@graph\":[{\"@type\":\"Article\",\"@id\":\"https:\/\/dmcsrb.com\/politika\/belan-crna-gora-se-nalazi-u-vaznoj-fazi-na-putu-uclanjenja-u-eu-potrebno-jasno-adresiranje-izazova-i-izvora-problema\/#article\",\"isPartOf\":{\"@id\":\"https:\/\/dmcsrb.com\/politika\/belan-crna-gora-se-nalazi-u-vaznoj-fazi-na-putu-uclanjenja-u-eu-potrebno-jasno-adresiranje-izazova-i-izvora-problema\/\"},\"author\":{\"name\":\"dmcsrbija.com@gmail.com\",\"@id\":\"https:\/\/dmcsrb.com\/#\/schema\/person\/5c39170f12db1b8b457732d0b5c854e2\"},\"headline\":\"Belan: Crna Gora se nalazi u va\u017enoj fazi na putu u\u010dlanjenja u EU, potrebno jasno adresiranje izazova i izvora problema\",\"datePublished\":\"2025-11-13T13:46:00+00:00\",\"mainEntityOfPage\":{\"@id\":\"https:\/\/dmcsrb.com\/politika\/belan-crna-gora-se-nalazi-u-vaznoj-fazi-na-putu-uclanjenja-u-eu-potrebno-jasno-adresiranje-izazova-i-izvora-problema\/\"},\"wordCount\":197,\"commentCount\":0,\"image\":{\"@id\":\"https:\/\/dmcsrb.com\/politika\/belan-crna-gora-se-nalazi-u-vaznoj-fazi-na-putu-uclanjenja-u-eu-potrebno-jasno-adresiranje-izazova-i-izvora-problema\/#primaryimage\"},\"thumbnailUrl\":\"https:\/\/dmcsrb.com\/wp-content\/uploads\/2026\/01\/Vatroslav-Belan.webp\",\"keywords\":[\"EU\",\"Evropski savez\",\"Liberalna partija\",\"Vatroslav Belan\"],\"articleSection\":[\"Politika\"],\"inLanguage\":\"en-GB\",\"potentialAction\":[{\"@type\":\"CommentAction\",\"name\":\"Comment\",\"target\":[\"https:\/\/dmcsrb.com\/politika\/belan-crna-gora-se-nalazi-u-vaznoj-fazi-na-putu-uclanjenja-u-eu-potrebno-jasno-adresiranje-izazova-i-izvora-problema\/#respond\"]}]},{\"@type\":\"WebPage\",\"@id\":\"https:\/\/dmcsrb.com\/politika\/belan-crna-gora-se-nalazi-u-vaznoj-fazi-na-putu-uclanjenja-u-eu-potrebno-jasno-adresiranje-izazova-i-izvora-problema\/\",\"url\":\"https:\/\/dmcsrb.com\/politika\/belan-crna-gora-se-nalazi-u-vaznoj-fazi-na-putu-uclanjenja-u-eu-potrebno-jasno-adresiranje-izazova-i-izvora-problema\/\",\"name\":\"Belan: Crna Gora se nalazi u va\u017enoj fazi na putu u\u010dlanjenja u EU, potrebno jasno adresiranje izazova i izvora problema - dmcsrb.com\",\"isPartOf\":{\"@id\":\"https:\/\/dmcsrb.com\/#website\"},\"primaryImageOfPage\":{\"@id\":\"https:\/\/dmcsrb.com\/politika\/belan-crna-gora-se-nalazi-u-vaznoj-fazi-na-putu-uclanjenja-u-eu-potrebno-jasno-adresiranje-izazova-i-izvora-problema\/#primaryimage\"},\"image\":{\"@id\":\"https:\/\/dmcsrb.com\/politika\/belan-crna-gora-se-nalazi-u-vaznoj-fazi-na-putu-uclanjenja-u-eu-potrebno-jasno-adresiranje-izazova-i-izvora-problema\/#primaryimage\"},\"thumbnailUrl\":\"https:\/\/dmcsrb.com\/wp-content\/uploads\/2026\/01\/Vatroslav-Belan.webp\",\"datePublished\":\"2025-11-13T13:46:00+00:00\",\"author\":{\"@id\":\"https:\/\/dmcsrb.com\/#\/schema\/person\/5c39170f12db1b8b457732d0b5c854e2\"},\"breadcrumb\":{\"@id\":\"https:\/\/dmcsrb.com\/politika\/belan-crna-gora-se-nalazi-u-vaznoj-fazi-na-putu-uclanjenja-u-eu-potrebno-jasno-adresiranje-izazova-i-izvora-problema\/#breadcrumb\"},\"inLanguage\":\"en-GB\",\"potentialAction\":[{\"@type\":\"ReadAction\",\"target\":[\"https:\/\/dmcsrb.com\/politika\/belan-crna-gora-se-nalazi-u-vaznoj-fazi-na-putu-uclanjenja-u-eu-potrebno-jasno-adresiranje-izazova-i-izvora-problema\/\"]}]},{\"@type\":\"ImageObject\",\"inLanguage\":\"en-GB\",\"@id\":\"https:\/\/dmcsrb.com\/politika\/belan-crna-gora-se-nalazi-u-vaznoj-fazi-na-putu-uclanjenja-u-eu-potrebno-jasno-adresiranje-izazova-i-izvora-problema\/#primaryimage\",\"url\":\"https:\/\/dmcsrb.com\/wp-content\/uploads\/2026\/01\/Vatroslav-Belan.webp\",\"contentUrl\":\"https:\/\/dmcsrb.com\/wp-content\/uploads\/2026\/01\/Vatroslav-Belan.webp\",\"width\":811,\"height\":432},{\"@type\":\"BreadcrumbList\",\"@id\":\"https:\/\/dmcsrb.com\/politika\/belan-crna-gora-se-nalazi-u-vaznoj-fazi-na-putu-uclanjenja-u-eu-potrebno-jasno-adresiranje-izazova-i-izvora-problema\/#breadcrumb\",\"itemListElement\":[{\"@type\":\"ListItem\",\"position\":1,\"name\":\"Home\",\"item\":\"https:\/\/dmcsrb.com\/\"},{\"@type\":\"ListItem\",\"position\":2,\"name\":\"Belan: Crna Gora se nalazi u va\u017enoj fazi na putu u\u010dlanjenja u EU, potrebno jasno adresiranje izazova i izvora problema\"}]},{\"@type\":\"WebSite\",\"@id\":\"https:\/\/dmcsrb.com\/#website\",\"url\":\"https:\/\/dmcsrb.com\/\",\"name\":\"dmcsrb.com\",\"description\":\"\",\"potentialAction\":[{\"@type\":\"SearchAction\",\"target\":{\"@type\":\"EntryPoint\",\"urlTemplate\":\"https:\/\/dmcsrb.com\/?s={search_term_string}\"},\"query-input\":{\"@type\":\"PropertyValueSpecification\",\"valueRequired\":true,\"valueName\":\"search_term_string\"}}],\"inLanguage\":\"en-GB\"},{\"@type\":\"Person\",\"@id\":\"https:\/\/dmcsrb.com\/#\/schema\/person\/5c39170f12db1b8b457732d0b5c854e2\",\"name\":\"dmcsrbija.com@gmail.com\",\"image\":{\"@type\":\"ImageObject\",\"inLanguage\":\"en-GB\",\"@id\":\"https:\/\/dmcsrb.com\/#\/schema\/person\/image\/\",\"url\":\"https:\/\/secure.gravatar.com\/avatar\/68592660ad6347fad0fb587f8d5d8f1a7b44961362f56e4f2cd524feb87e9069?s=96&d=mm&r=g\",\"contentUrl\":\"https:\/\/secure.gravatar.com\/avatar\/68592660ad6347fad0fb587f8d5d8f1a7b44961362f56e4f2cd524feb87e9069?s=96&d=mm&r=g\",\"caption\":\"dmcsrbija.com@gmail.com\"},\"sameAs\":[\"https:\/\/dmcsrb.com\"],\"url\":\"https:\/\/dmcsrb.com\/en\/author\/dmcsrbija-comgmail-com\/\"}]}<\/script>\n<!-- \/ Yoast SEO plugin. -->","yoast_head_json":{"title":"Belan: Crna Gora se nalazi u va\u017enoj fazi na putu u\u010dlanjenja u EU, potrebno jasno adresiranje izazova i izvora problema - dmcsrb.com","robots":{"index":"index","follow":"follow","max-snippet":"max-snippet:-1","max-image-preview":"max-image-preview:large","max-video-preview":"max-video-preview:-1"},"canonical":"https:\/\/dmcsrb.com\/en\/politika\/belan-crna-gora-se-nalazi-u-vaznoj-fazi-na-putu-uclanjenja-u-eu-potrebno-jasno-adresiranje-izazova-i-izvora-problema\/","og_locale":"en_GB","og_type":"article","og_title":"Belan: Crna Gora se nalazi u va\u017enoj fazi na putu u\u010dlanjenja u EU, potrebno jasno adresiranje izazova i izvora problema - dmcsrb.com","og_description":"Saglasan sam sa ve\u0107inom opservacija gospodina \u0160areca. Ipak, Crna Gora se nalazi u kriti\u010dnoj, va\u017enoj fazi na putu u\u010dlanjenja u EU u kojoj je potrebno jasno adresiranje izazova i izvora problema, jer vremena za gubljenje vi\u0161e nemamo, ni mi ni EU, ocijenio je predsjednik Liberalne partije i jedan od lidera Evropskog saveza, Vatroslav Belan.","og_url":"https:\/\/dmcsrb.com\/en\/politika\/belan-crna-gora-se-nalazi-u-vaznoj-fazi-na-putu-uclanjenja-u-eu-potrebno-jasno-adresiranje-izazova-i-izvora-problema\/","og_site_name":"dmcsrb.com","article_published_time":"2025-11-13T13:46:00+00:00","og_image":[{"width":811,"height":432,"url":"https:\/\/dmcsrb.com\/wp-content\/uploads\/2026\/01\/Vatroslav-Belan.webp","type":"image\/jpeg"}],"author":"dmcsrbija.com@gmail.com","twitter_card":"summary_large_image","twitter_misc":{"Written by":"dmcsrbija.com@gmail.com","Estimated reading time":"1 minute"},"schema":{"@context":"https:\/\/schema.org","@graph":[{"@type":"Article","@id":"https:\/\/dmcsrb.com\/politika\/belan-crna-gora-se-nalazi-u-vaznoj-fazi-na-putu-uclanjenja-u-eu-potrebno-jasno-adresiranje-izazova-i-izvora-problema\/#article","isPartOf":{"@id":"https:\/\/dmcsrb.com\/politika\/belan-crna-gora-se-nalazi-u-vaznoj-fazi-na-putu-uclanjenja-u-eu-potrebno-jasno-adresiranje-izazova-i-izvora-problema\/"},"author":{"name":"dmcsrbija.com@gmail.com","@id":"https:\/\/dmcsrb.com\/#\/schema\/person\/5c39170f12db1b8b457732d0b5c854e2"},"headline":"Belan: Crna Gora se nalazi u va\u017enoj fazi na putu u\u010dlanjenja u EU, potrebno jasno adresiranje izazova i izvora problema","datePublished":"2025-11-13T13:46:00+00:00","mainEntityOfPage":{"@id":"https:\/\/dmcsrb.com\/politika\/belan-crna-gora-se-nalazi-u-vaznoj-fazi-na-putu-uclanjenja-u-eu-potrebno-jasno-adresiranje-izazova-i-izvora-problema\/"},"wordCount":197,"commentCount":0,"image":{"@id":"https:\/\/dmcsrb.com\/politika\/belan-crna-gora-se-nalazi-u-vaznoj-fazi-na-putu-uclanjenja-u-eu-potrebno-jasno-adresiranje-izazova-i-izvora-problema\/#primaryimage"},"thumbnailUrl":"https:\/\/dmcsrb.com\/wp-content\/uploads\/2026\/01\/Vatroslav-Belan.webp","keywords":["EU","Evropski savez","Liberalna partija","Vatroslav Belan"],"articleSection":["Politika"],"inLanguage":"en-GB","potentialAction":[{"@type":"CommentAction","name":"Comment","target":["https:\/\/dmcsrb.com\/politika\/belan-crna-gora-se-nalazi-u-vaznoj-fazi-na-putu-uclanjenja-u-eu-potrebno-jasno-adresiranje-izazova-i-izvora-problema\/#respond"]}]},{"@type":"WebPage","@id":"https:\/\/dmcsrb.com\/politika\/belan-crna-gora-se-nalazi-u-vaznoj-fazi-na-putu-uclanjenja-u-eu-potrebno-jasno-adresiranje-izazova-i-izvora-problema\/","url":"https:\/\/dmcsrb.com\/politika\/belan-crna-gora-se-nalazi-u-vaznoj-fazi-na-putu-uclanjenja-u-eu-potrebno-jasno-adresiranje-izazova-i-izvora-problema\/","name":"Belan: Crna Gora se nalazi u va\u017enoj fazi na putu u\u010dlanjenja u EU, potrebno jasno adresiranje izazova i izvora problema - dmcsrb.com","isPartOf":{"@id":"https:\/\/dmcsrb.com\/#website"},"primaryImageOfPage":{"@id":"https:\/\/dmcsrb.com\/politika\/belan-crna-gora-se-nalazi-u-vaznoj-fazi-na-putu-uclanjenja-u-eu-potrebno-jasno-adresiranje-izazova-i-izvora-problema\/#primaryimage"},"image":{"@id":"https:\/\/dmcsrb.com\/politika\/belan-crna-gora-se-nalazi-u-vaznoj-fazi-na-putu-uclanjenja-u-eu-potrebno-jasno-adresiranje-izazova-i-izvora-problema\/#primaryimage"},"thumbnailUrl":"https:\/\/dmcsrb.com\/wp-content\/uploads\/2026\/01\/Vatroslav-Belan.webp","datePublished":"2025-11-13T13:46:00+00:00","author":{"@id":"https:\/\/dmcsrb.com\/#\/schema\/person\/5c39170f12db1b8b457732d0b5c854e2"},"breadcrumb":{"@id":"https:\/\/dmcsrb.com\/politika\/belan-crna-gora-se-nalazi-u-vaznoj-fazi-na-putu-uclanjenja-u-eu-potrebno-jasno-adresiranje-izazova-i-izvora-problema\/#breadcrumb"},"inLanguage":"en-GB","potentialAction":[{"@type":"ReadAction","target":["https:\/\/dmcsrb.com\/politika\/belan-crna-gora-se-nalazi-u-vaznoj-fazi-na-putu-uclanjenja-u-eu-potrebno-jasno-adresiranje-izazova-i-izvora-problema\/"]}]},{"@type":"ImageObject","inLanguage":"en-GB","@id":"https:\/\/dmcsrb.com\/politika\/belan-crna-gora-se-nalazi-u-vaznoj-fazi-na-putu-uclanjenja-u-eu-potrebno-jasno-adresiranje-izazova-i-izvora-problema\/#primaryimage","url":"https:\/\/dmcsrb.com\/wp-content\/uploads\/2026\/01\/Vatroslav-Belan.webp","contentUrl":"https:\/\/dmcsrb.com\/wp-content\/uploads\/2026\/01\/Vatroslav-Belan.webp","width":811,"height":432},{"@type":"BreadcrumbList","@id":"https:\/\/dmcsrb.com\/politika\/belan-crna-gora-se-nalazi-u-vaznoj-fazi-na-putu-uclanjenja-u-eu-potrebno-jasno-adresiranje-izazova-i-izvora-problema\/#breadcrumb","itemListElement":[{"@type":"ListItem","position":1,"name":"Home","item":"https:\/\/dmcsrb.com\/"},{"@type":"ListItem","position":2,"name":"Belan: Crna Gora se nalazi u va\u017enoj fazi na putu u\u010dlanjenja u EU, potrebno jasno adresiranje izazova i izvora problema"}]},{"@type":"WebSite","@id":"https:\/\/dmcsrb.com\/#website","url":"https:\/\/dmcsrb.com\/","name":"dmcsrb.com","description":"","potentialAction":[{"@type":"SearchAction","target":{"@type":"EntryPoint","urlTemplate":"https:\/\/dmcsrb.com\/?s={search_term_string}"},"query-input":{"@type":"PropertyValueSpecification","valueRequired":true,"valueName":"search_term_string"}}],"inLanguage":"en-GB"},{"@type":"Person","@id":"https:\/\/dmcsrb.com\/#\/schema\/person\/5c39170f12db1b8b457732d0b5c854e2","name":"dmcsrbija.com@gmail.com","image":{"@type":"ImageObject","inLanguage":"en-GB","@id":"https:\/\/dmcsrb.com\/#\/schema\/person\/image\/","url":"https:\/\/secure.gravatar.com\/avatar\/68592660ad6347fad0fb587f8d5d8f1a7b44961362f56e4f2cd524feb87e9069?s=96&d=mm&r=g","contentUrl":"https:\/\/secure.gravatar.com\/avatar\/68592660ad6347fad0fb587f8d5d8f1a7b44961362f56e4f2cd524feb87e9069?s=96&d=mm&r=g","caption":"dmcsrbija.com@gmail.com"},"sameAs":["https:\/\/dmcsrb.com"],"url":"https:\/\/dmcsrb.com\/en\/author\/dmcsrbija-comgmail-com\/"}]}},"_links":{"self":[{"href":"https:\/\/dmcsrb.com\/en\/wp-json\/wp\/v2\/posts\/963514","targetHints":{"allow":["GET"]}}],"collection":[{"href":"https:\/\/dmcsrb.com\/en\/wp-json\/wp\/v2\/posts"}],"about":[{"href":"https:\/\/dmcsrb.com\/en\/wp-json\/wp\/v2\/types\/post"}],"author":[{"embeddable":true,"href":"https:\/\/dmcsrb.com\/en\/wp-json\/wp\/v2\/users\/1"}],"replies":[{"embeddable":true,"href":"https:\/\/dmcsrb.com\/en\/wp-json\/wp\/v2\/comments?post=963514"}],"version-history":[{"count":0,"href":"https:\/\/dmcsrb.com\/en\/wp-json\/wp\/v2\/posts\/963514\/revisions"}],"wp:featuredmedia":[{"embeddable":true,"href":"https:\/\/dmcsrb.com\/en\/wp-json\/wp\/v2\/media\/952536"}],"wp:attachment":[{"href":"https:\/\/dmcsrb.com\/en\/wp-json\/wp\/v2\/media?parent=963514"}],"wp:term":[{"taxonomy":"category","embeddable":true,"href":"https:\/\/dmcsrb.com\/en\/wp-json\/wp\/v2\/categories?post=963514"},{"taxonomy":"post_tag","embeddable":true,"href":"https:\/\/dmcsrb.com\/en\/wp-json\/wp\/v2\/tags?post=963514"},{"taxonomy":"naslovna","embeddable":true,"href":"https:\/\/dmcsrb.com\/en\/wp-json\/wp\/v2\/naslovna?post=963514"}],"curies":[{"name":"wp","href":"https:\/\/api.w.org\/{rel}","templated":true}]}}