{"id":963509,"date":"2025-11-13T13:09:34","date_gmt":"2025-11-13T12:09:34","guid":{"rendered":"https:\/\/dmcsrb.com\/uncategorized\/kunc-pokrecemo-novi-investicioni-talas-u-crnoj-gori-vrijedan-vise-od-200-miliona-eura\/"},"modified":"2025-11-13T13:09:34","modified_gmt":"2025-11-13T12:09:34","slug":"kunc-pokrecemo-novi-investicioni-talas-u-crnoj-gori-vrijedan-vise-od-200-miliona-eura","status":"publish","type":"post","link":"https:\/\/dmcsrb.com\/en\/ekonomija\/kunc-pokrecemo-novi-investicioni-talas-u-crnoj-gori-vrijedan-vise-od-200-miliona-eura\/","title":{"rendered":"Kunc: Pokre\u0107emo novi investicioni talas u Crnoj Gori vrijedan vi\u0161e od 200 miliona eura"},"content":{"rendered":"<p>Otvaranje kancelarije EIB-a u Podgorici, prema njegovim rije\u010dima, donosi novu dinamiku u realizaciji projekata i ja\u010da saradnju sa doma\u0107im institucijama i privatnim sektorom. EIB planira da, uz podr\u0161ku EU grantova, finansira klju\u010dne projekte poput rehabilitacije pruge Bar \u2013Golubovci, modernizacije \u0161kola, opremanja bolnica i unapre\u0111enja Luke Bar \u2013 investicija koje \u0107e zna\u010dajno doprinijeti odr\u017eivom razvoju i evropskoj integraciji Crne Gore.<\/p>\n\n\n\n<p>Otvaranje kancelarije EIB-a u Podgorici ozna\u010deno je kao novo poglavlje u saradnji sa Crnom Gorom. \u0160to konkretno zna\u010di prisustvo EIB-a u zemlji i koje koristi \u0107e imati javni i privatni sektor?<\/p>\n\n\n\n<p>KUNC:&nbsp;Otvaranje kancelarije Evropske investicione banke (EIB Global) predstavlja prakti\u010dan korak i sna\u017ean signal na\u0161e posve\u0107enosti razvoju zemlje i integraciji u EU. Kao banka Evropske unije u vlasni\u0161tvu dr\u017eava \u010dlanica, aktivni smo na Zapadnom Balkanu od 1977. godine, a u Crnoj Gori od 2009.<\/p>\n\n\n\n<p>Nova kancelarija donije\u0107e jo\u0161 bli\u017eu saradnju sa lokalnim partnerima kroz tehni\u010dku podr\u0161ku na terenu kako bismo ubrzali pripremu i realizaciju projekata. Javnom sektoru nudimo dugoro\u010dno, povoljno finansiranje za strate\u0161ku infrastrukturu, osiguravaju\u0107i da svi projekti budu uskla\u0111eni sa EU standardima u oblasti klime, \u017eivotne sredine i dru\u0161tvene odr\u017eivosti. Obezbje\u0111ujemo i povoljne kredite i garancije za podr\u0161ku malim i srednjim preduze\u0107ima, inovacijama i zelenoj tranziciji.<\/p>\n\n\n\n<p>Kako je potpredsjednik EIB-a Robert de Groot naglasio tokom otvaranja na\u0161e nove kancelarije, ja\u010danje na\u0161eg prisustva na terenu omogu\u0107ava nam da br\u017ee odgovorimo na lokalne prioritete i pokrenemo transformativne investicije koje donose korist ljudima, podsti\u010du ekonomiju i podr\u017eavaju put Crne Gore ka pristupanju EU.<\/p>\n\n\n\n<p>Otvaranje ove kancelarije nosi i va\u017enu simboliku. Kao banka EU, u vlasni\u0161tvu svih 27 dr\u017eava \u010dlanica, EIB je, na neki na\u010din, budu\u0107a banka Crne Gore. Kada se pridru\u017eite Evropskoj uniji, posta\u0107ete suvlasnici Banke. Va\u0161 ministar finansija sjedje\u0107e u na\u0161em Odboru guvernera. A va\u0161 glas \u0107e oblikovati na\u0161e prioritete.<\/p>\n\n\n\n<p>Do sada je EIB ulo\u017eio vi\u0161e od milijardu eura u projekte u Crnoj Gori. Koji su bili najzna\u010dajniji i koje rezultate Banka smatra najve\u0107im uspjehom u zemlji?<\/p>\n\n\n\n<p>KUNC:&nbsp;Podr\u017eali smo investicije vrijedne vi\u0161e od milijardu eura kako bismo obezbijedili puteve, modernu \u017eeljezni\u010dku infrastrukturu i \u0161kole, pobolj\u0161ano snabdijevanje vodom i nova radna mjesta. Ova sredstva mobilisala su ukupnu vrijednost projekata od vi\u0161e od dvije milijarde eura.<\/p>\n\n\n\n<p>Re\u010deno mi je da, ako saberete sve tunele du\u017e pruge Bar \u2013 Vrbnica, njihova ukupna du\u017eina gotovo odgovara du\u017eini najdu\u017eeg tunela u Evropi \u2013 Gotthard tunela u \u0160vajcarskoj. To nam govori o obimu i slo\u017eenosti infrastrukturnih ambicija. Izuzetan primjer je investicioni paket od 75 miliona eura za ovu prugu, uklju\u010duju\u0107i EU grant od 35 miliona eura. Ovaj regionalni koridor \u0107e unaprijediti povezanost, kapacitet i efikasnost \u017eeljezni\u010dkog transporta u skladu sa EU standardima.<\/p>\n\n\n\n<p>U sektoru vodosnabdijevanja i otpadnih voda, potpisano je vi\u0161e od 23 miliona eura EU grantova u 2025. godini za pobolj\u0161anje usluga za oko 30.000 ljudi u Kola\u0161inu, Ro\u017eajama i Mojkovcu, uz dodatnih 30 miliona eura \u010dije potpisivanje se o\u010dekuje u narednim mjesecima. Obrazovanje ostaje prioritet sa skoro 50 miliona eura ulo\u017eenih u modernizaciju 13 \u0161kola \u0161irom zemlje, uklju\u010duju\u0107i izgradnju nove \u0161kole \u201eVladimir Nazor\u201c u Podgorici, koja sada pru\u017ea savremeno okru\u017eenje za u\u010denje za oko 1.200 u\u010denika. Pro\u0161le srijede posjetili smo \u0161kolu; folklorni plesovi i muzika u\u010denika bili su apsolutno divni, puni energije, ponosa i radosti.<\/p>\n\n\n\n<p>Koji su prioriteti nove kancelarije u narednih pet godina \u2013 da li \u0107e fokus biti na zelenoj tranziciji, transportnoj infrastrukturi, energetici ili digitalizaciji?<\/p>\n\n\n\n<p>KUNC:&nbsp;Cilj nam je da ubrzamo investicije koje podr\u017eavaju zelenu tranziciju zemlje, povezanost, odr\u017eivu infrastrukturu i rast malih i srednjih preduze\u0107a. U narednim mjesecima planiramo da ulo\u017eimo vi\u0161e od 200 miliona eura, uklju\u010duju\u0107i zna\u010dajne EU grantove kroz Investicioni okvir za Zapadni Balkan. Jedna od vode\u0107ih inicijativa je rehabilitacija \u017eeljezni\u010dke pruge Bar \u2013 Golubovci, koju \u0107emo podr\u017eati kreditom od 63 miliona eura i sa vi\u0161e od 110 miliona eura EU grantova, jednim od najve\u0107ih EU paketa u Crnoj Gori do sada. EIB Global je tako\u0111e spreman da podr\u017ei renoviranje Luke Bar, klju\u010dno pomorsko \u010dvori\u0161te Crne Gore, uklju\u010duju\u0107i i kroz tehni\u010dku pomo\u0107.<\/p>\n\n\n\n<p>Namjeravamo da pro\u0161irimo podr\u0161ku i za zdravstvenu infrastrukturu kako bismo opremili vi\u0161e od 30 bolnica, i pripremamo novi finansijski paket za modernizaciju \u0161kola, uz mogu\u0107nost dodatnih EU grantova. Ove investicije pokazuju na\u0161u sna\u017enu posve\u0107enost razvoju Crne Gore i predstavljaju jedinstvenu priliku za Vladu da poka\u017ee kapacitet za realizaciju kompleksnih projekata uskla\u0111enih sa standardima EU.<\/p>\n\n\n\n<p>Crna Gora je u procesu pristupanja EU i sprovodi brojne reforme. Kako EIB mo\u017ee pomo\u0107i u finansiranju projekata koji su direktno povezani sa uskla\u0111ivanjem sa evropskim standardima?<\/p>\n\n\n\n<p>KUNC:&nbsp;Svi na\u0161i projekti su u potpunosti uskla\u0111eni sa EU standardima, posebno u oblastima klimatske akcije, za\u0161tite \u017eivotne sredine i socijalnih mjera. Time na\u0161e investicije ne samo da zadovoljavaju trenutne razvojne potrebe Crne Gore, ve\u0107 podr\u017eavaju i dugoro\u010dne ciljeve pristupanja EU. Kroz tehni\u010dku pomo\u0107, savjetodavne usluge i kombinovano finansiranje u okviru pristupa \u201eTim Evropa\u201c, EIB Global ima proaktivnu ulogu da pomogne zemlji u pripremi i realizaciji projekata koji direktno doprinose usvajanju pravne tekovine EU.<\/p>\n\n\n\n<p>Ljudi u Crnoj Gori ve\u0107 mogu da vide koristi od ovakve podr\u0161ke, \u010dak i prije pristupanja, kroz transformativne projekte kao \u0161to su bolji pristup internetu, opremljenije \u0161kole, br\u017ea \u017eeljezni\u010dka putovanja, bezbjedniji putevi i \u010distija \u017eivotna sredina.<\/p>\n\n\n\n<p>Zelena tranzicija je visoko na agendi Evropske unije. Kako EIB planira da podr\u017ei Crnu Goru u prelasku na obnovljive izvore energije i smanjenju emisije ugljenika?<\/p>\n\n\n\n<p>KUNC:&nbsp;Crna Gora je ostvarila zna\u010dajan napredak u zelenoj tranziciji, zahvaljuju\u0107i sna\u017enoj posve\u0107enosti Vlade i razvoju odgovaraju\u0107eg zakonodavstva. Ovi napori su klju\u010dni za napredak u dekarbonizaciji i pozicioniranje zemlje kao destinacije za \u010distu tehnologiju i ekolo\u0161ki prihvatljive investicije.<\/p>\n\n\n\n<p>EIB Global je spreman da podr\u017ei ovaj zamajac kroz razvoj sna\u017enog portfelja odr\u017eivih projekata, kao i zeleno finansiranje za mala i srednja preduze\u0107a u saradnji sa Razvojnom bankom Crne Gore. Mo\u017eemo ponuditi prilago\u0111enu tehni\u010dku pomo\u0107, dugoro\u010dno finansiranje i kombinovano finansiranje kroz mobilizaciju grantova EU radi pove\u0107anja obima zelenih investicija.<\/p>\n\n\n\n<p>Mnogi projekti u Crnoj Gori finansiraju se kombinacijom grantova i kredita. Kako EIB obezbje\u0111uje transparentnost i efikasnost u realizaciji ovih investicija?<\/p>\n\n\n\n<p>KUNC:&nbsp;Da bismo obezbijedili efikasnu realizaciju, EIB Global nudi tehni\u010dku pomo\u0107 kroz instrumente kao \u0161to su savjetodavni program JASPERS, Investicioni okvir za Zapadni Balkan i druge mehanizme. Na primjer, za obrazovni program u Crnoj Gori sara\u0111ujemo sa UNOPS-om, koji sprovodi nacionalnu procjenu obrazovne infrastrukture. Na osnovu ove analize, UNOPS \u0107e pru\u017eiti ciljane preporuke za unapre\u0111enje objekata i kvaliteta obrazovanja.<\/p>\n\n\n\n<p>Uz klimatske akcije, povezanost je strate\u0161ki prioritet Crne Gore za otklju\u010davanje ekonomskog potencijala, olak\u0161avanje protoka trgovine i privla\u010denje investicija, posebno u sektorima kao \u0161to su turizam, proizvodnja i logistika<\/p>\n\n\n\n<p>Kontinuirana tehni\u010dka pomo\u0107 partnera poput EIB Global poma\u017ee zemlji da unaprijedi kapacitete za pripremu i realizaciju projekata, obezbje\u0111uju\u0107i efikasno kori\u0161\u0107enje dostupnih sredstava. Na\u0161om novom kancelarijom mo\u017eemo dodatno pove\u0107ati ove napore.<\/p>\n\n\n\n<p>EIB Global ostaje \u010dvrsto posve\u0107en transparentnosti. Na\u0161a politika transparentnosti obezbje\u0111uje otvoren pristup informacijama, podsti\u010de anga\u017eovanje zainteresovanih strana i odr\u017eava javnu odgovornost u skladu sa standardima upravljanja EU.<\/p>\n\n\n\n<p>EIB sve vi\u0161e sara\u0111uje sa lokalnim bankama. Da li postoji plan za pro\u0161irenje kreditnih linija za mala i srednja preduze\u0107a u Crnoj Gori putem lokalnih partnera i Razvojne banke?<\/p>\n\n\n\n<p>KUNC:&nbsp;Na osnovu postoje\u0107eg ugovora o kreditu sa Razvojnom bankom Crne Gore, na\u0161im dugogodi\u0161njim partnerom u zemlji, EIB Global je obezbijedio 100 miliona eura, podr\u017eavaju\u0107i vi\u0161e od 300 malih i srednjih preduze\u0107a, od \u010dega je 20 miliona usmjereno na zelene investicije \u0161irom zemlje. Na osnovu ovih rezultata, Banka priprema novu zelenu kreditnu liniju od 50 miliona eura kako bi pomogla crnogorskim preduze\u0107ima da se prilagode predstoje\u0107em Mehanizmu za prilago\u0111avanje ugljenika na granicama (tzv. CBAM). Ovo nije samo izazov, ve\u0107 strate\u0161ka prilika da se privatni sektor pripremi za budu\u0107nost, ubrza dekarbonizacija i oja\u010da posve\u0107enost odr\u017eivoj ekonomiji uskla\u0111enoj sa EU standardima.<\/p>\n\n\n\n<p>U okviru Investicionog okvira za Zapadni Balkan, sprovodimo incijativu Garancije za otpornost MSP-a koje \u0107e mobilisati 15 miliona eura povoljnih kredita za oko 100 preduze\u0107a u Crnoj Gori. Nju realizuju Evropski investicioni fond i Erste Bank Podgorica, nude\u0107i povoljne uslove kreditiranja kako bi se pomoglo kompanijama da rastu, otvaraju nova radna mjesta i prilagode se. O\u010dekuje se da program pomogne o\u010duvanju oko 5.750 radnih mjesta, ja\u010daju\u0107i ekonomsku otpornost zemlje.<\/p>\n\n\n\n<p>Koju poruku biste poslali crnogorskoj javnosti i privredi povodom otvaranja kancelarije \u2013 \u0161to mogu o\u010dekivati od prisustva EIB-a u zemlji?<\/p>\n\n\n\n<p>KUNC:&nbsp;Svaki put kada letim ka Podgorici sa sjevera, divim se nevjerovatnoj ljepoti crnogorskih planina \u2013 sve dok se ne otvori onaj jedan jedini prozor i uka\u017ee pista aerodroma. Taj trenutak me uvijek podsjeti za\u0161to je ulaganje u rast i povezanost Crne Gore toliko va\u017eno. Svakodnevni kontakt nam omogu\u0107ava da bolje razumijemo realnost va\u0161eg rada, kao i da vi postanete jo\u0161 upoznatiji sa na\u010dinom na koji EIB Global funkcioni\u0161e. Tako se grade prava partnerstva \u2013 kroz zajedni\u010dko iskustvo i kontinuiranu saradnju.<\/p>\n\n\n\n<p>Kao tijelo EU, pomno pratimo politi\u010dke prioritete Evropske unije. To zna\u010di da \u0107emo nastaviti da radimo u bliskoj saradnji sa Delegacijom EU u Podgorici, na\u0161im partnerima iz \u201eTima Evropa\u201c i drugim me\u0111unarodnim finansijskim institucijama kako bismo podr\u017eali reformsku agendu Crne Gore, posebno u oblastima koje poma\u017eu zatvaranje pregovara\u010dkih poglavlja i br\u017ee pristupanje.<\/p>\n\n\n\n<p>Uz klimatske akcije, povezanost je strate\u0161ki prioritet Crne Gore za otklju\u010davanje ekonomskog potencijala, olak\u0161avanje protoka trgovine i privla\u010denje investicija, posebno u sektorima kao \u0161to su turizam, proizvodnja i logistika. Plan rasta Evropske komisije ve\u0107 podsti\u010de dublju integraciju regionalnih preduze\u0107a, otvara pristup tr\u017ei\u0161tu EU, podsti\u010de prekograni\u010dnu saradnju i uskla\u0111uje standarde kako bi se pove\u0107ala konkurentnost i privukle investicije.<\/p>\n\n\n\n<p>Kao i do sada, ovdje smo da ostanemo i podr\u017eimo ekonomsku transformaciju u ovom klju\u010dnom trenutku za zemlju.<\/p>\n\n\n\n<p><\/p>","protected":false},"excerpt":{"rendered":"<p>U narednim mjesecima u Crnoj Gori pokre\u0107emo investicioni talas vrijedan vi\u0161e od 200 miliona eura. Cilj nam je da ubrzamo investicije koje podr\u017eavaju zelenu tranziciju, odr\u017eivu infrastrukturu i rast malih i srednjih preduze\u0107a u Crnoj Gori &#8211; poru\u010duje za Pobjedu Davor Kunc, predstavnik Evropske investicione banke (EIB) za Crnu Goru.<\/p>","protected":false},"author":1,"featured_media":963510,"comment_status":"open","ping_status":"open","sticky":false,"template":"","format":"standard","meta":{"_acf_changed":false,"footnotes":""},"categories":[27],"tags":[95,14383,4327],"naslovna":[],"class_list":["post-963509","post","type-post","status-publish","format-standard","has-post-thumbnail","hentry","category-ekonomija","tag-crna-gora","tag-davor-kunc","tag-investicije"],"acf":[],"yoast_head":"<!-- This site is optimized with the Yoast SEO plugin v27.4 - https:\/\/yoast.com\/product\/yoast-seo-wordpress\/ -->\n<title>Kunc: Pokre\u0107emo novi investicioni talas u Crnoj Gori vrijedan vi\u0161e od 200 miliona eura - dmcsrb.com<\/title>\n<meta name=\"robots\" content=\"index, follow, max-snippet:-1, max-image-preview:large, max-video-preview:-1\" \/>\n<link rel=\"canonical\" href=\"https:\/\/dmcsrb.com\/en\/ekonomija\/kunc-pokrecemo-novi-investicioni-talas-u-crnoj-gori-vrijedan-vise-od-200-miliona-eura\/\" \/>\n<meta property=\"og:locale\" content=\"en_GB\" \/>\n<meta property=\"og:type\" content=\"article\" \/>\n<meta property=\"og:title\" content=\"Kunc: Pokre\u0107emo novi investicioni talas u Crnoj Gori vrijedan vi\u0161e od 200 miliona eura - dmcsrb.com\" \/>\n<meta property=\"og:description\" content=\"U narednim mjesecima u Crnoj Gori pokre\u0107emo investicioni talas vrijedan vi\u0161e od 200 miliona eura. Cilj nam je da ubrzamo investicije koje podr\u017eavaju zelenu tranziciju, odr\u017eivu infrastrukturu i rast malih i srednjih preduze\u0107a u Crnoj Gori - poru\u010duje za Pobjedu Davor Kunc, predstavnik Evropske investicione banke (EIB) za Crnu Goru.\" \/>\n<meta property=\"og:url\" content=\"https:\/\/dmcsrb.com\/en\/ekonomija\/kunc-pokrecemo-novi-investicioni-talas-u-crnoj-gori-vrijedan-vise-od-200-miliona-eura\/\" \/>\n<meta property=\"og:site_name\" content=\"dmcsrb.com\" \/>\n<meta property=\"article:published_time\" content=\"2025-11-13T12:09:34+00:00\" \/>\n<meta property=\"og:image\" content=\"https:\/\/dmcsrb.com\/wp-content\/uploads\/2026\/01\/Davor-Kunc.webp\" \/>\n\t<meta property=\"og:image:width\" content=\"784\" \/>\n\t<meta property=\"og:image:height\" content=\"784\" \/>\n\t<meta property=\"og:image:type\" content=\"image\/png\" \/>\n<meta name=\"author\" content=\"dmcsrbija.com@gmail.com\" \/>\n<meta name=\"twitter:card\" content=\"summary_large_image\" \/>\n<meta name=\"twitter:label1\" content=\"Written by\" \/>\n\t<meta name=\"twitter:data1\" content=\"dmcsrbija.com@gmail.com\" \/>\n\t<meta name=\"twitter:label2\" content=\"Estimated reading time\" \/>\n\t<meta name=\"twitter:data2\" content=\"9 minutes\" \/>\n<script type=\"application\/ld+json\" class=\"yoast-schema-graph\">{\"@context\":\"https:\\\/\\\/schema.org\",\"@graph\":[{\"@type\":\"Article\",\"@id\":\"https:\\\/\\\/dmcsrb.com\\\/ekonomija\\\/kunc-pokrecemo-novi-investicioni-talas-u-crnoj-gori-vrijedan-vise-od-200-miliona-eura\\\/#article\",\"isPartOf\":{\"@id\":\"https:\\\/\\\/dmcsrb.com\\\/ekonomija\\\/kunc-pokrecemo-novi-investicioni-talas-u-crnoj-gori-vrijedan-vise-od-200-miliona-eura\\\/\"},\"author\":{\"name\":\"dmcsrbija.com@gmail.com\",\"@id\":\"https:\\\/\\\/dmcsrb.com\\\/#\\\/schema\\\/person\\\/5c39170f12db1b8b457732d0b5c854e2\"},\"headline\":\"Kunc: Pokre\u0107emo novi investicioni talas u Crnoj Gori vrijedan vi\u0161e od 200 miliona eura\",\"datePublished\":\"2025-11-13T12:09:34+00:00\",\"mainEntityOfPage\":{\"@id\":\"https:\\\/\\\/dmcsrb.com\\\/ekonomija\\\/kunc-pokrecemo-novi-investicioni-talas-u-crnoj-gori-vrijedan-vise-od-200-miliona-eura\\\/\"},\"wordCount\":1746,\"commentCount\":0,\"image\":{\"@id\":\"https:\\\/\\\/dmcsrb.com\\\/ekonomija\\\/kunc-pokrecemo-novi-investicioni-talas-u-crnoj-gori-vrijedan-vise-od-200-miliona-eura\\\/#primaryimage\"},\"thumbnailUrl\":\"https:\\\/\\\/dmcsrb.com\\\/wp-content\\\/uploads\\\/2026\\\/01\\\/Davor-Kunc.webp\",\"keywords\":[\"Crna Gora\",\"Davor Kunc\",\"Investicije\"],\"articleSection\":[\"Ekonomija\"],\"inLanguage\":\"en-GB\",\"potentialAction\":[{\"@type\":\"CommentAction\",\"name\":\"Comment\",\"target\":[\"https:\\\/\\\/dmcsrb.com\\\/ekonomija\\\/kunc-pokrecemo-novi-investicioni-talas-u-crnoj-gori-vrijedan-vise-od-200-miliona-eura\\\/#respond\"]}]},{\"@type\":\"WebPage\",\"@id\":\"https:\\\/\\\/dmcsrb.com\\\/ekonomija\\\/kunc-pokrecemo-novi-investicioni-talas-u-crnoj-gori-vrijedan-vise-od-200-miliona-eura\\\/\",\"url\":\"https:\\\/\\\/dmcsrb.com\\\/ekonomija\\\/kunc-pokrecemo-novi-investicioni-talas-u-crnoj-gori-vrijedan-vise-od-200-miliona-eura\\\/\",\"name\":\"Kunc: Pokre\u0107emo novi investicioni talas u Crnoj Gori vrijedan vi\u0161e od 200 miliona eura - dmcsrb.com\",\"isPartOf\":{\"@id\":\"https:\\\/\\\/dmcsrb.com\\\/#website\"},\"primaryImageOfPage\":{\"@id\":\"https:\\\/\\\/dmcsrb.com\\\/ekonomija\\\/kunc-pokrecemo-novi-investicioni-talas-u-crnoj-gori-vrijedan-vise-od-200-miliona-eura\\\/#primaryimage\"},\"image\":{\"@id\":\"https:\\\/\\\/dmcsrb.com\\\/ekonomija\\\/kunc-pokrecemo-novi-investicioni-talas-u-crnoj-gori-vrijedan-vise-od-200-miliona-eura\\\/#primaryimage\"},\"thumbnailUrl\":\"https:\\\/\\\/dmcsrb.com\\\/wp-content\\\/uploads\\\/2026\\\/01\\\/Davor-Kunc.webp\",\"datePublished\":\"2025-11-13T12:09:34+00:00\",\"author\":{\"@id\":\"https:\\\/\\\/dmcsrb.com\\\/#\\\/schema\\\/person\\\/5c39170f12db1b8b457732d0b5c854e2\"},\"breadcrumb\":{\"@id\":\"https:\\\/\\\/dmcsrb.com\\\/ekonomija\\\/kunc-pokrecemo-novi-investicioni-talas-u-crnoj-gori-vrijedan-vise-od-200-miliona-eura\\\/#breadcrumb\"},\"inLanguage\":\"en-GB\",\"potentialAction\":[{\"@type\":\"ReadAction\",\"target\":[\"https:\\\/\\\/dmcsrb.com\\\/ekonomija\\\/kunc-pokrecemo-novi-investicioni-talas-u-crnoj-gori-vrijedan-vise-od-200-miliona-eura\\\/\"]}]},{\"@type\":\"ImageObject\",\"inLanguage\":\"en-GB\",\"@id\":\"https:\\\/\\\/dmcsrb.com\\\/ekonomija\\\/kunc-pokrecemo-novi-investicioni-talas-u-crnoj-gori-vrijedan-vise-od-200-miliona-eura\\\/#primaryimage\",\"url\":\"https:\\\/\\\/dmcsrb.com\\\/wp-content\\\/uploads\\\/2026\\\/01\\\/Davor-Kunc.webp\",\"contentUrl\":\"https:\\\/\\\/dmcsrb.com\\\/wp-content\\\/uploads\\\/2026\\\/01\\\/Davor-Kunc.webp\",\"width\":784,\"height\":784},{\"@type\":\"BreadcrumbList\",\"@id\":\"https:\\\/\\\/dmcsrb.com\\\/ekonomija\\\/kunc-pokrecemo-novi-investicioni-talas-u-crnoj-gori-vrijedan-vise-od-200-miliona-eura\\\/#breadcrumb\",\"itemListElement\":[{\"@type\":\"ListItem\",\"position\":1,\"name\":\"Home\",\"item\":\"https:\\\/\\\/dmcsrb.com\\\/\"},{\"@type\":\"ListItem\",\"position\":2,\"name\":\"Kunc: Pokre\u0107emo novi investicioni talas u Crnoj Gori vrijedan vi\u0161e od 200 miliona eura\"}]},{\"@type\":\"WebSite\",\"@id\":\"https:\\\/\\\/dmcsrb.com\\\/#website\",\"url\":\"https:\\\/\\\/dmcsrb.com\\\/\",\"name\":\"dmcsrb.com\",\"description\":\"\",\"potentialAction\":[{\"@type\":\"SearchAction\",\"target\":{\"@type\":\"EntryPoint\",\"urlTemplate\":\"https:\\\/\\\/dmcsrb.com\\\/?s={search_term_string}\"},\"query-input\":{\"@type\":\"PropertyValueSpecification\",\"valueRequired\":true,\"valueName\":\"search_term_string\"}}],\"inLanguage\":\"en-GB\"},{\"@type\":\"Person\",\"@id\":\"https:\\\/\\\/dmcsrb.com\\\/#\\\/schema\\\/person\\\/5c39170f12db1b8b457732d0b5c854e2\",\"name\":\"dmcsrbija.com@gmail.com\",\"image\":{\"@type\":\"ImageObject\",\"inLanguage\":\"en-GB\",\"@id\":\"https:\\\/\\\/secure.gravatar.com\\\/avatar\\\/68592660ad6347fad0fb587f8d5d8f1a7b44961362f56e4f2cd524feb87e9069?s=96&d=mm&r=g\",\"url\":\"https:\\\/\\\/secure.gravatar.com\\\/avatar\\\/68592660ad6347fad0fb587f8d5d8f1a7b44961362f56e4f2cd524feb87e9069?s=96&d=mm&r=g\",\"contentUrl\":\"https:\\\/\\\/secure.gravatar.com\\\/avatar\\\/68592660ad6347fad0fb587f8d5d8f1a7b44961362f56e4f2cd524feb87e9069?s=96&d=mm&r=g\",\"caption\":\"dmcsrbija.com@gmail.com\"},\"sameAs\":[\"https:\\\/\\\/dmcsrb.com\"],\"url\":\"https:\\\/\\\/dmcsrb.com\\\/en\\\/author\\\/dmcsrbija-comgmail-com\\\/\"}]}<\/script>\n<!-- \/ Yoast SEO plugin. -->","yoast_head_json":{"title":"Kunc: Pokre\u0107emo novi investicioni talas u Crnoj Gori vrijedan vi\u0161e od 200 miliona eura - dmcsrb.com","robots":{"index":"index","follow":"follow","max-snippet":"max-snippet:-1","max-image-preview":"max-image-preview:large","max-video-preview":"max-video-preview:-1"},"canonical":"https:\/\/dmcsrb.com\/en\/ekonomija\/kunc-pokrecemo-novi-investicioni-talas-u-crnoj-gori-vrijedan-vise-od-200-miliona-eura\/","og_locale":"en_GB","og_type":"article","og_title":"Kunc: Pokre\u0107emo novi investicioni talas u Crnoj Gori vrijedan vi\u0161e od 200 miliona eura - dmcsrb.com","og_description":"U narednim mjesecima u Crnoj Gori pokre\u0107emo investicioni talas vrijedan vi\u0161e od 200 miliona eura. Cilj nam je da ubrzamo investicije koje podr\u017eavaju zelenu tranziciju, odr\u017eivu infrastrukturu i rast malih i srednjih preduze\u0107a u Crnoj Gori - poru\u010duje za Pobjedu Davor Kunc, predstavnik Evropske investicione banke (EIB) za Crnu Goru.","og_url":"https:\/\/dmcsrb.com\/en\/ekonomija\/kunc-pokrecemo-novi-investicioni-talas-u-crnoj-gori-vrijedan-vise-od-200-miliona-eura\/","og_site_name":"dmcsrb.com","article_published_time":"2025-11-13T12:09:34+00:00","og_image":[{"width":784,"height":784,"url":"https:\/\/dmcsrb.com\/wp-content\/uploads\/2026\/01\/Davor-Kunc.webp","type":"image\/png"}],"author":"dmcsrbija.com@gmail.com","twitter_card":"summary_large_image","twitter_misc":{"Written by":"dmcsrbija.com@gmail.com","Estimated reading time":"9 minutes"},"schema":{"@context":"https:\/\/schema.org","@graph":[{"@type":"Article","@id":"https:\/\/dmcsrb.com\/ekonomija\/kunc-pokrecemo-novi-investicioni-talas-u-crnoj-gori-vrijedan-vise-od-200-miliona-eura\/#article","isPartOf":{"@id":"https:\/\/dmcsrb.com\/ekonomija\/kunc-pokrecemo-novi-investicioni-talas-u-crnoj-gori-vrijedan-vise-od-200-miliona-eura\/"},"author":{"name":"dmcsrbija.com@gmail.com","@id":"https:\/\/dmcsrb.com\/#\/schema\/person\/5c39170f12db1b8b457732d0b5c854e2"},"headline":"Kunc: Pokre\u0107emo novi investicioni talas u Crnoj Gori vrijedan vi\u0161e od 200 miliona eura","datePublished":"2025-11-13T12:09:34+00:00","mainEntityOfPage":{"@id":"https:\/\/dmcsrb.com\/ekonomija\/kunc-pokrecemo-novi-investicioni-talas-u-crnoj-gori-vrijedan-vise-od-200-miliona-eura\/"},"wordCount":1746,"commentCount":0,"image":{"@id":"https:\/\/dmcsrb.com\/ekonomija\/kunc-pokrecemo-novi-investicioni-talas-u-crnoj-gori-vrijedan-vise-od-200-miliona-eura\/#primaryimage"},"thumbnailUrl":"https:\/\/dmcsrb.com\/wp-content\/uploads\/2026\/01\/Davor-Kunc.webp","keywords":["Crna Gora","Davor Kunc","Investicije"],"articleSection":["Ekonomija"],"inLanguage":"en-GB","potentialAction":[{"@type":"CommentAction","name":"Comment","target":["https:\/\/dmcsrb.com\/ekonomija\/kunc-pokrecemo-novi-investicioni-talas-u-crnoj-gori-vrijedan-vise-od-200-miliona-eura\/#respond"]}]},{"@type":"WebPage","@id":"https:\/\/dmcsrb.com\/ekonomija\/kunc-pokrecemo-novi-investicioni-talas-u-crnoj-gori-vrijedan-vise-od-200-miliona-eura\/","url":"https:\/\/dmcsrb.com\/ekonomija\/kunc-pokrecemo-novi-investicioni-talas-u-crnoj-gori-vrijedan-vise-od-200-miliona-eura\/","name":"Kunc: Pokre\u0107emo novi investicioni talas u Crnoj Gori vrijedan vi\u0161e od 200 miliona eura - dmcsrb.com","isPartOf":{"@id":"https:\/\/dmcsrb.com\/#website"},"primaryImageOfPage":{"@id":"https:\/\/dmcsrb.com\/ekonomija\/kunc-pokrecemo-novi-investicioni-talas-u-crnoj-gori-vrijedan-vise-od-200-miliona-eura\/#primaryimage"},"image":{"@id":"https:\/\/dmcsrb.com\/ekonomija\/kunc-pokrecemo-novi-investicioni-talas-u-crnoj-gori-vrijedan-vise-od-200-miliona-eura\/#primaryimage"},"thumbnailUrl":"https:\/\/dmcsrb.com\/wp-content\/uploads\/2026\/01\/Davor-Kunc.webp","datePublished":"2025-11-13T12:09:34+00:00","author":{"@id":"https:\/\/dmcsrb.com\/#\/schema\/person\/5c39170f12db1b8b457732d0b5c854e2"},"breadcrumb":{"@id":"https:\/\/dmcsrb.com\/ekonomija\/kunc-pokrecemo-novi-investicioni-talas-u-crnoj-gori-vrijedan-vise-od-200-miliona-eura\/#breadcrumb"},"inLanguage":"en-GB","potentialAction":[{"@type":"ReadAction","target":["https:\/\/dmcsrb.com\/ekonomija\/kunc-pokrecemo-novi-investicioni-talas-u-crnoj-gori-vrijedan-vise-od-200-miliona-eura\/"]}]},{"@type":"ImageObject","inLanguage":"en-GB","@id":"https:\/\/dmcsrb.com\/ekonomija\/kunc-pokrecemo-novi-investicioni-talas-u-crnoj-gori-vrijedan-vise-od-200-miliona-eura\/#primaryimage","url":"https:\/\/dmcsrb.com\/wp-content\/uploads\/2026\/01\/Davor-Kunc.webp","contentUrl":"https:\/\/dmcsrb.com\/wp-content\/uploads\/2026\/01\/Davor-Kunc.webp","width":784,"height":784},{"@type":"BreadcrumbList","@id":"https:\/\/dmcsrb.com\/ekonomija\/kunc-pokrecemo-novi-investicioni-talas-u-crnoj-gori-vrijedan-vise-od-200-miliona-eura\/#breadcrumb","itemListElement":[{"@type":"ListItem","position":1,"name":"Home","item":"https:\/\/dmcsrb.com\/"},{"@type":"ListItem","position":2,"name":"Kunc: Pokre\u0107emo novi investicioni talas u Crnoj Gori vrijedan vi\u0161e od 200 miliona eura"}]},{"@type":"WebSite","@id":"https:\/\/dmcsrb.com\/#website","url":"https:\/\/dmcsrb.com\/","name":"dmcsrb.com","description":"","potentialAction":[{"@type":"SearchAction","target":{"@type":"EntryPoint","urlTemplate":"https:\/\/dmcsrb.com\/?s={search_term_string}"},"query-input":{"@type":"PropertyValueSpecification","valueRequired":true,"valueName":"search_term_string"}}],"inLanguage":"en-GB"},{"@type":"Person","@id":"https:\/\/dmcsrb.com\/#\/schema\/person\/5c39170f12db1b8b457732d0b5c854e2","name":"dmcsrbija.com@gmail.com","image":{"@type":"ImageObject","inLanguage":"en-GB","@id":"https:\/\/secure.gravatar.com\/avatar\/68592660ad6347fad0fb587f8d5d8f1a7b44961362f56e4f2cd524feb87e9069?s=96&d=mm&r=g","url":"https:\/\/secure.gravatar.com\/avatar\/68592660ad6347fad0fb587f8d5d8f1a7b44961362f56e4f2cd524feb87e9069?s=96&d=mm&r=g","contentUrl":"https:\/\/secure.gravatar.com\/avatar\/68592660ad6347fad0fb587f8d5d8f1a7b44961362f56e4f2cd524feb87e9069?s=96&d=mm&r=g","caption":"dmcsrbija.com@gmail.com"},"sameAs":["https:\/\/dmcsrb.com"],"url":"https:\/\/dmcsrb.com\/en\/author\/dmcsrbija-comgmail-com\/"}]}},"_links":{"self":[{"href":"https:\/\/dmcsrb.com\/en\/wp-json\/wp\/v2\/posts\/963509","targetHints":{"allow":["GET"]}}],"collection":[{"href":"https:\/\/dmcsrb.com\/en\/wp-json\/wp\/v2\/posts"}],"about":[{"href":"https:\/\/dmcsrb.com\/en\/wp-json\/wp\/v2\/types\/post"}],"author":[{"embeddable":true,"href":"https:\/\/dmcsrb.com\/en\/wp-json\/wp\/v2\/users\/1"}],"replies":[{"embeddable":true,"href":"https:\/\/dmcsrb.com\/en\/wp-json\/wp\/v2\/comments?post=963509"}],"version-history":[{"count":0,"href":"https:\/\/dmcsrb.com\/en\/wp-json\/wp\/v2\/posts\/963509\/revisions"}],"wp:featuredmedia":[{"embeddable":true,"href":"https:\/\/dmcsrb.com\/en\/wp-json\/wp\/v2\/media\/963510"}],"wp:attachment":[{"href":"https:\/\/dmcsrb.com\/en\/wp-json\/wp\/v2\/media?parent=963509"}],"wp:term":[{"taxonomy":"category","embeddable":true,"href":"https:\/\/dmcsrb.com\/en\/wp-json\/wp\/v2\/categories?post=963509"},{"taxonomy":"post_tag","embeddable":true,"href":"https:\/\/dmcsrb.com\/en\/wp-json\/wp\/v2\/tags?post=963509"},{"taxonomy":"naslovna","embeddable":true,"href":"https:\/\/dmcsrb.com\/en\/wp-json\/wp\/v2\/naslovna?post=963509"}],"curies":[{"name":"wp","href":"https:\/\/api.w.org\/{rel}","templated":true}]}}