{"id":963493,"date":"2025-11-13T10:52:00","date_gmt":"2025-11-13T09:52:00","guid":{"rendered":"https:\/\/dmcsrb.com\/uncategorized\/dukaj-izvjestaj-evropske-komisije-potvrda-ispravnosti-reformskog-kursa-ministarstva-javne-uprave\/"},"modified":"2025-11-13T10:52:00","modified_gmt":"2025-11-13T09:52:00","slug":"dukaj-izvjestaj-evropske-komisije-potvrda-ispravnosti-reformskog-kursa-ministarstva-javne-uprave","status":"publish","type":"post","link":"https:\/\/dmcsrb.com\/en\/drustvo\/dukaj-izvjestaj-evropske-komisije-potvrda-ispravnosti-reformskog-kursa-ministarstva-javne-uprave\/","title":{"rendered":"Dukaj: Izvje\u0161taj \u00a0Evropske komisije &#8211; potvrda ispravnosti reformskog kursa Ministarstva javne uprave"},"content":{"rendered":"<p>&#8220;Evropska komisija je istakla da je uspostavljen <strong>sveobuhvatan strate\u0161ki i zakonski okvir za sprovo\u0111enje reforme javne uprave i upravljanje javnim finansijama<\/strong>, kao i da <strong>je kvalitet i efikasnost implementacije reforme u porastu<\/strong>. Usvajanjem novih Akcionih planova za reformu javne uprave i javnih finansija, Vlada je potvrdila svoju posve\u0107enost sistemskim promjenama i unapre\u0111enju transparentnosti, odgovornosti i profesionalizma u javnom sektoru&#8221;; navodi se u saop\u0161tenju.<\/p>\n\n\n\n<p>Kako ka\u017ee, Izvje\u0161taj prepoznaje i usvajanje <strong>Zakona o izmjenama i dopunama Zakona o dr\u017eavnim slu\u017ebenicima i namje\u0161tenicima<\/strong>. Njime se dodatno unapre\u0111uje uskla\u0111enost sa principima zasluga i profesionalizacije javne uprave, te predstavlja va\u017ean korak ka stvaranju stabilnog slu\u017ebeni\u010dkog sistema.<\/p>\n\n\n\n<p>&#8220;U izvje\u0161taju je Evropska komisija pozdravila pokretanje procesa <strong>optimizacije i unapre\u0111enja administrativnih kapaciteta<\/strong>. To je neophodan uslov za uskla\u0111ivanje sa pravnom tekovinom Evropske unije u kompletnom pregovara\u010dkom procesu&#8221;, kazao je Dukaj.<\/p>\n\n\n\n<p>U Izvje\u0161taju je, dodaje, Evropska komisija konstatovala da je Crna Gora na dobrom nivou pripremljenosti u oblastima digitalne transformacije i sajber bezbjednosti.<br><br>&#8220;Napravljen je odre\u0111eni napredak u uskla\u0111ivanju nacionalne zakonodavne regulative o sajber bezbjednosti sa pravnim tekovinama EU\u201c, ka\u017ee se u Izvje\u0161taju.<br><br>U narednom periodu, ka\u017ee Dukaj, fokus mora biti na daljem uskla\u0111ivanju nacionalnog zakonodavstva sa Direktivom o bezbjednosti mre\u017ea i informacionih sistema (NIS2) i punoj primjeni zakona, uklju\u010duju\u0107i osnivanje Agencije za sajber bezbjednost.<br><br>U Izvje\u0161taju se isti\u010de i potreba da se zapo\u0161ljava dodatni kadar radi popunjavanja preostalih planiranih radnih mjesta i ja\u010danja administrativnih kapaciteta u oblastima elektronskih usluga.<\/p>\n\n\n\n<p>&#8220;U oblasti <strong>lokalne samouprave<\/strong>, prepoznati su napori Ministarstva javne uprave za <strong>ja\u010danje decentralizacije i pripremu novog Zakona o lokalnoj samoupravi<\/strong>. Posebno je pohvaljeno \u0161to su lokalne samouprave povratile nadle\u017enosti u oblasti prostornog planiranja, te \u0161to su uvedene EU info ta\u010dke u crnogorskim op\u0161tinama, koje doprinose informisanju gra\u0111ana o evropskim politikama i programima&#8221;, navodi se u saop\u0161tenju.<\/p>\n\n\n\n<p>Kada je rije\u010d o slobodnom pristupu informacijama, konstatovano je da je Vlada utvrdila <strong>Predlog zakona o slobodnom pristupu informacijama<\/strong>, koji je u skup\u0161tinskoj proceduri. Ovim zakonom dodatno se ja\u010da pravni okvir za ostvarivanje prava gra\u0111ana na dobru upravu, transparentnost i djelotvornu sudsku za\u0161titu u upravnim postupcima. Sve to je doprinos ja\u010danju povjerenja javnosti u institucije.<\/p>\n\n\n\n<p>&#8220;Ministarstvo javne uprave ostaje posve\u0107eno daljem ja\u010danju povjerenja gra\u0111ana u institucije i stvaranju moderne, digitalne i servisno orijentisane uprave, koja \u0107e u potpunosti biti uskla\u0111ena sa evropskim standardima i vrijednostima&#8221;, zaklju\u010dio je.<\/p>\n\n\n\n<figure class=\"wp-block-embed is-type-video is-provider-youtube wp-block-embed-youtube wp-embed-aspect-16-9 wp-has-aspect-ratio\"><div class=\"wp-block-embed__wrapper\">\n<iframe loading=\"lazy\" title=\"Izvje\u0161taj Evropske komisije potvrda ispravnosti reformskog kursa Ministarstva javne uprave\" width=\"500\" height=\"281\" src=\"https:\/\/www.youtube.com\/embed\/Ox6kvxS8kLw?feature=oembed\" frameborder=\"0\" allow=\"accelerometer; autoplay; clipboard-write; encrypted-media; gyroscope; picture-in-picture; web-share\" referrerpolicy=\"strict-origin-when-cross-origin\" allowfullscreen><\/iframe>\n<\/div><\/figure>","protected":false},"excerpt":{"rendered":"<p>U Izvje\u0161taju Evropske komisije o Crnoj Gori za 2025. godinu, konstatovano je da je na\u0161a zemlja umjereno spremna i da je ostvarila izvjestan napredak u oblasti reforme javne uprave. Time se potvr\u0111uje da su napori Ministarstva javne uprave, u koordinaciji sa drugim institucijama, dali vidljive rezultate, kazao je ministar Ministarstva javne uprave, Mara\u0161 Dukaj.<\/p>","protected":false},"author":1,"featured_media":963494,"comment_status":"open","ping_status":"open","sticky":false,"template":"","format":"standard","meta":{"_acf_changed":false,"footnotes":""},"categories":[2],"tags":[1919,7812,130,998],"naslovna":[],"class_list":["post-963493","post","type-post","status-publish","format-standard","has-post-thumbnail","hentry","category-drustvo","tag-evropska-komisija","tag-izvjestaj","tag-maras-dukaj","tag-ministarstvo-javne-uprave"],"acf":[],"yoast_head":"<!-- This site is optimized with the Yoast SEO plugin v27.4 - https:\/\/yoast.com\/product\/yoast-seo-wordpress\/ -->\n<title>Dukaj: Izvje\u0161taj \u00a0Evropske komisije - potvrda ispravnosti reformskog kursa Ministarstva javne uprave - dmcsrb.com<\/title>\n<meta name=\"robots\" content=\"index, follow, max-snippet:-1, max-image-preview:large, max-video-preview:-1\" \/>\n<link rel=\"canonical\" href=\"https:\/\/dmcsrb.com\/en\/drustvo\/dukaj-izvjestaj-evropske-komisije-potvrda-ispravnosti-reformskog-kursa-ministarstva-javne-uprave\/\" \/>\n<meta property=\"og:locale\" content=\"en_GB\" \/>\n<meta property=\"og:type\" content=\"article\" \/>\n<meta property=\"og:title\" content=\"Dukaj: Izvje\u0161taj \u00a0Evropske komisije - potvrda ispravnosti reformskog kursa Ministarstva javne uprave - dmcsrb.com\" \/>\n<meta property=\"og:description\" content=\"U Izvje\u0161taju Evropske komisije o Crnoj Gori za 2025. godinu, konstatovano je da je na\u0161a zemlja umjereno spremna i da je ostvarila izvjestan napredak u oblasti reforme javne uprave. Time se potvr\u0111uje da su napori Ministarstva javne uprave, u koordinaciji sa drugim institucijama, dali vidljive rezultate, kazao je ministar Ministarstva javne uprave, Mara\u0161 Dukaj.\" \/>\n<meta property=\"og:url\" content=\"https:\/\/dmcsrb.com\/en\/drustvo\/dukaj-izvjestaj-evropske-komisije-potvrda-ispravnosti-reformskog-kursa-ministarstva-javne-uprave\/\" \/>\n<meta property=\"og:site_name\" content=\"dmcsrb.com\" \/>\n<meta property=\"article:published_time\" content=\"2025-11-13T09:52:00+00:00\" \/>\n<meta property=\"og:image\" content=\"https:\/\/dmcsrb.com\/wp-content\/uploads\/2026\/01\/Marash-Dukaj.webp\" \/>\n\t<meta property=\"og:image:width\" content=\"2500\" \/>\n\t<meta property=\"og:image:height\" content=\"1667\" \/>\n\t<meta property=\"og:image:type\" content=\"image\/jpeg\" \/>\n<meta name=\"author\" content=\"dmcsrbija.com@gmail.com\" \/>\n<meta name=\"twitter:card\" content=\"summary_large_image\" \/>\n<meta name=\"twitter:label1\" content=\"Written by\" \/>\n\t<meta name=\"twitter:data1\" content=\"dmcsrbija.com@gmail.com\" \/>\n\t<meta name=\"twitter:label2\" content=\"Estimated reading time\" \/>\n\t<meta name=\"twitter:data2\" content=\"2 minutes\" \/>\n<script type=\"application\/ld+json\" class=\"yoast-schema-graph\">{\"@context\":\"https:\\\/\\\/schema.org\",\"@graph\":[{\"@type\":\"Article\",\"@id\":\"https:\\\/\\\/dmcsrb.com\\\/drustvo\\\/dukaj-izvjestaj-evropske-komisije-potvrda-ispravnosti-reformskog-kursa-ministarstva-javne-uprave\\\/#article\",\"isPartOf\":{\"@id\":\"https:\\\/\\\/dmcsrb.com\\\/drustvo\\\/dukaj-izvjestaj-evropske-komisije-potvrda-ispravnosti-reformskog-kursa-ministarstva-javne-uprave\\\/\"},\"author\":{\"name\":\"dmcsrbija.com@gmail.com\",\"@id\":\"https:\\\/\\\/dmcsrb.com\\\/#\\\/schema\\\/person\\\/5c39170f12db1b8b457732d0b5c854e2\"},\"headline\":\"Dukaj: Izvje\u0161taj \u00a0Evropske komisije &#8211; potvrda ispravnosti reformskog kursa Ministarstva javne uprave\",\"datePublished\":\"2025-11-13T09:52:00+00:00\",\"mainEntityOfPage\":{\"@id\":\"https:\\\/\\\/dmcsrb.com\\\/drustvo\\\/dukaj-izvjestaj-evropske-komisije-potvrda-ispravnosti-reformskog-kursa-ministarstva-javne-uprave\\\/\"},\"wordCount\":445,\"commentCount\":0,\"image\":{\"@id\":\"https:\\\/\\\/dmcsrb.com\\\/drustvo\\\/dukaj-izvjestaj-evropske-komisije-potvrda-ispravnosti-reformskog-kursa-ministarstva-javne-uprave\\\/#primaryimage\"},\"thumbnailUrl\":\"https:\\\/\\\/dmcsrb.com\\\/wp-content\\\/uploads\\\/2026\\\/01\\\/Marash-Dukaj.webp\",\"keywords\":[\"Evropska komisija\",\"izvje\u0161taj\",\"Mara\u0161 Dukaj\",\"MINISTARSTVO JAVNE UPRAVE\"],\"articleSection\":[\"Dru\u0161tvo\"],\"inLanguage\":\"en-GB\",\"potentialAction\":[{\"@type\":\"CommentAction\",\"name\":\"Comment\",\"target\":[\"https:\\\/\\\/dmcsrb.com\\\/drustvo\\\/dukaj-izvjestaj-evropske-komisije-potvrda-ispravnosti-reformskog-kursa-ministarstva-javne-uprave\\\/#respond\"]}]},{\"@type\":\"WebPage\",\"@id\":\"https:\\\/\\\/dmcsrb.com\\\/drustvo\\\/dukaj-izvjestaj-evropske-komisije-potvrda-ispravnosti-reformskog-kursa-ministarstva-javne-uprave\\\/\",\"url\":\"https:\\\/\\\/dmcsrb.com\\\/drustvo\\\/dukaj-izvjestaj-evropske-komisije-potvrda-ispravnosti-reformskog-kursa-ministarstva-javne-uprave\\\/\",\"name\":\"Dukaj: Izvje\u0161taj \u00a0Evropske komisije - potvrda ispravnosti reformskog kursa Ministarstva javne uprave - dmcsrb.com\",\"isPartOf\":{\"@id\":\"https:\\\/\\\/dmcsrb.com\\\/#website\"},\"primaryImageOfPage\":{\"@id\":\"https:\\\/\\\/dmcsrb.com\\\/drustvo\\\/dukaj-izvjestaj-evropske-komisije-potvrda-ispravnosti-reformskog-kursa-ministarstva-javne-uprave\\\/#primaryimage\"},\"image\":{\"@id\":\"https:\\\/\\\/dmcsrb.com\\\/drustvo\\\/dukaj-izvjestaj-evropske-komisije-potvrda-ispravnosti-reformskog-kursa-ministarstva-javne-uprave\\\/#primaryimage\"},\"thumbnailUrl\":\"https:\\\/\\\/dmcsrb.com\\\/wp-content\\\/uploads\\\/2026\\\/01\\\/Marash-Dukaj.webp\",\"datePublished\":\"2025-11-13T09:52:00+00:00\",\"author\":{\"@id\":\"https:\\\/\\\/dmcsrb.com\\\/#\\\/schema\\\/person\\\/5c39170f12db1b8b457732d0b5c854e2\"},\"breadcrumb\":{\"@id\":\"https:\\\/\\\/dmcsrb.com\\\/drustvo\\\/dukaj-izvjestaj-evropske-komisije-potvrda-ispravnosti-reformskog-kursa-ministarstva-javne-uprave\\\/#breadcrumb\"},\"inLanguage\":\"en-GB\",\"potentialAction\":[{\"@type\":\"ReadAction\",\"target\":[\"https:\\\/\\\/dmcsrb.com\\\/drustvo\\\/dukaj-izvjestaj-evropske-komisije-potvrda-ispravnosti-reformskog-kursa-ministarstva-javne-uprave\\\/\"]}]},{\"@type\":\"ImageObject\",\"inLanguage\":\"en-GB\",\"@id\":\"https:\\\/\\\/dmcsrb.com\\\/drustvo\\\/dukaj-izvjestaj-evropske-komisije-potvrda-ispravnosti-reformskog-kursa-ministarstva-javne-uprave\\\/#primaryimage\",\"url\":\"https:\\\/\\\/dmcsrb.com\\\/wp-content\\\/uploads\\\/2026\\\/01\\\/Marash-Dukaj.webp\",\"contentUrl\":\"https:\\\/\\\/dmcsrb.com\\\/wp-content\\\/uploads\\\/2026\\\/01\\\/Marash-Dukaj.webp\",\"width\":2500,\"height\":1667},{\"@type\":\"BreadcrumbList\",\"@id\":\"https:\\\/\\\/dmcsrb.com\\\/drustvo\\\/dukaj-izvjestaj-evropske-komisije-potvrda-ispravnosti-reformskog-kursa-ministarstva-javne-uprave\\\/#breadcrumb\",\"itemListElement\":[{\"@type\":\"ListItem\",\"position\":1,\"name\":\"Home\",\"item\":\"https:\\\/\\\/dmcsrb.com\\\/\"},{\"@type\":\"ListItem\",\"position\":2,\"name\":\"Dukaj: Izvje\u0161taj \u00a0Evropske komisije &#8211; potvrda ispravnosti reformskog kursa Ministarstva javne uprave\"}]},{\"@type\":\"WebSite\",\"@id\":\"https:\\\/\\\/dmcsrb.com\\\/#website\",\"url\":\"https:\\\/\\\/dmcsrb.com\\\/\",\"name\":\"dmcsrb.com\",\"description\":\"\",\"potentialAction\":[{\"@type\":\"SearchAction\",\"target\":{\"@type\":\"EntryPoint\",\"urlTemplate\":\"https:\\\/\\\/dmcsrb.com\\\/?s={search_term_string}\"},\"query-input\":{\"@type\":\"PropertyValueSpecification\",\"valueRequired\":true,\"valueName\":\"search_term_string\"}}],\"inLanguage\":\"en-GB\"},{\"@type\":\"Person\",\"@id\":\"https:\\\/\\\/dmcsrb.com\\\/#\\\/schema\\\/person\\\/5c39170f12db1b8b457732d0b5c854e2\",\"name\":\"dmcsrbija.com@gmail.com\",\"image\":{\"@type\":\"ImageObject\",\"inLanguage\":\"en-GB\",\"@id\":\"https:\\\/\\\/secure.gravatar.com\\\/avatar\\\/68592660ad6347fad0fb587f8d5d8f1a7b44961362f56e4f2cd524feb87e9069?s=96&d=mm&r=g\",\"url\":\"https:\\\/\\\/secure.gravatar.com\\\/avatar\\\/68592660ad6347fad0fb587f8d5d8f1a7b44961362f56e4f2cd524feb87e9069?s=96&d=mm&r=g\",\"contentUrl\":\"https:\\\/\\\/secure.gravatar.com\\\/avatar\\\/68592660ad6347fad0fb587f8d5d8f1a7b44961362f56e4f2cd524feb87e9069?s=96&d=mm&r=g\",\"caption\":\"dmcsrbija.com@gmail.com\"},\"sameAs\":[\"https:\\\/\\\/dmcsrb.com\"],\"url\":\"https:\\\/\\\/dmcsrb.com\\\/en\\\/author\\\/dmcsrbija-comgmail-com\\\/\"}]}<\/script>\n<!-- \/ Yoast SEO plugin. -->","yoast_head_json":{"title":"Dukaj: Izvje\u0161taj \u00a0Evropske komisije - potvrda ispravnosti reformskog kursa Ministarstva javne uprave - dmcsrb.com","robots":{"index":"index","follow":"follow","max-snippet":"max-snippet:-1","max-image-preview":"max-image-preview:large","max-video-preview":"max-video-preview:-1"},"canonical":"https:\/\/dmcsrb.com\/en\/drustvo\/dukaj-izvjestaj-evropske-komisije-potvrda-ispravnosti-reformskog-kursa-ministarstva-javne-uprave\/","og_locale":"en_GB","og_type":"article","og_title":"Dukaj: Izvje\u0161taj \u00a0Evropske komisije - potvrda ispravnosti reformskog kursa Ministarstva javne uprave - dmcsrb.com","og_description":"U Izvje\u0161taju Evropske komisije o Crnoj Gori za 2025. godinu, konstatovano je da je na\u0161a zemlja umjereno spremna i da je ostvarila izvjestan napredak u oblasti reforme javne uprave. Time se potvr\u0111uje da su napori Ministarstva javne uprave, u koordinaciji sa drugim institucijama, dali vidljive rezultate, kazao je ministar Ministarstva javne uprave, Mara\u0161 Dukaj.","og_url":"https:\/\/dmcsrb.com\/en\/drustvo\/dukaj-izvjestaj-evropske-komisije-potvrda-ispravnosti-reformskog-kursa-ministarstva-javne-uprave\/","og_site_name":"dmcsrb.com","article_published_time":"2025-11-13T09:52:00+00:00","og_image":[{"width":2500,"height":1667,"url":"https:\/\/dmcsrb.com\/wp-content\/uploads\/2026\/01\/Marash-Dukaj.webp","type":"image\/jpeg"}],"author":"dmcsrbija.com@gmail.com","twitter_card":"summary_large_image","twitter_misc":{"Written by":"dmcsrbija.com@gmail.com","Estimated reading time":"2 minutes"},"schema":{"@context":"https:\/\/schema.org","@graph":[{"@type":"Article","@id":"https:\/\/dmcsrb.com\/drustvo\/dukaj-izvjestaj-evropske-komisije-potvrda-ispravnosti-reformskog-kursa-ministarstva-javne-uprave\/#article","isPartOf":{"@id":"https:\/\/dmcsrb.com\/drustvo\/dukaj-izvjestaj-evropske-komisije-potvrda-ispravnosti-reformskog-kursa-ministarstva-javne-uprave\/"},"author":{"name":"dmcsrbija.com@gmail.com","@id":"https:\/\/dmcsrb.com\/#\/schema\/person\/5c39170f12db1b8b457732d0b5c854e2"},"headline":"Dukaj: Izvje\u0161taj \u00a0Evropske komisije &#8211; potvrda ispravnosti reformskog kursa Ministarstva javne uprave","datePublished":"2025-11-13T09:52:00+00:00","mainEntityOfPage":{"@id":"https:\/\/dmcsrb.com\/drustvo\/dukaj-izvjestaj-evropske-komisije-potvrda-ispravnosti-reformskog-kursa-ministarstva-javne-uprave\/"},"wordCount":445,"commentCount":0,"image":{"@id":"https:\/\/dmcsrb.com\/drustvo\/dukaj-izvjestaj-evropske-komisije-potvrda-ispravnosti-reformskog-kursa-ministarstva-javne-uprave\/#primaryimage"},"thumbnailUrl":"https:\/\/dmcsrb.com\/wp-content\/uploads\/2026\/01\/Marash-Dukaj.webp","keywords":["Evropska komisija","izvje\u0161taj","Mara\u0161 Dukaj","MINISTARSTVO JAVNE UPRAVE"],"articleSection":["Dru\u0161tvo"],"inLanguage":"en-GB","potentialAction":[{"@type":"CommentAction","name":"Comment","target":["https:\/\/dmcsrb.com\/drustvo\/dukaj-izvjestaj-evropske-komisije-potvrda-ispravnosti-reformskog-kursa-ministarstva-javne-uprave\/#respond"]}]},{"@type":"WebPage","@id":"https:\/\/dmcsrb.com\/drustvo\/dukaj-izvjestaj-evropske-komisije-potvrda-ispravnosti-reformskog-kursa-ministarstva-javne-uprave\/","url":"https:\/\/dmcsrb.com\/drustvo\/dukaj-izvjestaj-evropske-komisije-potvrda-ispravnosti-reformskog-kursa-ministarstva-javne-uprave\/","name":"Dukaj: Izvje\u0161taj \u00a0Evropske komisije - potvrda ispravnosti reformskog kursa Ministarstva javne uprave - dmcsrb.com","isPartOf":{"@id":"https:\/\/dmcsrb.com\/#website"},"primaryImageOfPage":{"@id":"https:\/\/dmcsrb.com\/drustvo\/dukaj-izvjestaj-evropske-komisije-potvrda-ispravnosti-reformskog-kursa-ministarstva-javne-uprave\/#primaryimage"},"image":{"@id":"https:\/\/dmcsrb.com\/drustvo\/dukaj-izvjestaj-evropske-komisije-potvrda-ispravnosti-reformskog-kursa-ministarstva-javne-uprave\/#primaryimage"},"thumbnailUrl":"https:\/\/dmcsrb.com\/wp-content\/uploads\/2026\/01\/Marash-Dukaj.webp","datePublished":"2025-11-13T09:52:00+00:00","author":{"@id":"https:\/\/dmcsrb.com\/#\/schema\/person\/5c39170f12db1b8b457732d0b5c854e2"},"breadcrumb":{"@id":"https:\/\/dmcsrb.com\/drustvo\/dukaj-izvjestaj-evropske-komisije-potvrda-ispravnosti-reformskog-kursa-ministarstva-javne-uprave\/#breadcrumb"},"inLanguage":"en-GB","potentialAction":[{"@type":"ReadAction","target":["https:\/\/dmcsrb.com\/drustvo\/dukaj-izvjestaj-evropske-komisije-potvrda-ispravnosti-reformskog-kursa-ministarstva-javne-uprave\/"]}]},{"@type":"ImageObject","inLanguage":"en-GB","@id":"https:\/\/dmcsrb.com\/drustvo\/dukaj-izvjestaj-evropske-komisije-potvrda-ispravnosti-reformskog-kursa-ministarstva-javne-uprave\/#primaryimage","url":"https:\/\/dmcsrb.com\/wp-content\/uploads\/2026\/01\/Marash-Dukaj.webp","contentUrl":"https:\/\/dmcsrb.com\/wp-content\/uploads\/2026\/01\/Marash-Dukaj.webp","width":2500,"height":1667},{"@type":"BreadcrumbList","@id":"https:\/\/dmcsrb.com\/drustvo\/dukaj-izvjestaj-evropske-komisije-potvrda-ispravnosti-reformskog-kursa-ministarstva-javne-uprave\/#breadcrumb","itemListElement":[{"@type":"ListItem","position":1,"name":"Home","item":"https:\/\/dmcsrb.com\/"},{"@type":"ListItem","position":2,"name":"Dukaj: Izvje\u0161taj \u00a0Evropske komisije &#8211; potvrda ispravnosti reformskog kursa Ministarstva javne uprave"}]},{"@type":"WebSite","@id":"https:\/\/dmcsrb.com\/#website","url":"https:\/\/dmcsrb.com\/","name":"dmcsrb.com","description":"","potentialAction":[{"@type":"SearchAction","target":{"@type":"EntryPoint","urlTemplate":"https:\/\/dmcsrb.com\/?s={search_term_string}"},"query-input":{"@type":"PropertyValueSpecification","valueRequired":true,"valueName":"search_term_string"}}],"inLanguage":"en-GB"},{"@type":"Person","@id":"https:\/\/dmcsrb.com\/#\/schema\/person\/5c39170f12db1b8b457732d0b5c854e2","name":"dmcsrbija.com@gmail.com","image":{"@type":"ImageObject","inLanguage":"en-GB","@id":"https:\/\/secure.gravatar.com\/avatar\/68592660ad6347fad0fb587f8d5d8f1a7b44961362f56e4f2cd524feb87e9069?s=96&d=mm&r=g","url":"https:\/\/secure.gravatar.com\/avatar\/68592660ad6347fad0fb587f8d5d8f1a7b44961362f56e4f2cd524feb87e9069?s=96&d=mm&r=g","contentUrl":"https:\/\/secure.gravatar.com\/avatar\/68592660ad6347fad0fb587f8d5d8f1a7b44961362f56e4f2cd524feb87e9069?s=96&d=mm&r=g","caption":"dmcsrbija.com@gmail.com"},"sameAs":["https:\/\/dmcsrb.com"],"url":"https:\/\/dmcsrb.com\/en\/author\/dmcsrbija-comgmail-com\/"}]}},"_links":{"self":[{"href":"https:\/\/dmcsrb.com\/en\/wp-json\/wp\/v2\/posts\/963493","targetHints":{"allow":["GET"]}}],"collection":[{"href":"https:\/\/dmcsrb.com\/en\/wp-json\/wp\/v2\/posts"}],"about":[{"href":"https:\/\/dmcsrb.com\/en\/wp-json\/wp\/v2\/types\/post"}],"author":[{"embeddable":true,"href":"https:\/\/dmcsrb.com\/en\/wp-json\/wp\/v2\/users\/1"}],"replies":[{"embeddable":true,"href":"https:\/\/dmcsrb.com\/en\/wp-json\/wp\/v2\/comments?post=963493"}],"version-history":[{"count":0,"href":"https:\/\/dmcsrb.com\/en\/wp-json\/wp\/v2\/posts\/963493\/revisions"}],"wp:featuredmedia":[{"embeddable":true,"href":"https:\/\/dmcsrb.com\/en\/wp-json\/wp\/v2\/media\/963494"}],"wp:attachment":[{"href":"https:\/\/dmcsrb.com\/en\/wp-json\/wp\/v2\/media?parent=963493"}],"wp:term":[{"taxonomy":"category","embeddable":true,"href":"https:\/\/dmcsrb.com\/en\/wp-json\/wp\/v2\/categories?post=963493"},{"taxonomy":"post_tag","embeddable":true,"href":"https:\/\/dmcsrb.com\/en\/wp-json\/wp\/v2\/tags?post=963493"},{"taxonomy":"naslovna","embeddable":true,"href":"https:\/\/dmcsrb.com\/en\/wp-json\/wp\/v2\/naslovna?post=963493"}],"curies":[{"name":"wp","href":"https:\/\/api.w.org\/{rel}","templated":true}]}}