{"id":963467,"date":"2025-11-13T08:32:00","date_gmt":"2025-11-13T07:32:00","guid":{"rendered":"https:\/\/dmcsrb.com\/uncategorized\/lakusic-novi-rezervoar-u-budvi-strateski-korak-za-stabilno-vodosnabdijevanje-primorja\/"},"modified":"2025-11-13T08:32:00","modified_gmt":"2025-11-13T07:32:00","slug":"lakusic-novi-rezervoar-u-budvi-strateski-korak-za-stabilno-vodosnabdijevanje-primorja","status":"publish","type":"post","link":"https:\/\/dmcsrb.com\/en\/drustvo\/lakusic-novi-rezervoar-u-budvi-strateski-korak-za-stabilno-vodosnabdijevanje-primorja\/","title":{"rendered":"Laku\u0161i\u0107: Novi rezervoar u Budvi strate\u0161ki korak za stabilno vodosnabdijevanje primorja"},"content":{"rendered":"<p>Laku\u0161i\u0107 je istakao da je 2025. godina bila jubilarna za Regionalni vodovod, jer se obilje\u017eava 50 godina od njegovog osnivanja i 15 godina operativnog rada. Ova godina, kako je rekao, donijela je istorijske rezultate i potvrdila da je Regionalni vodovod klju\u010dni stub stabilnosti vodosnabdijevanja primorskih op\u0161tina.<\/p>\n\n\n\n<p>\u201eZadovoljan sam postignutim rezultatima, ne samo ja, ve\u0107 i Odbor direktora, resorno ministarstvo i Vlada Crne Gore. Zahvaljuju\u0107i timskom radu i dobroj saradnji sa izvr\u0161nim direktorom Krstom Radovi\u0107em, ministarstvima i Vladom Crne Gore, ostvarili smo odli\u010dne rezultate. Crnogorsko primorje je tokom ove godine imalo dovoljno vode, a svi zahtjevi lokalnih vodovoda su uredno ispunjeni,\u201c istakao je Laku\u0161i\u0107.<\/p>\n\n\n\n<p>Govore\u0107i o gubicima na mre\u017ei, Laku\u0161i\u0107 je naveo da su oni u okviru evropskih standarda i iznose svega 6 do 7 odsto, zahvaljuju\u0107i kontinuiranim ulaganjima u modernizaciju infrastrukture. Samo tokom ove godine ulo\u017eeno je vi\u0161e od milion eura u unapre\u0111enje sistema i smanjenje gubitaka.<\/p>\n\n\n\n<p>Posebno je naglasio zna\u010daj izgradnje novog rezervoara zapremine 4000 m\u00b3 na Prijevoru u Budvi, koji \u0107e, po zavr\u0161etku radova, zna\u010dajno pove\u0107ati stabilnost vodosnabdijevanja za op\u0161tine Tivat, Kotor i Herceg Novi.<\/p>\n\n\n\n<p>&nbsp;\u201eBez dovoljnog rezervoarskog prostora nema stabilnog vodosnabdijevanja primorja. Uo\u010dili smo da nedostaju desetine hiljada kubika kapaciteta, pa je ovaj projekat od strate\u0161kog zna\u010daja. Vrijednost investicije iznosi oko 2,5 miliona eura, a radovi \u0107e biti zavr\u0161eni do naredne ljetnje turisti\u010dke sezone,\u201c kazao je Laku\u0161i\u0107.<\/p>","protected":false},"excerpt":{"rendered":"<p>Predsjednik Odbora direktora Regionalnog vodovoda Crnogorsko primorje, Zoran Laku\u0161i\u0107, bio je gost emisije Mre\u017ea.me na RTCG-u, gdje je govorio o rekordnim rezultatima u 2025. godini, izgradnji novog rezervoara na Prijevoru u Budvi i inovacijama koje \u0107e unaprijediti stabilnost sistema vodosnabdijevanja na crnogorskom primorju, saop\u0161teno je iz Regionalnog vodovoda Crnogorsko primorje.<\/p>","protected":false},"author":1,"featured_media":957232,"comment_status":"open","ping_status":"open","sticky":false,"template":"","format":"standard","meta":{"_acf_changed":false,"footnotes":""},"categories":[2],"tags":[186,12556,774,508],"naslovna":[],"class_list":["post-963467","post","type-post","status-publish","format-standard","has-post-thumbnail","hentry","category-drustvo","tag-budva","tag-rezervoar","tag-vodovod","tag-zoran-lakusic"],"acf":[],"yoast_head":"<!-- This site is optimized with the Yoast SEO plugin v27.4 - https:\/\/yoast.com\/product\/yoast-seo-wordpress\/ -->\n<title>Laku\u0161i\u0107: Novi rezervoar u Budvi strate\u0161ki korak za stabilno vodosnabdijevanje primorja - dmcsrb.com<\/title>\n<meta name=\"robots\" content=\"index, follow, max-snippet:-1, max-image-preview:large, max-video-preview:-1\" \/>\n<link rel=\"canonical\" href=\"https:\/\/dmcsrb.com\/en\/drustvo\/lakusic-novi-rezervoar-u-budvi-strateski-korak-za-stabilno-vodosnabdijevanje-primorja\/\" \/>\n<meta property=\"og:locale\" content=\"en_GB\" \/>\n<meta property=\"og:type\" content=\"article\" \/>\n<meta property=\"og:title\" content=\"Laku\u0161i\u0107: Novi rezervoar u Budvi strate\u0161ki korak za stabilno vodosnabdijevanje primorja - dmcsrb.com\" \/>\n<meta property=\"og:description\" content=\"Predsjednik Odbora direktora Regionalnog vodovoda Crnogorsko primorje, Zoran Laku\u0161i\u0107, bio je gost emisije Mre\u017ea.me na RTCG-u, gdje je govorio o rekordnim rezultatima u 2025. godini, izgradnji novog rezervoara na Prijevoru u Budvi i inovacijama koje \u0107e unaprijediti stabilnost sistema vodosnabdijevanja na crnogorskom primorju, saop\u0161teno je iz Regionalnog vodovoda Crnogorsko primorje.\" \/>\n<meta property=\"og:url\" content=\"https:\/\/dmcsrb.com\/en\/drustvo\/lakusic-novi-rezervoar-u-budvi-strateski-korak-za-stabilno-vodosnabdijevanje-primorja\/\" \/>\n<meta property=\"og:site_name\" content=\"dmcsrb.com\" \/>\n<meta property=\"article:published_time\" content=\"2025-11-13T07:32:00+00:00\" \/>\n<meta property=\"og:image\" content=\"https:\/\/dmcsrb.com\/wp-content\/uploads\/2026\/01\/IMG-d8d00409bd6f5195954da982b01a7186-V.webp\" \/>\n\t<meta property=\"og:image:width\" content=\"1600\" \/>\n\t<meta property=\"og:image:height\" content=\"902\" \/>\n\t<meta property=\"og:image:type\" content=\"image\/jpeg\" \/>\n<meta name=\"author\" content=\"dmcsrbija.com@gmail.com\" \/>\n<meta name=\"twitter:card\" content=\"summary_large_image\" \/>\n<meta name=\"twitter:label1\" content=\"Written by\" \/>\n\t<meta name=\"twitter:data1\" content=\"dmcsrbija.com@gmail.com\" \/>\n\t<meta name=\"twitter:label2\" content=\"Estimated reading time\" \/>\n\t<meta name=\"twitter:data2\" content=\"1 minute\" \/>\n<script type=\"application\/ld+json\" class=\"yoast-schema-graph\">{\"@context\":\"https:\\\/\\\/schema.org\",\"@graph\":[{\"@type\":\"Article\",\"@id\":\"https:\\\/\\\/dmcsrb.com\\\/drustvo\\\/lakusic-novi-rezervoar-u-budvi-strateski-korak-za-stabilno-vodosnabdijevanje-primorja\\\/#article\",\"isPartOf\":{\"@id\":\"https:\\\/\\\/dmcsrb.com\\\/drustvo\\\/lakusic-novi-rezervoar-u-budvi-strateski-korak-za-stabilno-vodosnabdijevanje-primorja\\\/\"},\"author\":{\"name\":\"dmcsrbija.com@gmail.com\",\"@id\":\"https:\\\/\\\/dmcsrb.com\\\/#\\\/schema\\\/person\\\/5c39170f12db1b8b457732d0b5c854e2\"},\"headline\":\"Laku\u0161i\u0107: Novi rezervoar u Budvi strate\u0161ki korak za stabilno vodosnabdijevanje primorja\",\"datePublished\":\"2025-11-13T07:32:00+00:00\",\"mainEntityOfPage\":{\"@id\":\"https:\\\/\\\/dmcsrb.com\\\/drustvo\\\/lakusic-novi-rezervoar-u-budvi-strateski-korak-za-stabilno-vodosnabdijevanje-primorja\\\/\"},\"wordCount\":254,\"commentCount\":0,\"image\":{\"@id\":\"https:\\\/\\\/dmcsrb.com\\\/drustvo\\\/lakusic-novi-rezervoar-u-budvi-strateski-korak-za-stabilno-vodosnabdijevanje-primorja\\\/#primaryimage\"},\"thumbnailUrl\":\"https:\\\/\\\/dmcsrb.com\\\/wp-content\\\/uploads\\\/2026\\\/01\\\/IMG-d8d00409bd6f5195954da982b01a7186-V.webp\",\"keywords\":[\"budva\",\"rezervoar\",\"vodovod\",\"Zoran laku\u0161i\u0107\"],\"articleSection\":[\"Dru\u0161tvo\"],\"inLanguage\":\"en-GB\",\"potentialAction\":[{\"@type\":\"CommentAction\",\"name\":\"Comment\",\"target\":[\"https:\\\/\\\/dmcsrb.com\\\/drustvo\\\/lakusic-novi-rezervoar-u-budvi-strateski-korak-za-stabilno-vodosnabdijevanje-primorja\\\/#respond\"]}]},{\"@type\":\"WebPage\",\"@id\":\"https:\\\/\\\/dmcsrb.com\\\/drustvo\\\/lakusic-novi-rezervoar-u-budvi-strateski-korak-za-stabilno-vodosnabdijevanje-primorja\\\/\",\"url\":\"https:\\\/\\\/dmcsrb.com\\\/drustvo\\\/lakusic-novi-rezervoar-u-budvi-strateski-korak-za-stabilno-vodosnabdijevanje-primorja\\\/\",\"name\":\"Laku\u0161i\u0107: Novi rezervoar u Budvi strate\u0161ki korak za stabilno vodosnabdijevanje primorja - dmcsrb.com\",\"isPartOf\":{\"@id\":\"https:\\\/\\\/dmcsrb.com\\\/#website\"},\"primaryImageOfPage\":{\"@id\":\"https:\\\/\\\/dmcsrb.com\\\/drustvo\\\/lakusic-novi-rezervoar-u-budvi-strateski-korak-za-stabilno-vodosnabdijevanje-primorja\\\/#primaryimage\"},\"image\":{\"@id\":\"https:\\\/\\\/dmcsrb.com\\\/drustvo\\\/lakusic-novi-rezervoar-u-budvi-strateski-korak-za-stabilno-vodosnabdijevanje-primorja\\\/#primaryimage\"},\"thumbnailUrl\":\"https:\\\/\\\/dmcsrb.com\\\/wp-content\\\/uploads\\\/2026\\\/01\\\/IMG-d8d00409bd6f5195954da982b01a7186-V.webp\",\"datePublished\":\"2025-11-13T07:32:00+00:00\",\"author\":{\"@id\":\"https:\\\/\\\/dmcsrb.com\\\/#\\\/schema\\\/person\\\/5c39170f12db1b8b457732d0b5c854e2\"},\"breadcrumb\":{\"@id\":\"https:\\\/\\\/dmcsrb.com\\\/drustvo\\\/lakusic-novi-rezervoar-u-budvi-strateski-korak-za-stabilno-vodosnabdijevanje-primorja\\\/#breadcrumb\"},\"inLanguage\":\"en-GB\",\"potentialAction\":[{\"@type\":\"ReadAction\",\"target\":[\"https:\\\/\\\/dmcsrb.com\\\/drustvo\\\/lakusic-novi-rezervoar-u-budvi-strateski-korak-za-stabilno-vodosnabdijevanje-primorja\\\/\"]}]},{\"@type\":\"ImageObject\",\"inLanguage\":\"en-GB\",\"@id\":\"https:\\\/\\\/dmcsrb.com\\\/drustvo\\\/lakusic-novi-rezervoar-u-budvi-strateski-korak-za-stabilno-vodosnabdijevanje-primorja\\\/#primaryimage\",\"url\":\"https:\\\/\\\/dmcsrb.com\\\/wp-content\\\/uploads\\\/2026\\\/01\\\/IMG-d8d00409bd6f5195954da982b01a7186-V.webp\",\"contentUrl\":\"https:\\\/\\\/dmcsrb.com\\\/wp-content\\\/uploads\\\/2026\\\/01\\\/IMG-d8d00409bd6f5195954da982b01a7186-V.webp\",\"width\":1600,\"height\":902},{\"@type\":\"BreadcrumbList\",\"@id\":\"https:\\\/\\\/dmcsrb.com\\\/drustvo\\\/lakusic-novi-rezervoar-u-budvi-strateski-korak-za-stabilno-vodosnabdijevanje-primorja\\\/#breadcrumb\",\"itemListElement\":[{\"@type\":\"ListItem\",\"position\":1,\"name\":\"Home\",\"item\":\"https:\\\/\\\/dmcsrb.com\\\/\"},{\"@type\":\"ListItem\",\"position\":2,\"name\":\"Laku\u0161i\u0107: Novi rezervoar u Budvi strate\u0161ki korak za stabilno vodosnabdijevanje primorja\"}]},{\"@type\":\"WebSite\",\"@id\":\"https:\\\/\\\/dmcsrb.com\\\/#website\",\"url\":\"https:\\\/\\\/dmcsrb.com\\\/\",\"name\":\"dmcsrb.com\",\"description\":\"\",\"potentialAction\":[{\"@type\":\"SearchAction\",\"target\":{\"@type\":\"EntryPoint\",\"urlTemplate\":\"https:\\\/\\\/dmcsrb.com\\\/?s={search_term_string}\"},\"query-input\":{\"@type\":\"PropertyValueSpecification\",\"valueRequired\":true,\"valueName\":\"search_term_string\"}}],\"inLanguage\":\"en-GB\"},{\"@type\":\"Person\",\"@id\":\"https:\\\/\\\/dmcsrb.com\\\/#\\\/schema\\\/person\\\/5c39170f12db1b8b457732d0b5c854e2\",\"name\":\"dmcsrbija.com@gmail.com\",\"image\":{\"@type\":\"ImageObject\",\"inLanguage\":\"en-GB\",\"@id\":\"https:\\\/\\\/secure.gravatar.com\\\/avatar\\\/68592660ad6347fad0fb587f8d5d8f1a7b44961362f56e4f2cd524feb87e9069?s=96&d=mm&r=g\",\"url\":\"https:\\\/\\\/secure.gravatar.com\\\/avatar\\\/68592660ad6347fad0fb587f8d5d8f1a7b44961362f56e4f2cd524feb87e9069?s=96&d=mm&r=g\",\"contentUrl\":\"https:\\\/\\\/secure.gravatar.com\\\/avatar\\\/68592660ad6347fad0fb587f8d5d8f1a7b44961362f56e4f2cd524feb87e9069?s=96&d=mm&r=g\",\"caption\":\"dmcsrbija.com@gmail.com\"},\"sameAs\":[\"https:\\\/\\\/dmcsrb.com\"],\"url\":\"https:\\\/\\\/dmcsrb.com\\\/en\\\/author\\\/dmcsrbija-comgmail-com\\\/\"}]}<\/script>\n<!-- \/ Yoast SEO plugin. -->","yoast_head_json":{"title":"Laku\u0161i\u0107: Novi rezervoar u Budvi strate\u0161ki korak za stabilno vodosnabdijevanje primorja - dmcsrb.com","robots":{"index":"index","follow":"follow","max-snippet":"max-snippet:-1","max-image-preview":"max-image-preview:large","max-video-preview":"max-video-preview:-1"},"canonical":"https:\/\/dmcsrb.com\/en\/drustvo\/lakusic-novi-rezervoar-u-budvi-strateski-korak-za-stabilno-vodosnabdijevanje-primorja\/","og_locale":"en_GB","og_type":"article","og_title":"Laku\u0161i\u0107: Novi rezervoar u Budvi strate\u0161ki korak za stabilno vodosnabdijevanje primorja - dmcsrb.com","og_description":"Predsjednik Odbora direktora Regionalnog vodovoda Crnogorsko primorje, Zoran Laku\u0161i\u0107, bio je gost emisije Mre\u017ea.me na RTCG-u, gdje je govorio o rekordnim rezultatima u 2025. godini, izgradnji novog rezervoara na Prijevoru u Budvi i inovacijama koje \u0107e unaprijediti stabilnost sistema vodosnabdijevanja na crnogorskom primorju, saop\u0161teno je iz Regionalnog vodovoda Crnogorsko primorje.","og_url":"https:\/\/dmcsrb.com\/en\/drustvo\/lakusic-novi-rezervoar-u-budvi-strateski-korak-za-stabilno-vodosnabdijevanje-primorja\/","og_site_name":"dmcsrb.com","article_published_time":"2025-11-13T07:32:00+00:00","og_image":[{"width":1600,"height":902,"url":"https:\/\/dmcsrb.com\/wp-content\/uploads\/2026\/01\/IMG-d8d00409bd6f5195954da982b01a7186-V.webp","type":"image\/jpeg"}],"author":"dmcsrbija.com@gmail.com","twitter_card":"summary_large_image","twitter_misc":{"Written by":"dmcsrbija.com@gmail.com","Estimated reading time":"1 minute"},"schema":{"@context":"https:\/\/schema.org","@graph":[{"@type":"Article","@id":"https:\/\/dmcsrb.com\/drustvo\/lakusic-novi-rezervoar-u-budvi-strateski-korak-za-stabilno-vodosnabdijevanje-primorja\/#article","isPartOf":{"@id":"https:\/\/dmcsrb.com\/drustvo\/lakusic-novi-rezervoar-u-budvi-strateski-korak-za-stabilno-vodosnabdijevanje-primorja\/"},"author":{"name":"dmcsrbija.com@gmail.com","@id":"https:\/\/dmcsrb.com\/#\/schema\/person\/5c39170f12db1b8b457732d0b5c854e2"},"headline":"Laku\u0161i\u0107: Novi rezervoar u Budvi strate\u0161ki korak za stabilno vodosnabdijevanje primorja","datePublished":"2025-11-13T07:32:00+00:00","mainEntityOfPage":{"@id":"https:\/\/dmcsrb.com\/drustvo\/lakusic-novi-rezervoar-u-budvi-strateski-korak-za-stabilno-vodosnabdijevanje-primorja\/"},"wordCount":254,"commentCount":0,"image":{"@id":"https:\/\/dmcsrb.com\/drustvo\/lakusic-novi-rezervoar-u-budvi-strateski-korak-za-stabilno-vodosnabdijevanje-primorja\/#primaryimage"},"thumbnailUrl":"https:\/\/dmcsrb.com\/wp-content\/uploads\/2026\/01\/IMG-d8d00409bd6f5195954da982b01a7186-V.webp","keywords":["budva","rezervoar","vodovod","Zoran laku\u0161i\u0107"],"articleSection":["Dru\u0161tvo"],"inLanguage":"en-GB","potentialAction":[{"@type":"CommentAction","name":"Comment","target":["https:\/\/dmcsrb.com\/drustvo\/lakusic-novi-rezervoar-u-budvi-strateski-korak-za-stabilno-vodosnabdijevanje-primorja\/#respond"]}]},{"@type":"WebPage","@id":"https:\/\/dmcsrb.com\/drustvo\/lakusic-novi-rezervoar-u-budvi-strateski-korak-za-stabilno-vodosnabdijevanje-primorja\/","url":"https:\/\/dmcsrb.com\/drustvo\/lakusic-novi-rezervoar-u-budvi-strateski-korak-za-stabilno-vodosnabdijevanje-primorja\/","name":"Laku\u0161i\u0107: Novi rezervoar u Budvi strate\u0161ki korak za stabilno vodosnabdijevanje primorja - dmcsrb.com","isPartOf":{"@id":"https:\/\/dmcsrb.com\/#website"},"primaryImageOfPage":{"@id":"https:\/\/dmcsrb.com\/drustvo\/lakusic-novi-rezervoar-u-budvi-strateski-korak-za-stabilno-vodosnabdijevanje-primorja\/#primaryimage"},"image":{"@id":"https:\/\/dmcsrb.com\/drustvo\/lakusic-novi-rezervoar-u-budvi-strateski-korak-za-stabilno-vodosnabdijevanje-primorja\/#primaryimage"},"thumbnailUrl":"https:\/\/dmcsrb.com\/wp-content\/uploads\/2026\/01\/IMG-d8d00409bd6f5195954da982b01a7186-V.webp","datePublished":"2025-11-13T07:32:00+00:00","author":{"@id":"https:\/\/dmcsrb.com\/#\/schema\/person\/5c39170f12db1b8b457732d0b5c854e2"},"breadcrumb":{"@id":"https:\/\/dmcsrb.com\/drustvo\/lakusic-novi-rezervoar-u-budvi-strateski-korak-za-stabilno-vodosnabdijevanje-primorja\/#breadcrumb"},"inLanguage":"en-GB","potentialAction":[{"@type":"ReadAction","target":["https:\/\/dmcsrb.com\/drustvo\/lakusic-novi-rezervoar-u-budvi-strateski-korak-za-stabilno-vodosnabdijevanje-primorja\/"]}]},{"@type":"ImageObject","inLanguage":"en-GB","@id":"https:\/\/dmcsrb.com\/drustvo\/lakusic-novi-rezervoar-u-budvi-strateski-korak-za-stabilno-vodosnabdijevanje-primorja\/#primaryimage","url":"https:\/\/dmcsrb.com\/wp-content\/uploads\/2026\/01\/IMG-d8d00409bd6f5195954da982b01a7186-V.webp","contentUrl":"https:\/\/dmcsrb.com\/wp-content\/uploads\/2026\/01\/IMG-d8d00409bd6f5195954da982b01a7186-V.webp","width":1600,"height":902},{"@type":"BreadcrumbList","@id":"https:\/\/dmcsrb.com\/drustvo\/lakusic-novi-rezervoar-u-budvi-strateski-korak-za-stabilno-vodosnabdijevanje-primorja\/#breadcrumb","itemListElement":[{"@type":"ListItem","position":1,"name":"Home","item":"https:\/\/dmcsrb.com\/"},{"@type":"ListItem","position":2,"name":"Laku\u0161i\u0107: Novi rezervoar u Budvi strate\u0161ki korak za stabilno vodosnabdijevanje primorja"}]},{"@type":"WebSite","@id":"https:\/\/dmcsrb.com\/#website","url":"https:\/\/dmcsrb.com\/","name":"dmcsrb.com","description":"","potentialAction":[{"@type":"SearchAction","target":{"@type":"EntryPoint","urlTemplate":"https:\/\/dmcsrb.com\/?s={search_term_string}"},"query-input":{"@type":"PropertyValueSpecification","valueRequired":true,"valueName":"search_term_string"}}],"inLanguage":"en-GB"},{"@type":"Person","@id":"https:\/\/dmcsrb.com\/#\/schema\/person\/5c39170f12db1b8b457732d0b5c854e2","name":"dmcsrbija.com@gmail.com","image":{"@type":"ImageObject","inLanguage":"en-GB","@id":"https:\/\/secure.gravatar.com\/avatar\/68592660ad6347fad0fb587f8d5d8f1a7b44961362f56e4f2cd524feb87e9069?s=96&d=mm&r=g","url":"https:\/\/secure.gravatar.com\/avatar\/68592660ad6347fad0fb587f8d5d8f1a7b44961362f56e4f2cd524feb87e9069?s=96&d=mm&r=g","contentUrl":"https:\/\/secure.gravatar.com\/avatar\/68592660ad6347fad0fb587f8d5d8f1a7b44961362f56e4f2cd524feb87e9069?s=96&d=mm&r=g","caption":"dmcsrbija.com@gmail.com"},"sameAs":["https:\/\/dmcsrb.com"],"url":"https:\/\/dmcsrb.com\/en\/author\/dmcsrbija-comgmail-com\/"}]}},"_links":{"self":[{"href":"https:\/\/dmcsrb.com\/en\/wp-json\/wp\/v2\/posts\/963467","targetHints":{"allow":["GET"]}}],"collection":[{"href":"https:\/\/dmcsrb.com\/en\/wp-json\/wp\/v2\/posts"}],"about":[{"href":"https:\/\/dmcsrb.com\/en\/wp-json\/wp\/v2\/types\/post"}],"author":[{"embeddable":true,"href":"https:\/\/dmcsrb.com\/en\/wp-json\/wp\/v2\/users\/1"}],"replies":[{"embeddable":true,"href":"https:\/\/dmcsrb.com\/en\/wp-json\/wp\/v2\/comments?post=963467"}],"version-history":[{"count":0,"href":"https:\/\/dmcsrb.com\/en\/wp-json\/wp\/v2\/posts\/963467\/revisions"}],"wp:featuredmedia":[{"embeddable":true,"href":"https:\/\/dmcsrb.com\/en\/wp-json\/wp\/v2\/media\/957232"}],"wp:attachment":[{"href":"https:\/\/dmcsrb.com\/en\/wp-json\/wp\/v2\/media?parent=963467"}],"wp:term":[{"taxonomy":"category","embeddable":true,"href":"https:\/\/dmcsrb.com\/en\/wp-json\/wp\/v2\/categories?post=963467"},{"taxonomy":"post_tag","embeddable":true,"href":"https:\/\/dmcsrb.com\/en\/wp-json\/wp\/v2\/tags?post=963467"},{"taxonomy":"naslovna","embeddable":true,"href":"https:\/\/dmcsrb.com\/en\/wp-json\/wp\/v2\/naslovna?post=963467"}],"curies":[{"name":"wp","href":"https:\/\/api.w.org\/{rel}","templated":true}]}}