{"id":963445,"date":"2025-11-12T20:40:00","date_gmt":"2025-11-12T19:40:00","guid":{"rendered":"https:\/\/dmcsrb.com\/uncategorized\/potresi-u-vrhu-britanske-vlasti-sprema-se-rusenje-kira-starmera\/"},"modified":"2025-11-12T20:40:00","modified_gmt":"2025-11-12T19:40:00","slug":"potresi-u-vrhu-britanske-vlasti-sprema-se-rusenje-kira-starmera","status":"publish","type":"post","link":"https:\/\/dmcsrb.com\/en\/svijet\/potresi-u-vrhu-britanske-vlasti-sprema-se-rusenje-kira-starmera\/","title":{"rendered":"Potresi u vrhu britanske vlasti: Sprema se ru\u0161enje Kira Starmera?"},"content":{"rendered":"<p><\/p>\n\n\n\n<p>Striting je poru\u010dio Starmeru da bi trebao da otpusti one koji u medije pu\u0161taju takve pri\u010de.<\/p>\n\n\n\n<h2 class=\"wp-block-heading\">Ugro\u017eena Starmerova pozicija?<\/h2>\n\n\n\n<p>Pojedini Starmerovi saveznici izrazili su sumnju da bi njegova pozicija mogla biti &#8220;odmah ugro\u017eena&#8221;, a me\u0111u potencijalnim suparnicima posebno su spominjali upravo Stritinga.<\/p>\n\n\n\n<p>Govore\u0107i za BBC, ministar zdravlja rekao je da &#8220;ne mo\u017ee zamisliti nijedan scenario u kojem bi to u\u010dinio premijeru&#8221;.<\/p>\n\n\n\n<p>&#8220;Ti su napadi najgore \u0161to se dogodilo nekom lojalnom \u010dlanu otkako je D\u017eo Marler izba\u010den iz finala serije &#8216;The Traitors'&#8221;, rekao je Striting u \u0161ali, dodav\u0161i da bi &#8220;oni koji \u0161ire glasine trebalo manje da gledaju &#8216;Celebrity Traitors&#8217;, a vi\u0161e &#8216;Countyfile'&#8221;.<\/p>\n\n\n\n<p>Pohvalio je novu zamjenicu premijera Lusi Povel zbog komentara o &#8220;toksi\u010dnoj kulturi u kancelariji premijera&#8221;.<\/p>\n\n\n\n<p>&#8220;Barem su se ovaj put odlu\u010dili napasti jednog mu\u0161karca u kabinetu, a ne \u017eene&#8221;, dodao je Striting.<\/p>\n\n\n\n<p>Na pitanje da li bi premijer trebalo da otpusti one koji stoje iza curenja informacija, Striting je odgovorio: &#8220;Da, ali prvo ih mora prona\u0107i. Ne o\u010dekujem da \u0107e tro\u0161iti previ\u0161e vremena na to.&#8221;<\/p>\n\n\n\n<h2 class=\"wp-block-heading\">Rasprave o mogu\u0107im izaziva\u010dima<\/h2>\n\n\n\n<p>U politi\u010dkim krugovima spominju se i druga imena koja bi mogla u\u0107i u trku za vo\u0111stvo ako bi do toga do\u0161lo: ministarka unutra\u0161njih poslova \u0160abana Mahmud, ministar energetike Ed Miliband te biv\u0161a ministarka saobra\u0107aja Luiz Hejg.<\/p>\n\n\n\n<p>Saveznici premijera jasno daju do znanja da \u0107e se boriti protiv bilo kakvog izazova njegovom vo\u0111stvu od strane laburisti\u010dkih poslanika, prenio je&nbsp;<a href=\"https:\/\/www.bbc.com\/news\/articles\/c5y0z2q2g2ro\" rel=\"noreferrer noopener\" target=\"_blank\">BBC<\/a>.<\/p>\n\n\n\n<p>Britanski servis dodaje da &#8220;postoje strahovi onih odanih Starmeru da bi njegov posao mogao biti pod neposrednom prijetnjom, mo\u017eda ve\u0107 ubrzo nakon bud\u017eeta za dvije sedmice&#8221;.<\/p>\n\n\n\n<p>Kriti\u010dari ka\u017eu da je to dokaz da je Downing Street &#8220;u punom bunkerskom na\u010dinu rada&#8221; koji &#8220;ne\u0107e pomo\u0107i Vladi da iza\u0111e iz rupe u kojoj se nalazi&#8221;, prenosi BBC.<\/p>\n\n\n\n<p>Jedan ministar izjavio je da \u0107e Starmer &#8220;braniti svoju poziciju&#8221;, uporediv\u0161i situaciju sa lokalnim izborima 2021, kada je Laburisti\u010dka stranka izgubila izbornu jedinicu Hartlepul, a Starmer tada razmatrao ostavku.<\/p>\n\n\n\n<p>&#8220;Ovo nije trenutak kao Hartlepul. On je jedan od samo dvojice ljudi koji su u novije vrijeme dobili op\u0161te izbore za laburiste. Bilo bi ludilo poku\u0161avati ga sru\u0161iti nakon samo 17 mjeseci&#8221;, rekao je ovaj ministar.<\/p>\n\n\n\n<p>Prema pravilima stranke, za pokretanje unutarstrana\u010dkog izazova potrebno je da 20 odsto laburisti\u010dkih poslanika, kojih je trenutno 81, slu\u017ebeno nominuje protivkandidata.<\/p>\n\n\n\n<h2 class=\"wp-block-heading\">&#8220;Nije vrijeme za unutarstrana\u010dke sukobe&#8221;<\/h2>\n\n\n\n<p>Predsjednica grupe poslanika laburista D\u017eo Vajt iz takozvanih &#8220;Red Val&#8221; izbornih okruga izjavila je da &#8220;ovo nije ni vrijeme ni mjesto za \u0161irenje glasina o borbi za vo\u0111stvo&#8221;.<\/p>\n\n\n\n<p>&#8220;Ovo su ljudi koji misle da su pametniji od svih nas. Curi se selektivno prema novinarima, a mi im poru\u010dujemo: Dosta! Mislim da u kancelariji premijera napadaju pogre\u0161nu osobu kad idu protiv Stritinga&#8221;, rekla je Vajtova.<\/p>\n\n\n\n<p>Uprkos uvjerljivoj pobjedi Laburisti\u010dke stranke na izborima u julu 2024, Starmer se posljednjih mjeseci suo\u010dava sa padom popularnosti i sve vi\u0161e nezadovoljstva unutar stranke.&nbsp;<\/p>\n\n\n\n<p>Anketni rezultati pokazuju da je javna podr\u0161ka premijeru u padu, a mnogi unutar Laburisti\u010dke stranke strahuju od te\u0161kih poraza na regionalnim izborima u \u0160kotskoj i Velsu te na lokalnim izborima u Engleskoj idu\u0107e godine.&nbsp;<\/p>\n\n\n\n<p>&#8220;Lako je re\u0107i da pri\u010dekamo lokalne izbore, ali to zna\u010di da svoje aktiviste \u0161aljemo ravno u vatru. Ne mogu sebi dopustiti da izgubim sve gradske odbornike&#8221;, rekao je jedan vi\u0161i laburisti\u010dki poslanik.&nbsp;<\/p>\n\n\n\n<p>Drugi izvor je dodao: &#8220;Razlozi zbog kojih bi neko mogao pokrenuti promjenu vo\u0111stva nakon dono\u0161enja bud\u017eeta rastu iz dana u dan. Ako Striting sakupi hrabrost i povu\u010de potez, mo\u017eda do Bo\u017ei\u0107a postane premijer&#8221;, prenosi&nbsp;<a href=\"https:\/\/www.index.hr\/vijesti\/clanak\/potresi-u-vrhu-britanske-vlasti-laburisti-spremaju-rusenje-starmera\/2729843.aspx?index_tid=831207&amp;index_ref=clanak_vijesti_najnovije_d\" rel=\"noreferrer noopener\" target=\"_blank\">Index<\/a>.<\/p>","protected":false},"excerpt":{"rendered":"<p>Britanski ministar zdravlja Ves Striting odbacio je navode da planira izazvati premijera Kira Starmera za vo\u0111stvo vladaju\u0107e Laburisti\u010dke stranke, nazvav\u0161i ih &#8220;samodestruktivnim besmislom&#8221;, iako brojni izvori govore suprotno, prenosi Index.hr.<\/p>","protected":false},"author":1,"featured_media":953189,"comment_status":"open","ping_status":"open","sticky":false,"template":"","format":"standard","meta":{"_acf_changed":false,"footnotes":""},"categories":[144],"tags":[14359,8540,8880,14360],"naslovna":[],"class_list":["post-963445","post","type-post","status-publish","format-standard","has-post-thumbnail","hentry","category-svijet","tag-britanska-vlast","tag-keir-starmer","tag-potresi","tag-rusenje"],"acf":[],"yoast_head":"<!-- This site is optimized with the Yoast SEO plugin v27.4 - https:\/\/yoast.com\/product\/yoast-seo-wordpress\/ -->\n<title>Potresi u vrhu britanske vlasti: Sprema se ru\u0161enje Kira Starmera? - dmcsrb.com<\/title>\n<meta name=\"robots\" content=\"index, follow, max-snippet:-1, max-image-preview:large, max-video-preview:-1\" \/>\n<link rel=\"canonical\" href=\"https:\/\/dmcsrb.com\/en\/svijet\/potresi-u-vrhu-britanske-vlasti-sprema-se-rusenje-kira-starmera\/\" \/>\n<meta property=\"og:locale\" content=\"en_GB\" \/>\n<meta property=\"og:type\" content=\"article\" \/>\n<meta property=\"og:title\" content=\"Potresi u vrhu britanske vlasti: Sprema se ru\u0161enje Kira Starmera? - dmcsrb.com\" \/>\n<meta property=\"og:description\" content=\"Britanski ministar zdravlja Ves Striting odbacio je navode da planira izazvati premijera Kira Starmera za vo\u0111stvo vladaju\u0107e Laburisti\u010dke stranke, nazvav\u0161i ih &quot;samodestruktivnim besmislom&quot;, iako brojni izvori govore suprotno, prenosi Index.hr.\" \/>\n<meta property=\"og:url\" content=\"https:\/\/dmcsrb.com\/en\/svijet\/potresi-u-vrhu-britanske-vlasti-sprema-se-rusenje-kira-starmera\/\" \/>\n<meta property=\"og:site_name\" content=\"dmcsrb.com\" \/>\n<meta property=\"article:published_time\" content=\"2025-11-12T19:40:00+00:00\" \/>\n<meta property=\"og:image\" content=\"https:\/\/dmcsrb.com\/wp-content\/uploads\/2026\/01\/Kir-Starmer-premijer-Britanije-foto-AP.webp\" \/>\n\t<meta property=\"og:image:width\" content=\"1012\" \/>\n\t<meta property=\"og:image:height\" content=\"652\" \/>\n\t<meta property=\"og:image:type\" content=\"image\/jpeg\" \/>\n<meta name=\"author\" content=\"dmcsrbija.com@gmail.com\" \/>\n<meta name=\"twitter:card\" content=\"summary_large_image\" \/>\n<meta name=\"twitter:label1\" content=\"Written by\" \/>\n\t<meta name=\"twitter:data1\" content=\"dmcsrbija.com@gmail.com\" \/>\n\t<meta name=\"twitter:label2\" content=\"Estimated reading time\" \/>\n\t<meta name=\"twitter:data2\" content=\"3 minutes\" \/>\n<script type=\"application\/ld+json\" class=\"yoast-schema-graph\">{\"@context\":\"https:\\\/\\\/schema.org\",\"@graph\":[{\"@type\":\"Article\",\"@id\":\"https:\\\/\\\/dmcsrb.com\\\/svijet\\\/potresi-u-vrhu-britanske-vlasti-sprema-se-rusenje-kira-starmera\\\/#article\",\"isPartOf\":{\"@id\":\"https:\\\/\\\/dmcsrb.com\\\/svijet\\\/potresi-u-vrhu-britanske-vlasti-sprema-se-rusenje-kira-starmera\\\/\"},\"author\":{\"name\":\"dmcsrbija.com@gmail.com\",\"@id\":\"https:\\\/\\\/dmcsrb.com\\\/#\\\/schema\\\/person\\\/5c39170f12db1b8b457732d0b5c854e2\"},\"headline\":\"Potresi u vrhu britanske vlasti: Sprema se ru\u0161enje Kira Starmera?\",\"datePublished\":\"2025-11-12T19:40:00+00:00\",\"mainEntityOfPage\":{\"@id\":\"https:\\\/\\\/dmcsrb.com\\\/svijet\\\/potresi-u-vrhu-britanske-vlasti-sprema-se-rusenje-kira-starmera\\\/\"},\"wordCount\":647,\"commentCount\":0,\"image\":{\"@id\":\"https:\\\/\\\/dmcsrb.com\\\/svijet\\\/potresi-u-vrhu-britanske-vlasti-sprema-se-rusenje-kira-starmera\\\/#primaryimage\"},\"thumbnailUrl\":\"https:\\\/\\\/dmcsrb.com\\\/wp-content\\\/uploads\\\/2026\\\/01\\\/Kir-Starmer-premijer-Britanije-foto-AP.webp\",\"keywords\":[\"Britanska vlast\",\"Keir Starmer\",\"potresi\",\"ru\u0161enje\"],\"articleSection\":[\"Svijet\"],\"inLanguage\":\"en-GB\",\"potentialAction\":[{\"@type\":\"CommentAction\",\"name\":\"Comment\",\"target\":[\"https:\\\/\\\/dmcsrb.com\\\/svijet\\\/potresi-u-vrhu-britanske-vlasti-sprema-se-rusenje-kira-starmera\\\/#respond\"]}]},{\"@type\":\"WebPage\",\"@id\":\"https:\\\/\\\/dmcsrb.com\\\/svijet\\\/potresi-u-vrhu-britanske-vlasti-sprema-se-rusenje-kira-starmera\\\/\",\"url\":\"https:\\\/\\\/dmcsrb.com\\\/svijet\\\/potresi-u-vrhu-britanske-vlasti-sprema-se-rusenje-kira-starmera\\\/\",\"name\":\"Potresi u vrhu britanske vlasti: Sprema se ru\u0161enje Kira Starmera? - dmcsrb.com\",\"isPartOf\":{\"@id\":\"https:\\\/\\\/dmcsrb.com\\\/#website\"},\"primaryImageOfPage\":{\"@id\":\"https:\\\/\\\/dmcsrb.com\\\/svijet\\\/potresi-u-vrhu-britanske-vlasti-sprema-se-rusenje-kira-starmera\\\/#primaryimage\"},\"image\":{\"@id\":\"https:\\\/\\\/dmcsrb.com\\\/svijet\\\/potresi-u-vrhu-britanske-vlasti-sprema-se-rusenje-kira-starmera\\\/#primaryimage\"},\"thumbnailUrl\":\"https:\\\/\\\/dmcsrb.com\\\/wp-content\\\/uploads\\\/2026\\\/01\\\/Kir-Starmer-premijer-Britanije-foto-AP.webp\",\"datePublished\":\"2025-11-12T19:40:00+00:00\",\"author\":{\"@id\":\"https:\\\/\\\/dmcsrb.com\\\/#\\\/schema\\\/person\\\/5c39170f12db1b8b457732d0b5c854e2\"},\"breadcrumb\":{\"@id\":\"https:\\\/\\\/dmcsrb.com\\\/svijet\\\/potresi-u-vrhu-britanske-vlasti-sprema-se-rusenje-kira-starmera\\\/#breadcrumb\"},\"inLanguage\":\"en-GB\",\"potentialAction\":[{\"@type\":\"ReadAction\",\"target\":[\"https:\\\/\\\/dmcsrb.com\\\/svijet\\\/potresi-u-vrhu-britanske-vlasti-sprema-se-rusenje-kira-starmera\\\/\"]}]},{\"@type\":\"ImageObject\",\"inLanguage\":\"en-GB\",\"@id\":\"https:\\\/\\\/dmcsrb.com\\\/svijet\\\/potresi-u-vrhu-britanske-vlasti-sprema-se-rusenje-kira-starmera\\\/#primaryimage\",\"url\":\"https:\\\/\\\/dmcsrb.com\\\/wp-content\\\/uploads\\\/2026\\\/01\\\/Kir-Starmer-premijer-Britanije-foto-AP.webp\",\"contentUrl\":\"https:\\\/\\\/dmcsrb.com\\\/wp-content\\\/uploads\\\/2026\\\/01\\\/Kir-Starmer-premijer-Britanije-foto-AP.webp\",\"width\":1012,\"height\":652},{\"@type\":\"BreadcrumbList\",\"@id\":\"https:\\\/\\\/dmcsrb.com\\\/svijet\\\/potresi-u-vrhu-britanske-vlasti-sprema-se-rusenje-kira-starmera\\\/#breadcrumb\",\"itemListElement\":[{\"@type\":\"ListItem\",\"position\":1,\"name\":\"Home\",\"item\":\"https:\\\/\\\/dmcsrb.com\\\/\"},{\"@type\":\"ListItem\",\"position\":2,\"name\":\"Potresi u vrhu britanske vlasti: Sprema se ru\u0161enje Kira Starmera?\"}]},{\"@type\":\"WebSite\",\"@id\":\"https:\\\/\\\/dmcsrb.com\\\/#website\",\"url\":\"https:\\\/\\\/dmcsrb.com\\\/\",\"name\":\"dmcsrb.com\",\"description\":\"\",\"potentialAction\":[{\"@type\":\"SearchAction\",\"target\":{\"@type\":\"EntryPoint\",\"urlTemplate\":\"https:\\\/\\\/dmcsrb.com\\\/?s={search_term_string}\"},\"query-input\":{\"@type\":\"PropertyValueSpecification\",\"valueRequired\":true,\"valueName\":\"search_term_string\"}}],\"inLanguage\":\"en-GB\"},{\"@type\":\"Person\",\"@id\":\"https:\\\/\\\/dmcsrb.com\\\/#\\\/schema\\\/person\\\/5c39170f12db1b8b457732d0b5c854e2\",\"name\":\"dmcsrbija.com@gmail.com\",\"image\":{\"@type\":\"ImageObject\",\"inLanguage\":\"en-GB\",\"@id\":\"https:\\\/\\\/secure.gravatar.com\\\/avatar\\\/68592660ad6347fad0fb587f8d5d8f1a7b44961362f56e4f2cd524feb87e9069?s=96&d=mm&r=g\",\"url\":\"https:\\\/\\\/secure.gravatar.com\\\/avatar\\\/68592660ad6347fad0fb587f8d5d8f1a7b44961362f56e4f2cd524feb87e9069?s=96&d=mm&r=g\",\"contentUrl\":\"https:\\\/\\\/secure.gravatar.com\\\/avatar\\\/68592660ad6347fad0fb587f8d5d8f1a7b44961362f56e4f2cd524feb87e9069?s=96&d=mm&r=g\",\"caption\":\"dmcsrbija.com@gmail.com\"},\"sameAs\":[\"https:\\\/\\\/dmcsrb.com\"],\"url\":\"https:\\\/\\\/dmcsrb.com\\\/en\\\/author\\\/dmcsrbija-comgmail-com\\\/\"}]}<\/script>\n<!-- \/ Yoast SEO plugin. -->","yoast_head_json":{"title":"Potresi u vrhu britanske vlasti: Sprema se ru\u0161enje Kira Starmera? - dmcsrb.com","robots":{"index":"index","follow":"follow","max-snippet":"max-snippet:-1","max-image-preview":"max-image-preview:large","max-video-preview":"max-video-preview:-1"},"canonical":"https:\/\/dmcsrb.com\/en\/svijet\/potresi-u-vrhu-britanske-vlasti-sprema-se-rusenje-kira-starmera\/","og_locale":"en_GB","og_type":"article","og_title":"Potresi u vrhu britanske vlasti: Sprema se ru\u0161enje Kira Starmera? - dmcsrb.com","og_description":"Britanski ministar zdravlja Ves Striting odbacio je navode da planira izazvati premijera Kira Starmera za vo\u0111stvo vladaju\u0107e Laburisti\u010dke stranke, nazvav\u0161i ih \"samodestruktivnim besmislom\", iako brojni izvori govore suprotno, prenosi Index.hr.","og_url":"https:\/\/dmcsrb.com\/en\/svijet\/potresi-u-vrhu-britanske-vlasti-sprema-se-rusenje-kira-starmera\/","og_site_name":"dmcsrb.com","article_published_time":"2025-11-12T19:40:00+00:00","og_image":[{"width":1012,"height":652,"url":"https:\/\/dmcsrb.com\/wp-content\/uploads\/2026\/01\/Kir-Starmer-premijer-Britanije-foto-AP.webp","type":"image\/jpeg"}],"author":"dmcsrbija.com@gmail.com","twitter_card":"summary_large_image","twitter_misc":{"Written by":"dmcsrbija.com@gmail.com","Estimated reading time":"3 minutes"},"schema":{"@context":"https:\/\/schema.org","@graph":[{"@type":"Article","@id":"https:\/\/dmcsrb.com\/svijet\/potresi-u-vrhu-britanske-vlasti-sprema-se-rusenje-kira-starmera\/#article","isPartOf":{"@id":"https:\/\/dmcsrb.com\/svijet\/potresi-u-vrhu-britanske-vlasti-sprema-se-rusenje-kira-starmera\/"},"author":{"name":"dmcsrbija.com@gmail.com","@id":"https:\/\/dmcsrb.com\/#\/schema\/person\/5c39170f12db1b8b457732d0b5c854e2"},"headline":"Potresi u vrhu britanske vlasti: Sprema se ru\u0161enje Kira Starmera?","datePublished":"2025-11-12T19:40:00+00:00","mainEntityOfPage":{"@id":"https:\/\/dmcsrb.com\/svijet\/potresi-u-vrhu-britanske-vlasti-sprema-se-rusenje-kira-starmera\/"},"wordCount":647,"commentCount":0,"image":{"@id":"https:\/\/dmcsrb.com\/svijet\/potresi-u-vrhu-britanske-vlasti-sprema-se-rusenje-kira-starmera\/#primaryimage"},"thumbnailUrl":"https:\/\/dmcsrb.com\/wp-content\/uploads\/2026\/01\/Kir-Starmer-premijer-Britanije-foto-AP.webp","keywords":["Britanska vlast","Keir Starmer","potresi","ru\u0161enje"],"articleSection":["Svijet"],"inLanguage":"en-GB","potentialAction":[{"@type":"CommentAction","name":"Comment","target":["https:\/\/dmcsrb.com\/svijet\/potresi-u-vrhu-britanske-vlasti-sprema-se-rusenje-kira-starmera\/#respond"]}]},{"@type":"WebPage","@id":"https:\/\/dmcsrb.com\/svijet\/potresi-u-vrhu-britanske-vlasti-sprema-se-rusenje-kira-starmera\/","url":"https:\/\/dmcsrb.com\/svijet\/potresi-u-vrhu-britanske-vlasti-sprema-se-rusenje-kira-starmera\/","name":"Potresi u vrhu britanske vlasti: Sprema se ru\u0161enje Kira Starmera? - dmcsrb.com","isPartOf":{"@id":"https:\/\/dmcsrb.com\/#website"},"primaryImageOfPage":{"@id":"https:\/\/dmcsrb.com\/svijet\/potresi-u-vrhu-britanske-vlasti-sprema-se-rusenje-kira-starmera\/#primaryimage"},"image":{"@id":"https:\/\/dmcsrb.com\/svijet\/potresi-u-vrhu-britanske-vlasti-sprema-se-rusenje-kira-starmera\/#primaryimage"},"thumbnailUrl":"https:\/\/dmcsrb.com\/wp-content\/uploads\/2026\/01\/Kir-Starmer-premijer-Britanije-foto-AP.webp","datePublished":"2025-11-12T19:40:00+00:00","author":{"@id":"https:\/\/dmcsrb.com\/#\/schema\/person\/5c39170f12db1b8b457732d0b5c854e2"},"breadcrumb":{"@id":"https:\/\/dmcsrb.com\/svijet\/potresi-u-vrhu-britanske-vlasti-sprema-se-rusenje-kira-starmera\/#breadcrumb"},"inLanguage":"en-GB","potentialAction":[{"@type":"ReadAction","target":["https:\/\/dmcsrb.com\/svijet\/potresi-u-vrhu-britanske-vlasti-sprema-se-rusenje-kira-starmera\/"]}]},{"@type":"ImageObject","inLanguage":"en-GB","@id":"https:\/\/dmcsrb.com\/svijet\/potresi-u-vrhu-britanske-vlasti-sprema-se-rusenje-kira-starmera\/#primaryimage","url":"https:\/\/dmcsrb.com\/wp-content\/uploads\/2026\/01\/Kir-Starmer-premijer-Britanije-foto-AP.webp","contentUrl":"https:\/\/dmcsrb.com\/wp-content\/uploads\/2026\/01\/Kir-Starmer-premijer-Britanije-foto-AP.webp","width":1012,"height":652},{"@type":"BreadcrumbList","@id":"https:\/\/dmcsrb.com\/svijet\/potresi-u-vrhu-britanske-vlasti-sprema-se-rusenje-kira-starmera\/#breadcrumb","itemListElement":[{"@type":"ListItem","position":1,"name":"Home","item":"https:\/\/dmcsrb.com\/"},{"@type":"ListItem","position":2,"name":"Potresi u vrhu britanske vlasti: Sprema se ru\u0161enje Kira Starmera?"}]},{"@type":"WebSite","@id":"https:\/\/dmcsrb.com\/#website","url":"https:\/\/dmcsrb.com\/","name":"dmcsrb.com","description":"","potentialAction":[{"@type":"SearchAction","target":{"@type":"EntryPoint","urlTemplate":"https:\/\/dmcsrb.com\/?s={search_term_string}"},"query-input":{"@type":"PropertyValueSpecification","valueRequired":true,"valueName":"search_term_string"}}],"inLanguage":"en-GB"},{"@type":"Person","@id":"https:\/\/dmcsrb.com\/#\/schema\/person\/5c39170f12db1b8b457732d0b5c854e2","name":"dmcsrbija.com@gmail.com","image":{"@type":"ImageObject","inLanguage":"en-GB","@id":"https:\/\/secure.gravatar.com\/avatar\/68592660ad6347fad0fb587f8d5d8f1a7b44961362f56e4f2cd524feb87e9069?s=96&d=mm&r=g","url":"https:\/\/secure.gravatar.com\/avatar\/68592660ad6347fad0fb587f8d5d8f1a7b44961362f56e4f2cd524feb87e9069?s=96&d=mm&r=g","contentUrl":"https:\/\/secure.gravatar.com\/avatar\/68592660ad6347fad0fb587f8d5d8f1a7b44961362f56e4f2cd524feb87e9069?s=96&d=mm&r=g","caption":"dmcsrbija.com@gmail.com"},"sameAs":["https:\/\/dmcsrb.com"],"url":"https:\/\/dmcsrb.com\/en\/author\/dmcsrbija-comgmail-com\/"}]}},"_links":{"self":[{"href":"https:\/\/dmcsrb.com\/en\/wp-json\/wp\/v2\/posts\/963445","targetHints":{"allow":["GET"]}}],"collection":[{"href":"https:\/\/dmcsrb.com\/en\/wp-json\/wp\/v2\/posts"}],"about":[{"href":"https:\/\/dmcsrb.com\/en\/wp-json\/wp\/v2\/types\/post"}],"author":[{"embeddable":true,"href":"https:\/\/dmcsrb.com\/en\/wp-json\/wp\/v2\/users\/1"}],"replies":[{"embeddable":true,"href":"https:\/\/dmcsrb.com\/en\/wp-json\/wp\/v2\/comments?post=963445"}],"version-history":[{"count":0,"href":"https:\/\/dmcsrb.com\/en\/wp-json\/wp\/v2\/posts\/963445\/revisions"}],"wp:featuredmedia":[{"embeddable":true,"href":"https:\/\/dmcsrb.com\/en\/wp-json\/wp\/v2\/media\/953189"}],"wp:attachment":[{"href":"https:\/\/dmcsrb.com\/en\/wp-json\/wp\/v2\/media?parent=963445"}],"wp:term":[{"taxonomy":"category","embeddable":true,"href":"https:\/\/dmcsrb.com\/en\/wp-json\/wp\/v2\/categories?post=963445"},{"taxonomy":"post_tag","embeddable":true,"href":"https:\/\/dmcsrb.com\/en\/wp-json\/wp\/v2\/tags?post=963445"},{"taxonomy":"naslovna","embeddable":true,"href":"https:\/\/dmcsrb.com\/en\/wp-json\/wp\/v2\/naslovna?post=963445"}],"curies":[{"name":"wp","href":"https:\/\/api.w.org\/{rel}","templated":true}]}}