{"id":963435,"date":"2025-11-12T20:26:00","date_gmt":"2025-11-12T19:26:00","guid":{"rendered":"https:\/\/dmcsrb.com\/uncategorized\/raspisana-javna-nabavka-za-adaptaciju-fakulteta-likovnih-umjetnosti-na-cetinju\/"},"modified":"2025-11-12T20:26:00","modified_gmt":"2025-11-12T19:26:00","slug":"raspisana-javna-nabavka-za-adaptaciju-fakulteta-likovnih-umjetnosti-na-cetinju","status":"publish","type":"post","link":"https:\/\/dmcsrb.com\/en\/drustvo\/raspisana-javna-nabavka-za-adaptaciju-fakulteta-likovnih-umjetnosti-na-cetinju\/","title":{"rendered":"Raspisana javna nabavka za adaptaciju Fakulteta likovnih umjetnosti na Cetinju"},"content":{"rendered":"<p>Procijenjena neto vrijednost javne nabavke iznosi 393.140,00 eura.<\/p>\n\n\n\n<p>&#8220;Ovim projektom predvi\u0111ena je adaptacija prostora u cilju pobolj\u0161anja uslova za rad i stvaranje savremenijeg ambijenta za izvo\u0111enje nastavnog, istra\u017eiva\u010dkog i umjetni\u010dkog procesa. Ministarstvo javnih radova jo\u0161 jednom potvr\u0111uje svoju posve\u0107enost unapre\u0111enju infrastrukture u oblasti visokog obrazovanja i kulturolo\u0161ko-umjetni\u010dkog stvarala\u0161tva, u skladu sa strate\u0161kim opredjeljenjima Vlade Crne Gore&#8221;, navodi se u ssaop\u0161tenju.&nbsp;<\/p>\n\n\n\n<p><\/p>","protected":false},"excerpt":{"rendered":"<p>Ministarstvo javnih radova raspisalo je tender za adaptaciju Fakulteta likovnih umjetnosti, koji se nalazi u okviru kompleksa objekata Akademije umjetnosti na Cetinju.<\/p>","protected":false},"author":1,"featured_media":963436,"comment_status":"open","ping_status":"open","sticky":false,"template":"","format":"standard","meta":{"_acf_changed":false,"footnotes":""},"categories":[2],"tags":[4086,88,8303,582],"naslovna":[],"class_list":["post-963435","post","type-post","status-publish","format-standard","has-post-thumbnail","hentry","category-drustvo","tag-adaptacija","tag-cetinje","tag-flu","tag-mjr"],"acf":[],"yoast_head":"<!-- This site is optimized with the Yoast SEO plugin v27.4 - https:\/\/yoast.com\/product\/yoast-seo-wordpress\/ -->\n<title>Raspisana javna nabavka za adaptaciju Fakulteta likovnih umjetnosti na Cetinju - dmcsrb.com<\/title>\n<meta name=\"robots\" content=\"index, follow, max-snippet:-1, max-image-preview:large, max-video-preview:-1\" \/>\n<link rel=\"canonical\" href=\"https:\/\/dmcsrb.com\/en\/drustvo\/raspisana-javna-nabavka-za-adaptaciju-fakulteta-likovnih-umjetnosti-na-cetinju\/\" \/>\n<meta property=\"og:locale\" content=\"en_GB\" \/>\n<meta property=\"og:type\" content=\"article\" \/>\n<meta property=\"og:title\" content=\"Raspisana javna nabavka za adaptaciju Fakulteta likovnih umjetnosti na Cetinju - dmcsrb.com\" \/>\n<meta property=\"og:description\" content=\"Ministarstvo javnih radova raspisalo je tender za adaptaciju Fakulteta likovnih umjetnosti, koji se nalazi u okviru kompleksa objekata Akademije umjetnosti na Cetinju.\" \/>\n<meta property=\"og:url\" content=\"https:\/\/dmcsrb.com\/en\/drustvo\/raspisana-javna-nabavka-za-adaptaciju-fakulteta-likovnih-umjetnosti-na-cetinju\/\" \/>\n<meta property=\"og:site_name\" content=\"dmcsrb.com\" \/>\n<meta property=\"article:published_time\" content=\"2025-11-12T19:26:00+00:00\" \/>\n<meta property=\"og:image\" content=\"https:\/\/dmcsrb.com\/wp-content\/uploads\/2026\/01\/adaptacija-FLU.webp\" \/>\n\t<meta property=\"og:image:width\" content=\"1080\" \/>\n\t<meta property=\"og:image:height\" content=\"1350\" \/>\n\t<meta property=\"og:image:type\" content=\"image\/jpeg\" \/>\n<meta name=\"author\" content=\"dmcsrbija.com@gmail.com\" \/>\n<meta name=\"twitter:card\" content=\"summary_large_image\" \/>\n<meta name=\"twitter:label1\" content=\"Written by\" \/>\n\t<meta name=\"twitter:data1\" content=\"dmcsrbija.com@gmail.com\" \/>\n<script type=\"application\/ld+json\" class=\"yoast-schema-graph\">{\"@context\":\"https:\\\/\\\/schema.org\",\"@graph\":[{\"@type\":\"Article\",\"@id\":\"https:\\\/\\\/dmcsrb.com\\\/drustvo\\\/raspisana-javna-nabavka-za-adaptaciju-fakulteta-likovnih-umjetnosti-na-cetinju\\\/#article\",\"isPartOf\":{\"@id\":\"https:\\\/\\\/dmcsrb.com\\\/drustvo\\\/raspisana-javna-nabavka-za-adaptaciju-fakulteta-likovnih-umjetnosti-na-cetinju\\\/\"},\"author\":{\"name\":\"dmcsrbija.com@gmail.com\",\"@id\":\"https:\\\/\\\/dmcsrb.com\\\/#\\\/schema\\\/person\\\/5c39170f12db1b8b457732d0b5c854e2\"},\"headline\":\"Raspisana javna nabavka za adaptaciju Fakulteta likovnih umjetnosti na Cetinju\",\"datePublished\":\"2025-11-12T19:26:00+00:00\",\"mainEntityOfPage\":{\"@id\":\"https:\\\/\\\/dmcsrb.com\\\/drustvo\\\/raspisana-javna-nabavka-za-adaptaciju-fakulteta-likovnih-umjetnosti-na-cetinju\\\/\"},\"wordCount\":84,\"commentCount\":0,\"image\":{\"@id\":\"https:\\\/\\\/dmcsrb.com\\\/drustvo\\\/raspisana-javna-nabavka-za-adaptaciju-fakulteta-likovnih-umjetnosti-na-cetinju\\\/#primaryimage\"},\"thumbnailUrl\":\"https:\\\/\\\/dmcsrb.com\\\/wp-content\\\/uploads\\\/2026\\\/01\\\/adaptacija-FLU.webp\",\"keywords\":[\"adaptacija\",\"Cetinje\",\"flu\",\"MJR\"],\"articleSection\":[\"Dru\u0161tvo\"],\"inLanguage\":\"en-GB\",\"potentialAction\":[{\"@type\":\"CommentAction\",\"name\":\"Comment\",\"target\":[\"https:\\\/\\\/dmcsrb.com\\\/drustvo\\\/raspisana-javna-nabavka-za-adaptaciju-fakulteta-likovnih-umjetnosti-na-cetinju\\\/#respond\"]}]},{\"@type\":\"WebPage\",\"@id\":\"https:\\\/\\\/dmcsrb.com\\\/drustvo\\\/raspisana-javna-nabavka-za-adaptaciju-fakulteta-likovnih-umjetnosti-na-cetinju\\\/\",\"url\":\"https:\\\/\\\/dmcsrb.com\\\/drustvo\\\/raspisana-javna-nabavka-za-adaptaciju-fakulteta-likovnih-umjetnosti-na-cetinju\\\/\",\"name\":\"Raspisana javna nabavka za adaptaciju Fakulteta likovnih umjetnosti na Cetinju - dmcsrb.com\",\"isPartOf\":{\"@id\":\"https:\\\/\\\/dmcsrb.com\\\/#website\"},\"primaryImageOfPage\":{\"@id\":\"https:\\\/\\\/dmcsrb.com\\\/drustvo\\\/raspisana-javna-nabavka-za-adaptaciju-fakulteta-likovnih-umjetnosti-na-cetinju\\\/#primaryimage\"},\"image\":{\"@id\":\"https:\\\/\\\/dmcsrb.com\\\/drustvo\\\/raspisana-javna-nabavka-za-adaptaciju-fakulteta-likovnih-umjetnosti-na-cetinju\\\/#primaryimage\"},\"thumbnailUrl\":\"https:\\\/\\\/dmcsrb.com\\\/wp-content\\\/uploads\\\/2026\\\/01\\\/adaptacija-FLU.webp\",\"datePublished\":\"2025-11-12T19:26:00+00:00\",\"author\":{\"@id\":\"https:\\\/\\\/dmcsrb.com\\\/#\\\/schema\\\/person\\\/5c39170f12db1b8b457732d0b5c854e2\"},\"breadcrumb\":{\"@id\":\"https:\\\/\\\/dmcsrb.com\\\/drustvo\\\/raspisana-javna-nabavka-za-adaptaciju-fakulteta-likovnih-umjetnosti-na-cetinju\\\/#breadcrumb\"},\"inLanguage\":\"en-GB\",\"potentialAction\":[{\"@type\":\"ReadAction\",\"target\":[\"https:\\\/\\\/dmcsrb.com\\\/drustvo\\\/raspisana-javna-nabavka-za-adaptaciju-fakulteta-likovnih-umjetnosti-na-cetinju\\\/\"]}]},{\"@type\":\"ImageObject\",\"inLanguage\":\"en-GB\",\"@id\":\"https:\\\/\\\/dmcsrb.com\\\/drustvo\\\/raspisana-javna-nabavka-za-adaptaciju-fakulteta-likovnih-umjetnosti-na-cetinju\\\/#primaryimage\",\"url\":\"https:\\\/\\\/dmcsrb.com\\\/wp-content\\\/uploads\\\/2026\\\/01\\\/adaptacija-FLU.webp\",\"contentUrl\":\"https:\\\/\\\/dmcsrb.com\\\/wp-content\\\/uploads\\\/2026\\\/01\\\/adaptacija-FLU.webp\",\"width\":1080,\"height\":1350},{\"@type\":\"BreadcrumbList\",\"@id\":\"https:\\\/\\\/dmcsrb.com\\\/drustvo\\\/raspisana-javna-nabavka-za-adaptaciju-fakulteta-likovnih-umjetnosti-na-cetinju\\\/#breadcrumb\",\"itemListElement\":[{\"@type\":\"ListItem\",\"position\":1,\"name\":\"Home\",\"item\":\"https:\\\/\\\/dmcsrb.com\\\/\"},{\"@type\":\"ListItem\",\"position\":2,\"name\":\"Raspisana javna nabavka za adaptaciju Fakulteta likovnih umjetnosti na Cetinju\"}]},{\"@type\":\"WebSite\",\"@id\":\"https:\\\/\\\/dmcsrb.com\\\/#website\",\"url\":\"https:\\\/\\\/dmcsrb.com\\\/\",\"name\":\"dmcsrb.com\",\"description\":\"\",\"potentialAction\":[{\"@type\":\"SearchAction\",\"target\":{\"@type\":\"EntryPoint\",\"urlTemplate\":\"https:\\\/\\\/dmcsrb.com\\\/?s={search_term_string}\"},\"query-input\":{\"@type\":\"PropertyValueSpecification\",\"valueRequired\":true,\"valueName\":\"search_term_string\"}}],\"inLanguage\":\"en-GB\"},{\"@type\":\"Person\",\"@id\":\"https:\\\/\\\/dmcsrb.com\\\/#\\\/schema\\\/person\\\/5c39170f12db1b8b457732d0b5c854e2\",\"name\":\"dmcsrbija.com@gmail.com\",\"image\":{\"@type\":\"ImageObject\",\"inLanguage\":\"en-GB\",\"@id\":\"https:\\\/\\\/secure.gravatar.com\\\/avatar\\\/68592660ad6347fad0fb587f8d5d8f1a7b44961362f56e4f2cd524feb87e9069?s=96&d=mm&r=g\",\"url\":\"https:\\\/\\\/secure.gravatar.com\\\/avatar\\\/68592660ad6347fad0fb587f8d5d8f1a7b44961362f56e4f2cd524feb87e9069?s=96&d=mm&r=g\",\"contentUrl\":\"https:\\\/\\\/secure.gravatar.com\\\/avatar\\\/68592660ad6347fad0fb587f8d5d8f1a7b44961362f56e4f2cd524feb87e9069?s=96&d=mm&r=g\",\"caption\":\"dmcsrbija.com@gmail.com\"},\"sameAs\":[\"https:\\\/\\\/dmcsrb.com\"],\"url\":\"https:\\\/\\\/dmcsrb.com\\\/en\\\/author\\\/dmcsrbija-comgmail-com\\\/\"}]}<\/script>\n<!-- \/ Yoast SEO plugin. -->","yoast_head_json":{"title":"Raspisana javna nabavka za adaptaciju Fakulteta likovnih umjetnosti na Cetinju - dmcsrb.com","robots":{"index":"index","follow":"follow","max-snippet":"max-snippet:-1","max-image-preview":"max-image-preview:large","max-video-preview":"max-video-preview:-1"},"canonical":"https:\/\/dmcsrb.com\/en\/drustvo\/raspisana-javna-nabavka-za-adaptaciju-fakulteta-likovnih-umjetnosti-na-cetinju\/","og_locale":"en_GB","og_type":"article","og_title":"Raspisana javna nabavka za adaptaciju Fakulteta likovnih umjetnosti na Cetinju - dmcsrb.com","og_description":"Ministarstvo javnih radova raspisalo je tender za adaptaciju Fakulteta likovnih umjetnosti, koji se nalazi u okviru kompleksa objekata Akademije umjetnosti na Cetinju.","og_url":"https:\/\/dmcsrb.com\/en\/drustvo\/raspisana-javna-nabavka-za-adaptaciju-fakulteta-likovnih-umjetnosti-na-cetinju\/","og_site_name":"dmcsrb.com","article_published_time":"2025-11-12T19:26:00+00:00","og_image":[{"width":1080,"height":1350,"url":"https:\/\/dmcsrb.com\/wp-content\/uploads\/2026\/01\/adaptacija-FLU.webp","type":"image\/jpeg"}],"author":"dmcsrbija.com@gmail.com","twitter_card":"summary_large_image","twitter_misc":{"Written by":"dmcsrbija.com@gmail.com"},"schema":{"@context":"https:\/\/schema.org","@graph":[{"@type":"Article","@id":"https:\/\/dmcsrb.com\/drustvo\/raspisana-javna-nabavka-za-adaptaciju-fakulteta-likovnih-umjetnosti-na-cetinju\/#article","isPartOf":{"@id":"https:\/\/dmcsrb.com\/drustvo\/raspisana-javna-nabavka-za-adaptaciju-fakulteta-likovnih-umjetnosti-na-cetinju\/"},"author":{"name":"dmcsrbija.com@gmail.com","@id":"https:\/\/dmcsrb.com\/#\/schema\/person\/5c39170f12db1b8b457732d0b5c854e2"},"headline":"Raspisana javna nabavka za adaptaciju Fakulteta likovnih umjetnosti na Cetinju","datePublished":"2025-11-12T19:26:00+00:00","mainEntityOfPage":{"@id":"https:\/\/dmcsrb.com\/drustvo\/raspisana-javna-nabavka-za-adaptaciju-fakulteta-likovnih-umjetnosti-na-cetinju\/"},"wordCount":84,"commentCount":0,"image":{"@id":"https:\/\/dmcsrb.com\/drustvo\/raspisana-javna-nabavka-za-adaptaciju-fakulteta-likovnih-umjetnosti-na-cetinju\/#primaryimage"},"thumbnailUrl":"https:\/\/dmcsrb.com\/wp-content\/uploads\/2026\/01\/adaptacija-FLU.webp","keywords":["adaptacija","Cetinje","flu","MJR"],"articleSection":["Dru\u0161tvo"],"inLanguage":"en-GB","potentialAction":[{"@type":"CommentAction","name":"Comment","target":["https:\/\/dmcsrb.com\/drustvo\/raspisana-javna-nabavka-za-adaptaciju-fakulteta-likovnih-umjetnosti-na-cetinju\/#respond"]}]},{"@type":"WebPage","@id":"https:\/\/dmcsrb.com\/drustvo\/raspisana-javna-nabavka-za-adaptaciju-fakulteta-likovnih-umjetnosti-na-cetinju\/","url":"https:\/\/dmcsrb.com\/drustvo\/raspisana-javna-nabavka-za-adaptaciju-fakulteta-likovnih-umjetnosti-na-cetinju\/","name":"Raspisana javna nabavka za adaptaciju Fakulteta likovnih umjetnosti na Cetinju - dmcsrb.com","isPartOf":{"@id":"https:\/\/dmcsrb.com\/#website"},"primaryImageOfPage":{"@id":"https:\/\/dmcsrb.com\/drustvo\/raspisana-javna-nabavka-za-adaptaciju-fakulteta-likovnih-umjetnosti-na-cetinju\/#primaryimage"},"image":{"@id":"https:\/\/dmcsrb.com\/drustvo\/raspisana-javna-nabavka-za-adaptaciju-fakulteta-likovnih-umjetnosti-na-cetinju\/#primaryimage"},"thumbnailUrl":"https:\/\/dmcsrb.com\/wp-content\/uploads\/2026\/01\/adaptacija-FLU.webp","datePublished":"2025-11-12T19:26:00+00:00","author":{"@id":"https:\/\/dmcsrb.com\/#\/schema\/person\/5c39170f12db1b8b457732d0b5c854e2"},"breadcrumb":{"@id":"https:\/\/dmcsrb.com\/drustvo\/raspisana-javna-nabavka-za-adaptaciju-fakulteta-likovnih-umjetnosti-na-cetinju\/#breadcrumb"},"inLanguage":"en-GB","potentialAction":[{"@type":"ReadAction","target":["https:\/\/dmcsrb.com\/drustvo\/raspisana-javna-nabavka-za-adaptaciju-fakulteta-likovnih-umjetnosti-na-cetinju\/"]}]},{"@type":"ImageObject","inLanguage":"en-GB","@id":"https:\/\/dmcsrb.com\/drustvo\/raspisana-javna-nabavka-za-adaptaciju-fakulteta-likovnih-umjetnosti-na-cetinju\/#primaryimage","url":"https:\/\/dmcsrb.com\/wp-content\/uploads\/2026\/01\/adaptacija-FLU.webp","contentUrl":"https:\/\/dmcsrb.com\/wp-content\/uploads\/2026\/01\/adaptacija-FLU.webp","width":1080,"height":1350},{"@type":"BreadcrumbList","@id":"https:\/\/dmcsrb.com\/drustvo\/raspisana-javna-nabavka-za-adaptaciju-fakulteta-likovnih-umjetnosti-na-cetinju\/#breadcrumb","itemListElement":[{"@type":"ListItem","position":1,"name":"Home","item":"https:\/\/dmcsrb.com\/"},{"@type":"ListItem","position":2,"name":"Raspisana javna nabavka za adaptaciju Fakulteta likovnih umjetnosti na Cetinju"}]},{"@type":"WebSite","@id":"https:\/\/dmcsrb.com\/#website","url":"https:\/\/dmcsrb.com\/","name":"dmcsrb.com","description":"","potentialAction":[{"@type":"SearchAction","target":{"@type":"EntryPoint","urlTemplate":"https:\/\/dmcsrb.com\/?s={search_term_string}"},"query-input":{"@type":"PropertyValueSpecification","valueRequired":true,"valueName":"search_term_string"}}],"inLanguage":"en-GB"},{"@type":"Person","@id":"https:\/\/dmcsrb.com\/#\/schema\/person\/5c39170f12db1b8b457732d0b5c854e2","name":"dmcsrbija.com@gmail.com","image":{"@type":"ImageObject","inLanguage":"en-GB","@id":"https:\/\/secure.gravatar.com\/avatar\/68592660ad6347fad0fb587f8d5d8f1a7b44961362f56e4f2cd524feb87e9069?s=96&d=mm&r=g","url":"https:\/\/secure.gravatar.com\/avatar\/68592660ad6347fad0fb587f8d5d8f1a7b44961362f56e4f2cd524feb87e9069?s=96&d=mm&r=g","contentUrl":"https:\/\/secure.gravatar.com\/avatar\/68592660ad6347fad0fb587f8d5d8f1a7b44961362f56e4f2cd524feb87e9069?s=96&d=mm&r=g","caption":"dmcsrbija.com@gmail.com"},"sameAs":["https:\/\/dmcsrb.com"],"url":"https:\/\/dmcsrb.com\/en\/author\/dmcsrbija-comgmail-com\/"}]}},"_links":{"self":[{"href":"https:\/\/dmcsrb.com\/en\/wp-json\/wp\/v2\/posts\/963435","targetHints":{"allow":["GET"]}}],"collection":[{"href":"https:\/\/dmcsrb.com\/en\/wp-json\/wp\/v2\/posts"}],"about":[{"href":"https:\/\/dmcsrb.com\/en\/wp-json\/wp\/v2\/types\/post"}],"author":[{"embeddable":true,"href":"https:\/\/dmcsrb.com\/en\/wp-json\/wp\/v2\/users\/1"}],"replies":[{"embeddable":true,"href":"https:\/\/dmcsrb.com\/en\/wp-json\/wp\/v2\/comments?post=963435"}],"version-history":[{"count":0,"href":"https:\/\/dmcsrb.com\/en\/wp-json\/wp\/v2\/posts\/963435\/revisions"}],"wp:featuredmedia":[{"embeddable":true,"href":"https:\/\/dmcsrb.com\/en\/wp-json\/wp\/v2\/media\/963436"}],"wp:attachment":[{"href":"https:\/\/dmcsrb.com\/en\/wp-json\/wp\/v2\/media?parent=963435"}],"wp:term":[{"taxonomy":"category","embeddable":true,"href":"https:\/\/dmcsrb.com\/en\/wp-json\/wp\/v2\/categories?post=963435"},{"taxonomy":"post_tag","embeddable":true,"href":"https:\/\/dmcsrb.com\/en\/wp-json\/wp\/v2\/tags?post=963435"},{"taxonomy":"naslovna","embeddable":true,"href":"https:\/\/dmcsrb.com\/en\/wp-json\/wp\/v2\/naslovna?post=963435"}],"curies":[{"name":"wp","href":"https:\/\/api.w.org\/{rel}","templated":true}]}}