{"id":963413,"date":"2025-11-12T17:30:00","date_gmt":"2025-11-12T16:30:00","guid":{"rendered":"https:\/\/dmcsrb.com\/uncategorized\/odrzani-sastanak-upravnog-odbora-i-radionica-projekta-resilience-u-podgorici\/"},"modified":"2025-11-12T17:30:00","modified_gmt":"2025-11-12T16:30:00","slug":"odrzani-sastanak-upravnog-odbora-i-radionica-projekta-resilience-u-podgorici","status":"publish","type":"post","link":"https:\/\/dmcsrb.com\/en\/drustvo\/odrzani-sastanak-upravnog-odbora-i-radionica-projekta-resilience-u-podgorici\/","title":{"rendered":"Odr\u017eani sastanak Upravnog odbora i radionica projekta \u201eRESILIENCE\u201c u Podgorici"},"content":{"rendered":"<p><\/p>\n\n\n\n<p>&#8221;Na doga\u0111aju su u\u010destvovali predstavnici partnera: Nacionalne agencije za civilnu za\u0161titu Albanije, Odsjeka za civilnu za\u0161titu i upravljanje hitnim situacijama Regije Pulja, Slu\u017ebe civilne za\u0161tite Regije Molize, Vodovoda Regije Pulja i Regionalnog vodovoda za crnogorsko primorje, zajedno sa predstavnicima doma\u0107ina i lokalnih slu\u017ebi za\u0161tite i spa\u0161avanja&#8221;, isti\u010du iz Ministarstva.<\/p>\n\n\n\n<p>Tokom sastanka Upravnog odbora razmotren je napredak u sprovo\u0111enju projektnih aktivnosti i plan rada za naredni period, uklju\u010duju\u0107i pripremu strate\u0161kih dokumenata &#8211; Zajedni\u010dke strategije upravljanja vodama i Protokola o saradnji u oblasti civilne za\u0161tite, kao i realizaciju nabavki opreme i ja\u010danja kapaciteta, navode iz Ministarstva.<\/p>\n\n\n\n<p>&#8221;Drugog dana odr\u017eana je radionica na temu \u201eAnaliza po\u017earne sezone 2025 &#8211; izazovi, nau\u010dene lekcije i prekograni\u010dna saradnja\u201c. Radionicu su otvorili i pozdravne rije\u010di uputili Miodrag Be\u0161ovi\u0107, generalni direktor Direktorata za za\u0161titu i spa\u0161avanje, i Radomir \u0160\u0107epanovi\u0107, na\u010delnik Direkcije za operativne poslove i koordinator projekta RESILIENCE. Na radionici su predstavljeni rezultati i iskustva Direktorata za za\u0161titu i spa\u0161avanje Crne Gore tokom ovogodi\u0161nje sezone po\u017eara, uklju\u010duju\u0107i i analizu najkriti\u010dnijih doga\u0111aja, a u\u010desnici iz Albanije i Italije podijelili su svoja iskustva u organizaciji i koordinaciji akcija ga\u0161enja po\u017eara, sa posebnim osvrtom na vazduhoplovne kapacitete, primjenu EU Mehanizma civilne za\u0161tite i RescEU resursa, kao i na zna\u010daj raspolo\u017eivosti vodnih resursa u borbi protiv po\u017eara&#8221;, isti\u010du iz Ministarstva.<\/p>\n\n\n\n<p>Poseban segment radionice bio je posve\u0107en prekograni\u010dnoj koordinaciji i primjeni zajedni\u010dkih standardnih operativnih procedura izme\u0111u partnerskih institucija, sa ciljem br\u017ee i efikasnije reakcije u vanrednim situacijama. Na kraju doga\u0111aja usagla\u0161ene su preporuke za ja\u010danje kapaciteta lokalnih zajednica i dobrovoljnih vatrogasnih jedinica, unapre\u0111enje planiranja i prevencije, kao i konkretni koraci u pripremi za po\u017earnu sezonu 2026. godine, navode iz Ministarstva.<\/p>\n\n\n\n<p>&#8221;Projekat RESILIENCE, koji kofinansira Evropska unija kroz Interreg IPA Program za ju\u017eni Jadran 2021\u20132027, sprovodi se u partnerstvu izme\u0111u institucija iz Albanije, Italije i Crne Gore. Projekat traje do februara 2028. godine, a ukupan bud\u017eet iznosi 4.793.738 eura, od \u010dega je za Direktorat za za\u0161titu i spa\u0161avanje Crne Gore opredijeljeno 761.600 eura&#8221;, zaklju\u010duju iz Ministarstva unutra\u0161njih poslova.<\/p>","protected":false},"excerpt":{"rendered":"<p>Ministarstvo unutra\u0161njih poslova &#8211; Direktorat za za\u0161titu i spa\u0161avanje, kao partner na projektu \u201eRESILIENCE &#8211; Ja\u010danje otpornosti na klimatske promjene u ju\u017enom Jadranu\u201c, bilo je doma\u0107in \u010detvrtog sastanka Upravnog odbora projekta i stru\u010dne radionice, odr\u017eanih 11. i 12. novembra 2025. godine u Trening centru za za\u0161titu i spa\u0161avanje u Podgorici, saop\u0161teno je iz Ministarstva.<\/p>","protected":false},"author":1,"featured_media":963414,"comment_status":"open","ping_status":"open","sticky":false,"template":"","format":"standard","meta":{"_acf_changed":false,"footnotes":""},"categories":[2],"tags":[31,14346,1578,5357],"naslovna":[],"class_list":["post-963413","post","type-post","status-publish","format-standard","has-post-thumbnail","hentry","category-drustvo","tag-podgorica","tag-radionica-projekta-resilience","tag-sastanak","tag-upravni-odbor"],"acf":[],"yoast_head":"<!-- This site is optimized with the Yoast SEO plugin v27.4 - https:\/\/yoast.com\/product\/yoast-seo-wordpress\/ -->\n<title>Odr\u017eani sastanak Upravnog odbora i radionica projekta \u201eRESILIENCE\u201c u Podgorici - dmcsrb.com<\/title>\n<meta name=\"robots\" content=\"index, follow, max-snippet:-1, max-image-preview:large, max-video-preview:-1\" \/>\n<link rel=\"canonical\" href=\"https:\/\/dmcsrb.com\/en\/drustvo\/odrzani-sastanak-upravnog-odbora-i-radionica-projekta-resilience-u-podgorici\/\" \/>\n<meta property=\"og:locale\" content=\"en_GB\" \/>\n<meta property=\"og:type\" content=\"article\" \/>\n<meta property=\"og:title\" content=\"Odr\u017eani sastanak Upravnog odbora i radionica projekta \u201eRESILIENCE\u201c u Podgorici - dmcsrb.com\" \/>\n<meta property=\"og:description\" content=\"Ministarstvo unutra\u0161njih poslova - Direktorat za za\u0161titu i spa\u0161avanje, kao partner na projektu \u201eRESILIENCE - Ja\u010danje otpornosti na klimatske promjene u ju\u017enom Jadranu\u201c, bilo je doma\u0107in \u010detvrtog sastanka Upravnog odbora projekta i stru\u010dne radionice, odr\u017eanih 11. i 12. novembra 2025. godine u Trening centru za za\u0161titu i spa\u0161avanje u Podgorici, saop\u0161teno je iz Ministarstva.\" \/>\n<meta property=\"og:url\" content=\"https:\/\/dmcsrb.com\/en\/drustvo\/odrzani-sastanak-upravnog-odbora-i-radionica-projekta-resilience-u-podgorici\/\" \/>\n<meta property=\"og:site_name\" content=\"dmcsrb.com\" \/>\n<meta property=\"article:published_time\" content=\"2025-11-12T16:30:00+00:00\" \/>\n<meta property=\"og:image\" content=\"https:\/\/dmcsrb.com\/wp-content\/uploads\/2026\/01\/Workshop-photo-6.webp\" \/>\n\t<meta property=\"og:image:width\" content=\"1280\" \/>\n\t<meta property=\"og:image:height\" content=\"960\" \/>\n\t<meta property=\"og:image:type\" content=\"image\/jpeg\" \/>\n<meta name=\"author\" content=\"dmcsrbija.com@gmail.com\" \/>\n<meta name=\"twitter:card\" content=\"summary_large_image\" \/>\n<meta name=\"twitter:label1\" content=\"Written by\" \/>\n\t<meta name=\"twitter:data1\" content=\"dmcsrbija.com@gmail.com\" \/>\n\t<meta name=\"twitter:label2\" content=\"Estimated reading time\" \/>\n\t<meta name=\"twitter:data2\" content=\"2 minutes\" \/>\n<script type=\"application\/ld+json\" class=\"yoast-schema-graph\">{\"@context\":\"https:\\\/\\\/schema.org\",\"@graph\":[{\"@type\":\"Article\",\"@id\":\"https:\\\/\\\/dmcsrb.com\\\/drustvo\\\/odrzani-sastanak-upravnog-odbora-i-radionica-projekta-resilience-u-podgorici\\\/#article\",\"isPartOf\":{\"@id\":\"https:\\\/\\\/dmcsrb.com\\\/drustvo\\\/odrzani-sastanak-upravnog-odbora-i-radionica-projekta-resilience-u-podgorici\\\/\"},\"author\":{\"name\":\"dmcsrbija.com@gmail.com\",\"@id\":\"https:\\\/\\\/dmcsrb.com\\\/#\\\/schema\\\/person\\\/5c39170f12db1b8b457732d0b5c854e2\"},\"headline\":\"Odr\u017eani sastanak Upravnog odbora i radionica projekta \u201eRESILIENCE\u201c u Podgorici\",\"datePublished\":\"2025-11-12T16:30:00+00:00\",\"mainEntityOfPage\":{\"@id\":\"https:\\\/\\\/dmcsrb.com\\\/drustvo\\\/odrzani-sastanak-upravnog-odbora-i-radionica-projekta-resilience-u-podgorici\\\/\"},\"wordCount\":389,\"commentCount\":0,\"image\":{\"@id\":\"https:\\\/\\\/dmcsrb.com\\\/drustvo\\\/odrzani-sastanak-upravnog-odbora-i-radionica-projekta-resilience-u-podgorici\\\/#primaryimage\"},\"thumbnailUrl\":\"https:\\\/\\\/dmcsrb.com\\\/wp-content\\\/uploads\\\/2026\\\/01\\\/Workshop-photo-6.webp\",\"keywords\":[\"Podgorica\",\"Radionica projekta ''Resilience''\",\"sastanak\",\"upravni odbor\"],\"articleSection\":[\"Dru\u0161tvo\"],\"inLanguage\":\"en-GB\",\"potentialAction\":[{\"@type\":\"CommentAction\",\"name\":\"Comment\",\"target\":[\"https:\\\/\\\/dmcsrb.com\\\/drustvo\\\/odrzani-sastanak-upravnog-odbora-i-radionica-projekta-resilience-u-podgorici\\\/#respond\"]}]},{\"@type\":\"WebPage\",\"@id\":\"https:\\\/\\\/dmcsrb.com\\\/drustvo\\\/odrzani-sastanak-upravnog-odbora-i-radionica-projekta-resilience-u-podgorici\\\/\",\"url\":\"https:\\\/\\\/dmcsrb.com\\\/drustvo\\\/odrzani-sastanak-upravnog-odbora-i-radionica-projekta-resilience-u-podgorici\\\/\",\"name\":\"Odr\u017eani sastanak Upravnog odbora i radionica projekta \u201eRESILIENCE\u201c u Podgorici - dmcsrb.com\",\"isPartOf\":{\"@id\":\"https:\\\/\\\/dmcsrb.com\\\/#website\"},\"primaryImageOfPage\":{\"@id\":\"https:\\\/\\\/dmcsrb.com\\\/drustvo\\\/odrzani-sastanak-upravnog-odbora-i-radionica-projekta-resilience-u-podgorici\\\/#primaryimage\"},\"image\":{\"@id\":\"https:\\\/\\\/dmcsrb.com\\\/drustvo\\\/odrzani-sastanak-upravnog-odbora-i-radionica-projekta-resilience-u-podgorici\\\/#primaryimage\"},\"thumbnailUrl\":\"https:\\\/\\\/dmcsrb.com\\\/wp-content\\\/uploads\\\/2026\\\/01\\\/Workshop-photo-6.webp\",\"datePublished\":\"2025-11-12T16:30:00+00:00\",\"author\":{\"@id\":\"https:\\\/\\\/dmcsrb.com\\\/#\\\/schema\\\/person\\\/5c39170f12db1b8b457732d0b5c854e2\"},\"breadcrumb\":{\"@id\":\"https:\\\/\\\/dmcsrb.com\\\/drustvo\\\/odrzani-sastanak-upravnog-odbora-i-radionica-projekta-resilience-u-podgorici\\\/#breadcrumb\"},\"inLanguage\":\"en-GB\",\"potentialAction\":[{\"@type\":\"ReadAction\",\"target\":[\"https:\\\/\\\/dmcsrb.com\\\/drustvo\\\/odrzani-sastanak-upravnog-odbora-i-radionica-projekta-resilience-u-podgorici\\\/\"]}]},{\"@type\":\"ImageObject\",\"inLanguage\":\"en-GB\",\"@id\":\"https:\\\/\\\/dmcsrb.com\\\/drustvo\\\/odrzani-sastanak-upravnog-odbora-i-radionica-projekta-resilience-u-podgorici\\\/#primaryimage\",\"url\":\"https:\\\/\\\/dmcsrb.com\\\/wp-content\\\/uploads\\\/2026\\\/01\\\/Workshop-photo-6.webp\",\"contentUrl\":\"https:\\\/\\\/dmcsrb.com\\\/wp-content\\\/uploads\\\/2026\\\/01\\\/Workshop-photo-6.webp\",\"width\":1280,\"height\":960},{\"@type\":\"BreadcrumbList\",\"@id\":\"https:\\\/\\\/dmcsrb.com\\\/drustvo\\\/odrzani-sastanak-upravnog-odbora-i-radionica-projekta-resilience-u-podgorici\\\/#breadcrumb\",\"itemListElement\":[{\"@type\":\"ListItem\",\"position\":1,\"name\":\"Home\",\"item\":\"https:\\\/\\\/dmcsrb.com\\\/\"},{\"@type\":\"ListItem\",\"position\":2,\"name\":\"Odr\u017eani sastanak Upravnog odbora i radionica projekta \u201eRESILIENCE\u201c u Podgorici\"}]},{\"@type\":\"WebSite\",\"@id\":\"https:\\\/\\\/dmcsrb.com\\\/#website\",\"url\":\"https:\\\/\\\/dmcsrb.com\\\/\",\"name\":\"dmcsrb.com\",\"description\":\"\",\"potentialAction\":[{\"@type\":\"SearchAction\",\"target\":{\"@type\":\"EntryPoint\",\"urlTemplate\":\"https:\\\/\\\/dmcsrb.com\\\/?s={search_term_string}\"},\"query-input\":{\"@type\":\"PropertyValueSpecification\",\"valueRequired\":true,\"valueName\":\"search_term_string\"}}],\"inLanguage\":\"en-GB\"},{\"@type\":\"Person\",\"@id\":\"https:\\\/\\\/dmcsrb.com\\\/#\\\/schema\\\/person\\\/5c39170f12db1b8b457732d0b5c854e2\",\"name\":\"dmcsrbija.com@gmail.com\",\"image\":{\"@type\":\"ImageObject\",\"inLanguage\":\"en-GB\",\"@id\":\"https:\\\/\\\/secure.gravatar.com\\\/avatar\\\/68592660ad6347fad0fb587f8d5d8f1a7b44961362f56e4f2cd524feb87e9069?s=96&d=mm&r=g\",\"url\":\"https:\\\/\\\/secure.gravatar.com\\\/avatar\\\/68592660ad6347fad0fb587f8d5d8f1a7b44961362f56e4f2cd524feb87e9069?s=96&d=mm&r=g\",\"contentUrl\":\"https:\\\/\\\/secure.gravatar.com\\\/avatar\\\/68592660ad6347fad0fb587f8d5d8f1a7b44961362f56e4f2cd524feb87e9069?s=96&d=mm&r=g\",\"caption\":\"dmcsrbija.com@gmail.com\"},\"sameAs\":[\"https:\\\/\\\/dmcsrb.com\"],\"url\":\"https:\\\/\\\/dmcsrb.com\\\/en\\\/author\\\/dmcsrbija-comgmail-com\\\/\"}]}<\/script>\n<!-- \/ Yoast SEO plugin. -->","yoast_head_json":{"title":"Odr\u017eani sastanak Upravnog odbora i radionica projekta \u201eRESILIENCE\u201c u Podgorici - dmcsrb.com","robots":{"index":"index","follow":"follow","max-snippet":"max-snippet:-1","max-image-preview":"max-image-preview:large","max-video-preview":"max-video-preview:-1"},"canonical":"https:\/\/dmcsrb.com\/en\/drustvo\/odrzani-sastanak-upravnog-odbora-i-radionica-projekta-resilience-u-podgorici\/","og_locale":"en_GB","og_type":"article","og_title":"Odr\u017eani sastanak Upravnog odbora i radionica projekta \u201eRESILIENCE\u201c u Podgorici - dmcsrb.com","og_description":"Ministarstvo unutra\u0161njih poslova - Direktorat za za\u0161titu i spa\u0161avanje, kao partner na projektu \u201eRESILIENCE - Ja\u010danje otpornosti na klimatske promjene u ju\u017enom Jadranu\u201c, bilo je doma\u0107in \u010detvrtog sastanka Upravnog odbora projekta i stru\u010dne radionice, odr\u017eanih 11. i 12. novembra 2025. godine u Trening centru za za\u0161titu i spa\u0161avanje u Podgorici, saop\u0161teno je iz Ministarstva.","og_url":"https:\/\/dmcsrb.com\/en\/drustvo\/odrzani-sastanak-upravnog-odbora-i-radionica-projekta-resilience-u-podgorici\/","og_site_name":"dmcsrb.com","article_published_time":"2025-11-12T16:30:00+00:00","og_image":[{"width":1280,"height":960,"url":"https:\/\/dmcsrb.com\/wp-content\/uploads\/2026\/01\/Workshop-photo-6.webp","type":"image\/jpeg"}],"author":"dmcsrbija.com@gmail.com","twitter_card":"summary_large_image","twitter_misc":{"Written by":"dmcsrbija.com@gmail.com","Estimated reading time":"2 minutes"},"schema":{"@context":"https:\/\/schema.org","@graph":[{"@type":"Article","@id":"https:\/\/dmcsrb.com\/drustvo\/odrzani-sastanak-upravnog-odbora-i-radionica-projekta-resilience-u-podgorici\/#article","isPartOf":{"@id":"https:\/\/dmcsrb.com\/drustvo\/odrzani-sastanak-upravnog-odbora-i-radionica-projekta-resilience-u-podgorici\/"},"author":{"name":"dmcsrbija.com@gmail.com","@id":"https:\/\/dmcsrb.com\/#\/schema\/person\/5c39170f12db1b8b457732d0b5c854e2"},"headline":"Odr\u017eani sastanak Upravnog odbora i radionica projekta \u201eRESILIENCE\u201c u Podgorici","datePublished":"2025-11-12T16:30:00+00:00","mainEntityOfPage":{"@id":"https:\/\/dmcsrb.com\/drustvo\/odrzani-sastanak-upravnog-odbora-i-radionica-projekta-resilience-u-podgorici\/"},"wordCount":389,"commentCount":0,"image":{"@id":"https:\/\/dmcsrb.com\/drustvo\/odrzani-sastanak-upravnog-odbora-i-radionica-projekta-resilience-u-podgorici\/#primaryimage"},"thumbnailUrl":"https:\/\/dmcsrb.com\/wp-content\/uploads\/2026\/01\/Workshop-photo-6.webp","keywords":["Podgorica","Radionica projekta ''Resilience''","sastanak","upravni odbor"],"articleSection":["Dru\u0161tvo"],"inLanguage":"en-GB","potentialAction":[{"@type":"CommentAction","name":"Comment","target":["https:\/\/dmcsrb.com\/drustvo\/odrzani-sastanak-upravnog-odbora-i-radionica-projekta-resilience-u-podgorici\/#respond"]}]},{"@type":"WebPage","@id":"https:\/\/dmcsrb.com\/drustvo\/odrzani-sastanak-upravnog-odbora-i-radionica-projekta-resilience-u-podgorici\/","url":"https:\/\/dmcsrb.com\/drustvo\/odrzani-sastanak-upravnog-odbora-i-radionica-projekta-resilience-u-podgorici\/","name":"Odr\u017eani sastanak Upravnog odbora i radionica projekta \u201eRESILIENCE\u201c u Podgorici - dmcsrb.com","isPartOf":{"@id":"https:\/\/dmcsrb.com\/#website"},"primaryImageOfPage":{"@id":"https:\/\/dmcsrb.com\/drustvo\/odrzani-sastanak-upravnog-odbora-i-radionica-projekta-resilience-u-podgorici\/#primaryimage"},"image":{"@id":"https:\/\/dmcsrb.com\/drustvo\/odrzani-sastanak-upravnog-odbora-i-radionica-projekta-resilience-u-podgorici\/#primaryimage"},"thumbnailUrl":"https:\/\/dmcsrb.com\/wp-content\/uploads\/2026\/01\/Workshop-photo-6.webp","datePublished":"2025-11-12T16:30:00+00:00","author":{"@id":"https:\/\/dmcsrb.com\/#\/schema\/person\/5c39170f12db1b8b457732d0b5c854e2"},"breadcrumb":{"@id":"https:\/\/dmcsrb.com\/drustvo\/odrzani-sastanak-upravnog-odbora-i-radionica-projekta-resilience-u-podgorici\/#breadcrumb"},"inLanguage":"en-GB","potentialAction":[{"@type":"ReadAction","target":["https:\/\/dmcsrb.com\/drustvo\/odrzani-sastanak-upravnog-odbora-i-radionica-projekta-resilience-u-podgorici\/"]}]},{"@type":"ImageObject","inLanguage":"en-GB","@id":"https:\/\/dmcsrb.com\/drustvo\/odrzani-sastanak-upravnog-odbora-i-radionica-projekta-resilience-u-podgorici\/#primaryimage","url":"https:\/\/dmcsrb.com\/wp-content\/uploads\/2026\/01\/Workshop-photo-6.webp","contentUrl":"https:\/\/dmcsrb.com\/wp-content\/uploads\/2026\/01\/Workshop-photo-6.webp","width":1280,"height":960},{"@type":"BreadcrumbList","@id":"https:\/\/dmcsrb.com\/drustvo\/odrzani-sastanak-upravnog-odbora-i-radionica-projekta-resilience-u-podgorici\/#breadcrumb","itemListElement":[{"@type":"ListItem","position":1,"name":"Home","item":"https:\/\/dmcsrb.com\/"},{"@type":"ListItem","position":2,"name":"Odr\u017eani sastanak Upravnog odbora i radionica projekta \u201eRESILIENCE\u201c u Podgorici"}]},{"@type":"WebSite","@id":"https:\/\/dmcsrb.com\/#website","url":"https:\/\/dmcsrb.com\/","name":"dmcsrb.com","description":"","potentialAction":[{"@type":"SearchAction","target":{"@type":"EntryPoint","urlTemplate":"https:\/\/dmcsrb.com\/?s={search_term_string}"},"query-input":{"@type":"PropertyValueSpecification","valueRequired":true,"valueName":"search_term_string"}}],"inLanguage":"en-GB"},{"@type":"Person","@id":"https:\/\/dmcsrb.com\/#\/schema\/person\/5c39170f12db1b8b457732d0b5c854e2","name":"dmcsrbija.com@gmail.com","image":{"@type":"ImageObject","inLanguage":"en-GB","@id":"https:\/\/secure.gravatar.com\/avatar\/68592660ad6347fad0fb587f8d5d8f1a7b44961362f56e4f2cd524feb87e9069?s=96&d=mm&r=g","url":"https:\/\/secure.gravatar.com\/avatar\/68592660ad6347fad0fb587f8d5d8f1a7b44961362f56e4f2cd524feb87e9069?s=96&d=mm&r=g","contentUrl":"https:\/\/secure.gravatar.com\/avatar\/68592660ad6347fad0fb587f8d5d8f1a7b44961362f56e4f2cd524feb87e9069?s=96&d=mm&r=g","caption":"dmcsrbija.com@gmail.com"},"sameAs":["https:\/\/dmcsrb.com"],"url":"https:\/\/dmcsrb.com\/en\/author\/dmcsrbija-comgmail-com\/"}]}},"_links":{"self":[{"href":"https:\/\/dmcsrb.com\/en\/wp-json\/wp\/v2\/posts\/963413","targetHints":{"allow":["GET"]}}],"collection":[{"href":"https:\/\/dmcsrb.com\/en\/wp-json\/wp\/v2\/posts"}],"about":[{"href":"https:\/\/dmcsrb.com\/en\/wp-json\/wp\/v2\/types\/post"}],"author":[{"embeddable":true,"href":"https:\/\/dmcsrb.com\/en\/wp-json\/wp\/v2\/users\/1"}],"replies":[{"embeddable":true,"href":"https:\/\/dmcsrb.com\/en\/wp-json\/wp\/v2\/comments?post=963413"}],"version-history":[{"count":0,"href":"https:\/\/dmcsrb.com\/en\/wp-json\/wp\/v2\/posts\/963413\/revisions"}],"wp:featuredmedia":[{"embeddable":true,"href":"https:\/\/dmcsrb.com\/en\/wp-json\/wp\/v2\/media\/963414"}],"wp:attachment":[{"href":"https:\/\/dmcsrb.com\/en\/wp-json\/wp\/v2\/media?parent=963413"}],"wp:term":[{"taxonomy":"category","embeddable":true,"href":"https:\/\/dmcsrb.com\/en\/wp-json\/wp\/v2\/categories?post=963413"},{"taxonomy":"post_tag","embeddable":true,"href":"https:\/\/dmcsrb.com\/en\/wp-json\/wp\/v2\/tags?post=963413"},{"taxonomy":"naslovna","embeddable":true,"href":"https:\/\/dmcsrb.com\/en\/wp-json\/wp\/v2\/naslovna?post=963413"}],"curies":[{"name":"wp","href":"https:\/\/api.w.org\/{rel}","templated":true}]}}