{"id":963411,"date":"2025-11-12T17:29:00","date_gmt":"2025-11-12T16:29:00","guid":{"rendered":"https:\/\/dmcsrb.com\/uncategorized\/debitant-rakcevic-trenutak-o-kome-sam-mastao\/"},"modified":"2025-11-12T17:29:00","modified_gmt":"2025-11-12T16:29:00","slug":"debitant-rakcevic-trenutak-o-kome-sam-mastao","status":"publish","type":"post","link":"https:\/\/dmcsrb.com\/en\/sport\/debitant-rakcevic-trenutak-o-kome-sam-mastao\/","title":{"rendered":"Debitant Rak\u010devi\u0107: Trenutak o kome sam ma\u0161tao"},"content":{"rendered":"<p>Najmla\u0111i starter u mladom timu Budu\u0107nosti, za koji su \u2013 izme\u0111u ostalih \u2013 po\u010deli\u00a0<strong>Damjan Daki\u0107<\/strong>\u00a0(2004. godi\u0161te),\u00a0<strong>Danilo Vukani\u0107\u00a0<\/strong>(2006) i\u00a0<strong>Lazar Savovi\u0107\u00a0<\/strong>(2008), vrlo brzo \u0161ansu dobio i\u00a0<strong>Matija Jovanovi\u0107<\/strong>\u00a0(2008) umjesto povrije\u0111enog<strong>\u00a0Zorana Petrovi\u0107a<\/strong>, bio je\u00a0<strong>Matija Rak\u010devi\u0107<\/strong>, talentovani dje\u010dak ro\u0111en 2009. godine.<\/p>\n\n\n\n<p>\u0160esnaestogodi\u0161nji vezista je sa drugovima iz omladinaca&nbsp;<strong>Lazarom Popovi\u0107em<\/strong>&nbsp;(2009),&nbsp;<strong>Petrom Vujovi\u0107em<\/strong>&nbsp;(2009) i&nbsp;<strong>Novakom Fati\u0107em<\/strong>&nbsp;(2008) \u2013 sva trojica bila na klupi protiv Jedinstva \u2013 priklju\u010den prvom timu prije petnaestak dana, a na dan utakmice se Bjelopoljcima \u0161ef stru\u010dnog \u0161taba&nbsp;<strong>Dejan Vuki\u0107evi\u0107<\/strong>&nbsp;mu je poru\u010dio:&nbsp;<strong>Po\u010dinje\u0161!<\/strong><\/p>\n\n\n\n<p>\u201e<strong>O\u010dekivao sam da \u0107u jednog dana debitovati, to sam \u010dekao od kada sam priklju\u010den prvom timu, ali iskreno: nisam ni sanjao da \u0107e to biti sada, i jo\u0161 u startnih 11. Bio sam iznena\u0111en kad sam \u010duo da po\u010dinjem me\u010d, ali i presre\u0107an. To je trenutak o kojem sam ma\u0161tao, jer je Budu\u0107nost najve\u0107i klub u dr\u017eavi i igrati u plavom ima posebnu te\u017einu. Ostao sam miran, samo sam pomislio da moram da dam sve od sebe<\/strong>\u201d, rekao je Rak\u010devi\u0107 nakon debija.<\/p>\n\n\n\n<p>\u201cPlavi\u201d su slavili golom Savovi\u0107a na sjajnu asistenciju\u00a0<strong>Mom\u010dila Raspopovi\u0107a<\/strong>, a debitant je igrao do 83. minuta \u2013 bio je miran, po\u017ertvovan, ta\u010dan\u2026<\/p>\n\n\n\n<p>\u201e<strong>Zadovoljan sam svojom igrom, a posebno va\u017enom pobjedom, ali znam da mogu i moram jo\u0161 bolje. Dao sam sve \u0161to sam mogao u tom trenutku, ali sam svjestan da ima prostora za napredak. Na meni je da radim i u\u010dim iz dana u dan i da vrijedno treniram. Nadam se da sam opravdao o\u010dekivanja stru\u010dnog \u0161taba i saigra\u010da i trudi\u0107u se da budem bolji u narednim utakmicama kada dobijem \u0161ansu<\/strong>\u201c.<\/p>\n\n\n\n<p>Rak\u010devi\u0107 je \u2013 kao i ve\u0107ina njegovih drugara koji su priklju\u010deni prvom timu Budu\u0107nosti \u2013 po godi\u0161tu kadet, po\u010deo je sezonu me\u0111u omladincima, igrao Ligu \u0161ampiona protiv vel\u0161kog Haverfordvesta i danskog Midtjilanda, a onda je usko\u010dio u po\u010detnu postavu\u2026<\/p>\n\n\n\n<p>\u201e<strong>Sve se izde\u0161avalo brzo \u2014 od poziva da treniram za prvi tim do utakmice i samog izlaska na teren u startnih 11 \u2014 ali iskreno: bio sam spreman. Cijele sezone treniram maksimalno, radujem se svakom treningu, prvi tim je do\u0161ao kao nagrada, a utakmica \u2013 premija. Bitno mi je bilo samo da sam fokusiran i da pomognem ekipi<\/strong>\u201d, pojasnio je plavo-bijeli broj 14.<\/p>\n\n\n\n<p>Sve mu je lak\u0161e bilo uz godinu starijeg Savovi\u0107a koji igra drugu pravu sezonu (tre\u0107u od debija) u prvom timu plavih \u2013 zajedno sa Vukani\u0107em, jo\u0161 jednim talentovanim igra\u010dem iz plejade mla\u0111ih, dr\u017eali su sredinu terena koja je ukupno imala 52 godine\u2026<\/p>\n\n\n\n<p>\u201e<strong>Savke i ja se znamo odavno, igrali smo zajedno godinama u mla\u0111im kategorijama i to mi je stvarno mnogo pomoglo. Lako se razumijemo na terenu, pa mi je bilo lak\u0161e da se uklopim u igru. Takva hemija puno zna\u010di, pogotovo kad debitujete<\/strong>\u201c, jasan je Rak\u010devi\u0107, koji se na trenutak vratio na utakmicu protiv Jedinstva\u2026<\/p>\n\n\n\n<p>\u201e<strong>Nije bilo lako, ali smo uzeli tri boda protiv dobre ekipe i to na te\u0161kom terenu. Sre\u0107an sam \u0161to sam debitovao ba\u0161 u pobjedi i \u0161to smo svi pokazali karakter. Nadam se da je trijumf u Bijelom Polju samo po\u010detak niza<\/strong>\u201c.<\/p>\n\n\n\n<p>Prvi san je ostvaren, \u017eeli jo\u0161 da sanja u \u201cplavom\u201d, a onda i neke ve\u0107e snove\u2026 A sli\u010dno ma\u0161taju i njegovi klasi\u0107i \u2013 Popovi\u0107, Vujovi\u0107, Fati\u0107, Jovanovi\u0107 koji je debitovao po\u010detkom sezone.<\/p>\n\n\n\n<p>\u201e<strong>Dobili smo \u0161ansu u prvom timu, guramo jedni druge, pri\u010damo, hrabrimo se, jer je \u201cskok\u201d iz omladinca u prvi tim veliki korak, ali vjerujem da smo spremni i hvala stru\u010dnom \u0161tabu na povjerenju. Svima nama mnogo zna\u010di prilika \u0161to smo u prvom timu Budu\u0107nosti, vjerujem da \u0107e i moji drugari uskoro dobiti \u0161ansu da debituju i znam da \u0107e da budu spremni. Svi radimo kao tim i svi se radujemo uspjesima drugih<\/strong>\u201c, poru\u010dio je Matija Rak\u010devi\u0107, koji je ljetos pro\u0161ao pripreme prvog tima zajedno sa pomenutima Vujovi\u0107em i Popovi\u0107em, te&nbsp;<strong>Petrom Re\u0161etarom<\/strong>&nbsp;i golmanom&nbsp;<strong>Simonom So\u0161i\u0107em<\/strong>.<\/p>\n\n\n\n<p><\/p>","protected":false},"excerpt":{"rendered":"<p>Podmla\u0111ena Budu\u0107nost je polo\u017eila ispit na prvom koraku: \u201cplavo-bijeli\u201d su prethodnog vikenda savladali Jedinstvo u gostima (1:0), a prosjek godina tima koji je igrao u Bijelom Polju (ali i zavr\u0161io me\u010d) je bio ne\u0161to vi\u0161e od 25.<\/p>","protected":false},"author":1,"featured_media":963412,"comment_status":"open","ping_status":"open","sticky":false,"template":"","format":"standard","meta":{"_acf_changed":false,"footnotes":""},"categories":[148],"tags":[263,5122],"naslovna":[],"class_list":["post-963411","post","type-post","status-publish","format-standard","has-post-thumbnail","hentry","category-sport","tag-fk-buducnost","tag-matija-rakcevic"],"acf":[],"yoast_head":"<!-- This site is optimized with the Yoast SEO plugin v27.0 - https:\/\/yoast.com\/product\/yoast-seo-wordpress\/ -->\n<title>Debitant Rak\u010devi\u0107: Trenutak o kome sam ma\u0161tao - dmcsrb.com<\/title>\n<meta name=\"robots\" content=\"index, follow, max-snippet:-1, max-image-preview:large, max-video-preview:-1\" \/>\n<link rel=\"canonical\" href=\"https:\/\/dmcsrb.com\/en\/sport\/debitant-rakcevic-trenutak-o-kome-sam-mastao\/\" \/>\n<meta property=\"og:locale\" content=\"en_GB\" \/>\n<meta property=\"og:type\" content=\"article\" \/>\n<meta property=\"og:title\" content=\"Debitant Rak\u010devi\u0107: Trenutak o kome sam ma\u0161tao - dmcsrb.com\" \/>\n<meta property=\"og:description\" content=\"Podmla\u0111ena Budu\u0107nost je polo\u017eila ispit na prvom koraku: \u201cplavo-bijeli\u201d su prethodnog vikenda savladali Jedinstvo u gostima (1:0), a prosjek godina tima koji je igrao u Bijelom Polju (ali i zavr\u0161io me\u010d) je bio ne\u0161to vi\u0161e od 25.\" \/>\n<meta property=\"og:url\" content=\"https:\/\/dmcsrb.com\/en\/sport\/debitant-rakcevic-trenutak-o-kome-sam-mastao\/\" \/>\n<meta property=\"og:site_name\" content=\"dmcsrb.com\" \/>\n<meta property=\"article:published_time\" content=\"2025-11-12T16:29:00+00:00\" \/>\n<meta property=\"og:image\" content=\"https:\/\/dmcsrb.com\/wp-content\/uploads\/2026\/01\/Rakcevic-FK-Buducnost.webp\" \/>\n\t<meta property=\"og:image:width\" content=\"1536\" \/>\n\t<meta property=\"og:image:height\" content=\"1024\" \/>\n\t<meta property=\"og:image:type\" content=\"image\/webp\" \/>\n<meta name=\"author\" content=\"dmcsrbija.com@gmail.com\" \/>\n<meta name=\"twitter:card\" content=\"summary_large_image\" \/>\n<meta name=\"twitter:label1\" content=\"Written by\" \/>\n\t<meta name=\"twitter:data1\" content=\"dmcsrbija.com@gmail.com\" \/>\n\t<meta name=\"twitter:label2\" content=\"Estimated reading time\" \/>\n\t<meta name=\"twitter:data2\" content=\"4 minutes\" \/>\n<script type=\"application\/ld+json\" class=\"yoast-schema-graph\">{\"@context\":\"https:\/\/schema.org\",\"@graph\":[{\"@type\":\"Article\",\"@id\":\"https:\/\/dmcsrb.com\/sport\/debitant-rakcevic-trenutak-o-kome-sam-mastao\/#article\",\"isPartOf\":{\"@id\":\"https:\/\/dmcsrb.com\/sport\/debitant-rakcevic-trenutak-o-kome-sam-mastao\/\"},\"author\":{\"name\":\"dmcsrbija.com@gmail.com\",\"@id\":\"https:\/\/dmcsrb.com\/#\/schema\/person\/5c39170f12db1b8b457732d0b5c854e2\"},\"headline\":\"Debitant Rak\u010devi\u0107: Trenutak o kome sam ma\u0161tao\",\"datePublished\":\"2025-11-12T16:29:00+00:00\",\"mainEntityOfPage\":{\"@id\":\"https:\/\/dmcsrb.com\/sport\/debitant-rakcevic-trenutak-o-kome-sam-mastao\/\"},\"wordCount\":715,\"commentCount\":0,\"image\":{\"@id\":\"https:\/\/dmcsrb.com\/sport\/debitant-rakcevic-trenutak-o-kome-sam-mastao\/#primaryimage\"},\"thumbnailUrl\":\"https:\/\/dmcsrb.com\/wp-content\/uploads\/2026\/01\/Rakcevic-FK-Buducnost.webp\",\"keywords\":[\"FK Budu\u0107nost\",\"Matija Rak\u010devi\u0107\"],\"articleSection\":[\"Sport\"],\"inLanguage\":\"en-GB\",\"potentialAction\":[{\"@type\":\"CommentAction\",\"name\":\"Comment\",\"target\":[\"https:\/\/dmcsrb.com\/sport\/debitant-rakcevic-trenutak-o-kome-sam-mastao\/#respond\"]}]},{\"@type\":\"WebPage\",\"@id\":\"https:\/\/dmcsrb.com\/sport\/debitant-rakcevic-trenutak-o-kome-sam-mastao\/\",\"url\":\"https:\/\/dmcsrb.com\/sport\/debitant-rakcevic-trenutak-o-kome-sam-mastao\/\",\"name\":\"Debitant Rak\u010devi\u0107: Trenutak o kome sam ma\u0161tao - dmcsrb.com\",\"isPartOf\":{\"@id\":\"https:\/\/dmcsrb.com\/#website\"},\"primaryImageOfPage\":{\"@id\":\"https:\/\/dmcsrb.com\/sport\/debitant-rakcevic-trenutak-o-kome-sam-mastao\/#primaryimage\"},\"image\":{\"@id\":\"https:\/\/dmcsrb.com\/sport\/debitant-rakcevic-trenutak-o-kome-sam-mastao\/#primaryimage\"},\"thumbnailUrl\":\"https:\/\/dmcsrb.com\/wp-content\/uploads\/2026\/01\/Rakcevic-FK-Buducnost.webp\",\"datePublished\":\"2025-11-12T16:29:00+00:00\",\"author\":{\"@id\":\"https:\/\/dmcsrb.com\/#\/schema\/person\/5c39170f12db1b8b457732d0b5c854e2\"},\"breadcrumb\":{\"@id\":\"https:\/\/dmcsrb.com\/sport\/debitant-rakcevic-trenutak-o-kome-sam-mastao\/#breadcrumb\"},\"inLanguage\":\"en-GB\",\"potentialAction\":[{\"@type\":\"ReadAction\",\"target\":[\"https:\/\/dmcsrb.com\/sport\/debitant-rakcevic-trenutak-o-kome-sam-mastao\/\"]}]},{\"@type\":\"ImageObject\",\"inLanguage\":\"en-GB\",\"@id\":\"https:\/\/dmcsrb.com\/sport\/debitant-rakcevic-trenutak-o-kome-sam-mastao\/#primaryimage\",\"url\":\"https:\/\/dmcsrb.com\/wp-content\/uploads\/2026\/01\/Rakcevic-FK-Buducnost.webp\",\"contentUrl\":\"https:\/\/dmcsrb.com\/wp-content\/uploads\/2026\/01\/Rakcevic-FK-Buducnost.webp\",\"width\":1536,\"height\":1024},{\"@type\":\"BreadcrumbList\",\"@id\":\"https:\/\/dmcsrb.com\/sport\/debitant-rakcevic-trenutak-o-kome-sam-mastao\/#breadcrumb\",\"itemListElement\":[{\"@type\":\"ListItem\",\"position\":1,\"name\":\"Home\",\"item\":\"https:\/\/dmcsrb.com\/\"},{\"@type\":\"ListItem\",\"position\":2,\"name\":\"Debitant Rak\u010devi\u0107: Trenutak o kome sam ma\u0161tao\"}]},{\"@type\":\"WebSite\",\"@id\":\"https:\/\/dmcsrb.com\/#website\",\"url\":\"https:\/\/dmcsrb.com\/\",\"name\":\"dmcsrb.com\",\"description\":\"\",\"potentialAction\":[{\"@type\":\"SearchAction\",\"target\":{\"@type\":\"EntryPoint\",\"urlTemplate\":\"https:\/\/dmcsrb.com\/?s={search_term_string}\"},\"query-input\":{\"@type\":\"PropertyValueSpecification\",\"valueRequired\":true,\"valueName\":\"search_term_string\"}}],\"inLanguage\":\"en-GB\"},{\"@type\":\"Person\",\"@id\":\"https:\/\/dmcsrb.com\/#\/schema\/person\/5c39170f12db1b8b457732d0b5c854e2\",\"name\":\"dmcsrbija.com@gmail.com\",\"image\":{\"@type\":\"ImageObject\",\"inLanguage\":\"en-GB\",\"@id\":\"https:\/\/dmcsrb.com\/#\/schema\/person\/image\/\",\"url\":\"https:\/\/secure.gravatar.com\/avatar\/68592660ad6347fad0fb587f8d5d8f1a7b44961362f56e4f2cd524feb87e9069?s=96&d=mm&r=g\",\"contentUrl\":\"https:\/\/secure.gravatar.com\/avatar\/68592660ad6347fad0fb587f8d5d8f1a7b44961362f56e4f2cd524feb87e9069?s=96&d=mm&r=g\",\"caption\":\"dmcsrbija.com@gmail.com\"},\"sameAs\":[\"https:\/\/dmcsrb.com\"],\"url\":\"https:\/\/dmcsrb.com\/en\/author\/dmcsrbija-comgmail-com\/\"}]}<\/script>\n<!-- \/ Yoast SEO plugin. -->","yoast_head_json":{"title":"Debitant Rak\u010devi\u0107: Trenutak o kome sam ma\u0161tao - dmcsrb.com","robots":{"index":"index","follow":"follow","max-snippet":"max-snippet:-1","max-image-preview":"max-image-preview:large","max-video-preview":"max-video-preview:-1"},"canonical":"https:\/\/dmcsrb.com\/en\/sport\/debitant-rakcevic-trenutak-o-kome-sam-mastao\/","og_locale":"en_GB","og_type":"article","og_title":"Debitant Rak\u010devi\u0107: Trenutak o kome sam ma\u0161tao - dmcsrb.com","og_description":"Podmla\u0111ena Budu\u0107nost je polo\u017eila ispit na prvom koraku: \u201cplavo-bijeli\u201d su prethodnog vikenda savladali Jedinstvo u gostima (1:0), a prosjek godina tima koji je igrao u Bijelom Polju (ali i zavr\u0161io me\u010d) je bio ne\u0161to vi\u0161e od 25.","og_url":"https:\/\/dmcsrb.com\/en\/sport\/debitant-rakcevic-trenutak-o-kome-sam-mastao\/","og_site_name":"dmcsrb.com","article_published_time":"2025-11-12T16:29:00+00:00","og_image":[{"width":1536,"height":1024,"url":"https:\/\/dmcsrb.com\/wp-content\/uploads\/2026\/01\/Rakcevic-FK-Buducnost.webp","type":"image\/webp"}],"author":"dmcsrbija.com@gmail.com","twitter_card":"summary_large_image","twitter_misc":{"Written by":"dmcsrbija.com@gmail.com","Estimated reading time":"4 minutes"},"schema":{"@context":"https:\/\/schema.org","@graph":[{"@type":"Article","@id":"https:\/\/dmcsrb.com\/sport\/debitant-rakcevic-trenutak-o-kome-sam-mastao\/#article","isPartOf":{"@id":"https:\/\/dmcsrb.com\/sport\/debitant-rakcevic-trenutak-o-kome-sam-mastao\/"},"author":{"name":"dmcsrbija.com@gmail.com","@id":"https:\/\/dmcsrb.com\/#\/schema\/person\/5c39170f12db1b8b457732d0b5c854e2"},"headline":"Debitant Rak\u010devi\u0107: Trenutak o kome sam ma\u0161tao","datePublished":"2025-11-12T16:29:00+00:00","mainEntityOfPage":{"@id":"https:\/\/dmcsrb.com\/sport\/debitant-rakcevic-trenutak-o-kome-sam-mastao\/"},"wordCount":715,"commentCount":0,"image":{"@id":"https:\/\/dmcsrb.com\/sport\/debitant-rakcevic-trenutak-o-kome-sam-mastao\/#primaryimage"},"thumbnailUrl":"https:\/\/dmcsrb.com\/wp-content\/uploads\/2026\/01\/Rakcevic-FK-Buducnost.webp","keywords":["FK Budu\u0107nost","Matija Rak\u010devi\u0107"],"articleSection":["Sport"],"inLanguage":"en-GB","potentialAction":[{"@type":"CommentAction","name":"Comment","target":["https:\/\/dmcsrb.com\/sport\/debitant-rakcevic-trenutak-o-kome-sam-mastao\/#respond"]}]},{"@type":"WebPage","@id":"https:\/\/dmcsrb.com\/sport\/debitant-rakcevic-trenutak-o-kome-sam-mastao\/","url":"https:\/\/dmcsrb.com\/sport\/debitant-rakcevic-trenutak-o-kome-sam-mastao\/","name":"Debitant Rak\u010devi\u0107: Trenutak o kome sam ma\u0161tao - dmcsrb.com","isPartOf":{"@id":"https:\/\/dmcsrb.com\/#website"},"primaryImageOfPage":{"@id":"https:\/\/dmcsrb.com\/sport\/debitant-rakcevic-trenutak-o-kome-sam-mastao\/#primaryimage"},"image":{"@id":"https:\/\/dmcsrb.com\/sport\/debitant-rakcevic-trenutak-o-kome-sam-mastao\/#primaryimage"},"thumbnailUrl":"https:\/\/dmcsrb.com\/wp-content\/uploads\/2026\/01\/Rakcevic-FK-Buducnost.webp","datePublished":"2025-11-12T16:29:00+00:00","author":{"@id":"https:\/\/dmcsrb.com\/#\/schema\/person\/5c39170f12db1b8b457732d0b5c854e2"},"breadcrumb":{"@id":"https:\/\/dmcsrb.com\/sport\/debitant-rakcevic-trenutak-o-kome-sam-mastao\/#breadcrumb"},"inLanguage":"en-GB","potentialAction":[{"@type":"ReadAction","target":["https:\/\/dmcsrb.com\/sport\/debitant-rakcevic-trenutak-o-kome-sam-mastao\/"]}]},{"@type":"ImageObject","inLanguage":"en-GB","@id":"https:\/\/dmcsrb.com\/sport\/debitant-rakcevic-trenutak-o-kome-sam-mastao\/#primaryimage","url":"https:\/\/dmcsrb.com\/wp-content\/uploads\/2026\/01\/Rakcevic-FK-Buducnost.webp","contentUrl":"https:\/\/dmcsrb.com\/wp-content\/uploads\/2026\/01\/Rakcevic-FK-Buducnost.webp","width":1536,"height":1024},{"@type":"BreadcrumbList","@id":"https:\/\/dmcsrb.com\/sport\/debitant-rakcevic-trenutak-o-kome-sam-mastao\/#breadcrumb","itemListElement":[{"@type":"ListItem","position":1,"name":"Home","item":"https:\/\/dmcsrb.com\/"},{"@type":"ListItem","position":2,"name":"Debitant Rak\u010devi\u0107: Trenutak o kome sam ma\u0161tao"}]},{"@type":"WebSite","@id":"https:\/\/dmcsrb.com\/#website","url":"https:\/\/dmcsrb.com\/","name":"dmcsrb.com","description":"","potentialAction":[{"@type":"SearchAction","target":{"@type":"EntryPoint","urlTemplate":"https:\/\/dmcsrb.com\/?s={search_term_string}"},"query-input":{"@type":"PropertyValueSpecification","valueRequired":true,"valueName":"search_term_string"}}],"inLanguage":"en-GB"},{"@type":"Person","@id":"https:\/\/dmcsrb.com\/#\/schema\/person\/5c39170f12db1b8b457732d0b5c854e2","name":"dmcsrbija.com@gmail.com","image":{"@type":"ImageObject","inLanguage":"en-GB","@id":"https:\/\/dmcsrb.com\/#\/schema\/person\/image\/","url":"https:\/\/secure.gravatar.com\/avatar\/68592660ad6347fad0fb587f8d5d8f1a7b44961362f56e4f2cd524feb87e9069?s=96&d=mm&r=g","contentUrl":"https:\/\/secure.gravatar.com\/avatar\/68592660ad6347fad0fb587f8d5d8f1a7b44961362f56e4f2cd524feb87e9069?s=96&d=mm&r=g","caption":"dmcsrbija.com@gmail.com"},"sameAs":["https:\/\/dmcsrb.com"],"url":"https:\/\/dmcsrb.com\/en\/author\/dmcsrbija-comgmail-com\/"}]}},"_links":{"self":[{"href":"https:\/\/dmcsrb.com\/en\/wp-json\/wp\/v2\/posts\/963411","targetHints":{"allow":["GET"]}}],"collection":[{"href":"https:\/\/dmcsrb.com\/en\/wp-json\/wp\/v2\/posts"}],"about":[{"href":"https:\/\/dmcsrb.com\/en\/wp-json\/wp\/v2\/types\/post"}],"author":[{"embeddable":true,"href":"https:\/\/dmcsrb.com\/en\/wp-json\/wp\/v2\/users\/1"}],"replies":[{"embeddable":true,"href":"https:\/\/dmcsrb.com\/en\/wp-json\/wp\/v2\/comments?post=963411"}],"version-history":[{"count":0,"href":"https:\/\/dmcsrb.com\/en\/wp-json\/wp\/v2\/posts\/963411\/revisions"}],"wp:featuredmedia":[{"embeddable":true,"href":"https:\/\/dmcsrb.com\/en\/wp-json\/wp\/v2\/media\/963412"}],"wp:attachment":[{"href":"https:\/\/dmcsrb.com\/en\/wp-json\/wp\/v2\/media?parent=963411"}],"wp:term":[{"taxonomy":"category","embeddable":true,"href":"https:\/\/dmcsrb.com\/en\/wp-json\/wp\/v2\/categories?post=963411"},{"taxonomy":"post_tag","embeddable":true,"href":"https:\/\/dmcsrb.com\/en\/wp-json\/wp\/v2\/tags?post=963411"},{"taxonomy":"naslovna","embeddable":true,"href":"https:\/\/dmcsrb.com\/en\/wp-json\/wp\/v2\/naslovna?post=963411"}],"curies":[{"name":"wp","href":"https:\/\/api.w.org\/{rel}","templated":true}]}}