{"id":963396,"date":"2025-11-12T16:24:00","date_gmt":"2025-11-12T15:24:00","guid":{"rendered":"https:\/\/dmcsrb.com\/uncategorized\/cikotic-stojovic-ima-isto-tumacenje-istorije-kao-mandic-nista-tako-dobro-ne-miri-kao-fotelje\/"},"modified":"2025-11-12T16:24:00","modified_gmt":"2025-11-12T15:24:00","slug":"cikotic-stojovic-ima-isto-tumacenje-istorije-kao-mandic-nista-tako-dobro-ne-miri-kao-fotelje","status":"publish","type":"post","link":"https:\/\/dmcsrb.com\/en\/politika\/cikotic-stojovic-ima-isto-tumacenje-istorije-kao-mandic-nista-tako-dobro-ne-miri-kao-fotelje\/","title":{"rendered":"Cikoti\u0107: Stojovi\u0107 ima isto tuma\u010denje istorije kao Mandi\u0107, ni\u0161ta tako dobro ne miri kao fotelje"},"content":{"rendered":"<p>\u201eBiv\u0161i DPS ambasador i lider partije (NSD) koja je ustanovila odlikovanje &#8220;Marko Dakovi\u0107&#8221; u istom stroju. Saglasni su da je zlo\u010din prema Crnoj Gori i njen nestanak bio jedan lijep, prigodan i nenasilan \u010din. Saglasan je Gordan vjerovatno i sa onim Andrijinim &#8220;Cetinje je malo selo kraj Lov\u0107ena..\u201c\u201c, navodi Cikoti\u0107.<\/p>\n\n\n\n<p>Prema njenim rije\u010dima, ni\u0161ta tako dobro ne miri kao fotelje.&nbsp;<\/p>\n\n\n\n<p>\u201eJo\u0161 ako su opet u perspektivi ambasadorske- argentinske ili mo\u017eda neke jo\u0161 egzoti\u010dnije&#8230; Jedino \u0161to preostaje je da predlo\u017eimo NSD-u da poslije Matije, nagradu &#8220;Marko Dakovi\u0107&#8221; dodijeli Gordanu Stojovi\u0107u\u201c, zaklju\u010dila je Cikoti\u0107.<\/p>\n\n\n\n<p><\/p>","protected":false},"excerpt":{"rendered":"<p>Eto veliki Crnogorac Gordan Stojovi\u0107 ima isto tuma\u010denje crnogorske istorije iz 1918. kao Andrija Mandi\u0107, navela je na mre\u017ei X potpredsjednica SDP i predstavnica Evropskog saveza Amina Cikoti\u0107.<\/p>","protected":false},"author":1,"featured_media":948377,"comment_status":"open","ping_status":"open","sticky":false,"template":"","format":"standard","meta":{"_acf_changed":false,"footnotes":""},"categories":[12],"tags":[14332,812,1049],"naslovna":[],"class_list":["post-963396","post","type-post","status-publish","format-standard","has-post-thumbnail","hentry","category-politika","tag-amina-ciktoic","tag-andrija-mandic","tag-gordan-stojovic"],"acf":[],"yoast_head":"<!-- This site is optimized with the Yoast SEO plugin v27.4 - https:\/\/yoast.com\/product\/yoast-seo-wordpress\/ -->\n<title>Cikoti\u0107: Stojovi\u0107 ima isto tuma\u010denje istorije kao Mandi\u0107, ni\u0161ta tako dobro ne miri kao fotelje - dmcsrb.com<\/title>\n<meta name=\"robots\" content=\"index, follow, max-snippet:-1, max-image-preview:large, max-video-preview:-1\" \/>\n<link rel=\"canonical\" href=\"https:\/\/dmcsrb.com\/en\/politika\/cikotic-stojovic-ima-isto-tumacenje-istorije-kao-mandic-nista-tako-dobro-ne-miri-kao-fotelje\/\" \/>\n<meta property=\"og:locale\" content=\"en_GB\" \/>\n<meta property=\"og:type\" content=\"article\" \/>\n<meta property=\"og:title\" content=\"Cikoti\u0107: Stojovi\u0107 ima isto tuma\u010denje istorije kao Mandi\u0107, ni\u0161ta tako dobro ne miri kao fotelje - dmcsrb.com\" \/>\n<meta property=\"og:description\" content=\"Eto veliki Crnogorac Gordan Stojovi\u0107 ima isto tuma\u010denje crnogorske istorije iz 1918. kao Andrija Mandi\u0107, navela je na mre\u017ei X potpredsjednica SDP i predstavnica Evropskog saveza Amina Cikoti\u0107.\" \/>\n<meta property=\"og:url\" content=\"https:\/\/dmcsrb.com\/en\/politika\/cikotic-stojovic-ima-isto-tumacenje-istorije-kao-mandic-nista-tako-dobro-ne-miri-kao-fotelje\/\" \/>\n<meta property=\"og:site_name\" content=\"dmcsrb.com\" \/>\n<meta property=\"article:published_time\" content=\"2025-11-12T15:24:00+00:00\" \/>\n<meta property=\"og:image\" content=\"https:\/\/dmcsrb.com\/wp-content\/uploads\/2026\/01\/Amina-Cikotic-scaled-1.webp\" \/>\n\t<meta property=\"og:image:width\" content=\"1703\" \/>\n\t<meta property=\"og:image:height\" content=\"2560\" \/>\n\t<meta property=\"og:image:type\" content=\"image\/jpeg\" \/>\n<meta name=\"author\" content=\"dmcsrbija.com@gmail.com\" \/>\n<meta name=\"twitter:card\" content=\"summary_large_image\" \/>\n<meta name=\"twitter:label1\" content=\"Written by\" \/>\n\t<meta name=\"twitter:data1\" content=\"dmcsrbija.com@gmail.com\" \/>\n\t<meta name=\"twitter:label2\" content=\"Estimated reading time\" \/>\n\t<meta name=\"twitter:data2\" content=\"1 minute\" \/>\n<script type=\"application\/ld+json\" class=\"yoast-schema-graph\">{\"@context\":\"https:\\\/\\\/schema.org\",\"@graph\":[{\"@type\":\"Article\",\"@id\":\"https:\\\/\\\/dmcsrb.com\\\/en\\\/politika\\\/cikotic-stojovic-ima-isto-tumacenje-istorije-kao-mandic-nista-tako-dobro-ne-miri-kao-fotelje\\\/#article\",\"isPartOf\":{\"@id\":\"https:\\\/\\\/dmcsrb.com\\\/en\\\/politika\\\/cikotic-stojovic-ima-isto-tumacenje-istorije-kao-mandic-nista-tako-dobro-ne-miri-kao-fotelje\\\/\"},\"author\":{\"name\":\"dmcsrbija.com@gmail.com\",\"@id\":\"https:\\\/\\\/dmcsrb.com\\\/#\\\/schema\\\/person\\\/5c39170f12db1b8b457732d0b5c854e2\"},\"headline\":\"Cikoti\u0107: Stojovi\u0107 ima isto tuma\u010denje istorije kao Mandi\u0107, ni\u0161ta tako dobro ne miri kao fotelje\",\"datePublished\":\"2025-11-12T15:24:00+00:00\",\"mainEntityOfPage\":{\"@id\":\"https:\\\/\\\/dmcsrb.com\\\/en\\\/politika\\\/cikotic-stojovic-ima-isto-tumacenje-istorije-kao-mandic-nista-tako-dobro-ne-miri-kao-fotelje\\\/\"},\"wordCount\":120,\"commentCount\":0,\"image\":{\"@id\":\"https:\\\/\\\/dmcsrb.com\\\/en\\\/politika\\\/cikotic-stojovic-ima-isto-tumacenje-istorije-kao-mandic-nista-tako-dobro-ne-miri-kao-fotelje\\\/#primaryimage\"},\"thumbnailUrl\":\"https:\\\/\\\/dmcsrb.com\\\/wp-content\\\/uploads\\\/2026\\\/01\\\/Amina-Cikotic-scaled-1.webp\",\"keywords\":[\"AMina CIktoi\u0107\",\"andrija mandi\u0107\",\"Gordan Stojovi\u0107\"],\"articleSection\":[\"Politika\"],\"inLanguage\":\"en-GB\",\"potentialAction\":[{\"@type\":\"CommentAction\",\"name\":\"Comment\",\"target\":[\"https:\\\/\\\/dmcsrb.com\\\/en\\\/politika\\\/cikotic-stojovic-ima-isto-tumacenje-istorije-kao-mandic-nista-tako-dobro-ne-miri-kao-fotelje\\\/#respond\"]}]},{\"@type\":\"WebPage\",\"@id\":\"https:\\\/\\\/dmcsrb.com\\\/en\\\/politika\\\/cikotic-stojovic-ima-isto-tumacenje-istorije-kao-mandic-nista-tako-dobro-ne-miri-kao-fotelje\\\/\",\"url\":\"https:\\\/\\\/dmcsrb.com\\\/en\\\/politika\\\/cikotic-stojovic-ima-isto-tumacenje-istorije-kao-mandic-nista-tako-dobro-ne-miri-kao-fotelje\\\/\",\"name\":\"Cikoti\u0107: Stojovi\u0107 ima isto tuma\u010denje istorije kao Mandi\u0107, ni\u0161ta tako dobro ne miri kao fotelje - dmcsrb.com\",\"isPartOf\":{\"@id\":\"https:\\\/\\\/dmcsrb.com\\\/#website\"},\"primaryImageOfPage\":{\"@id\":\"https:\\\/\\\/dmcsrb.com\\\/en\\\/politika\\\/cikotic-stojovic-ima-isto-tumacenje-istorije-kao-mandic-nista-tako-dobro-ne-miri-kao-fotelje\\\/#primaryimage\"},\"image\":{\"@id\":\"https:\\\/\\\/dmcsrb.com\\\/en\\\/politika\\\/cikotic-stojovic-ima-isto-tumacenje-istorije-kao-mandic-nista-tako-dobro-ne-miri-kao-fotelje\\\/#primaryimage\"},\"thumbnailUrl\":\"https:\\\/\\\/dmcsrb.com\\\/wp-content\\\/uploads\\\/2026\\\/01\\\/Amina-Cikotic-scaled-1.webp\",\"datePublished\":\"2025-11-12T15:24:00+00:00\",\"author\":{\"@id\":\"https:\\\/\\\/dmcsrb.com\\\/#\\\/schema\\\/person\\\/5c39170f12db1b8b457732d0b5c854e2\"},\"breadcrumb\":{\"@id\":\"https:\\\/\\\/dmcsrb.com\\\/en\\\/politika\\\/cikotic-stojovic-ima-isto-tumacenje-istorije-kao-mandic-nista-tako-dobro-ne-miri-kao-fotelje\\\/#breadcrumb\"},\"inLanguage\":\"en-GB\",\"potentialAction\":[{\"@type\":\"ReadAction\",\"target\":[\"https:\\\/\\\/dmcsrb.com\\\/en\\\/politika\\\/cikotic-stojovic-ima-isto-tumacenje-istorije-kao-mandic-nista-tako-dobro-ne-miri-kao-fotelje\\\/\"]}]},{\"@type\":\"ImageObject\",\"inLanguage\":\"en-GB\",\"@id\":\"https:\\\/\\\/dmcsrb.com\\\/en\\\/politika\\\/cikotic-stojovic-ima-isto-tumacenje-istorije-kao-mandic-nista-tako-dobro-ne-miri-kao-fotelje\\\/#primaryimage\",\"url\":\"https:\\\/\\\/dmcsrb.com\\\/wp-content\\\/uploads\\\/2026\\\/01\\\/Amina-Cikotic-scaled-1.webp\",\"contentUrl\":\"https:\\\/\\\/dmcsrb.com\\\/wp-content\\\/uploads\\\/2026\\\/01\\\/Amina-Cikotic-scaled-1.webp\",\"width\":1703,\"height\":2560},{\"@type\":\"BreadcrumbList\",\"@id\":\"https:\\\/\\\/dmcsrb.com\\\/en\\\/politika\\\/cikotic-stojovic-ima-isto-tumacenje-istorije-kao-mandic-nista-tako-dobro-ne-miri-kao-fotelje\\\/#breadcrumb\",\"itemListElement\":[{\"@type\":\"ListItem\",\"position\":1,\"name\":\"Home\",\"item\":\"https:\\\/\\\/dmcsrb.com\\\/\"},{\"@type\":\"ListItem\",\"position\":2,\"name\":\"Cikoti\u0107: Stojovi\u0107 ima isto tuma\u010denje istorije kao Mandi\u0107, ni\u0161ta tako dobro ne miri kao fotelje\"}]},{\"@type\":\"WebSite\",\"@id\":\"https:\\\/\\\/dmcsrb.com\\\/#website\",\"url\":\"https:\\\/\\\/dmcsrb.com\\\/\",\"name\":\"dmcsrb.com\",\"description\":\"\",\"potentialAction\":[{\"@type\":\"SearchAction\",\"target\":{\"@type\":\"EntryPoint\",\"urlTemplate\":\"https:\\\/\\\/dmcsrb.com\\\/?s={search_term_string}\"},\"query-input\":{\"@type\":\"PropertyValueSpecification\",\"valueRequired\":true,\"valueName\":\"search_term_string\"}}],\"inLanguage\":\"en-GB\"},{\"@type\":\"Person\",\"@id\":\"https:\\\/\\\/dmcsrb.com\\\/#\\\/schema\\\/person\\\/5c39170f12db1b8b457732d0b5c854e2\",\"name\":\"dmcsrbija.com@gmail.com\",\"image\":{\"@type\":\"ImageObject\",\"inLanguage\":\"en-GB\",\"@id\":\"https:\\\/\\\/secure.gravatar.com\\\/avatar\\\/68592660ad6347fad0fb587f8d5d8f1a7b44961362f56e4f2cd524feb87e9069?s=96&d=mm&r=g\",\"url\":\"https:\\\/\\\/secure.gravatar.com\\\/avatar\\\/68592660ad6347fad0fb587f8d5d8f1a7b44961362f56e4f2cd524feb87e9069?s=96&d=mm&r=g\",\"contentUrl\":\"https:\\\/\\\/secure.gravatar.com\\\/avatar\\\/68592660ad6347fad0fb587f8d5d8f1a7b44961362f56e4f2cd524feb87e9069?s=96&d=mm&r=g\",\"caption\":\"dmcsrbija.com@gmail.com\"},\"sameAs\":[\"https:\\\/\\\/dmcsrb.com\"],\"url\":\"https:\\\/\\\/dmcsrb.com\\\/en\\\/author\\\/dmcsrbija-comgmail-com\\\/\"}]}<\/script>\n<!-- \/ Yoast SEO plugin. -->","yoast_head_json":{"title":"Cikoti\u0107: Stojovi\u0107 ima isto tuma\u010denje istorije kao Mandi\u0107, ni\u0161ta tako dobro ne miri kao fotelje - dmcsrb.com","robots":{"index":"index","follow":"follow","max-snippet":"max-snippet:-1","max-image-preview":"max-image-preview:large","max-video-preview":"max-video-preview:-1"},"canonical":"https:\/\/dmcsrb.com\/en\/politika\/cikotic-stojovic-ima-isto-tumacenje-istorije-kao-mandic-nista-tako-dobro-ne-miri-kao-fotelje\/","og_locale":"en_GB","og_type":"article","og_title":"Cikoti\u0107: Stojovi\u0107 ima isto tuma\u010denje istorije kao Mandi\u0107, ni\u0161ta tako dobro ne miri kao fotelje - dmcsrb.com","og_description":"Eto veliki Crnogorac Gordan Stojovi\u0107 ima isto tuma\u010denje crnogorske istorije iz 1918. kao Andrija Mandi\u0107, navela je na mre\u017ei X potpredsjednica SDP i predstavnica Evropskog saveza Amina Cikoti\u0107.","og_url":"https:\/\/dmcsrb.com\/en\/politika\/cikotic-stojovic-ima-isto-tumacenje-istorije-kao-mandic-nista-tako-dobro-ne-miri-kao-fotelje\/","og_site_name":"dmcsrb.com","article_published_time":"2025-11-12T15:24:00+00:00","og_image":[{"width":1703,"height":2560,"url":"https:\/\/dmcsrb.com\/wp-content\/uploads\/2026\/01\/Amina-Cikotic-scaled-1.webp","type":"image\/jpeg"}],"author":"dmcsrbija.com@gmail.com","twitter_card":"summary_large_image","twitter_misc":{"Written by":"dmcsrbija.com@gmail.com","Estimated reading time":"1 minute"},"schema":{"@context":"https:\/\/schema.org","@graph":[{"@type":"Article","@id":"https:\/\/dmcsrb.com\/en\/politika\/cikotic-stojovic-ima-isto-tumacenje-istorije-kao-mandic-nista-tako-dobro-ne-miri-kao-fotelje\/#article","isPartOf":{"@id":"https:\/\/dmcsrb.com\/en\/politika\/cikotic-stojovic-ima-isto-tumacenje-istorije-kao-mandic-nista-tako-dobro-ne-miri-kao-fotelje\/"},"author":{"name":"dmcsrbija.com@gmail.com","@id":"https:\/\/dmcsrb.com\/#\/schema\/person\/5c39170f12db1b8b457732d0b5c854e2"},"headline":"Cikoti\u0107: Stojovi\u0107 ima isto tuma\u010denje istorije kao Mandi\u0107, ni\u0161ta tako dobro ne miri kao fotelje","datePublished":"2025-11-12T15:24:00+00:00","mainEntityOfPage":{"@id":"https:\/\/dmcsrb.com\/en\/politika\/cikotic-stojovic-ima-isto-tumacenje-istorije-kao-mandic-nista-tako-dobro-ne-miri-kao-fotelje\/"},"wordCount":120,"commentCount":0,"image":{"@id":"https:\/\/dmcsrb.com\/en\/politika\/cikotic-stojovic-ima-isto-tumacenje-istorije-kao-mandic-nista-tako-dobro-ne-miri-kao-fotelje\/#primaryimage"},"thumbnailUrl":"https:\/\/dmcsrb.com\/wp-content\/uploads\/2026\/01\/Amina-Cikotic-scaled-1.webp","keywords":["AMina CIktoi\u0107","andrija mandi\u0107","Gordan Stojovi\u0107"],"articleSection":["Politika"],"inLanguage":"en-GB","potentialAction":[{"@type":"CommentAction","name":"Comment","target":["https:\/\/dmcsrb.com\/en\/politika\/cikotic-stojovic-ima-isto-tumacenje-istorije-kao-mandic-nista-tako-dobro-ne-miri-kao-fotelje\/#respond"]}]},{"@type":"WebPage","@id":"https:\/\/dmcsrb.com\/en\/politika\/cikotic-stojovic-ima-isto-tumacenje-istorije-kao-mandic-nista-tako-dobro-ne-miri-kao-fotelje\/","url":"https:\/\/dmcsrb.com\/en\/politika\/cikotic-stojovic-ima-isto-tumacenje-istorije-kao-mandic-nista-tako-dobro-ne-miri-kao-fotelje\/","name":"Cikoti\u0107: Stojovi\u0107 ima isto tuma\u010denje istorije kao Mandi\u0107, ni\u0161ta tako dobro ne miri kao fotelje - dmcsrb.com","isPartOf":{"@id":"https:\/\/dmcsrb.com\/#website"},"primaryImageOfPage":{"@id":"https:\/\/dmcsrb.com\/en\/politika\/cikotic-stojovic-ima-isto-tumacenje-istorije-kao-mandic-nista-tako-dobro-ne-miri-kao-fotelje\/#primaryimage"},"image":{"@id":"https:\/\/dmcsrb.com\/en\/politika\/cikotic-stojovic-ima-isto-tumacenje-istorije-kao-mandic-nista-tako-dobro-ne-miri-kao-fotelje\/#primaryimage"},"thumbnailUrl":"https:\/\/dmcsrb.com\/wp-content\/uploads\/2026\/01\/Amina-Cikotic-scaled-1.webp","datePublished":"2025-11-12T15:24:00+00:00","author":{"@id":"https:\/\/dmcsrb.com\/#\/schema\/person\/5c39170f12db1b8b457732d0b5c854e2"},"breadcrumb":{"@id":"https:\/\/dmcsrb.com\/en\/politika\/cikotic-stojovic-ima-isto-tumacenje-istorije-kao-mandic-nista-tako-dobro-ne-miri-kao-fotelje\/#breadcrumb"},"inLanguage":"en-GB","potentialAction":[{"@type":"ReadAction","target":["https:\/\/dmcsrb.com\/en\/politika\/cikotic-stojovic-ima-isto-tumacenje-istorije-kao-mandic-nista-tako-dobro-ne-miri-kao-fotelje\/"]}]},{"@type":"ImageObject","inLanguage":"en-GB","@id":"https:\/\/dmcsrb.com\/en\/politika\/cikotic-stojovic-ima-isto-tumacenje-istorije-kao-mandic-nista-tako-dobro-ne-miri-kao-fotelje\/#primaryimage","url":"https:\/\/dmcsrb.com\/wp-content\/uploads\/2026\/01\/Amina-Cikotic-scaled-1.webp","contentUrl":"https:\/\/dmcsrb.com\/wp-content\/uploads\/2026\/01\/Amina-Cikotic-scaled-1.webp","width":1703,"height":2560},{"@type":"BreadcrumbList","@id":"https:\/\/dmcsrb.com\/en\/politika\/cikotic-stojovic-ima-isto-tumacenje-istorije-kao-mandic-nista-tako-dobro-ne-miri-kao-fotelje\/#breadcrumb","itemListElement":[{"@type":"ListItem","position":1,"name":"Home","item":"https:\/\/dmcsrb.com\/"},{"@type":"ListItem","position":2,"name":"Cikoti\u0107: Stojovi\u0107 ima isto tuma\u010denje istorije kao Mandi\u0107, ni\u0161ta tako dobro ne miri kao fotelje"}]},{"@type":"WebSite","@id":"https:\/\/dmcsrb.com\/#website","url":"https:\/\/dmcsrb.com\/","name":"dmcsrb.com","description":"","potentialAction":[{"@type":"SearchAction","target":{"@type":"EntryPoint","urlTemplate":"https:\/\/dmcsrb.com\/?s={search_term_string}"},"query-input":{"@type":"PropertyValueSpecification","valueRequired":true,"valueName":"search_term_string"}}],"inLanguage":"en-GB"},{"@type":"Person","@id":"https:\/\/dmcsrb.com\/#\/schema\/person\/5c39170f12db1b8b457732d0b5c854e2","name":"dmcsrbija.com@gmail.com","image":{"@type":"ImageObject","inLanguage":"en-GB","@id":"https:\/\/secure.gravatar.com\/avatar\/68592660ad6347fad0fb587f8d5d8f1a7b44961362f56e4f2cd524feb87e9069?s=96&d=mm&r=g","url":"https:\/\/secure.gravatar.com\/avatar\/68592660ad6347fad0fb587f8d5d8f1a7b44961362f56e4f2cd524feb87e9069?s=96&d=mm&r=g","contentUrl":"https:\/\/secure.gravatar.com\/avatar\/68592660ad6347fad0fb587f8d5d8f1a7b44961362f56e4f2cd524feb87e9069?s=96&d=mm&r=g","caption":"dmcsrbija.com@gmail.com"},"sameAs":["https:\/\/dmcsrb.com"],"url":"https:\/\/dmcsrb.com\/en\/author\/dmcsrbija-comgmail-com\/"}]}},"_links":{"self":[{"href":"https:\/\/dmcsrb.com\/en\/wp-json\/wp\/v2\/posts\/963396","targetHints":{"allow":["GET"]}}],"collection":[{"href":"https:\/\/dmcsrb.com\/en\/wp-json\/wp\/v2\/posts"}],"about":[{"href":"https:\/\/dmcsrb.com\/en\/wp-json\/wp\/v2\/types\/post"}],"author":[{"embeddable":true,"href":"https:\/\/dmcsrb.com\/en\/wp-json\/wp\/v2\/users\/1"}],"replies":[{"embeddable":true,"href":"https:\/\/dmcsrb.com\/en\/wp-json\/wp\/v2\/comments?post=963396"}],"version-history":[{"count":0,"href":"https:\/\/dmcsrb.com\/en\/wp-json\/wp\/v2\/posts\/963396\/revisions"}],"wp:featuredmedia":[{"embeddable":true,"href":"https:\/\/dmcsrb.com\/en\/wp-json\/wp\/v2\/media\/948377"}],"wp:attachment":[{"href":"https:\/\/dmcsrb.com\/en\/wp-json\/wp\/v2\/media?parent=963396"}],"wp:term":[{"taxonomy":"category","embeddable":true,"href":"https:\/\/dmcsrb.com\/en\/wp-json\/wp\/v2\/categories?post=963396"},{"taxonomy":"post_tag","embeddable":true,"href":"https:\/\/dmcsrb.com\/en\/wp-json\/wp\/v2\/tags?post=963396"},{"taxonomy":"naslovna","embeddable":true,"href":"https:\/\/dmcsrb.com\/en\/wp-json\/wp\/v2\/naslovna?post=963396"}],"curies":[{"name":"wp","href":"https:\/\/api.w.org\/{rel}","templated":true}]}}