{"id":963335,"date":"2025-11-12T12:43:00","date_gmt":"2025-11-12T11:43:00","guid":{"rendered":"https:\/\/dmcsrb.com\/uncategorized\/dabetic-razvoj-sjevera-visoko-na-agendi-ministarstva-za-kapitalne-projekte-u-2026-predvidjena-podrska-od-oko-22-miliona\/"},"modified":"2025-11-12T12:43:00","modified_gmt":"2025-11-12T11:43:00","slug":"dabetic-razvoj-sjevera-visoko-na-agendi-ministarstva-za-kapitalne-projekte-u-2026-predvidjena-podrska-od-oko-22-miliona","status":"publish","type":"post","link":"https:\/\/dmcsrb.com\/en\/ekonomija\/dabetic-razvoj-sjevera-visoko-na-agendi-ministarstva-za-kapitalne-projekte-u-2026-predvidjena-podrska-od-oko-22-miliona\/","title":{"rendered":"Dabeti\u0107: Razvoj sjevera visoko na agendi Ministarstva, za kapitalne projekte u 2026. predvi\u0111ena podr\u0161ka od oko 22 miliona"},"content":{"rendered":"<p><\/p>\n\n\n\n<p><\/p>\n\n\n\n<p>Istra\u017eivanje, koje je obuhvatilo 1.000 ispitanika, biranih metodom vi\u0161estepene slu\u010dajne selekcije, sprovedeno je, kako navode, sa ciljem da slu\u017ei kao temelj za izradu strate\u0161kih mjera i preporuka koje \u0107e pomo\u0107i u unapre\u0111enju uslova rada, pove\u0107anju zaposlenosti i smanjenju odliva stanovni\u0161tva iz sjevernog regiona Crne Gore.<\/p>\n\n\n\n<p>Dr\u017eavni sekretar MERS-a Zoran Dabeti\u0107 je kazao da je razvoj sjevera visoko na agendi Ministarstva, jer je upravo taj region decenijama suo\u010den sa izra\u017eenim razvojnim razlikama u odnosu na centralni i ju\u017eni dio zemlje.<\/p>\n\n\n\n<p>On je predo\u010dio najva\u017enije rezultate ovog istra\u017eivanja, koji su pokazali da \u010dak 40,5% ispitanika trenutno nije zaposleno, dok samo tre\u0107ina radi u svojoj struci.<\/p>\n\n\n\n<p>&#8220;Mladi uzrasta 18\u201329 godina imaju tri puta ve\u0107u vjerovatno\u0107u da planiraju odlazak iz zemlje u odnosu na starije generacije. Na sjeveru Crne Gore izra\u017eeno je nezadovoljstvo zbog nedostatka prilika i partijskog zapo\u0161ljavanja, dok se primorje izdvaja ve\u0107im mogu\u0107nostima u privatnom sektoru, prvenstveno u turizmu. Ideju o \u201etrajnom sezonskom radniku\u201c podr\u017eava 34% ispitanika, ali vi\u0161e od tre\u0107ine gra\u0111ana za nju uop\u0161te nije \u010dulo, \u0161to ukazuje na potrebu za boljim informisanjem i ve\u0107om institucionalnom podr\u0161kom zaposlenima&#8221;, ukazao je Dabeti\u0107.<\/p>\n\n\n\n<p>Na\u017ealost, prema njegovim rije\u010dima, vi\u0161edecenijsko zapu\u0161tanje sjevera dovelo je do tih rezultata, &#8220;me\u0111utim, vjerujemo da \u0107emo planiranim projektima i aktivnostima uspjeti da pobolj\u0161amo stanje u sjevernom regionu, smanjimo odlazak mladih ljudi i podignemo zna\u010daj koji taj region zaslu\u017euje.&#8221;<\/p>\n\n\n\n<p>&#8220;U korist tome, moram da napomenem da je Predlog kona\u010dne liste kapitalnih projekata za 2026. godinu, koji je usvojen, jo\u0161 jednom potvrdio da Vlada Crne Gore prepoznaje zna\u010daj ulaganja u ekologiju i odr\u017eivi razvoj, a od ukupnog broja predloga, za kapitalne projekte na sjeveru je predvi\u0111ena podr\u0161ka predra\u010dunske vrijednosti oko 22 miliona eura&#8221;, naveo je Dabeti\u0107, uz podsje\u0107anje da je pro\u0161logodi\u0161njim Kapitalnim bu\u017eetom na sjeveru Crne Gore predvi\u0111ena realizacija 24 od ukupno 41 kapitalnog projekta, ukupne vrijednosti oko 106 miliona eura.<\/p>\n\n\n\n<p>Istakao je i va\u017enost koju \u0107e izgradnja druge dionice auto-puta od Mate\u0161eva do Andrijevice imati za sjever Crne Gore jer \u0107e zna\u010dajno pobolj\u0161ati povezanost tog dijela zemlje sa centralnom i ju\u017enom regijom, ali i strate\u0161ki zna\u010daj jer \u0107e Crna Gora biti povezana sa me\u0111unarodnim saobra\u0107ajnim koridorima, \u0161to \u0107e omogu\u0107iti bolju integraciju sjevera u nacionalnu i evropsku mre\u017eu.<\/p>\n\n\n\n<p>&#8220;Tako\u0111e smo pokrenuli izradu Mape puta za odr\u017eivi razvoj sjevernog regiona, dokumenta koji \u0107e objediniti lokalne razvojne inicijative, u skladu sa nacionalnim prioritetima i me\u0111unarodnom podr\u0161kom u jedinstven strate\u0161ki okvir. Kao resor koji je zadu\u017een za ekologiju, u fokusu nam je i izgradnja ekolo\u0161ke infrastrukture koja \u0107e doprinijeti i \u010distijoj \u017eivotnoj sredini. U tom kontekstu, pored zatvaranja brojnih nelegalnih deponija, planiramo i izgradnju regionalnog centra za upravljanje otpadom u Bijelom Polju&#8221;, naveo je Dabeti\u0107.<\/p>\n\n\n\n<p>MERS, prema njegovim rije\u010dima, ostaje posve\u0107eno da, kroz partnerstvo sa lokalnim zajednicama, akademskim institucijama i me\u0111unarodnim partnerima, pretvori postoje\u0107e izazove u nove prilike za rast i napredak.<\/p>\n\n\n\n<p>&#8220;Budu\u0107nost sjevera jeste budu\u0107nost cijele Crne Gore \u2013 i samo zajedni\u010dkim naporima mo\u017eemo osigurati da ona bude odr\u017eiva, inkluzivna i prosperitetna za sve gra\u0111ane&#8221;, zaklju\u010dio je Dabeti\u0107.<\/p>\n\n\n\n<p>Stru\u010dna saradnica u Ministarstvu <strong>Milica Barjaktarovi\u0107<\/strong> je ukazala da istra\u017eivanje ima direktan zna\u010daj za oblikovanje i sprovo\u0111enje javnih politika u oblastima zapo\u0161ljavanja, regionalnog razvoja, migracione, obrazovne i socijalne politike.<\/p>\n\n\n\n<p>&#8220;Uprkos izazovima, sjever posjeduje zna\u010dajan potencijal za razvoj omladinske radne snage kroz ciljane mjere aktivacije, programe obuka i mentorstva, kao i unapre\u0111enje sistema karijernog savjetovanja&#8221;, navela je Barjaktarovi\u0107.<\/p>\n\n\n\n<p>Istakla je da politike usmjerene na sjever moraju imati specifi\u010dne ciljeve za mlade, ako se \u017eeli dugoro\u010dan demografski i ekonomski oporavak regiona.<\/p>\n\n\n\n<p>Ukazala je da su, kada je rije\u010d o ekonomskim podsticajima za sjever, va\u017ene subvencije za zapo\u0161ljavanje, poreski podsticaji, grantovi i kreditne linije, podr\u0161ka zanatskim i preduzetni\u010dkim zanimanjima, a o\u010dekivani efekti bili bi smanjenje nezaposlenosti, zadr\u017eavanje mladih, diversifikacija ekonomije sjevera i smanjenje migracionih pritisaka.<\/p>\n\n\n\n<p>&#8220;Kada je u pitanju zadr\u017eavanje mladih, predlo\u017eene mjere su podr\u0161ka preduzetni\u0161tvu i inovacijama, subvencionisani i stambeni krediti, obrazovni i kulturni sadr\u017eaji, povezivanje sa tr\u017ei\u0161tem rada, a o\u010dekivani efekti smanjenje emigracionih aspiracija mladih, stvaranje novih generacija preduzetnika, demografska stabilnost sjevera i podizanje kvaliteta \u017eivota&#8221;, zaklju\u010dila je Barjaktarovi\u0107.<\/p>","protected":false},"excerpt":{"rendered":"<p>Ministarstvo ekologije, odr\u017eivog razvoja i razvoja sjevera (MERS) organizovalo je konferenciju povodom predstavljanja rezultata istra\u017eivanja na temu &#8220;Zapo\u0161ljavanje i migracije u Crnoj Gori \u2013 Regionalni i generacijski aspekti\u201d, koje ima za cilj da pru\u017ei sveobuhvatan uvid u dru\u0161tveno-ekonomske procese koji oblikuju \u017eivot gra\u0111ana i njihovu perspektivu u odnosu na tr\u017ei\u0161te rada i kvalitet \u017eivota u razli\u010ditim djelovima zemlje.<\/p>","protected":false},"author":1,"featured_media":963336,"comment_status":"open","ping_status":"open","sticky":false,"template":"","format":"standard","meta":{"_acf_changed":false,"footnotes":""},"categories":[27],"tags":[14291,1271,46,14292],"naslovna":[],"class_list":["post-963335","post","type-post","status-publish","format-standard","has-post-thumbnail","hentry","category-ekonomija","tag-milica-barjaktarovic","tag-ministarstvo-ekonomskog-razvoja","tag-sjever","tag-zoran-dabetic"],"acf":[],"yoast_head":"<!-- This site is optimized with the Yoast SEO plugin v27.4 - https:\/\/yoast.com\/product\/yoast-seo-wordpress\/ -->\n<title>Dabeti\u0107: Razvoj sjevera visoko na agendi Ministarstva, za kapitalne projekte u 2026. predvi\u0111ena podr\u0161ka od oko 22 miliona - dmcsrb.com<\/title>\n<meta name=\"robots\" content=\"index, follow, max-snippet:-1, max-image-preview:large, max-video-preview:-1\" \/>\n<link rel=\"canonical\" href=\"https:\/\/dmcsrb.com\/en\/ekonomija\/dabetic-razvoj-sjevera-visoko-na-agendi-ministarstva-za-kapitalne-projekte-u-2026-predvidjena-podrska-od-oko-22-miliona\/\" \/>\n<meta property=\"og:locale\" content=\"en_GB\" \/>\n<meta property=\"og:type\" content=\"article\" \/>\n<meta property=\"og:title\" content=\"Dabeti\u0107: Razvoj sjevera visoko na agendi Ministarstva, za kapitalne projekte u 2026. predvi\u0111ena podr\u0161ka od oko 22 miliona - dmcsrb.com\" \/>\n<meta property=\"og:description\" content=\"Ministarstvo ekologije, odr\u017eivog razvoja i razvoja sjevera (MERS) organizovalo je konferenciju povodom predstavljanja rezultata istra\u017eivanja na temu &quot;Zapo\u0161ljavanje i migracije u Crnoj Gori \u2013 Regionalni i generacijski aspekti\u201d, koje ima za cilj da pru\u017ei sveobuhvatan uvid u dru\u0161tveno-ekonomske procese koji oblikuju \u017eivot gra\u0111ana i njihovu perspektivu u odnosu na tr\u017ei\u0161te rada i kvalitet \u017eivota u razli\u010ditim djelovima zemlje.\" \/>\n<meta property=\"og:url\" content=\"https:\/\/dmcsrb.com\/en\/ekonomija\/dabetic-razvoj-sjevera-visoko-na-agendi-ministarstva-za-kapitalne-projekte-u-2026-predvidjena-podrska-od-oko-22-miliona\/\" \/>\n<meta property=\"og:site_name\" content=\"dmcsrb.com\" \/>\n<meta property=\"article:published_time\" content=\"2025-11-12T11:43:00+00:00\" \/>\n<meta property=\"og:image\" content=\"https:\/\/dmcsrb.com\/wp-content\/uploads\/2026\/01\/MERS-predstavljanje-istrazivanja-foto-MERS.webp\" \/>\n\t<meta property=\"og:image:width\" content=\"1155\" \/>\n\t<meta property=\"og:image:height\" content=\"775\" \/>\n\t<meta property=\"og:image:type\" content=\"image\/jpeg\" \/>\n<meta name=\"author\" content=\"dmcsrbija.com@gmail.com\" \/>\n<meta name=\"twitter:card\" content=\"summary_large_image\" \/>\n<meta name=\"twitter:label1\" content=\"Written by\" \/>\n\t<meta name=\"twitter:data1\" content=\"dmcsrbija.com@gmail.com\" \/>\n\t<meta name=\"twitter:label2\" content=\"Estimated reading time\" \/>\n\t<meta name=\"twitter:data2\" content=\"4 minutes\" \/>\n<script type=\"application\/ld+json\" class=\"yoast-schema-graph\">{\"@context\":\"https:\\\/\\\/schema.org\",\"@graph\":[{\"@type\":\"Article\",\"@id\":\"https:\\\/\\\/dmcsrb.com\\\/ekonomija\\\/dabetic-razvoj-sjevera-visoko-na-agendi-ministarstva-za-kapitalne-projekte-u-2026-predvidjena-podrska-od-oko-22-miliona\\\/#article\",\"isPartOf\":{\"@id\":\"https:\\\/\\\/dmcsrb.com\\\/ekonomija\\\/dabetic-razvoj-sjevera-visoko-na-agendi-ministarstva-za-kapitalne-projekte-u-2026-predvidjena-podrska-od-oko-22-miliona\\\/\"},\"author\":{\"name\":\"dmcsrbija.com@gmail.com\",\"@id\":\"https:\\\/\\\/dmcsrb.com\\\/#\\\/schema\\\/person\\\/5c39170f12db1b8b457732d0b5c854e2\"},\"headline\":\"Dabeti\u0107: Razvoj sjevera visoko na agendi Ministarstva, za kapitalne projekte u 2026. predvi\u0111ena podr\u0161ka od oko 22 miliona\",\"datePublished\":\"2025-11-12T11:43:00+00:00\",\"mainEntityOfPage\":{\"@id\":\"https:\\\/\\\/dmcsrb.com\\\/ekonomija\\\/dabetic-razvoj-sjevera-visoko-na-agendi-ministarstva-za-kapitalne-projekte-u-2026-predvidjena-podrska-od-oko-22-miliona\\\/\"},\"wordCount\":762,\"commentCount\":0,\"image\":{\"@id\":\"https:\\\/\\\/dmcsrb.com\\\/ekonomija\\\/dabetic-razvoj-sjevera-visoko-na-agendi-ministarstva-za-kapitalne-projekte-u-2026-predvidjena-podrska-od-oko-22-miliona\\\/#primaryimage\"},\"thumbnailUrl\":\"https:\\\/\\\/dmcsrb.com\\\/wp-content\\\/uploads\\\/2026\\\/01\\\/MERS-predstavljanje-istrazivanja-foto-MERS.webp\",\"keywords\":[\"Milica Barjaktarovi\u0107\",\"Ministarstvo ekonomskog razvoja\",\"sjever\",\"Zoran Dabeti\u0107\"],\"articleSection\":[\"Ekonomija\"],\"inLanguage\":\"en-GB\",\"potentialAction\":[{\"@type\":\"CommentAction\",\"name\":\"Comment\",\"target\":[\"https:\\\/\\\/dmcsrb.com\\\/ekonomija\\\/dabetic-razvoj-sjevera-visoko-na-agendi-ministarstva-za-kapitalne-projekte-u-2026-predvidjena-podrska-od-oko-22-miliona\\\/#respond\"]}]},{\"@type\":\"WebPage\",\"@id\":\"https:\\\/\\\/dmcsrb.com\\\/ekonomija\\\/dabetic-razvoj-sjevera-visoko-na-agendi-ministarstva-za-kapitalne-projekte-u-2026-predvidjena-podrska-od-oko-22-miliona\\\/\",\"url\":\"https:\\\/\\\/dmcsrb.com\\\/ekonomija\\\/dabetic-razvoj-sjevera-visoko-na-agendi-ministarstva-za-kapitalne-projekte-u-2026-predvidjena-podrska-od-oko-22-miliona\\\/\",\"name\":\"Dabeti\u0107: Razvoj sjevera visoko na agendi Ministarstva, za kapitalne projekte u 2026. predvi\u0111ena podr\u0161ka od oko 22 miliona - dmcsrb.com\",\"isPartOf\":{\"@id\":\"https:\\\/\\\/dmcsrb.com\\\/#website\"},\"primaryImageOfPage\":{\"@id\":\"https:\\\/\\\/dmcsrb.com\\\/ekonomija\\\/dabetic-razvoj-sjevera-visoko-na-agendi-ministarstva-za-kapitalne-projekte-u-2026-predvidjena-podrska-od-oko-22-miliona\\\/#primaryimage\"},\"image\":{\"@id\":\"https:\\\/\\\/dmcsrb.com\\\/ekonomija\\\/dabetic-razvoj-sjevera-visoko-na-agendi-ministarstva-za-kapitalne-projekte-u-2026-predvidjena-podrska-od-oko-22-miliona\\\/#primaryimage\"},\"thumbnailUrl\":\"https:\\\/\\\/dmcsrb.com\\\/wp-content\\\/uploads\\\/2026\\\/01\\\/MERS-predstavljanje-istrazivanja-foto-MERS.webp\",\"datePublished\":\"2025-11-12T11:43:00+00:00\",\"author\":{\"@id\":\"https:\\\/\\\/dmcsrb.com\\\/#\\\/schema\\\/person\\\/5c39170f12db1b8b457732d0b5c854e2\"},\"breadcrumb\":{\"@id\":\"https:\\\/\\\/dmcsrb.com\\\/ekonomija\\\/dabetic-razvoj-sjevera-visoko-na-agendi-ministarstva-za-kapitalne-projekte-u-2026-predvidjena-podrska-od-oko-22-miliona\\\/#breadcrumb\"},\"inLanguage\":\"en-GB\",\"potentialAction\":[{\"@type\":\"ReadAction\",\"target\":[\"https:\\\/\\\/dmcsrb.com\\\/ekonomija\\\/dabetic-razvoj-sjevera-visoko-na-agendi-ministarstva-za-kapitalne-projekte-u-2026-predvidjena-podrska-od-oko-22-miliona\\\/\"]}]},{\"@type\":\"ImageObject\",\"inLanguage\":\"en-GB\",\"@id\":\"https:\\\/\\\/dmcsrb.com\\\/ekonomija\\\/dabetic-razvoj-sjevera-visoko-na-agendi-ministarstva-za-kapitalne-projekte-u-2026-predvidjena-podrska-od-oko-22-miliona\\\/#primaryimage\",\"url\":\"https:\\\/\\\/dmcsrb.com\\\/wp-content\\\/uploads\\\/2026\\\/01\\\/MERS-predstavljanje-istrazivanja-foto-MERS.webp\",\"contentUrl\":\"https:\\\/\\\/dmcsrb.com\\\/wp-content\\\/uploads\\\/2026\\\/01\\\/MERS-predstavljanje-istrazivanja-foto-MERS.webp\",\"width\":1155,\"height\":775},{\"@type\":\"BreadcrumbList\",\"@id\":\"https:\\\/\\\/dmcsrb.com\\\/ekonomija\\\/dabetic-razvoj-sjevera-visoko-na-agendi-ministarstva-za-kapitalne-projekte-u-2026-predvidjena-podrska-od-oko-22-miliona\\\/#breadcrumb\",\"itemListElement\":[{\"@type\":\"ListItem\",\"position\":1,\"name\":\"Home\",\"item\":\"https:\\\/\\\/dmcsrb.com\\\/\"},{\"@type\":\"ListItem\",\"position\":2,\"name\":\"Dabeti\u0107: Razvoj sjevera visoko na agendi Ministarstva, za kapitalne projekte u 2026. predvi\u0111ena podr\u0161ka od oko 22 miliona\"}]},{\"@type\":\"WebSite\",\"@id\":\"https:\\\/\\\/dmcsrb.com\\\/#website\",\"url\":\"https:\\\/\\\/dmcsrb.com\\\/\",\"name\":\"dmcsrb.com\",\"description\":\"\",\"potentialAction\":[{\"@type\":\"SearchAction\",\"target\":{\"@type\":\"EntryPoint\",\"urlTemplate\":\"https:\\\/\\\/dmcsrb.com\\\/?s={search_term_string}\"},\"query-input\":{\"@type\":\"PropertyValueSpecification\",\"valueRequired\":true,\"valueName\":\"search_term_string\"}}],\"inLanguage\":\"en-GB\"},{\"@type\":\"Person\",\"@id\":\"https:\\\/\\\/dmcsrb.com\\\/#\\\/schema\\\/person\\\/5c39170f12db1b8b457732d0b5c854e2\",\"name\":\"dmcsrbija.com@gmail.com\",\"image\":{\"@type\":\"ImageObject\",\"inLanguage\":\"en-GB\",\"@id\":\"https:\\\/\\\/secure.gravatar.com\\\/avatar\\\/68592660ad6347fad0fb587f8d5d8f1a7b44961362f56e4f2cd524feb87e9069?s=96&d=mm&r=g\",\"url\":\"https:\\\/\\\/secure.gravatar.com\\\/avatar\\\/68592660ad6347fad0fb587f8d5d8f1a7b44961362f56e4f2cd524feb87e9069?s=96&d=mm&r=g\",\"contentUrl\":\"https:\\\/\\\/secure.gravatar.com\\\/avatar\\\/68592660ad6347fad0fb587f8d5d8f1a7b44961362f56e4f2cd524feb87e9069?s=96&d=mm&r=g\",\"caption\":\"dmcsrbija.com@gmail.com\"},\"sameAs\":[\"https:\\\/\\\/dmcsrb.com\"],\"url\":\"https:\\\/\\\/dmcsrb.com\\\/en\\\/author\\\/dmcsrbija-comgmail-com\\\/\"}]}<\/script>\n<!-- \/ Yoast SEO plugin. -->","yoast_head_json":{"title":"Dabeti\u0107: Razvoj sjevera visoko na agendi Ministarstva, za kapitalne projekte u 2026. predvi\u0111ena podr\u0161ka od oko 22 miliona - dmcsrb.com","robots":{"index":"index","follow":"follow","max-snippet":"max-snippet:-1","max-image-preview":"max-image-preview:large","max-video-preview":"max-video-preview:-1"},"canonical":"https:\/\/dmcsrb.com\/en\/ekonomija\/dabetic-razvoj-sjevera-visoko-na-agendi-ministarstva-za-kapitalne-projekte-u-2026-predvidjena-podrska-od-oko-22-miliona\/","og_locale":"en_GB","og_type":"article","og_title":"Dabeti\u0107: Razvoj sjevera visoko na agendi Ministarstva, za kapitalne projekte u 2026. predvi\u0111ena podr\u0161ka od oko 22 miliona - dmcsrb.com","og_description":"Ministarstvo ekologije, odr\u017eivog razvoja i razvoja sjevera (MERS) organizovalo je konferenciju povodom predstavljanja rezultata istra\u017eivanja na temu \"Zapo\u0161ljavanje i migracije u Crnoj Gori \u2013 Regionalni i generacijski aspekti\u201d, koje ima za cilj da pru\u017ei sveobuhvatan uvid u dru\u0161tveno-ekonomske procese koji oblikuju \u017eivot gra\u0111ana i njihovu perspektivu u odnosu na tr\u017ei\u0161te rada i kvalitet \u017eivota u razli\u010ditim djelovima zemlje.","og_url":"https:\/\/dmcsrb.com\/en\/ekonomija\/dabetic-razvoj-sjevera-visoko-na-agendi-ministarstva-za-kapitalne-projekte-u-2026-predvidjena-podrska-od-oko-22-miliona\/","og_site_name":"dmcsrb.com","article_published_time":"2025-11-12T11:43:00+00:00","og_image":[{"width":1155,"height":775,"url":"https:\/\/dmcsrb.com\/wp-content\/uploads\/2026\/01\/MERS-predstavljanje-istrazivanja-foto-MERS.webp","type":"image\/jpeg"}],"author":"dmcsrbija.com@gmail.com","twitter_card":"summary_large_image","twitter_misc":{"Written by":"dmcsrbija.com@gmail.com","Estimated reading time":"4 minutes"},"schema":{"@context":"https:\/\/schema.org","@graph":[{"@type":"Article","@id":"https:\/\/dmcsrb.com\/ekonomija\/dabetic-razvoj-sjevera-visoko-na-agendi-ministarstva-za-kapitalne-projekte-u-2026-predvidjena-podrska-od-oko-22-miliona\/#article","isPartOf":{"@id":"https:\/\/dmcsrb.com\/ekonomija\/dabetic-razvoj-sjevera-visoko-na-agendi-ministarstva-za-kapitalne-projekte-u-2026-predvidjena-podrska-od-oko-22-miliona\/"},"author":{"name":"dmcsrbija.com@gmail.com","@id":"https:\/\/dmcsrb.com\/#\/schema\/person\/5c39170f12db1b8b457732d0b5c854e2"},"headline":"Dabeti\u0107: Razvoj sjevera visoko na agendi Ministarstva, za kapitalne projekte u 2026. predvi\u0111ena podr\u0161ka od oko 22 miliona","datePublished":"2025-11-12T11:43:00+00:00","mainEntityOfPage":{"@id":"https:\/\/dmcsrb.com\/ekonomija\/dabetic-razvoj-sjevera-visoko-na-agendi-ministarstva-za-kapitalne-projekte-u-2026-predvidjena-podrska-od-oko-22-miliona\/"},"wordCount":762,"commentCount":0,"image":{"@id":"https:\/\/dmcsrb.com\/ekonomija\/dabetic-razvoj-sjevera-visoko-na-agendi-ministarstva-za-kapitalne-projekte-u-2026-predvidjena-podrska-od-oko-22-miliona\/#primaryimage"},"thumbnailUrl":"https:\/\/dmcsrb.com\/wp-content\/uploads\/2026\/01\/MERS-predstavljanje-istrazivanja-foto-MERS.webp","keywords":["Milica Barjaktarovi\u0107","Ministarstvo ekonomskog razvoja","sjever","Zoran Dabeti\u0107"],"articleSection":["Ekonomija"],"inLanguage":"en-GB","potentialAction":[{"@type":"CommentAction","name":"Comment","target":["https:\/\/dmcsrb.com\/ekonomija\/dabetic-razvoj-sjevera-visoko-na-agendi-ministarstva-za-kapitalne-projekte-u-2026-predvidjena-podrska-od-oko-22-miliona\/#respond"]}]},{"@type":"WebPage","@id":"https:\/\/dmcsrb.com\/ekonomija\/dabetic-razvoj-sjevera-visoko-na-agendi-ministarstva-za-kapitalne-projekte-u-2026-predvidjena-podrska-od-oko-22-miliona\/","url":"https:\/\/dmcsrb.com\/ekonomija\/dabetic-razvoj-sjevera-visoko-na-agendi-ministarstva-za-kapitalne-projekte-u-2026-predvidjena-podrska-od-oko-22-miliona\/","name":"Dabeti\u0107: Razvoj sjevera visoko na agendi Ministarstva, za kapitalne projekte u 2026. predvi\u0111ena podr\u0161ka od oko 22 miliona - dmcsrb.com","isPartOf":{"@id":"https:\/\/dmcsrb.com\/#website"},"primaryImageOfPage":{"@id":"https:\/\/dmcsrb.com\/ekonomija\/dabetic-razvoj-sjevera-visoko-na-agendi-ministarstva-za-kapitalne-projekte-u-2026-predvidjena-podrska-od-oko-22-miliona\/#primaryimage"},"image":{"@id":"https:\/\/dmcsrb.com\/ekonomija\/dabetic-razvoj-sjevera-visoko-na-agendi-ministarstva-za-kapitalne-projekte-u-2026-predvidjena-podrska-od-oko-22-miliona\/#primaryimage"},"thumbnailUrl":"https:\/\/dmcsrb.com\/wp-content\/uploads\/2026\/01\/MERS-predstavljanje-istrazivanja-foto-MERS.webp","datePublished":"2025-11-12T11:43:00+00:00","author":{"@id":"https:\/\/dmcsrb.com\/#\/schema\/person\/5c39170f12db1b8b457732d0b5c854e2"},"breadcrumb":{"@id":"https:\/\/dmcsrb.com\/ekonomija\/dabetic-razvoj-sjevera-visoko-na-agendi-ministarstva-za-kapitalne-projekte-u-2026-predvidjena-podrska-od-oko-22-miliona\/#breadcrumb"},"inLanguage":"en-GB","potentialAction":[{"@type":"ReadAction","target":["https:\/\/dmcsrb.com\/ekonomija\/dabetic-razvoj-sjevera-visoko-na-agendi-ministarstva-za-kapitalne-projekte-u-2026-predvidjena-podrska-od-oko-22-miliona\/"]}]},{"@type":"ImageObject","inLanguage":"en-GB","@id":"https:\/\/dmcsrb.com\/ekonomija\/dabetic-razvoj-sjevera-visoko-na-agendi-ministarstva-za-kapitalne-projekte-u-2026-predvidjena-podrska-od-oko-22-miliona\/#primaryimage","url":"https:\/\/dmcsrb.com\/wp-content\/uploads\/2026\/01\/MERS-predstavljanje-istrazivanja-foto-MERS.webp","contentUrl":"https:\/\/dmcsrb.com\/wp-content\/uploads\/2026\/01\/MERS-predstavljanje-istrazivanja-foto-MERS.webp","width":1155,"height":775},{"@type":"BreadcrumbList","@id":"https:\/\/dmcsrb.com\/ekonomija\/dabetic-razvoj-sjevera-visoko-na-agendi-ministarstva-za-kapitalne-projekte-u-2026-predvidjena-podrska-od-oko-22-miliona\/#breadcrumb","itemListElement":[{"@type":"ListItem","position":1,"name":"Home","item":"https:\/\/dmcsrb.com\/"},{"@type":"ListItem","position":2,"name":"Dabeti\u0107: Razvoj sjevera visoko na agendi Ministarstva, za kapitalne projekte u 2026. predvi\u0111ena podr\u0161ka od oko 22 miliona"}]},{"@type":"WebSite","@id":"https:\/\/dmcsrb.com\/#website","url":"https:\/\/dmcsrb.com\/","name":"dmcsrb.com","description":"","potentialAction":[{"@type":"SearchAction","target":{"@type":"EntryPoint","urlTemplate":"https:\/\/dmcsrb.com\/?s={search_term_string}"},"query-input":{"@type":"PropertyValueSpecification","valueRequired":true,"valueName":"search_term_string"}}],"inLanguage":"en-GB"},{"@type":"Person","@id":"https:\/\/dmcsrb.com\/#\/schema\/person\/5c39170f12db1b8b457732d0b5c854e2","name":"dmcsrbija.com@gmail.com","image":{"@type":"ImageObject","inLanguage":"en-GB","@id":"https:\/\/secure.gravatar.com\/avatar\/68592660ad6347fad0fb587f8d5d8f1a7b44961362f56e4f2cd524feb87e9069?s=96&d=mm&r=g","url":"https:\/\/secure.gravatar.com\/avatar\/68592660ad6347fad0fb587f8d5d8f1a7b44961362f56e4f2cd524feb87e9069?s=96&d=mm&r=g","contentUrl":"https:\/\/secure.gravatar.com\/avatar\/68592660ad6347fad0fb587f8d5d8f1a7b44961362f56e4f2cd524feb87e9069?s=96&d=mm&r=g","caption":"dmcsrbija.com@gmail.com"},"sameAs":["https:\/\/dmcsrb.com"],"url":"https:\/\/dmcsrb.com\/en\/author\/dmcsrbija-comgmail-com\/"}]}},"_links":{"self":[{"href":"https:\/\/dmcsrb.com\/en\/wp-json\/wp\/v2\/posts\/963335","targetHints":{"allow":["GET"]}}],"collection":[{"href":"https:\/\/dmcsrb.com\/en\/wp-json\/wp\/v2\/posts"}],"about":[{"href":"https:\/\/dmcsrb.com\/en\/wp-json\/wp\/v2\/types\/post"}],"author":[{"embeddable":true,"href":"https:\/\/dmcsrb.com\/en\/wp-json\/wp\/v2\/users\/1"}],"replies":[{"embeddable":true,"href":"https:\/\/dmcsrb.com\/en\/wp-json\/wp\/v2\/comments?post=963335"}],"version-history":[{"count":0,"href":"https:\/\/dmcsrb.com\/en\/wp-json\/wp\/v2\/posts\/963335\/revisions"}],"wp:featuredmedia":[{"embeddable":true,"href":"https:\/\/dmcsrb.com\/en\/wp-json\/wp\/v2\/media\/963336"}],"wp:attachment":[{"href":"https:\/\/dmcsrb.com\/en\/wp-json\/wp\/v2\/media?parent=963335"}],"wp:term":[{"taxonomy":"category","embeddable":true,"href":"https:\/\/dmcsrb.com\/en\/wp-json\/wp\/v2\/categories?post=963335"},{"taxonomy":"post_tag","embeddable":true,"href":"https:\/\/dmcsrb.com\/en\/wp-json\/wp\/v2\/tags?post=963335"},{"taxonomy":"naslovna","embeddable":true,"href":"https:\/\/dmcsrb.com\/en\/wp-json\/wp\/v2\/naslovna?post=963335"}],"curies":[{"name":"wp","href":"https:\/\/api.w.org\/{rel}","templated":true}]}}