{"id":963325,"date":"2025-11-12T13:30:00","date_gmt":"2025-11-12T12:30:00","guid":{"rendered":"https:\/\/dmcsrb.com\/uncategorized\/milan-popovic-clan-senata-dri-podrska-odluci-o-slanju-vojnika-u-nato-misiju\/"},"modified":"2025-11-12T13:30:00","modified_gmt":"2025-11-12T12:30:00","slug":"milan-popovic-clan-senata-dri-podrska-odluci-o-slanju-vojnika-u-nato-misiju","status":"publish","type":"post","link":"https:\/\/dmcsrb.com\/en\/politika\/milan-popovic-clan-senata-dri-podrska-odluci-o-slanju-vojnika-u-nato-misiju\/","title":{"rendered":"Milan Popovi\u0107 \u010dlan Senata DRI, podr\u0161ka odluci o slanju vojnika u NATO misiju"},"content":{"rendered":"<p><\/p>\n\n\n\n<p><\/p>\n\n\n\n<p>Skup\u0161tina Crne Gore usvojila je Predlog da se za \u010dlana Senata DRI imenuje dr\u017eavni revizor Milan Popovi\u0107. Za njega su glasala 43 poslanika, odnosno svi prisutni.&nbsp;<\/p>\n\n\n\n<p>Poslanici su prihvatili i odluku o&nbsp;upu\u0107ivanju pripadnika Vojske Crne Gore u sastav NATO mehanizma za pru\u017eanje bezbjednosne pomo\u0107i i obuke za Ukrajinu. Za su glasala 44 poslanika, pet je bilo protiv, dok su dva bila uzdr\u017eana.&nbsp;<\/p>\n\n\n\n<p>Usvojeni su i predlozi zakona o izmjeni Zakona o porezu na dohodak fizi\u010dkih lica kao i zakona o dopuni Zakona o porezu na nepokretnosti sa 51 glasom poslanika.&nbsp;<\/p>\n\n\n\n<p><\/p>\n\n\n\n<p><strong><em>Tok sjednice:<\/em><\/strong><\/p>\n\n\n\n<p><strong>Popovi\u0107: Kandidat me kritikovao u mejlu, a ja \u0107u glasati za njega<\/strong><\/p>\n\n\n\n<p>Potpredsjednica Skup\u0161tine&nbsp;<strong>Zdenka Popovi\u0107<\/strong>&nbsp;istakla je da je ponosna \u0161to \u0107e glasati za Milana Popovi\u0107a iako je on&nbsp; uputio kritike na njen ra\u010dun u mejlu koji je poslao poslanicima. Kako je rekla, to je dokaz da Demokrate ne glasaju politi\u010dki. Ona je istakla da smatraju da Popovi\u0107 ima integritet i da zaslu\u017euje da bude \u010dlan Senata.&nbsp;<\/p>\n\n\n\n<p>Dodala je i da su&nbsp;ranije \u010dlanovi Senata birali po politi\u010dkoj osnovi.<\/p>\n\n\n\n<p><strong>Konatar: Proces nepovratno kontaminiran, Mugo\u0161a: Namjerno ugro\u017eavanje poglavlja 32<\/strong><\/p>\n\n\n\n<p>Poslanik GP URA&nbsp;<strong>Milo\u0161 Konatar<\/strong>&nbsp;kazao je da je postupak izbora kandidata za \u010dlanove Senata DRI pokazatelj da parlamentarna ve\u0107ina, kako je rekao, dokazuje da svaki proces mo\u017ee da pokvari.<\/p>\n\n\n\n<p>\u201eImali smo deset kandidata, me\u0111u kojima ima sjajnih ljudi. Kandidat kojeg ste vi predlo\u017eili, gospodin Popovi\u0107, je jedan od kandidata za koga bih mo\u017eda i glasao uz jo\u0161 nekoliko sjajnih kandidata. Me\u0111utim, mi smo dobili mejl od Popovi\u0107a prije nego \u0161to se glasalo za Radunovi\u0107a u kom je opisao da je ovaj proces kontaminiran nepovratno. Molim kolege da za\u0161titimo integritet DRI-a, Skup\u0161tine i svih kandidata koji su se prijavili\u201c, kazao je Konatar.<\/p>\n\n\n\n<p>Zamolio da se ovaj proces ponovi.<\/p>\n\n\n\n<p>&#8220;\u0160to se krivo rodi, vrijeme ne ispravi&#8221;, zaklju\u010dio je on.&nbsp;<\/p>\n\n\n\n<p>Poslanik Socijaldemokrata&nbsp;<strong>Boris Mugo\u0161a<\/strong>&nbsp;ka\u017ee da se ponovo uni\u017eava parlament i razara sistem. Istakao je da parlamentarna ve\u0107ina zloupotrebljava opoziciju, te da nema dijaloga sa opozicijom, koju oni, kako je dodao, ne po\u0161tuju.&nbsp;<\/p>\n\n\n\n<p>\u201ePopovi\u0107 nam je u subotu poslao dopis, a ju\u010de je predlo\u017een. On je kazao da sigurno ne\u0107e biti dio ove pri\u010de i da ga kandidatura ne zanima. Ve\u0107ina poslije svega predla\u017ee kandidata koji ka\u017ee da ne\u0107e biti dio procesa. Ja vjerujem na integritet ovog kandidata i pozivam ga da ne bude dio ove pri\u010de&#8221;, kazao je Mugo\u0161a.&nbsp;<\/p>\n\n\n\n<p>Ocjenjuje da se pod pla\u0161tom evropskih integracija uru\u0161ava sistem.&nbsp;<\/p>\n\n\n\n<p>&#8220;Sumnjam da ovo namjerno radite da opstruriate evropske integacije, jer je imenovanje jednog \u010dlana Senata DRI jedno mjerila za poglavlje 32 i vi ne \u017eelite da se to zavr\u0161i\u201c, upitao je Mugo\u0161a.<\/p>\n\n\n\n<p><strong>\u010carapi\u0107: Radunovi\u0107 pokazao da ima integritet, o\u010dekujem \u0161iroku podr\u0161ku za Popovi\u0107a<\/strong><\/p>\n\n\n\n<p>Poslanik DPS-a&nbsp;<strong>Mihailo An\u0111u\u0161i\u0107<\/strong>&nbsp;saop\u0161tio je da je Predrag Radunovi\u0107 povukao kandidaturu za \u010dlana Senata DRI na osnovu sugestije jer su oni koji su podr\u017eali tu kandidaturu vidjeli koliko je taj proces iskompromitovan.<\/p>\n\n\n\n<p>Poslanik Pokreta Evropa sad (PES)&nbsp;<strong>Vaslije \u010carapi\u0107<\/strong>&nbsp;izjavio je da ne smatra da je Senat DRI instituicija razvijana i gra\u0111ena sa integritetom, te da na njoj tek treba da se radi. Istakao je da je Radunovi\u0107 ispunjavao uslove iako je mo\u017eda postojala odre\u0111ena &#8220;sjenka&#8221; na njegovu kandidaturu.<\/p>\n\n\n\n<p>&#8220;Ali smo smatrali da ima integritet i \u017eelim da mu zahvalim \u0161to je donio odluku da se povu\u010de i time pokazao da ima integritet&#8221;, rekao je \u010carapi\u0107.<\/p>\n\n\n\n<p>On je kazao da o\u010dekuje podr\u0161ku za drugog kandidata, dr\u017eavnog revizora Milana Popovi\u0107a, jer on ispunjava sve uslove.&nbsp;&nbsp;<\/p>\n\n\n\n<p><strong>Stjepovi\u0107 Lakovi\u0107u: Ne\u0107emo dozvoliti da neko preko granice kontroli\u0161e nas i na\u0161e ministre<\/strong><\/p>\n\n\n\n<p>Na po\u010detku sjednice do\u0161lo je do polemike izme\u0111u poslanika Demokratske Crne Gore Du\u0161ka Stjepovi\u0107a i predsjednika Odbora za bezbjednost i odbranu Miodraga Lakovi\u0107a.<\/p>\n\n\n\n<p>Poslanik Demokratske Crne Gore&nbsp;<strong>Du\u0161ko Stjepovi\u0107<\/strong>&nbsp;kazao je da je predsjednik Odbora za bezbjednost i odbranu Miodrag Lakovi\u0107 prekr\u0161io Poslovnik time \u0161to je komentarisao njegovo poslani\u010dko pitanje upu\u0107eno ministru Danilu \u0160aranovi\u0107u. Stjepovi\u0107 smatra da Lakovi\u0107 nije kolegijalno postupio prema \u0160aranovi\u0107u.<\/p>\n\n\n\n<p>&#8220;Ja sam u obrazlo\u017eenju rekao da se ministru \u0160aranovi\u0107u poku\u0161ava lomiti politi\u010dka glava. Ja nisam rekao da je to u\u010dinio gospodin Lakovi\u0107, samo sam rekao da je nenormalno i neprirodno da se zakazuje sjednica za kontrolno saslu\u0161anje bez konsultacije sa ministrom koji treba da bude saslu\u0161an&#8221;, kazao je Stjepovi\u0107.<\/p>\n\n\n\n<p>Stjepovi\u0107 je kazao da se u parlamentu \u017eeli uspostaviti kontrola nad samo jednim dijelom bezbjednosnog sektora, odnosno nad.<\/p>\n\n\n\n<p>&#8220;A neke druge slu\u017ebe, u kojima se unare\u0111uju, a ne vetinguju prolaze nam ispod radara. Da budemo jednaki prema svima&#8221;, kazao je Stjepovi\u0107.<\/p>\n\n\n\n<p><strong>Lakovi\u0107<\/strong>&nbsp;je odgovorio da je Stjepovi\u0107 trebalo da zna da je kontrolno saslu\u0161anje trebalo da se zavr\u0161i do praznika koji nastupaju sjutra, te da su predstavnici dr\u017eavnih institucija mogli da izaberu bilo koji od termina u nekoliko dana od posljednje sjednice Odbora.<\/p>\n\n\n\n<p>&#8220;U Zakonu o parlamentarnom nadzoru ka\u017ee se da kada se donosi odluka za kontrolno saslu\u0161anje, odre\u0111uje se tema i rok, tako da nam normatini okvir ne daje mogu\u0107nost da \u010dekamo u nedogled&#8221;, izjavio je Lakovi\u0107.<\/p>\n\n\n\n<p>&#8220;Ja nikome u ovom Domu ne\u0107u dozvoliti da mi \u0161troji rije\u010d, niti slobodu govora, pogotovo ako imam sva utemeljenja o onome \u0161to pri\u010dam. Nikad se nije desilo da jedan predsjednik Odbora da zaka\u017ee termin saslu\u0161anja bez dogovora sa onim koga treba pozvati&#8221;, kazao je Stjepovi\u0107.&nbsp;<\/p>\n\n\n\n<p>Poru\u010dio je da poslanici Demokrata ne\u0107e dozvoliti da iko preko granice dozvoljenog kontroli\u0161e niti njih, niti ministre.&nbsp;<\/p>\n\n\n\n<p>Lakovi\u0107 je kazao da Stjepovi\u0107 nije imao pravo da komentari\u0161e rad Odbora.<\/p>\n\n\n\n<figure class=\"wp-block-embed is-type-video is-provider-youtube wp-block-embed-youtube wp-embed-aspect-16-9 wp-has-aspect-ratio\"><div class=\"wp-block-embed__wrapper\">\n<iframe loading=\"lazy\" title=\"Nastavak \u010cetvrte sjednice Drugog redovnog (jesenjeg) zasijedanja u 2025.godini-tre\u0107i dan,12.11.2025.\" width=\"500\" height=\"281\" src=\"https:\/\/www.youtube.com\/embed\/GDxtwY--ApY?feature=oembed\" frameborder=\"0\" allow=\"accelerometer; autoplay; clipboard-write; encrypted-media; gyroscope; picture-in-picture; web-share\" referrerpolicy=\"strict-origin-when-cross-origin\" allowfullscreen><\/iframe>\n<\/div><\/figure>\n\n\n\n<p>Na dnevnom redu je Izvje\u0161taj sa Konsultativnog saslu\u0161anja prijavljenih kandidata na Javni poziv za imenovanje jednog \u010dlana Senata Dr\u017eavne revizorske institucije, sa Predlogom odluke o imenovanju \u010dlana Senata Dr\u017eavne revizorske institucije, zatim Predlog zakona o izmjeni Zakona o porezu na dohodak fizi\u010dkih lica kao i Predlog zakona o dopuni Zakona o porezu na nepokretnosti.<\/p>\n\n\n\n<p>Nakon rasprave, poslanici \u0107e se izja\u0161njavati o Predlogu zakona o izmjeni Zakona o porezu na dohodak fizi\u010dkih lica, Predlogu zakona o dopuni Zakona o porezu na nepokretnosti, Predlogu odluke o upu\u0107ivanju pripadnika Vojske Crne Gore u sastav NATO aktivnosti pru\u017eanja bezbjednosne pomo\u0107i obuke za Ukrajinu (NATO Security Assistance and Training for Ukraine &#8211; NSATU) i Izvje\u0161taju sa Konsultativnog saslu\u0161anja prijavljenih kandidata na Javni poziv za imenovanje jednog \u010dlana Senata Dr\u017eavne revizorske institucije, sa Predlogom odluke o imenovanju \u010dlana Senata Dr\u017eavne revizorske institucije.<\/p>","protected":false},"excerpt":{"rendered":"<p>Skup\u0161tina Crne Gore usvojila je Predlog da se za \u010dlana Senata DRi izabere Milan Popovi\u0107, kao i Predlog o upu\u0107ivanju pripadnika Vojske Crne Gore u sastav NATO mehanizma za pru\u017eanje bezbjednosne pomo\u0107i i obuke za Ukrajinu.<\/p>","protected":false},"author":1,"featured_media":963326,"comment_status":"open","ping_status":"open","sticky":false,"template":"","format":"standard","meta":{"_acf_changed":false,"footnotes":""},"categories":[12],"tags":[421,4817,461],"naslovna":[],"class_list":["post-963325","post","type-post","status-publish","format-standard","has-post-thumbnail","hentry","category-politika","tag-dusko-stjepovic-2","tag-miodrag-lakovic","tag-skupstina-crne-gore"],"acf":[],"yoast_head":"<!-- This site is optimized with the Yoast SEO plugin v27.0 - https:\/\/yoast.com\/product\/yoast-seo-wordpress\/ -->\n<title>Milan Popovi\u0107 \u010dlan Senata DRI, podr\u0161ka odluci o slanju vojnika u NATO misiju - dmcsrb.com<\/title>\n<meta name=\"robots\" content=\"index, follow, max-snippet:-1, max-image-preview:large, max-video-preview:-1\" \/>\n<link rel=\"canonical\" href=\"https:\/\/dmcsrb.com\/en\/politika\/milan-popovic-clan-senata-dri-podrska-odluci-o-slanju-vojnika-u-nato-misiju\/\" \/>\n<meta property=\"og:locale\" content=\"en_GB\" \/>\n<meta property=\"og:type\" content=\"article\" \/>\n<meta property=\"og:title\" content=\"Milan Popovi\u0107 \u010dlan Senata DRI, podr\u0161ka odluci o slanju vojnika u NATO misiju - dmcsrb.com\" \/>\n<meta property=\"og:description\" content=\"Skup\u0161tina Crne Gore usvojila je Predlog da se za \u010dlana Senata DRi izabere Milan Popovi\u0107, kao i Predlog o upu\u0107ivanju pripadnika Vojske Crne Gore u sastav NATO mehanizma za pru\u017eanje bezbjednosne pomo\u0107i i obuke za Ukrajinu.\" \/>\n<meta property=\"og:url\" content=\"https:\/\/dmcsrb.com\/en\/politika\/milan-popovic-clan-senata-dri-podrska-odluci-o-slanju-vojnika-u-nato-misiju\/\" \/>\n<meta property=\"og:site_name\" content=\"dmcsrb.com\" \/>\n<meta property=\"article:published_time\" content=\"2025-11-12T12:30:00+00:00\" \/>\n<meta property=\"og:image\" content=\"https:\/\/dmcsrb.com\/wp-content\/uploads\/2026\/01\/sjednica-Skupstine-CG-foto-ss-yt-12.-novembar.webp\" \/>\n\t<meta property=\"og:image:width\" content=\"950\" \/>\n\t<meta property=\"og:image:height\" content=\"523\" \/>\n\t<meta property=\"og:image:type\" content=\"image\/jpeg\" \/>\n<meta name=\"author\" content=\"dmcsrbija.com@gmail.com\" \/>\n<meta name=\"twitter:card\" content=\"summary_large_image\" \/>\n<meta name=\"twitter:label1\" content=\"Written by\" \/>\n\t<meta name=\"twitter:data1\" content=\"dmcsrbija.com@gmail.com\" \/>\n\t<meta name=\"twitter:label2\" content=\"Estimated reading time\" \/>\n\t<meta name=\"twitter:data2\" content=\"6 minutes\" \/>\n<script type=\"application\/ld+json\" class=\"yoast-schema-graph\">{\"@context\":\"https:\/\/schema.org\",\"@graph\":[{\"@type\":\"Article\",\"@id\":\"https:\/\/dmcsrb.com\/en\/politika\/milan-popovic-clan-senata-dri-podrska-odluci-o-slanju-vojnika-u-nato-misiju\/#article\",\"isPartOf\":{\"@id\":\"https:\/\/dmcsrb.com\/en\/politika\/milan-popovic-clan-senata-dri-podrska-odluci-o-slanju-vojnika-u-nato-misiju\/\"},\"author\":{\"name\":\"dmcsrbija.com@gmail.com\",\"@id\":\"https:\/\/dmcsrb.com\/#\/schema\/person\/5c39170f12db1b8b457732d0b5c854e2\"},\"headline\":\"Milan Popovi\u0107 \u010dlan Senata DRI, podr\u0161ka odluci o slanju vojnika u NATO misiju\",\"datePublished\":\"2025-11-12T12:30:00+00:00\",\"mainEntityOfPage\":{\"@id\":\"https:\/\/dmcsrb.com\/en\/politika\/milan-popovic-clan-senata-dri-podrska-odluci-o-slanju-vojnika-u-nato-misiju\/\"},\"wordCount\":1178,\"commentCount\":0,\"image\":{\"@id\":\"https:\/\/dmcsrb.com\/en\/politika\/milan-popovic-clan-senata-dri-podrska-odluci-o-slanju-vojnika-u-nato-misiju\/#primaryimage\"},\"thumbnailUrl\":\"https:\/\/dmcsrb.com\/wp-content\/uploads\/2026\/01\/sjednica-Skupstine-CG-foto-ss-yt-12.-novembar.webp\",\"keywords\":[\"dusko stjepovic\",\"Miodrag Lakovi\u0107\",\"Skup\u0161tina Crne Gore\"],\"articleSection\":[\"Politika\"],\"inLanguage\":\"en-GB\",\"potentialAction\":[{\"@type\":\"CommentAction\",\"name\":\"Comment\",\"target\":[\"https:\/\/dmcsrb.com\/en\/politika\/milan-popovic-clan-senata-dri-podrska-odluci-o-slanju-vojnika-u-nato-misiju\/#respond\"]}]},{\"@type\":\"WebPage\",\"@id\":\"https:\/\/dmcsrb.com\/en\/politika\/milan-popovic-clan-senata-dri-podrska-odluci-o-slanju-vojnika-u-nato-misiju\/\",\"url\":\"https:\/\/dmcsrb.com\/en\/politika\/milan-popovic-clan-senata-dri-podrska-odluci-o-slanju-vojnika-u-nato-misiju\/\",\"name\":\"Milan Popovi\u0107 \u010dlan Senata DRI, podr\u0161ka odluci o slanju vojnika u NATO misiju - dmcsrb.com\",\"isPartOf\":{\"@id\":\"https:\/\/dmcsrb.com\/#website\"},\"primaryImageOfPage\":{\"@id\":\"https:\/\/dmcsrb.com\/en\/politika\/milan-popovic-clan-senata-dri-podrska-odluci-o-slanju-vojnika-u-nato-misiju\/#primaryimage\"},\"image\":{\"@id\":\"https:\/\/dmcsrb.com\/en\/politika\/milan-popovic-clan-senata-dri-podrska-odluci-o-slanju-vojnika-u-nato-misiju\/#primaryimage\"},\"thumbnailUrl\":\"https:\/\/dmcsrb.com\/wp-content\/uploads\/2026\/01\/sjednica-Skupstine-CG-foto-ss-yt-12.-novembar.webp\",\"datePublished\":\"2025-11-12T12:30:00+00:00\",\"author\":{\"@id\":\"https:\/\/dmcsrb.com\/#\/schema\/person\/5c39170f12db1b8b457732d0b5c854e2\"},\"breadcrumb\":{\"@id\":\"https:\/\/dmcsrb.com\/en\/politika\/milan-popovic-clan-senata-dri-podrska-odluci-o-slanju-vojnika-u-nato-misiju\/#breadcrumb\"},\"inLanguage\":\"en-GB\",\"potentialAction\":[{\"@type\":\"ReadAction\",\"target\":[\"https:\/\/dmcsrb.com\/en\/politika\/milan-popovic-clan-senata-dri-podrska-odluci-o-slanju-vojnika-u-nato-misiju\/\"]}]},{\"@type\":\"ImageObject\",\"inLanguage\":\"en-GB\",\"@id\":\"https:\/\/dmcsrb.com\/en\/politika\/milan-popovic-clan-senata-dri-podrska-odluci-o-slanju-vojnika-u-nato-misiju\/#primaryimage\",\"url\":\"https:\/\/dmcsrb.com\/wp-content\/uploads\/2026\/01\/sjednica-Skupstine-CG-foto-ss-yt-12.-novembar.webp\",\"contentUrl\":\"https:\/\/dmcsrb.com\/wp-content\/uploads\/2026\/01\/sjednica-Skupstine-CG-foto-ss-yt-12.-novembar.webp\",\"width\":950,\"height\":523},{\"@type\":\"BreadcrumbList\",\"@id\":\"https:\/\/dmcsrb.com\/en\/politika\/milan-popovic-clan-senata-dri-podrska-odluci-o-slanju-vojnika-u-nato-misiju\/#breadcrumb\",\"itemListElement\":[{\"@type\":\"ListItem\",\"position\":1,\"name\":\"Home\",\"item\":\"https:\/\/dmcsrb.com\/\"},{\"@type\":\"ListItem\",\"position\":2,\"name\":\"Milan Popovi\u0107 \u010dlan Senata DRI, podr\u0161ka odluci o slanju vojnika u NATO misiju\"}]},{\"@type\":\"WebSite\",\"@id\":\"https:\/\/dmcsrb.com\/#website\",\"url\":\"https:\/\/dmcsrb.com\/\",\"name\":\"dmcsrb.com\",\"description\":\"\",\"potentialAction\":[{\"@type\":\"SearchAction\",\"target\":{\"@type\":\"EntryPoint\",\"urlTemplate\":\"https:\/\/dmcsrb.com\/?s={search_term_string}\"},\"query-input\":{\"@type\":\"PropertyValueSpecification\",\"valueRequired\":true,\"valueName\":\"search_term_string\"}}],\"inLanguage\":\"en-GB\"},{\"@type\":\"Person\",\"@id\":\"https:\/\/dmcsrb.com\/#\/schema\/person\/5c39170f12db1b8b457732d0b5c854e2\",\"name\":\"dmcsrbija.com@gmail.com\",\"image\":{\"@type\":\"ImageObject\",\"inLanguage\":\"en-GB\",\"@id\":\"https:\/\/dmcsrb.com\/#\/schema\/person\/image\/\",\"url\":\"https:\/\/secure.gravatar.com\/avatar\/68592660ad6347fad0fb587f8d5d8f1a7b44961362f56e4f2cd524feb87e9069?s=96&d=mm&r=g\",\"contentUrl\":\"https:\/\/secure.gravatar.com\/avatar\/68592660ad6347fad0fb587f8d5d8f1a7b44961362f56e4f2cd524feb87e9069?s=96&d=mm&r=g\",\"caption\":\"dmcsrbija.com@gmail.com\"},\"sameAs\":[\"https:\/\/dmcsrb.com\"],\"url\":\"https:\/\/dmcsrb.com\/en\/author\/dmcsrbija-comgmail-com\/\"}]}<\/script>\n<!-- \/ Yoast SEO plugin. -->","yoast_head_json":{"title":"Milan Popovi\u0107 \u010dlan Senata DRI, podr\u0161ka odluci o slanju vojnika u NATO misiju - dmcsrb.com","robots":{"index":"index","follow":"follow","max-snippet":"max-snippet:-1","max-image-preview":"max-image-preview:large","max-video-preview":"max-video-preview:-1"},"canonical":"https:\/\/dmcsrb.com\/en\/politika\/milan-popovic-clan-senata-dri-podrska-odluci-o-slanju-vojnika-u-nato-misiju\/","og_locale":"en_GB","og_type":"article","og_title":"Milan Popovi\u0107 \u010dlan Senata DRI, podr\u0161ka odluci o slanju vojnika u NATO misiju - dmcsrb.com","og_description":"Skup\u0161tina Crne Gore usvojila je Predlog da se za \u010dlana Senata DRi izabere Milan Popovi\u0107, kao i Predlog o upu\u0107ivanju pripadnika Vojske Crne Gore u sastav NATO mehanizma za pru\u017eanje bezbjednosne pomo\u0107i i obuke za Ukrajinu.","og_url":"https:\/\/dmcsrb.com\/en\/politika\/milan-popovic-clan-senata-dri-podrska-odluci-o-slanju-vojnika-u-nato-misiju\/","og_site_name":"dmcsrb.com","article_published_time":"2025-11-12T12:30:00+00:00","og_image":[{"width":950,"height":523,"url":"https:\/\/dmcsrb.com\/wp-content\/uploads\/2026\/01\/sjednica-Skupstine-CG-foto-ss-yt-12.-novembar.webp","type":"image\/jpeg"}],"author":"dmcsrbija.com@gmail.com","twitter_card":"summary_large_image","twitter_misc":{"Written by":"dmcsrbija.com@gmail.com","Estimated reading time":"6 minutes"},"schema":{"@context":"https:\/\/schema.org","@graph":[{"@type":"Article","@id":"https:\/\/dmcsrb.com\/en\/politika\/milan-popovic-clan-senata-dri-podrska-odluci-o-slanju-vojnika-u-nato-misiju\/#article","isPartOf":{"@id":"https:\/\/dmcsrb.com\/en\/politika\/milan-popovic-clan-senata-dri-podrska-odluci-o-slanju-vojnika-u-nato-misiju\/"},"author":{"name":"dmcsrbija.com@gmail.com","@id":"https:\/\/dmcsrb.com\/#\/schema\/person\/5c39170f12db1b8b457732d0b5c854e2"},"headline":"Milan Popovi\u0107 \u010dlan Senata DRI, podr\u0161ka odluci o slanju vojnika u NATO misiju","datePublished":"2025-11-12T12:30:00+00:00","mainEntityOfPage":{"@id":"https:\/\/dmcsrb.com\/en\/politika\/milan-popovic-clan-senata-dri-podrska-odluci-o-slanju-vojnika-u-nato-misiju\/"},"wordCount":1178,"commentCount":0,"image":{"@id":"https:\/\/dmcsrb.com\/en\/politika\/milan-popovic-clan-senata-dri-podrska-odluci-o-slanju-vojnika-u-nato-misiju\/#primaryimage"},"thumbnailUrl":"https:\/\/dmcsrb.com\/wp-content\/uploads\/2026\/01\/sjednica-Skupstine-CG-foto-ss-yt-12.-novembar.webp","keywords":["dusko stjepovic","Miodrag Lakovi\u0107","Skup\u0161tina Crne Gore"],"articleSection":["Politika"],"inLanguage":"en-GB","potentialAction":[{"@type":"CommentAction","name":"Comment","target":["https:\/\/dmcsrb.com\/en\/politika\/milan-popovic-clan-senata-dri-podrska-odluci-o-slanju-vojnika-u-nato-misiju\/#respond"]}]},{"@type":"WebPage","@id":"https:\/\/dmcsrb.com\/en\/politika\/milan-popovic-clan-senata-dri-podrska-odluci-o-slanju-vojnika-u-nato-misiju\/","url":"https:\/\/dmcsrb.com\/en\/politika\/milan-popovic-clan-senata-dri-podrska-odluci-o-slanju-vojnika-u-nato-misiju\/","name":"Milan Popovi\u0107 \u010dlan Senata DRI, podr\u0161ka odluci o slanju vojnika u NATO misiju - dmcsrb.com","isPartOf":{"@id":"https:\/\/dmcsrb.com\/#website"},"primaryImageOfPage":{"@id":"https:\/\/dmcsrb.com\/en\/politika\/milan-popovic-clan-senata-dri-podrska-odluci-o-slanju-vojnika-u-nato-misiju\/#primaryimage"},"image":{"@id":"https:\/\/dmcsrb.com\/en\/politika\/milan-popovic-clan-senata-dri-podrska-odluci-o-slanju-vojnika-u-nato-misiju\/#primaryimage"},"thumbnailUrl":"https:\/\/dmcsrb.com\/wp-content\/uploads\/2026\/01\/sjednica-Skupstine-CG-foto-ss-yt-12.-novembar.webp","datePublished":"2025-11-12T12:30:00+00:00","author":{"@id":"https:\/\/dmcsrb.com\/#\/schema\/person\/5c39170f12db1b8b457732d0b5c854e2"},"breadcrumb":{"@id":"https:\/\/dmcsrb.com\/en\/politika\/milan-popovic-clan-senata-dri-podrska-odluci-o-slanju-vojnika-u-nato-misiju\/#breadcrumb"},"inLanguage":"en-GB","potentialAction":[{"@type":"ReadAction","target":["https:\/\/dmcsrb.com\/en\/politika\/milan-popovic-clan-senata-dri-podrska-odluci-o-slanju-vojnika-u-nato-misiju\/"]}]},{"@type":"ImageObject","inLanguage":"en-GB","@id":"https:\/\/dmcsrb.com\/en\/politika\/milan-popovic-clan-senata-dri-podrska-odluci-o-slanju-vojnika-u-nato-misiju\/#primaryimage","url":"https:\/\/dmcsrb.com\/wp-content\/uploads\/2026\/01\/sjednica-Skupstine-CG-foto-ss-yt-12.-novembar.webp","contentUrl":"https:\/\/dmcsrb.com\/wp-content\/uploads\/2026\/01\/sjednica-Skupstine-CG-foto-ss-yt-12.-novembar.webp","width":950,"height":523},{"@type":"BreadcrumbList","@id":"https:\/\/dmcsrb.com\/en\/politika\/milan-popovic-clan-senata-dri-podrska-odluci-o-slanju-vojnika-u-nato-misiju\/#breadcrumb","itemListElement":[{"@type":"ListItem","position":1,"name":"Home","item":"https:\/\/dmcsrb.com\/"},{"@type":"ListItem","position":2,"name":"Milan Popovi\u0107 \u010dlan Senata DRI, podr\u0161ka odluci o slanju vojnika u NATO misiju"}]},{"@type":"WebSite","@id":"https:\/\/dmcsrb.com\/#website","url":"https:\/\/dmcsrb.com\/","name":"dmcsrb.com","description":"","potentialAction":[{"@type":"SearchAction","target":{"@type":"EntryPoint","urlTemplate":"https:\/\/dmcsrb.com\/?s={search_term_string}"},"query-input":{"@type":"PropertyValueSpecification","valueRequired":true,"valueName":"search_term_string"}}],"inLanguage":"en-GB"},{"@type":"Person","@id":"https:\/\/dmcsrb.com\/#\/schema\/person\/5c39170f12db1b8b457732d0b5c854e2","name":"dmcsrbija.com@gmail.com","image":{"@type":"ImageObject","inLanguage":"en-GB","@id":"https:\/\/dmcsrb.com\/#\/schema\/person\/image\/","url":"https:\/\/secure.gravatar.com\/avatar\/68592660ad6347fad0fb587f8d5d8f1a7b44961362f56e4f2cd524feb87e9069?s=96&d=mm&r=g","contentUrl":"https:\/\/secure.gravatar.com\/avatar\/68592660ad6347fad0fb587f8d5d8f1a7b44961362f56e4f2cd524feb87e9069?s=96&d=mm&r=g","caption":"dmcsrbija.com@gmail.com"},"sameAs":["https:\/\/dmcsrb.com"],"url":"https:\/\/dmcsrb.com\/en\/author\/dmcsrbija-comgmail-com\/"}]}},"_links":{"self":[{"href":"https:\/\/dmcsrb.com\/en\/wp-json\/wp\/v2\/posts\/963325","targetHints":{"allow":["GET"]}}],"collection":[{"href":"https:\/\/dmcsrb.com\/en\/wp-json\/wp\/v2\/posts"}],"about":[{"href":"https:\/\/dmcsrb.com\/en\/wp-json\/wp\/v2\/types\/post"}],"author":[{"embeddable":true,"href":"https:\/\/dmcsrb.com\/en\/wp-json\/wp\/v2\/users\/1"}],"replies":[{"embeddable":true,"href":"https:\/\/dmcsrb.com\/en\/wp-json\/wp\/v2\/comments?post=963325"}],"version-history":[{"count":0,"href":"https:\/\/dmcsrb.com\/en\/wp-json\/wp\/v2\/posts\/963325\/revisions"}],"wp:featuredmedia":[{"embeddable":true,"href":"https:\/\/dmcsrb.com\/en\/wp-json\/wp\/v2\/media\/963326"}],"wp:attachment":[{"href":"https:\/\/dmcsrb.com\/en\/wp-json\/wp\/v2\/media?parent=963325"}],"wp:term":[{"taxonomy":"category","embeddable":true,"href":"https:\/\/dmcsrb.com\/en\/wp-json\/wp\/v2\/categories?post=963325"},{"taxonomy":"post_tag","embeddable":true,"href":"https:\/\/dmcsrb.com\/en\/wp-json\/wp\/v2\/tags?post=963325"},{"taxonomy":"naslovna","embeddable":true,"href":"https:\/\/dmcsrb.com\/en\/wp-json\/wp\/v2\/naslovna?post=963325"}],"curies":[{"name":"wp","href":"https:\/\/api.w.org\/{rel}","templated":true}]}}