{"id":963305,"date":"2025-11-12T11:00:00","date_gmt":"2025-11-12T10:00:00","guid":{"rendered":"https:\/\/dmcsrb.com\/uncategorized\/maskovic-na-bulevaru-vojislavljevica-jutros-nijedna-masina-nije-bila-aktivna\/"},"modified":"2025-11-12T11:00:00","modified_gmt":"2025-11-12T10:00:00","slug":"maskovic-na-bulevaru-vojislavljevica-jutros-nijedna-masina-nije-bila-aktivna","status":"publish","type":"post","link":"https:\/\/dmcsrb.com\/en\/podgorica\/maskovic-na-bulevaru-vojislavljevica-jutros-nijedna-masina-nije-bila-aktivna\/","title":{"rendered":"Ma\u0161kovi\u0107: Na Bulevaru Vojislavljevi\u0107a jutros nijedna ma\u0161ina nije bila aktivna"},"content":{"rendered":"<p>&#8220;Dinamika izvo\u0111enja radova na Bulevaru Vojislavljevi\u0107a je takva da jutros nijedna ma\u0161ina nije bila aktivna, na gradili\u0161tu je vi\u0161e gra\u0111ana nego radnika anga\u017eovanih na izvo\u0111enju radova, a automobili nesmetano saobra\u0107aju gradili\u0161tem&#8221;, napisoa je u saop\u0161tenju odbornik Evropskog saveza Milo\u0161 Ma\u0161kovi\u0107, isti\u010du\u0107i da, kako navodi, umjesto uslaka u zavr\u0161nu fazu radova te dionice budu\u0107eg bulevara, gra\u0111ani svakodnevno prolaze kroz gradili\u0161te, prelaze\u0107i s jedne strane na drugu izme\u0111u rovova, kablova i ma\u0161ina koje stoje u mjestu. Upozorava da se automobili kre\u0107u trasom koja je formalno gradili\u0161te, bez saobra\u0107ajne signalizacije i adekvatnog obezbje\u0111enja.<\/p>\n\n\n\n<p>&#8220;Gradili\u0161te nije propisno ogra\u0111eno ni obezbije\u0111eno, a privremena saobra\u0107ajna regulacija djeluje improvizovano, \u0161to svakodnevno stvara gu\u017eve i incidentne situacije. Sve ukazuje na to da se radovi ne odvijaju planiranom dinamikom i da gradska uprava gra\u0111anima duguje obja\u0161njenje za\u0161to se mjesecima ni\u0161ta ne de\u0161ava&#8221;, upozorio je Ma\u0161kovi\u0107..<\/p>","protected":false},"excerpt":{"rendered":"<p>Zbog zatvaranja te dionice, saobra\u0107ajni kolaps svakodnevno parali\u0161e okolne ulice, naro\u010dito u blizini dvije osnovne \u0161kole i vrti\u0107a, kuda sada prolaze i teretna vozila, poru\u010dio odbornik Evropskog saveza.<\/p>","protected":false},"author":1,"featured_media":945947,"comment_status":"open","ping_status":"open","sticky":false,"template":"","format":"standard","meta":{"_acf_changed":false,"footnotes":""},"categories":[56],"tags":[14280,14281,4387],"naslovna":[],"class_list":["post-963305","post","type-post","status-publish","format-standard","has-post-thumbnail","hentry","category-podgorica","tag-bulevar-vojislavljevica","tag-evrospki-savez","tag-milos-maskovic"],"acf":[],"yoast_head":"<!-- This site is optimized with the Yoast SEO plugin v27.0 - https:\/\/yoast.com\/product\/yoast-seo-wordpress\/ -->\n<title>Ma\u0161kovi\u0107: Na Bulevaru Vojislavljevi\u0107a jutros nijedna ma\u0161ina nije bila aktivna - dmcsrb.com<\/title>\n<meta name=\"robots\" content=\"index, follow, max-snippet:-1, max-image-preview:large, max-video-preview:-1\" \/>\n<link rel=\"canonical\" href=\"https:\/\/dmcsrb.com\/en\/podgorica\/maskovic-na-bulevaru-vojislavljevica-jutros-nijedna-masina-nije-bila-aktivna\/\" \/>\n<meta property=\"og:locale\" content=\"en_GB\" \/>\n<meta property=\"og:type\" content=\"article\" \/>\n<meta property=\"og:title\" content=\"Ma\u0161kovi\u0107: Na Bulevaru Vojislavljevi\u0107a jutros nijedna ma\u0161ina nije bila aktivna - dmcsrb.com\" \/>\n<meta property=\"og:description\" content=\"Zbog zatvaranja te dionice, saobra\u0107ajni kolaps svakodnevno parali\u0161e okolne ulice, naro\u010dito u blizini dvije osnovne \u0161kole i vrti\u0107a, kuda sada prolaze i teretna vozila, poru\u010dio odbornik Evropskog saveza.\" \/>\n<meta property=\"og:url\" content=\"https:\/\/dmcsrb.com\/en\/podgorica\/maskovic-na-bulevaru-vojislavljevica-jutros-nijedna-masina-nije-bila-aktivna\/\" \/>\n<meta property=\"og:site_name\" content=\"dmcsrb.com\" \/>\n<meta property=\"article:published_time\" content=\"2025-11-12T10:00:00+00:00\" \/>\n<meta property=\"og:image\" content=\"https:\/\/dmcsrb.com\/wp-content\/uploads\/2026\/01\/Milos-Maskovic-Evropski-savez-foto-SD.webp\" \/>\n\t<meta property=\"og:image:width\" content=\"1117\" \/>\n\t<meta property=\"og:image:height\" content=\"679\" \/>\n\t<meta property=\"og:image:type\" content=\"image\/jpeg\" \/>\n<meta name=\"author\" content=\"dmcsrbija.com@gmail.com\" \/>\n<meta name=\"twitter:card\" content=\"summary_large_image\" \/>\n<meta name=\"twitter:label1\" content=\"Written by\" \/>\n\t<meta name=\"twitter:data1\" content=\"dmcsrbija.com@gmail.com\" \/>\n\t<meta name=\"twitter:label2\" content=\"Estimated reading time\" \/>\n\t<meta name=\"twitter:data2\" content=\"1 minute\" \/>\n<script type=\"application\/ld+json\" class=\"yoast-schema-graph\">{\"@context\":\"https:\/\/schema.org\",\"@graph\":[{\"@type\":\"Article\",\"@id\":\"https:\/\/dmcsrb.com\/podgorica\/maskovic-na-bulevaru-vojislavljevica-jutros-nijedna-masina-nije-bila-aktivna\/#article\",\"isPartOf\":{\"@id\":\"https:\/\/dmcsrb.com\/podgorica\/maskovic-na-bulevaru-vojislavljevica-jutros-nijedna-masina-nije-bila-aktivna\/\"},\"author\":{\"name\":\"dmcsrbija.com@gmail.com\",\"@id\":\"https:\/\/dmcsrb.com\/#\/schema\/person\/5c39170f12db1b8b457732d0b5c854e2\"},\"headline\":\"Ma\u0161kovi\u0107: Na Bulevaru Vojislavljevi\u0107a jutros nijedna ma\u0161ina nije bila aktivna\",\"datePublished\":\"2025-11-12T10:00:00+00:00\",\"mainEntityOfPage\":{\"@id\":\"https:\/\/dmcsrb.com\/podgorica\/maskovic-na-bulevaru-vojislavljevica-jutros-nijedna-masina-nije-bila-aktivna\/\"},\"wordCount\":185,\"commentCount\":0,\"image\":{\"@id\":\"https:\/\/dmcsrb.com\/podgorica\/maskovic-na-bulevaru-vojislavljevica-jutros-nijedna-masina-nije-bila-aktivna\/#primaryimage\"},\"thumbnailUrl\":\"https:\/\/dmcsrb.com\/wp-content\/uploads\/2026\/01\/Milos-Maskovic-Evropski-savez-foto-SD.webp\",\"keywords\":[\"Bulevar Vojislavljevi\u0107a\",\"Evrospki savez\",\"Milo\u0161 Ma\u0161kovi\u0107\"],\"articleSection\":[\"Podgorica\"],\"inLanguage\":\"en-GB\",\"potentialAction\":[{\"@type\":\"CommentAction\",\"name\":\"Comment\",\"target\":[\"https:\/\/dmcsrb.com\/podgorica\/maskovic-na-bulevaru-vojislavljevica-jutros-nijedna-masina-nije-bila-aktivna\/#respond\"]}]},{\"@type\":\"WebPage\",\"@id\":\"https:\/\/dmcsrb.com\/podgorica\/maskovic-na-bulevaru-vojislavljevica-jutros-nijedna-masina-nije-bila-aktivna\/\",\"url\":\"https:\/\/dmcsrb.com\/podgorica\/maskovic-na-bulevaru-vojislavljevica-jutros-nijedna-masina-nije-bila-aktivna\/\",\"name\":\"Ma\u0161kovi\u0107: Na Bulevaru Vojislavljevi\u0107a jutros nijedna ma\u0161ina nije bila aktivna - dmcsrb.com\",\"isPartOf\":{\"@id\":\"https:\/\/dmcsrb.com\/#website\"},\"primaryImageOfPage\":{\"@id\":\"https:\/\/dmcsrb.com\/podgorica\/maskovic-na-bulevaru-vojislavljevica-jutros-nijedna-masina-nije-bila-aktivna\/#primaryimage\"},\"image\":{\"@id\":\"https:\/\/dmcsrb.com\/podgorica\/maskovic-na-bulevaru-vojislavljevica-jutros-nijedna-masina-nije-bila-aktivna\/#primaryimage\"},\"thumbnailUrl\":\"https:\/\/dmcsrb.com\/wp-content\/uploads\/2026\/01\/Milos-Maskovic-Evropski-savez-foto-SD.webp\",\"datePublished\":\"2025-11-12T10:00:00+00:00\",\"author\":{\"@id\":\"https:\/\/dmcsrb.com\/#\/schema\/person\/5c39170f12db1b8b457732d0b5c854e2\"},\"breadcrumb\":{\"@id\":\"https:\/\/dmcsrb.com\/podgorica\/maskovic-na-bulevaru-vojislavljevica-jutros-nijedna-masina-nije-bila-aktivna\/#breadcrumb\"},\"inLanguage\":\"en-GB\",\"potentialAction\":[{\"@type\":\"ReadAction\",\"target\":[\"https:\/\/dmcsrb.com\/podgorica\/maskovic-na-bulevaru-vojislavljevica-jutros-nijedna-masina-nije-bila-aktivna\/\"]}]},{\"@type\":\"ImageObject\",\"inLanguage\":\"en-GB\",\"@id\":\"https:\/\/dmcsrb.com\/podgorica\/maskovic-na-bulevaru-vojislavljevica-jutros-nijedna-masina-nije-bila-aktivna\/#primaryimage\",\"url\":\"https:\/\/dmcsrb.com\/wp-content\/uploads\/2026\/01\/Milos-Maskovic-Evropski-savez-foto-SD.webp\",\"contentUrl\":\"https:\/\/dmcsrb.com\/wp-content\/uploads\/2026\/01\/Milos-Maskovic-Evropski-savez-foto-SD.webp\",\"width\":1117,\"height\":679},{\"@type\":\"BreadcrumbList\",\"@id\":\"https:\/\/dmcsrb.com\/podgorica\/maskovic-na-bulevaru-vojislavljevica-jutros-nijedna-masina-nije-bila-aktivna\/#breadcrumb\",\"itemListElement\":[{\"@type\":\"ListItem\",\"position\":1,\"name\":\"Home\",\"item\":\"https:\/\/dmcsrb.com\/\"},{\"@type\":\"ListItem\",\"position\":2,\"name\":\"Ma\u0161kovi\u0107: Na Bulevaru Vojislavljevi\u0107a jutros nijedna ma\u0161ina nije bila aktivna\"}]},{\"@type\":\"WebSite\",\"@id\":\"https:\/\/dmcsrb.com\/#website\",\"url\":\"https:\/\/dmcsrb.com\/\",\"name\":\"dmcsrb.com\",\"description\":\"\",\"potentialAction\":[{\"@type\":\"SearchAction\",\"target\":{\"@type\":\"EntryPoint\",\"urlTemplate\":\"https:\/\/dmcsrb.com\/?s={search_term_string}\"},\"query-input\":{\"@type\":\"PropertyValueSpecification\",\"valueRequired\":true,\"valueName\":\"search_term_string\"}}],\"inLanguage\":\"en-GB\"},{\"@type\":\"Person\",\"@id\":\"https:\/\/dmcsrb.com\/#\/schema\/person\/5c39170f12db1b8b457732d0b5c854e2\",\"name\":\"dmcsrbija.com@gmail.com\",\"image\":{\"@type\":\"ImageObject\",\"inLanguage\":\"en-GB\",\"@id\":\"https:\/\/dmcsrb.com\/#\/schema\/person\/image\/\",\"url\":\"https:\/\/secure.gravatar.com\/avatar\/68592660ad6347fad0fb587f8d5d8f1a7b44961362f56e4f2cd524feb87e9069?s=96&d=mm&r=g\",\"contentUrl\":\"https:\/\/secure.gravatar.com\/avatar\/68592660ad6347fad0fb587f8d5d8f1a7b44961362f56e4f2cd524feb87e9069?s=96&d=mm&r=g\",\"caption\":\"dmcsrbija.com@gmail.com\"},\"sameAs\":[\"https:\/\/dmcsrb.com\"],\"url\":\"https:\/\/dmcsrb.com\/en\/author\/dmcsrbija-comgmail-com\/\"}]}<\/script>\n<!-- \/ Yoast SEO plugin. -->","yoast_head_json":{"title":"Ma\u0161kovi\u0107: Na Bulevaru Vojislavljevi\u0107a jutros nijedna ma\u0161ina nije bila aktivna - dmcsrb.com","robots":{"index":"index","follow":"follow","max-snippet":"max-snippet:-1","max-image-preview":"max-image-preview:large","max-video-preview":"max-video-preview:-1"},"canonical":"https:\/\/dmcsrb.com\/en\/podgorica\/maskovic-na-bulevaru-vojislavljevica-jutros-nijedna-masina-nije-bila-aktivna\/","og_locale":"en_GB","og_type":"article","og_title":"Ma\u0161kovi\u0107: Na Bulevaru Vojislavljevi\u0107a jutros nijedna ma\u0161ina nije bila aktivna - dmcsrb.com","og_description":"Zbog zatvaranja te dionice, saobra\u0107ajni kolaps svakodnevno parali\u0161e okolne ulice, naro\u010dito u blizini dvije osnovne \u0161kole i vrti\u0107a, kuda sada prolaze i teretna vozila, poru\u010dio odbornik Evropskog saveza.","og_url":"https:\/\/dmcsrb.com\/en\/podgorica\/maskovic-na-bulevaru-vojislavljevica-jutros-nijedna-masina-nije-bila-aktivna\/","og_site_name":"dmcsrb.com","article_published_time":"2025-11-12T10:00:00+00:00","og_image":[{"width":1117,"height":679,"url":"https:\/\/dmcsrb.com\/wp-content\/uploads\/2026\/01\/Milos-Maskovic-Evropski-savez-foto-SD.webp","type":"image\/jpeg"}],"author":"dmcsrbija.com@gmail.com","twitter_card":"summary_large_image","twitter_misc":{"Written by":"dmcsrbija.com@gmail.com","Estimated reading time":"1 minute"},"schema":{"@context":"https:\/\/schema.org","@graph":[{"@type":"Article","@id":"https:\/\/dmcsrb.com\/podgorica\/maskovic-na-bulevaru-vojislavljevica-jutros-nijedna-masina-nije-bila-aktivna\/#article","isPartOf":{"@id":"https:\/\/dmcsrb.com\/podgorica\/maskovic-na-bulevaru-vojislavljevica-jutros-nijedna-masina-nije-bila-aktivna\/"},"author":{"name":"dmcsrbija.com@gmail.com","@id":"https:\/\/dmcsrb.com\/#\/schema\/person\/5c39170f12db1b8b457732d0b5c854e2"},"headline":"Ma\u0161kovi\u0107: Na Bulevaru Vojislavljevi\u0107a jutros nijedna ma\u0161ina nije bila aktivna","datePublished":"2025-11-12T10:00:00+00:00","mainEntityOfPage":{"@id":"https:\/\/dmcsrb.com\/podgorica\/maskovic-na-bulevaru-vojislavljevica-jutros-nijedna-masina-nije-bila-aktivna\/"},"wordCount":185,"commentCount":0,"image":{"@id":"https:\/\/dmcsrb.com\/podgorica\/maskovic-na-bulevaru-vojislavljevica-jutros-nijedna-masina-nije-bila-aktivna\/#primaryimage"},"thumbnailUrl":"https:\/\/dmcsrb.com\/wp-content\/uploads\/2026\/01\/Milos-Maskovic-Evropski-savez-foto-SD.webp","keywords":["Bulevar Vojislavljevi\u0107a","Evrospki savez","Milo\u0161 Ma\u0161kovi\u0107"],"articleSection":["Podgorica"],"inLanguage":"en-GB","potentialAction":[{"@type":"CommentAction","name":"Comment","target":["https:\/\/dmcsrb.com\/podgorica\/maskovic-na-bulevaru-vojislavljevica-jutros-nijedna-masina-nije-bila-aktivna\/#respond"]}]},{"@type":"WebPage","@id":"https:\/\/dmcsrb.com\/podgorica\/maskovic-na-bulevaru-vojislavljevica-jutros-nijedna-masina-nije-bila-aktivna\/","url":"https:\/\/dmcsrb.com\/podgorica\/maskovic-na-bulevaru-vojislavljevica-jutros-nijedna-masina-nije-bila-aktivna\/","name":"Ma\u0161kovi\u0107: Na Bulevaru Vojislavljevi\u0107a jutros nijedna ma\u0161ina nije bila aktivna - dmcsrb.com","isPartOf":{"@id":"https:\/\/dmcsrb.com\/#website"},"primaryImageOfPage":{"@id":"https:\/\/dmcsrb.com\/podgorica\/maskovic-na-bulevaru-vojislavljevica-jutros-nijedna-masina-nije-bila-aktivna\/#primaryimage"},"image":{"@id":"https:\/\/dmcsrb.com\/podgorica\/maskovic-na-bulevaru-vojislavljevica-jutros-nijedna-masina-nije-bila-aktivna\/#primaryimage"},"thumbnailUrl":"https:\/\/dmcsrb.com\/wp-content\/uploads\/2026\/01\/Milos-Maskovic-Evropski-savez-foto-SD.webp","datePublished":"2025-11-12T10:00:00+00:00","author":{"@id":"https:\/\/dmcsrb.com\/#\/schema\/person\/5c39170f12db1b8b457732d0b5c854e2"},"breadcrumb":{"@id":"https:\/\/dmcsrb.com\/podgorica\/maskovic-na-bulevaru-vojislavljevica-jutros-nijedna-masina-nije-bila-aktivna\/#breadcrumb"},"inLanguage":"en-GB","potentialAction":[{"@type":"ReadAction","target":["https:\/\/dmcsrb.com\/podgorica\/maskovic-na-bulevaru-vojislavljevica-jutros-nijedna-masina-nije-bila-aktivna\/"]}]},{"@type":"ImageObject","inLanguage":"en-GB","@id":"https:\/\/dmcsrb.com\/podgorica\/maskovic-na-bulevaru-vojislavljevica-jutros-nijedna-masina-nije-bila-aktivna\/#primaryimage","url":"https:\/\/dmcsrb.com\/wp-content\/uploads\/2026\/01\/Milos-Maskovic-Evropski-savez-foto-SD.webp","contentUrl":"https:\/\/dmcsrb.com\/wp-content\/uploads\/2026\/01\/Milos-Maskovic-Evropski-savez-foto-SD.webp","width":1117,"height":679},{"@type":"BreadcrumbList","@id":"https:\/\/dmcsrb.com\/podgorica\/maskovic-na-bulevaru-vojislavljevica-jutros-nijedna-masina-nije-bila-aktivna\/#breadcrumb","itemListElement":[{"@type":"ListItem","position":1,"name":"Home","item":"https:\/\/dmcsrb.com\/"},{"@type":"ListItem","position":2,"name":"Ma\u0161kovi\u0107: Na Bulevaru Vojislavljevi\u0107a jutros nijedna ma\u0161ina nije bila aktivna"}]},{"@type":"WebSite","@id":"https:\/\/dmcsrb.com\/#website","url":"https:\/\/dmcsrb.com\/","name":"dmcsrb.com","description":"","potentialAction":[{"@type":"SearchAction","target":{"@type":"EntryPoint","urlTemplate":"https:\/\/dmcsrb.com\/?s={search_term_string}"},"query-input":{"@type":"PropertyValueSpecification","valueRequired":true,"valueName":"search_term_string"}}],"inLanguage":"en-GB"},{"@type":"Person","@id":"https:\/\/dmcsrb.com\/#\/schema\/person\/5c39170f12db1b8b457732d0b5c854e2","name":"dmcsrbija.com@gmail.com","image":{"@type":"ImageObject","inLanguage":"en-GB","@id":"https:\/\/dmcsrb.com\/#\/schema\/person\/image\/","url":"https:\/\/secure.gravatar.com\/avatar\/68592660ad6347fad0fb587f8d5d8f1a7b44961362f56e4f2cd524feb87e9069?s=96&d=mm&r=g","contentUrl":"https:\/\/secure.gravatar.com\/avatar\/68592660ad6347fad0fb587f8d5d8f1a7b44961362f56e4f2cd524feb87e9069?s=96&d=mm&r=g","caption":"dmcsrbija.com@gmail.com"},"sameAs":["https:\/\/dmcsrb.com"],"url":"https:\/\/dmcsrb.com\/en\/author\/dmcsrbija-comgmail-com\/"}]}},"_links":{"self":[{"href":"https:\/\/dmcsrb.com\/en\/wp-json\/wp\/v2\/posts\/963305","targetHints":{"allow":["GET"]}}],"collection":[{"href":"https:\/\/dmcsrb.com\/en\/wp-json\/wp\/v2\/posts"}],"about":[{"href":"https:\/\/dmcsrb.com\/en\/wp-json\/wp\/v2\/types\/post"}],"author":[{"embeddable":true,"href":"https:\/\/dmcsrb.com\/en\/wp-json\/wp\/v2\/users\/1"}],"replies":[{"embeddable":true,"href":"https:\/\/dmcsrb.com\/en\/wp-json\/wp\/v2\/comments?post=963305"}],"version-history":[{"count":0,"href":"https:\/\/dmcsrb.com\/en\/wp-json\/wp\/v2\/posts\/963305\/revisions"}],"wp:featuredmedia":[{"embeddable":true,"href":"https:\/\/dmcsrb.com\/en\/wp-json\/wp\/v2\/media\/945947"}],"wp:attachment":[{"href":"https:\/\/dmcsrb.com\/en\/wp-json\/wp\/v2\/media?parent=963305"}],"wp:term":[{"taxonomy":"category","embeddable":true,"href":"https:\/\/dmcsrb.com\/en\/wp-json\/wp\/v2\/categories?post=963305"},{"taxonomy":"post_tag","embeddable":true,"href":"https:\/\/dmcsrb.com\/en\/wp-json\/wp\/v2\/tags?post=963305"},{"taxonomy":"naslovna","embeddable":true,"href":"https:\/\/dmcsrb.com\/en\/wp-json\/wp\/v2\/naslovna?post=963305"}],"curies":[{"name":"wp","href":"https:\/\/api.w.org\/{rel}","templated":true}]}}