{"id":963300,"date":"2025-11-12T09:42:04","date_gmt":"2025-11-12T08:42:04","guid":{"rendered":"https:\/\/dmcsrb.com\/uncategorized\/spajic-otvaranjem-jedinstvenog-trzista-podgorica-se-potvrdjuje-kao-vazna-regionalna-adresa\/"},"modified":"2025-11-12T09:42:04","modified_gmt":"2025-11-12T08:42:04","slug":"spajic-otvaranjem-jedinstvenog-trzista-podgorica-se-potvrdjuje-kao-vazna-regionalna-adresa","status":"publish","type":"post","link":"https:\/\/dmcsrb.com\/en\/politika\/spajic-otvaranjem-jedinstvenog-trzista-podgorica-se-potvrdjuje-kao-vazna-regionalna-adresa\/","title":{"rendered":"Spaji\u0107: Otvaranjem Jedinstvenog tr\u017ei\u0161ta Podgorica se potvr\u0111uje kao va\u017ena regionalna adresa"},"content":{"rendered":"<p><\/p>\n\n\n\n<p>&#8220;Akademija \u0107e stru\u010dnjacima iz zemlje i regiona pomo\u0107i da rade po istim standardima kao njihove kolege u EU, te da gra\u0111anima i privredi donesu &#8211; sigurnije proizvode, po\u0161tenije tr\u017ei\u0161te i konkurentniju ekonomiju. Kao dio Plana rasta SMA postaje produ\u017eena ruka Evropske unije u jo\u0161 sna\u017enijem povezivanju regiona, koje po\u010dinje iz Podgorice&#8221;, kazao je premijer.<\/p>","protected":false},"excerpt":{"rendered":"<p>Otvaranjem Akademije Jedinstvenog Tr\u017ei\u0161ta (Single Market Academy) Podgorica se jo\u0161 jednom potvr\u0111uje kao va\u017ena regionalna adresa koja predvodi proces ujedinjenja Zapadnog Balkana sa EU, saop\u0161tio je premijer Milojko Spaji\u0107 na mre\u017ei Fejsbuk.<\/p>","protected":false},"author":1,"featured_media":910708,"comment_status":"open","ping_status":"open","sticky":false,"template":"","format":"standard","meta":{"_acf_changed":false,"footnotes":""},"categories":[12],"tags":[10,31,142],"naslovna":[],"class_list":["post-963300","post","type-post","status-publish","format-standard","has-post-thumbnail","hentry","category-politika","tag-eu","tag-podgorica","tag-spajic"],"acf":[],"yoast_head":"<!-- This site is optimized with the Yoast SEO plugin v27.4 - https:\/\/yoast.com\/product\/yoast-seo-wordpress\/ -->\n<title>Spaji\u0107: Otvaranjem Jedinstvenog tr\u017ei\u0161ta Podgorica se potvr\u0111uje kao va\u017ena regionalna adresa - dmcsrb.com<\/title>\n<meta name=\"robots\" content=\"index, follow, max-snippet:-1, max-image-preview:large, max-video-preview:-1\" \/>\n<link rel=\"canonical\" href=\"https:\/\/dmcsrb.com\/en\/politika\/spajic-otvaranjem-jedinstvenog-trzista-podgorica-se-potvrdjuje-kao-vazna-regionalna-adresa\/\" \/>\n<meta property=\"og:locale\" content=\"en_GB\" \/>\n<meta property=\"og:type\" content=\"article\" \/>\n<meta property=\"og:title\" content=\"Spaji\u0107: Otvaranjem Jedinstvenog tr\u017ei\u0161ta Podgorica se potvr\u0111uje kao va\u017ena regionalna adresa - dmcsrb.com\" \/>\n<meta property=\"og:description\" content=\"Otvaranjem Akademije Jedinstvenog Tr\u017ei\u0161ta (Single Market Academy) Podgorica se jo\u0161 jednom potvr\u0111uje kao va\u017ena regionalna adresa koja predvodi proces ujedinjenja Zapadnog Balkana sa EU, saop\u0161tio je premijer Milojko Spaji\u0107 na mre\u017ei Fejsbuk.\" \/>\n<meta property=\"og:url\" content=\"https:\/\/dmcsrb.com\/en\/politika\/spajic-otvaranjem-jedinstvenog-trzista-podgorica-se-potvrdjuje-kao-vazna-regionalna-adresa\/\" \/>\n<meta property=\"og:site_name\" content=\"dmcsrb.com\" \/>\n<meta property=\"article:published_time\" content=\"2025-11-12T08:42:04+00:00\" \/>\n<meta property=\"og:image\" content=\"https:\/\/dmcsrb.com\/wp-content\/uploads\/2026\/01\/Milojko-Spajic-obracanje-foto-vlada-cg.jpg\" \/>\n\t<meta property=\"og:image:width\" content=\"1101\" \/>\n\t<meta property=\"og:image:height\" content=\"653\" \/>\n\t<meta property=\"og:image:type\" content=\"image\/jpeg\" \/>\n<meta name=\"author\" content=\"dmcsrbija.com@gmail.com\" \/>\n<meta name=\"twitter:card\" content=\"summary_large_image\" \/>\n<meta name=\"twitter:label1\" content=\"Written by\" \/>\n\t<meta name=\"twitter:data1\" content=\"dmcsrbija.com@gmail.com\" \/>\n<script type=\"application\/ld+json\" class=\"yoast-schema-graph\">{\"@context\":\"https:\\\/\\\/schema.org\",\"@graph\":[{\"@type\":\"Article\",\"@id\":\"https:\\\/\\\/dmcsrb.com\\\/politika\\\/spajic-otvaranjem-jedinstvenog-trzista-podgorica-se-potvrdjuje-kao-vazna-regionalna-adresa\\\/#article\",\"isPartOf\":{\"@id\":\"https:\\\/\\\/dmcsrb.com\\\/politika\\\/spajic-otvaranjem-jedinstvenog-trzista-podgorica-se-potvrdjuje-kao-vazna-regionalna-adresa\\\/\"},\"author\":{\"name\":\"dmcsrbija.com@gmail.com\",\"@id\":\"https:\\\/\\\/dmcsrb.com\\\/#\\\/schema\\\/person\\\/5c39170f12db1b8b457732d0b5c854e2\"},\"headline\":\"Spaji\u0107: Otvaranjem Jedinstvenog tr\u017ei\u0161ta Podgorica se potvr\u0111uje kao va\u017ena regionalna adresa\",\"datePublished\":\"2025-11-12T08:42:04+00:00\",\"mainEntityOfPage\":{\"@id\":\"https:\\\/\\\/dmcsrb.com\\\/politika\\\/spajic-otvaranjem-jedinstvenog-trzista-podgorica-se-potvrdjuje-kao-vazna-regionalna-adresa\\\/\"},\"wordCount\":78,\"commentCount\":0,\"image\":{\"@id\":\"https:\\\/\\\/dmcsrb.com\\\/politika\\\/spajic-otvaranjem-jedinstvenog-trzista-podgorica-se-potvrdjuje-kao-vazna-regionalna-adresa\\\/#primaryimage\"},\"thumbnailUrl\":\"https:\\\/\\\/dmcsrb.com\\\/wp-content\\\/uploads\\\/2026\\\/01\\\/Milojko-Spajic-obracanje-foto-vlada-cg.jpg\",\"keywords\":[\"EU\",\"Podgorica\",\"Spaji\u0107\"],\"articleSection\":[\"Politika\"],\"inLanguage\":\"en-GB\",\"potentialAction\":[{\"@type\":\"CommentAction\",\"name\":\"Comment\",\"target\":[\"https:\\\/\\\/dmcsrb.com\\\/politika\\\/spajic-otvaranjem-jedinstvenog-trzista-podgorica-se-potvrdjuje-kao-vazna-regionalna-adresa\\\/#respond\"]}]},{\"@type\":\"WebPage\",\"@id\":\"https:\\\/\\\/dmcsrb.com\\\/politika\\\/spajic-otvaranjem-jedinstvenog-trzista-podgorica-se-potvrdjuje-kao-vazna-regionalna-adresa\\\/\",\"url\":\"https:\\\/\\\/dmcsrb.com\\\/politika\\\/spajic-otvaranjem-jedinstvenog-trzista-podgorica-se-potvrdjuje-kao-vazna-regionalna-adresa\\\/\",\"name\":\"Spaji\u0107: Otvaranjem Jedinstvenog tr\u017ei\u0161ta Podgorica se potvr\u0111uje kao va\u017ena regionalna adresa - dmcsrb.com\",\"isPartOf\":{\"@id\":\"https:\\\/\\\/dmcsrb.com\\\/#website\"},\"primaryImageOfPage\":{\"@id\":\"https:\\\/\\\/dmcsrb.com\\\/politika\\\/spajic-otvaranjem-jedinstvenog-trzista-podgorica-se-potvrdjuje-kao-vazna-regionalna-adresa\\\/#primaryimage\"},\"image\":{\"@id\":\"https:\\\/\\\/dmcsrb.com\\\/politika\\\/spajic-otvaranjem-jedinstvenog-trzista-podgorica-se-potvrdjuje-kao-vazna-regionalna-adresa\\\/#primaryimage\"},\"thumbnailUrl\":\"https:\\\/\\\/dmcsrb.com\\\/wp-content\\\/uploads\\\/2026\\\/01\\\/Milojko-Spajic-obracanje-foto-vlada-cg.jpg\",\"datePublished\":\"2025-11-12T08:42:04+00:00\",\"author\":{\"@id\":\"https:\\\/\\\/dmcsrb.com\\\/#\\\/schema\\\/person\\\/5c39170f12db1b8b457732d0b5c854e2\"},\"breadcrumb\":{\"@id\":\"https:\\\/\\\/dmcsrb.com\\\/politika\\\/spajic-otvaranjem-jedinstvenog-trzista-podgorica-se-potvrdjuje-kao-vazna-regionalna-adresa\\\/#breadcrumb\"},\"inLanguage\":\"en-GB\",\"potentialAction\":[{\"@type\":\"ReadAction\",\"target\":[\"https:\\\/\\\/dmcsrb.com\\\/politika\\\/spajic-otvaranjem-jedinstvenog-trzista-podgorica-se-potvrdjuje-kao-vazna-regionalna-adresa\\\/\"]}]},{\"@type\":\"ImageObject\",\"inLanguage\":\"en-GB\",\"@id\":\"https:\\\/\\\/dmcsrb.com\\\/politika\\\/spajic-otvaranjem-jedinstvenog-trzista-podgorica-se-potvrdjuje-kao-vazna-regionalna-adresa\\\/#primaryimage\",\"url\":\"https:\\\/\\\/dmcsrb.com\\\/wp-content\\\/uploads\\\/2026\\\/01\\\/Milojko-Spajic-obracanje-foto-vlada-cg.jpg\",\"contentUrl\":\"https:\\\/\\\/dmcsrb.com\\\/wp-content\\\/uploads\\\/2026\\\/01\\\/Milojko-Spajic-obracanje-foto-vlada-cg.jpg\",\"width\":1101,\"height\":653},{\"@type\":\"BreadcrumbList\",\"@id\":\"https:\\\/\\\/dmcsrb.com\\\/politika\\\/spajic-otvaranjem-jedinstvenog-trzista-podgorica-se-potvrdjuje-kao-vazna-regionalna-adresa\\\/#breadcrumb\",\"itemListElement\":[{\"@type\":\"ListItem\",\"position\":1,\"name\":\"Home\",\"item\":\"https:\\\/\\\/dmcsrb.com\\\/\"},{\"@type\":\"ListItem\",\"position\":2,\"name\":\"Spaji\u0107: Otvaranjem Jedinstvenog tr\u017ei\u0161ta Podgorica se potvr\u0111uje kao va\u017ena regionalna adresa\"}]},{\"@type\":\"WebSite\",\"@id\":\"https:\\\/\\\/dmcsrb.com\\\/#website\",\"url\":\"https:\\\/\\\/dmcsrb.com\\\/\",\"name\":\"dmcsrb.com\",\"description\":\"\",\"potentialAction\":[{\"@type\":\"SearchAction\",\"target\":{\"@type\":\"EntryPoint\",\"urlTemplate\":\"https:\\\/\\\/dmcsrb.com\\\/?s={search_term_string}\"},\"query-input\":{\"@type\":\"PropertyValueSpecification\",\"valueRequired\":true,\"valueName\":\"search_term_string\"}}],\"inLanguage\":\"en-GB\"},{\"@type\":\"Person\",\"@id\":\"https:\\\/\\\/dmcsrb.com\\\/#\\\/schema\\\/person\\\/5c39170f12db1b8b457732d0b5c854e2\",\"name\":\"dmcsrbija.com@gmail.com\",\"image\":{\"@type\":\"ImageObject\",\"inLanguage\":\"en-GB\",\"@id\":\"https:\\\/\\\/secure.gravatar.com\\\/avatar\\\/68592660ad6347fad0fb587f8d5d8f1a7b44961362f56e4f2cd524feb87e9069?s=96&d=mm&r=g\",\"url\":\"https:\\\/\\\/secure.gravatar.com\\\/avatar\\\/68592660ad6347fad0fb587f8d5d8f1a7b44961362f56e4f2cd524feb87e9069?s=96&d=mm&r=g\",\"contentUrl\":\"https:\\\/\\\/secure.gravatar.com\\\/avatar\\\/68592660ad6347fad0fb587f8d5d8f1a7b44961362f56e4f2cd524feb87e9069?s=96&d=mm&r=g\",\"caption\":\"dmcsrbija.com@gmail.com\"},\"sameAs\":[\"https:\\\/\\\/dmcsrb.com\"],\"url\":\"https:\\\/\\\/dmcsrb.com\\\/en\\\/author\\\/dmcsrbija-comgmail-com\\\/\"}]}<\/script>\n<!-- \/ Yoast SEO plugin. -->","yoast_head_json":{"title":"Spaji\u0107: Otvaranjem Jedinstvenog tr\u017ei\u0161ta Podgorica se potvr\u0111uje kao va\u017ena regionalna adresa - dmcsrb.com","robots":{"index":"index","follow":"follow","max-snippet":"max-snippet:-1","max-image-preview":"max-image-preview:large","max-video-preview":"max-video-preview:-1"},"canonical":"https:\/\/dmcsrb.com\/en\/politika\/spajic-otvaranjem-jedinstvenog-trzista-podgorica-se-potvrdjuje-kao-vazna-regionalna-adresa\/","og_locale":"en_GB","og_type":"article","og_title":"Spaji\u0107: Otvaranjem Jedinstvenog tr\u017ei\u0161ta Podgorica se potvr\u0111uje kao va\u017ena regionalna adresa - dmcsrb.com","og_description":"Otvaranjem Akademije Jedinstvenog Tr\u017ei\u0161ta (Single Market Academy) Podgorica se jo\u0161 jednom potvr\u0111uje kao va\u017ena regionalna adresa koja predvodi proces ujedinjenja Zapadnog Balkana sa EU, saop\u0161tio je premijer Milojko Spaji\u0107 na mre\u017ei Fejsbuk.","og_url":"https:\/\/dmcsrb.com\/en\/politika\/spajic-otvaranjem-jedinstvenog-trzista-podgorica-se-potvrdjuje-kao-vazna-regionalna-adresa\/","og_site_name":"dmcsrb.com","article_published_time":"2025-11-12T08:42:04+00:00","og_image":[{"width":1101,"height":653,"url":"https:\/\/dmcsrb.com\/wp-content\/uploads\/2026\/01\/Milojko-Spajic-obracanje-foto-vlada-cg.jpg","type":"image\/jpeg"}],"author":"dmcsrbija.com@gmail.com","twitter_card":"summary_large_image","twitter_misc":{"Written by":"dmcsrbija.com@gmail.com"},"schema":{"@context":"https:\/\/schema.org","@graph":[{"@type":"Article","@id":"https:\/\/dmcsrb.com\/politika\/spajic-otvaranjem-jedinstvenog-trzista-podgorica-se-potvrdjuje-kao-vazna-regionalna-adresa\/#article","isPartOf":{"@id":"https:\/\/dmcsrb.com\/politika\/spajic-otvaranjem-jedinstvenog-trzista-podgorica-se-potvrdjuje-kao-vazna-regionalna-adresa\/"},"author":{"name":"dmcsrbija.com@gmail.com","@id":"https:\/\/dmcsrb.com\/#\/schema\/person\/5c39170f12db1b8b457732d0b5c854e2"},"headline":"Spaji\u0107: Otvaranjem Jedinstvenog tr\u017ei\u0161ta Podgorica se potvr\u0111uje kao va\u017ena regionalna adresa","datePublished":"2025-11-12T08:42:04+00:00","mainEntityOfPage":{"@id":"https:\/\/dmcsrb.com\/politika\/spajic-otvaranjem-jedinstvenog-trzista-podgorica-se-potvrdjuje-kao-vazna-regionalna-adresa\/"},"wordCount":78,"commentCount":0,"image":{"@id":"https:\/\/dmcsrb.com\/politika\/spajic-otvaranjem-jedinstvenog-trzista-podgorica-se-potvrdjuje-kao-vazna-regionalna-adresa\/#primaryimage"},"thumbnailUrl":"https:\/\/dmcsrb.com\/wp-content\/uploads\/2026\/01\/Milojko-Spajic-obracanje-foto-vlada-cg.jpg","keywords":["EU","Podgorica","Spaji\u0107"],"articleSection":["Politika"],"inLanguage":"en-GB","potentialAction":[{"@type":"CommentAction","name":"Comment","target":["https:\/\/dmcsrb.com\/politika\/spajic-otvaranjem-jedinstvenog-trzista-podgorica-se-potvrdjuje-kao-vazna-regionalna-adresa\/#respond"]}]},{"@type":"WebPage","@id":"https:\/\/dmcsrb.com\/politika\/spajic-otvaranjem-jedinstvenog-trzista-podgorica-se-potvrdjuje-kao-vazna-regionalna-adresa\/","url":"https:\/\/dmcsrb.com\/politika\/spajic-otvaranjem-jedinstvenog-trzista-podgorica-se-potvrdjuje-kao-vazna-regionalna-adresa\/","name":"Spaji\u0107: Otvaranjem Jedinstvenog tr\u017ei\u0161ta Podgorica se potvr\u0111uje kao va\u017ena regionalna adresa - dmcsrb.com","isPartOf":{"@id":"https:\/\/dmcsrb.com\/#website"},"primaryImageOfPage":{"@id":"https:\/\/dmcsrb.com\/politika\/spajic-otvaranjem-jedinstvenog-trzista-podgorica-se-potvrdjuje-kao-vazna-regionalna-adresa\/#primaryimage"},"image":{"@id":"https:\/\/dmcsrb.com\/politika\/spajic-otvaranjem-jedinstvenog-trzista-podgorica-se-potvrdjuje-kao-vazna-regionalna-adresa\/#primaryimage"},"thumbnailUrl":"https:\/\/dmcsrb.com\/wp-content\/uploads\/2026\/01\/Milojko-Spajic-obracanje-foto-vlada-cg.jpg","datePublished":"2025-11-12T08:42:04+00:00","author":{"@id":"https:\/\/dmcsrb.com\/#\/schema\/person\/5c39170f12db1b8b457732d0b5c854e2"},"breadcrumb":{"@id":"https:\/\/dmcsrb.com\/politika\/spajic-otvaranjem-jedinstvenog-trzista-podgorica-se-potvrdjuje-kao-vazna-regionalna-adresa\/#breadcrumb"},"inLanguage":"en-GB","potentialAction":[{"@type":"ReadAction","target":["https:\/\/dmcsrb.com\/politika\/spajic-otvaranjem-jedinstvenog-trzista-podgorica-se-potvrdjuje-kao-vazna-regionalna-adresa\/"]}]},{"@type":"ImageObject","inLanguage":"en-GB","@id":"https:\/\/dmcsrb.com\/politika\/spajic-otvaranjem-jedinstvenog-trzista-podgorica-se-potvrdjuje-kao-vazna-regionalna-adresa\/#primaryimage","url":"https:\/\/dmcsrb.com\/wp-content\/uploads\/2026\/01\/Milojko-Spajic-obracanje-foto-vlada-cg.jpg","contentUrl":"https:\/\/dmcsrb.com\/wp-content\/uploads\/2026\/01\/Milojko-Spajic-obracanje-foto-vlada-cg.jpg","width":1101,"height":653},{"@type":"BreadcrumbList","@id":"https:\/\/dmcsrb.com\/politika\/spajic-otvaranjem-jedinstvenog-trzista-podgorica-se-potvrdjuje-kao-vazna-regionalna-adresa\/#breadcrumb","itemListElement":[{"@type":"ListItem","position":1,"name":"Home","item":"https:\/\/dmcsrb.com\/"},{"@type":"ListItem","position":2,"name":"Spaji\u0107: Otvaranjem Jedinstvenog tr\u017ei\u0161ta Podgorica se potvr\u0111uje kao va\u017ena regionalna adresa"}]},{"@type":"WebSite","@id":"https:\/\/dmcsrb.com\/#website","url":"https:\/\/dmcsrb.com\/","name":"dmcsrb.com","description":"","potentialAction":[{"@type":"SearchAction","target":{"@type":"EntryPoint","urlTemplate":"https:\/\/dmcsrb.com\/?s={search_term_string}"},"query-input":{"@type":"PropertyValueSpecification","valueRequired":true,"valueName":"search_term_string"}}],"inLanguage":"en-GB"},{"@type":"Person","@id":"https:\/\/dmcsrb.com\/#\/schema\/person\/5c39170f12db1b8b457732d0b5c854e2","name":"dmcsrbija.com@gmail.com","image":{"@type":"ImageObject","inLanguage":"en-GB","@id":"https:\/\/secure.gravatar.com\/avatar\/68592660ad6347fad0fb587f8d5d8f1a7b44961362f56e4f2cd524feb87e9069?s=96&d=mm&r=g","url":"https:\/\/secure.gravatar.com\/avatar\/68592660ad6347fad0fb587f8d5d8f1a7b44961362f56e4f2cd524feb87e9069?s=96&d=mm&r=g","contentUrl":"https:\/\/secure.gravatar.com\/avatar\/68592660ad6347fad0fb587f8d5d8f1a7b44961362f56e4f2cd524feb87e9069?s=96&d=mm&r=g","caption":"dmcsrbija.com@gmail.com"},"sameAs":["https:\/\/dmcsrb.com"],"url":"https:\/\/dmcsrb.com\/en\/author\/dmcsrbija-comgmail-com\/"}]}},"_links":{"self":[{"href":"https:\/\/dmcsrb.com\/en\/wp-json\/wp\/v2\/posts\/963300","targetHints":{"allow":["GET"]}}],"collection":[{"href":"https:\/\/dmcsrb.com\/en\/wp-json\/wp\/v2\/posts"}],"about":[{"href":"https:\/\/dmcsrb.com\/en\/wp-json\/wp\/v2\/types\/post"}],"author":[{"embeddable":true,"href":"https:\/\/dmcsrb.com\/en\/wp-json\/wp\/v2\/users\/1"}],"replies":[{"embeddable":true,"href":"https:\/\/dmcsrb.com\/en\/wp-json\/wp\/v2\/comments?post=963300"}],"version-history":[{"count":0,"href":"https:\/\/dmcsrb.com\/en\/wp-json\/wp\/v2\/posts\/963300\/revisions"}],"wp:featuredmedia":[{"embeddable":true,"href":"https:\/\/dmcsrb.com\/en\/wp-json\/wp\/v2\/media\/910708"}],"wp:attachment":[{"href":"https:\/\/dmcsrb.com\/en\/wp-json\/wp\/v2\/media?parent=963300"}],"wp:term":[{"taxonomy":"category","embeddable":true,"href":"https:\/\/dmcsrb.com\/en\/wp-json\/wp\/v2\/categories?post=963300"},{"taxonomy":"post_tag","embeddable":true,"href":"https:\/\/dmcsrb.com\/en\/wp-json\/wp\/v2\/tags?post=963300"},{"taxonomy":"naslovna","embeddable":true,"href":"https:\/\/dmcsrb.com\/en\/wp-json\/wp\/v2\/naslovna?post=963300"}],"curies":[{"name":"wp","href":"https:\/\/api.w.org\/{rel}","templated":true}]}}