{"id":963295,"date":"2025-11-12T09:25:04","date_gmt":"2025-11-12T08:25:04","guid":{"rendered":"https:\/\/dmcsrb.com\/uncategorized\/mujovic-nasa-je-vizija-da-glavni-grad-bude-primjer-savremene-otvorene-i-efikasne-lokalne-uprave\/"},"modified":"2025-11-12T09:25:04","modified_gmt":"2025-11-12T08:25:04","slug":"mujovic-nasa-je-vizija-da-glavni-grad-bude-primjer-savremene-otvorene-i-efikasne-lokalne-uprave","status":"publish","type":"post","link":"https:\/\/dmcsrb.com\/en\/podgorica\/mujovic-nasa-je-vizija-da-glavni-grad-bude-primjer-savremene-otvorene-i-efikasne-lokalne-uprave\/","title":{"rendered":"Mujovi\u0107: Na\u0161a je vizija da Glavni grad bude primjer savremene, otvorene i efikasne lokalne uprave"},"content":{"rendered":"<p><\/p>\n\n\n\n<p><\/p>\n\n\n\n<p>Ministar javne uprave<strong>&nbsp;Mara\u0161 Dukaj&nbsp;<\/strong>kazao je da taj resor, kao prvi nosilac sertifikata Efikasnog korisnika CAF modela, ima nadle\u017enost za sistemsko uvo\u0111enje CAF standarda kvaliteta, u institucijama sistema.&nbsp;<\/p>\n\n\n\n<p>Iz ministarstva su saop\u0161tili da \u0107e po prvi put u toj ulozi, obezbijediti ekspertsku podr\u0161ku Glavnom gradu Podgorica, u partnerstvu sa Regionalnom \u0161kolom javne uprave ReSPA.<\/p>\n\n\n\n<p>&#8220;Danas se Glavni grad Podgorica, Sekretarijat za lokalnu samoupravu i saradnju sa civilnim dru\u0161tvom pridru\u017euje zajednici institucija koje aktivno njeguju saradnju, raznolikost i zajedni\u010dke evropske vrijednosti, sa ciljem stalnog unapre\u0111enja poslovne izvrsnosti i kvaliteta pru\u017eanja usluga gra\u0111anima&#8221;, kazao je Dukaj.<\/p>\n\n\n\n<p>On isti\u010de da je upravo Ministarstvo javne uprave prva institucija u Crnoj Gori koja je dobila sertifikat CAF Efikasnog korisnika, \u010dime su, kako ka\u017ee, potvrdili da \u017eive ono \u0161to promovi\u0161u &#8211; kvalitet, odgovornost i mjerljive rezultate.<\/p>\n\n\n\n<p>&#8211; Na\u0161 cilj je jasan &#8211; moderna, transparentna i efikasna uprava u kojoj se odluke donose na osnovu podataka, a gra\u0111ani osje\u0107aju promjene kroz br\u017ee i kvalitetnije usluge &#8211; poru\u010dio je Dukaj.<\/p>\n\n\n\n<p>Gradona\u010delnik Glavnog grada Podgorice<strong>&nbsp;Sa\u0161a Mujovi\u0107&nbsp;<\/strong>prepoznaje zna\u010daj uvo\u0111enja evropskih standarda u rad lokalne uprave. Kazao je da sa zadovoljstvom pristupaju implementaciji CAF modela, slijede\u0107i primjer Ministarstva javne uprave koje je postavilo visoke standarde kvaliteta i odgovornog upravljanja.<\/p>\n\n\n\n<p>&#8211; Na\u0161a je vizija da Glavni grad bude primjer savremene, otvorene i efikasne lokalne uprave koja se stalno unapre\u0111uje i odgovara na potrebe gra\u0111ana. Kroz CAF model \u017eelimo da dodatno oja\u010damo kulturu kvaliteta u organizaciji i podstaknemo zaposlene na stalno usavr\u0161avanje i postizanje sve boljih, mjerljivih rezultata &#8211; naglasio je Mujovi\u0107.<\/p>\n\n\n\n<p>U saop\u0161tenju dodaju da \u0107e ovaj model upravljanja kvalitetom kao prvi organ u Glavnom gradu sprovesti Sekretarijat za lokalnu samoupravu i saradnju sa civilnim dru\u0161tvom, koji \u0107e nakon implementacije dobiti oznaku kvaliteta koju ima Ministarstvo javne uprave, kao i javne uprave u EU, nakon \u010dega \u0107e se projekat implementirati u svim organima i slu\u017ebama Glavnog grada.<\/p>\n\n\n\n<p>&#8220;Krajnji cilj nam je da gra\u0111ani Glavnog grada osjete vidljive rezultate &#8211; kroz br\u017ee, jednostavnije i kvalitetnije usluge &#8211; poru\u010dio je gradona\u010delnik Mujovi\u0107.<\/p>\n\n\n\n<p>CAF (Common Assessment Framework) model, isti\u010du, omogu\u0107ava institucijama da kroz strukturiranu samoprocjenu sagledaju svoj rad, identifikuju snage i oblasti za unapre\u0111enje. Na osnovu rezultata, defini\u0161u se konkretne mjere, za unapre\u0111enje efikasnosti i kvaliteta usluga gra\u0111anima.<\/p>\n\n\n\n<p>&#8220;Pozivam druge op\u0161tine i institucije, da nam se pridru\u017ee na ovom putu jer samo zajedno mo\u017eemo graditi upravu u kojoj kompetentni slu\u017ebenici uspje\u0161no nose teret moderne i efikasne javne uprave &#8211; naglasio je na kraju ministar javne uprave.<\/p>","protected":false},"excerpt":{"rendered":"<p>Uokviru obilje\u017eavanja Evropske nedjelje kvaliteta, Ministarstvo javne uprave i Glavni grad potpisali su projekat implementacije CAF modela \u2013 evropskog modela upravljanja kvalitetom namijenjenog javnom sektoru.<\/p>","protected":false},"author":1,"featured_media":963296,"comment_status":"open","ping_status":"open","sticky":false,"template":"","format":"standard","meta":{"_acf_changed":false,"footnotes":""},"categories":[56],"tags":[2092,968],"naslovna":[],"class_list":["post-963295","post","type-post","status-publish","format-standard","has-post-thumbnail","hentry","category-podgorica","tag-dukaj","tag-mujovic"],"acf":[],"yoast_head":"<!-- This site is optimized with the Yoast SEO plugin v27.0 - https:\/\/yoast.com\/product\/yoast-seo-wordpress\/ -->\n<title>Mujovi\u0107: Na\u0161a je vizija da Glavni grad bude primjer savremene, otvorene i efikasne lokalne uprave - dmcsrb.com<\/title>\n<meta name=\"robots\" content=\"index, follow, max-snippet:-1, max-image-preview:large, max-video-preview:-1\" \/>\n<link rel=\"canonical\" href=\"https:\/\/dmcsrb.com\/en\/podgorica\/mujovic-nasa-je-vizija-da-glavni-grad-bude-primjer-savremene-otvorene-i-efikasne-lokalne-uprave\/\" \/>\n<meta property=\"og:locale\" content=\"en_GB\" \/>\n<meta property=\"og:type\" content=\"article\" \/>\n<meta property=\"og:title\" content=\"Mujovi\u0107: Na\u0161a je vizija da Glavni grad bude primjer savremene, otvorene i efikasne lokalne uprave - dmcsrb.com\" \/>\n<meta property=\"og:description\" content=\"Uokviru obilje\u017eavanja Evropske nedjelje kvaliteta, Ministarstvo javne uprave i Glavni grad potpisali su projekat implementacije CAF modela \u2013 evropskog modela upravljanja kvalitetom namijenjenog javnom sektoru.\" \/>\n<meta property=\"og:url\" content=\"https:\/\/dmcsrb.com\/en\/podgorica\/mujovic-nasa-je-vizija-da-glavni-grad-bude-primjer-savremene-otvorene-i-efikasne-lokalne-uprave\/\" \/>\n<meta property=\"og:site_name\" content=\"dmcsrb.com\" \/>\n<meta property=\"article:published_time\" content=\"2025-11-12T08:25:04+00:00\" \/>\n<meta property=\"og:image\" content=\"https:\/\/dmcsrb.com\/wp-content\/uploads\/2026\/01\/1762938570-marash-dukaj-i-sasa-mujovic.webp\" \/>\n\t<meta property=\"og:image:width\" content=\"1920\" \/>\n\t<meta property=\"og:image:height\" content=\"1276\" \/>\n\t<meta property=\"og:image:type\" content=\"image\/jpeg\" \/>\n<meta name=\"author\" content=\"dmcsrbija.com@gmail.com\" \/>\n<meta name=\"twitter:card\" content=\"summary_large_image\" \/>\n<meta name=\"twitter:label1\" content=\"Written by\" \/>\n\t<meta name=\"twitter:data1\" content=\"dmcsrbija.com@gmail.com\" \/>\n\t<meta name=\"twitter:label2\" content=\"Estimated reading time\" \/>\n\t<meta name=\"twitter:data2\" content=\"2 minutes\" \/>\n<script type=\"application\/ld+json\" class=\"yoast-schema-graph\">{\"@context\":\"https:\/\/schema.org\",\"@graph\":[{\"@type\":\"Article\",\"@id\":\"https:\/\/dmcsrb.com\/podgorica\/mujovic-nasa-je-vizija-da-glavni-grad-bude-primjer-savremene-otvorene-i-efikasne-lokalne-uprave\/#article\",\"isPartOf\":{\"@id\":\"https:\/\/dmcsrb.com\/podgorica\/mujovic-nasa-je-vizija-da-glavni-grad-bude-primjer-savremene-otvorene-i-efikasne-lokalne-uprave\/\"},\"author\":{\"name\":\"dmcsrbija.com@gmail.com\",\"@id\":\"https:\/\/dmcsrb.com\/#\/schema\/person\/5c39170f12db1b8b457732d0b5c854e2\"},\"headline\":\"Mujovi\u0107: Na\u0161a je vizija da Glavni grad bude primjer savremene, otvorene i efikasne lokalne uprave\",\"datePublished\":\"2025-11-12T08:25:04+00:00\",\"mainEntityOfPage\":{\"@id\":\"https:\/\/dmcsrb.com\/podgorica\/mujovic-nasa-je-vizija-da-glavni-grad-bude-primjer-savremene-otvorene-i-efikasne-lokalne-uprave\/\"},\"wordCount\":470,\"commentCount\":0,\"image\":{\"@id\":\"https:\/\/dmcsrb.com\/podgorica\/mujovic-nasa-je-vizija-da-glavni-grad-bude-primjer-savremene-otvorene-i-efikasne-lokalne-uprave\/#primaryimage\"},\"thumbnailUrl\":\"https:\/\/dmcsrb.com\/wp-content\/uploads\/2026\/01\/1762938570-marash-dukaj-i-sasa-mujovic.webp\",\"keywords\":[\"Dukaj\",\"mujovi\u0107\"],\"articleSection\":[\"Podgorica\"],\"inLanguage\":\"en-GB\",\"potentialAction\":[{\"@type\":\"CommentAction\",\"name\":\"Comment\",\"target\":[\"https:\/\/dmcsrb.com\/podgorica\/mujovic-nasa-je-vizija-da-glavni-grad-bude-primjer-savremene-otvorene-i-efikasne-lokalne-uprave\/#respond\"]}]},{\"@type\":\"WebPage\",\"@id\":\"https:\/\/dmcsrb.com\/podgorica\/mujovic-nasa-je-vizija-da-glavni-grad-bude-primjer-savremene-otvorene-i-efikasne-lokalne-uprave\/\",\"url\":\"https:\/\/dmcsrb.com\/podgorica\/mujovic-nasa-je-vizija-da-glavni-grad-bude-primjer-savremene-otvorene-i-efikasne-lokalne-uprave\/\",\"name\":\"Mujovi\u0107: Na\u0161a je vizija da Glavni grad bude primjer savremene, otvorene i efikasne lokalne uprave - dmcsrb.com\",\"isPartOf\":{\"@id\":\"https:\/\/dmcsrb.com\/#website\"},\"primaryImageOfPage\":{\"@id\":\"https:\/\/dmcsrb.com\/podgorica\/mujovic-nasa-je-vizija-da-glavni-grad-bude-primjer-savremene-otvorene-i-efikasne-lokalne-uprave\/#primaryimage\"},\"image\":{\"@id\":\"https:\/\/dmcsrb.com\/podgorica\/mujovic-nasa-je-vizija-da-glavni-grad-bude-primjer-savremene-otvorene-i-efikasne-lokalne-uprave\/#primaryimage\"},\"thumbnailUrl\":\"https:\/\/dmcsrb.com\/wp-content\/uploads\/2026\/01\/1762938570-marash-dukaj-i-sasa-mujovic.webp\",\"datePublished\":\"2025-11-12T08:25:04+00:00\",\"author\":{\"@id\":\"https:\/\/dmcsrb.com\/#\/schema\/person\/5c39170f12db1b8b457732d0b5c854e2\"},\"breadcrumb\":{\"@id\":\"https:\/\/dmcsrb.com\/podgorica\/mujovic-nasa-je-vizija-da-glavni-grad-bude-primjer-savremene-otvorene-i-efikasne-lokalne-uprave\/#breadcrumb\"},\"inLanguage\":\"en-GB\",\"potentialAction\":[{\"@type\":\"ReadAction\",\"target\":[\"https:\/\/dmcsrb.com\/podgorica\/mujovic-nasa-je-vizija-da-glavni-grad-bude-primjer-savremene-otvorene-i-efikasne-lokalne-uprave\/\"]}]},{\"@type\":\"ImageObject\",\"inLanguage\":\"en-GB\",\"@id\":\"https:\/\/dmcsrb.com\/podgorica\/mujovic-nasa-je-vizija-da-glavni-grad-bude-primjer-savremene-otvorene-i-efikasne-lokalne-uprave\/#primaryimage\",\"url\":\"https:\/\/dmcsrb.com\/wp-content\/uploads\/2026\/01\/1762938570-marash-dukaj-i-sasa-mujovic.webp\",\"contentUrl\":\"https:\/\/dmcsrb.com\/wp-content\/uploads\/2026\/01\/1762938570-marash-dukaj-i-sasa-mujovic.webp\",\"width\":1920,\"height\":1276},{\"@type\":\"BreadcrumbList\",\"@id\":\"https:\/\/dmcsrb.com\/podgorica\/mujovic-nasa-je-vizija-da-glavni-grad-bude-primjer-savremene-otvorene-i-efikasne-lokalne-uprave\/#breadcrumb\",\"itemListElement\":[{\"@type\":\"ListItem\",\"position\":1,\"name\":\"Home\",\"item\":\"https:\/\/dmcsrb.com\/\"},{\"@type\":\"ListItem\",\"position\":2,\"name\":\"Mujovi\u0107: Na\u0161a je vizija da Glavni grad bude primjer savremene, otvorene i efikasne lokalne uprave\"}]},{\"@type\":\"WebSite\",\"@id\":\"https:\/\/dmcsrb.com\/#website\",\"url\":\"https:\/\/dmcsrb.com\/\",\"name\":\"dmcsrb.com\",\"description\":\"\",\"potentialAction\":[{\"@type\":\"SearchAction\",\"target\":{\"@type\":\"EntryPoint\",\"urlTemplate\":\"https:\/\/dmcsrb.com\/?s={search_term_string}\"},\"query-input\":{\"@type\":\"PropertyValueSpecification\",\"valueRequired\":true,\"valueName\":\"search_term_string\"}}],\"inLanguage\":\"en-GB\"},{\"@type\":\"Person\",\"@id\":\"https:\/\/dmcsrb.com\/#\/schema\/person\/5c39170f12db1b8b457732d0b5c854e2\",\"name\":\"dmcsrbija.com@gmail.com\",\"image\":{\"@type\":\"ImageObject\",\"inLanguage\":\"en-GB\",\"@id\":\"https:\/\/dmcsrb.com\/#\/schema\/person\/image\/\",\"url\":\"https:\/\/secure.gravatar.com\/avatar\/68592660ad6347fad0fb587f8d5d8f1a7b44961362f56e4f2cd524feb87e9069?s=96&d=mm&r=g\",\"contentUrl\":\"https:\/\/secure.gravatar.com\/avatar\/68592660ad6347fad0fb587f8d5d8f1a7b44961362f56e4f2cd524feb87e9069?s=96&d=mm&r=g\",\"caption\":\"dmcsrbija.com@gmail.com\"},\"sameAs\":[\"https:\/\/dmcsrb.com\"],\"url\":\"https:\/\/dmcsrb.com\/en\/author\/dmcsrbija-comgmail-com\/\"}]}<\/script>\n<!-- \/ Yoast SEO plugin. -->","yoast_head_json":{"title":"Mujovi\u0107: Na\u0161a je vizija da Glavni grad bude primjer savremene, otvorene i efikasne lokalne uprave - dmcsrb.com","robots":{"index":"index","follow":"follow","max-snippet":"max-snippet:-1","max-image-preview":"max-image-preview:large","max-video-preview":"max-video-preview:-1"},"canonical":"https:\/\/dmcsrb.com\/en\/podgorica\/mujovic-nasa-je-vizija-da-glavni-grad-bude-primjer-savremene-otvorene-i-efikasne-lokalne-uprave\/","og_locale":"en_GB","og_type":"article","og_title":"Mujovi\u0107: Na\u0161a je vizija da Glavni grad bude primjer savremene, otvorene i efikasne lokalne uprave - dmcsrb.com","og_description":"Uokviru obilje\u017eavanja Evropske nedjelje kvaliteta, Ministarstvo javne uprave i Glavni grad potpisali su projekat implementacije CAF modela \u2013 evropskog modela upravljanja kvalitetom namijenjenog javnom sektoru.","og_url":"https:\/\/dmcsrb.com\/en\/podgorica\/mujovic-nasa-je-vizija-da-glavni-grad-bude-primjer-savremene-otvorene-i-efikasne-lokalne-uprave\/","og_site_name":"dmcsrb.com","article_published_time":"2025-11-12T08:25:04+00:00","og_image":[{"width":1920,"height":1276,"url":"https:\/\/dmcsrb.com\/wp-content\/uploads\/2026\/01\/1762938570-marash-dukaj-i-sasa-mujovic.webp","type":"image\/jpeg"}],"author":"dmcsrbija.com@gmail.com","twitter_card":"summary_large_image","twitter_misc":{"Written by":"dmcsrbija.com@gmail.com","Estimated reading time":"2 minutes"},"schema":{"@context":"https:\/\/schema.org","@graph":[{"@type":"Article","@id":"https:\/\/dmcsrb.com\/podgorica\/mujovic-nasa-je-vizija-da-glavni-grad-bude-primjer-savremene-otvorene-i-efikasne-lokalne-uprave\/#article","isPartOf":{"@id":"https:\/\/dmcsrb.com\/podgorica\/mujovic-nasa-je-vizija-da-glavni-grad-bude-primjer-savremene-otvorene-i-efikasne-lokalne-uprave\/"},"author":{"name":"dmcsrbija.com@gmail.com","@id":"https:\/\/dmcsrb.com\/#\/schema\/person\/5c39170f12db1b8b457732d0b5c854e2"},"headline":"Mujovi\u0107: Na\u0161a je vizija da Glavni grad bude primjer savremene, otvorene i efikasne lokalne uprave","datePublished":"2025-11-12T08:25:04+00:00","mainEntityOfPage":{"@id":"https:\/\/dmcsrb.com\/podgorica\/mujovic-nasa-je-vizija-da-glavni-grad-bude-primjer-savremene-otvorene-i-efikasne-lokalne-uprave\/"},"wordCount":470,"commentCount":0,"image":{"@id":"https:\/\/dmcsrb.com\/podgorica\/mujovic-nasa-je-vizija-da-glavni-grad-bude-primjer-savremene-otvorene-i-efikasne-lokalne-uprave\/#primaryimage"},"thumbnailUrl":"https:\/\/dmcsrb.com\/wp-content\/uploads\/2026\/01\/1762938570-marash-dukaj-i-sasa-mujovic.webp","keywords":["Dukaj","mujovi\u0107"],"articleSection":["Podgorica"],"inLanguage":"en-GB","potentialAction":[{"@type":"CommentAction","name":"Comment","target":["https:\/\/dmcsrb.com\/podgorica\/mujovic-nasa-je-vizija-da-glavni-grad-bude-primjer-savremene-otvorene-i-efikasne-lokalne-uprave\/#respond"]}]},{"@type":"WebPage","@id":"https:\/\/dmcsrb.com\/podgorica\/mujovic-nasa-je-vizija-da-glavni-grad-bude-primjer-savremene-otvorene-i-efikasne-lokalne-uprave\/","url":"https:\/\/dmcsrb.com\/podgorica\/mujovic-nasa-je-vizija-da-glavni-grad-bude-primjer-savremene-otvorene-i-efikasne-lokalne-uprave\/","name":"Mujovi\u0107: Na\u0161a je vizija da Glavni grad bude primjer savremene, otvorene i efikasne lokalne uprave - dmcsrb.com","isPartOf":{"@id":"https:\/\/dmcsrb.com\/#website"},"primaryImageOfPage":{"@id":"https:\/\/dmcsrb.com\/podgorica\/mujovic-nasa-je-vizija-da-glavni-grad-bude-primjer-savremene-otvorene-i-efikasne-lokalne-uprave\/#primaryimage"},"image":{"@id":"https:\/\/dmcsrb.com\/podgorica\/mujovic-nasa-je-vizija-da-glavni-grad-bude-primjer-savremene-otvorene-i-efikasne-lokalne-uprave\/#primaryimage"},"thumbnailUrl":"https:\/\/dmcsrb.com\/wp-content\/uploads\/2026\/01\/1762938570-marash-dukaj-i-sasa-mujovic.webp","datePublished":"2025-11-12T08:25:04+00:00","author":{"@id":"https:\/\/dmcsrb.com\/#\/schema\/person\/5c39170f12db1b8b457732d0b5c854e2"},"breadcrumb":{"@id":"https:\/\/dmcsrb.com\/podgorica\/mujovic-nasa-je-vizija-da-glavni-grad-bude-primjer-savremene-otvorene-i-efikasne-lokalne-uprave\/#breadcrumb"},"inLanguage":"en-GB","potentialAction":[{"@type":"ReadAction","target":["https:\/\/dmcsrb.com\/podgorica\/mujovic-nasa-je-vizija-da-glavni-grad-bude-primjer-savremene-otvorene-i-efikasne-lokalne-uprave\/"]}]},{"@type":"ImageObject","inLanguage":"en-GB","@id":"https:\/\/dmcsrb.com\/podgorica\/mujovic-nasa-je-vizija-da-glavni-grad-bude-primjer-savremene-otvorene-i-efikasne-lokalne-uprave\/#primaryimage","url":"https:\/\/dmcsrb.com\/wp-content\/uploads\/2026\/01\/1762938570-marash-dukaj-i-sasa-mujovic.webp","contentUrl":"https:\/\/dmcsrb.com\/wp-content\/uploads\/2026\/01\/1762938570-marash-dukaj-i-sasa-mujovic.webp","width":1920,"height":1276},{"@type":"BreadcrumbList","@id":"https:\/\/dmcsrb.com\/podgorica\/mujovic-nasa-je-vizija-da-glavni-grad-bude-primjer-savremene-otvorene-i-efikasne-lokalne-uprave\/#breadcrumb","itemListElement":[{"@type":"ListItem","position":1,"name":"Home","item":"https:\/\/dmcsrb.com\/"},{"@type":"ListItem","position":2,"name":"Mujovi\u0107: Na\u0161a je vizija da Glavni grad bude primjer savremene, otvorene i efikasne lokalne uprave"}]},{"@type":"WebSite","@id":"https:\/\/dmcsrb.com\/#website","url":"https:\/\/dmcsrb.com\/","name":"dmcsrb.com","description":"","potentialAction":[{"@type":"SearchAction","target":{"@type":"EntryPoint","urlTemplate":"https:\/\/dmcsrb.com\/?s={search_term_string}"},"query-input":{"@type":"PropertyValueSpecification","valueRequired":true,"valueName":"search_term_string"}}],"inLanguage":"en-GB"},{"@type":"Person","@id":"https:\/\/dmcsrb.com\/#\/schema\/person\/5c39170f12db1b8b457732d0b5c854e2","name":"dmcsrbija.com@gmail.com","image":{"@type":"ImageObject","inLanguage":"en-GB","@id":"https:\/\/dmcsrb.com\/#\/schema\/person\/image\/","url":"https:\/\/secure.gravatar.com\/avatar\/68592660ad6347fad0fb587f8d5d8f1a7b44961362f56e4f2cd524feb87e9069?s=96&d=mm&r=g","contentUrl":"https:\/\/secure.gravatar.com\/avatar\/68592660ad6347fad0fb587f8d5d8f1a7b44961362f56e4f2cd524feb87e9069?s=96&d=mm&r=g","caption":"dmcsrbija.com@gmail.com"},"sameAs":["https:\/\/dmcsrb.com"],"url":"https:\/\/dmcsrb.com\/en\/author\/dmcsrbija-comgmail-com\/"}]}},"_links":{"self":[{"href":"https:\/\/dmcsrb.com\/en\/wp-json\/wp\/v2\/posts\/963295","targetHints":{"allow":["GET"]}}],"collection":[{"href":"https:\/\/dmcsrb.com\/en\/wp-json\/wp\/v2\/posts"}],"about":[{"href":"https:\/\/dmcsrb.com\/en\/wp-json\/wp\/v2\/types\/post"}],"author":[{"embeddable":true,"href":"https:\/\/dmcsrb.com\/en\/wp-json\/wp\/v2\/users\/1"}],"replies":[{"embeddable":true,"href":"https:\/\/dmcsrb.com\/en\/wp-json\/wp\/v2\/comments?post=963295"}],"version-history":[{"count":0,"href":"https:\/\/dmcsrb.com\/en\/wp-json\/wp\/v2\/posts\/963295\/revisions"}],"wp:featuredmedia":[{"embeddable":true,"href":"https:\/\/dmcsrb.com\/en\/wp-json\/wp\/v2\/media\/963296"}],"wp:attachment":[{"href":"https:\/\/dmcsrb.com\/en\/wp-json\/wp\/v2\/media?parent=963295"}],"wp:term":[{"taxonomy":"category","embeddable":true,"href":"https:\/\/dmcsrb.com\/en\/wp-json\/wp\/v2\/categories?post=963295"},{"taxonomy":"post_tag","embeddable":true,"href":"https:\/\/dmcsrb.com\/en\/wp-json\/wp\/v2\/tags?post=963295"},{"taxonomy":"naslovna","embeddable":true,"href":"https:\/\/dmcsrb.com\/en\/wp-json\/wp\/v2\/naslovna?post=963295"}],"curies":[{"name":"wp","href":"https:\/\/api.w.org\/{rel}","templated":true}]}}