{"id":963282,"date":"2025-11-12T09:00:54","date_gmt":"2025-11-12T08:00:54","guid":{"rendered":"https:\/\/dmcsrb.com\/uncategorized\/zaposlenima-u-administraciji-pravosudja-naredne-plate-vece-za-102-eura-a-od-januara-za-125\/"},"modified":"2025-11-12T09:00:54","modified_gmt":"2025-11-12T08:00:54","slug":"zaposlenima-u-administraciji-pravosudja-naredne-plate-vece-za-102-eura-a-od-januara-za-125","status":"publish","type":"post","link":"https:\/\/dmcsrb.com\/en\/hronika\/zaposlenima-u-administraciji-pravosudja-naredne-plate-vece-za-102-eura-a-od-januara-za-125\/","title":{"rendered":"Zaposlenima u administraciji pravosu\u0111a naredne plate ve\u0107e za 102 eura, a od januara za 125"},"content":{"rendered":"<p><\/p>\n\n\n\n<p><\/p>\n\n\n\n<p><\/p>\n\n\n\n<p>To je Pobjedi kazao predsjednik Sindikata sudstva&nbsp;<strong>Dejan \u0110uki\u0107<\/strong>, dodaju\u0107i da je to dogovoreno potpisom ugovora sa Ministarstvom pravde. Naglasio je da se u decembru o\u010dekuje formiranje radne grupe koja priprema Zakon o zaradama za sudsku administraciju i Zakon za nosioce pravosudnih funkcija.<\/p>\n\n\n\n<p>\u201cO\u010dekujemo da \u0107e se to sve zavr\u0161iti za dva do tri mjeseca i u\u0107i u proceduru Skup\u0161tine. Tu o\u010dekujemo jo\u0161 vi\u0161i koeficijent od ovog kojeg smo za sada uspjeli dobiti\u201d, istakao je \u0110uki\u0107.<\/p>\n\n\n\n<p>\u0110uki\u0107 je, komentari\u0161u\u0107i \u0161trajk drugog sindikata u sudstvu \u2013 Sindikata uprave i pravosu\u0111a koji jo\u0161 traje, kazao da svi imaju prava da se bore ukoliko su nezadovoljni.<\/p>\n\n\n\n<p>Sindikat uprave i pravosu\u0111a ne priznaje dogovor sa Ministarstvom pravde i nastavlja obustavu rada dok se ne ispune zahtjevi za pove\u0107anje plata od 30 odsto.<\/p>\n\n\n\n<p>Iako je \u0161trajk u pravosu\u0111u po\u010deo od 6. oktobra, tek se od ponedjeljka na ulaznim vratima Osnovnog suda nalazi oka\u010deno obavje\u0161tenje da od 10. novembra stupaju u \u0161trajk upozorenja na nivou poslodavca u periodu od 11 do 12 \u010dasova radnim danima.<\/p>\n\n\n\n<p>\u0160trajk Sindikata uprave i pravosu\u0111a i dalje traje, potvrdio je za Pobjedu predsjednik tog sindikata<strong>&nbsp;Nenad Rako\u010devi\u0107<\/strong>. On je istakao da \u0107e se \u0161trajk nastaviti sve dok se ne ispune zahtjevi zaposlenih, te da sporazum koji je potpisao Sindikat sudstva smatraju neva\u017ee\u0107im.<\/p>\n\n\n\n<p>Rako\u010devi\u0107 je podsjetio da, za razliku od Sindikata sudstva, gdje su prekinuli \u0161trajk, Sindikat uprave i pravosu\u0111a tvrdi da je potpisani sporazum nelegitiman i da pregovori sa Vladom jo\u0161 traju.<\/p>\n\n\n\n<p>\u201cDok se to ne desi, zaposleni \u0107e svakog dana obustavljati rad na sat vremena\u201d, poru\u010dio je Rako\u010devi\u0107.<\/p>\n\n\n\n<p>Predsjednik Sindikata uprave i pravosu\u0111a ranije je naveo da prosje\u010dna zarada u pravosudnoj administraciji iznosi od 600 do 620 eura za zaposlene sa srednjom stru\u010dnom spremom, dok oni sa visokom spremom primaju od 800 do 820 eura.<\/p>\n\n\n\n<p>\u201cZaposleni su iscrpljeni i strpljenje im je na izmaku. Tra\u017eimo dodatak od 30 odsto kao prelazno rje\u0161enje, dok se kroz novi zakon ne urede zvanja i koeficijenti. Ako ne dobijemo konkretan odgovor, \u0161trajk \u0107e biti radikalizovan\u201d, upozorio je Rako\u010devi\u0107.<\/p>\n\n\n\n<p>Predsjednik Sindikata sudstva Crne Gore Dejan \u0110uki\u0107 je sa ministrom pravde Bojanom Bo\u017eovi\u0107em potpisao sporazum o prekidu \u0161trajka, kojim je dogovoreno uve\u0107anje zarada ve\u0107 sa novembarskom platom.<\/p>\n\n\n\n<p>\u201cIspunjeno je oko 90 odsto na\u0161ih zahtjeva, \u010dime smo zadovoljni. Uve\u0107anje zarada pribli\u017eilo se prvobitnom zahtjevu za pove\u0107anje od 30 odsto, a zaposleni \u0107e benefite dogovora osjetiti ve\u0107 narednog mjeseca\u201d, poru\u010dio je \u0110uki\u0107.<\/p>\n\n\n\n<p>Zaposleni u sudskoj administraciji, podsjetimo, bili su prinu\u0111eni da stupe u \u0161trajk zbog dugogodi\u0161njeg ignorisanja njihovih zahtjeva i niskih primanja.<\/p>\n\n\n\n<p>Kako je ranije naveo \u0110uki\u0107, osnovica za samostalnog referenta iznosi svega 558 eura, dok mnogi zaposleni sa deset godina radnog sta\u017ea primaju oko 600 eura.<\/p>\n\n\n\n<p>\u201cSamostalni savjetnici imaju zarade oko 800 eura, a to su ljudi iz \u010dijeg kadra kasnije dolaze sudije. Zato smo morali da reagujemo. Granski kolektivni ugovor je ve\u0107 pripremljen i njegova realizacija ne bi zahtijevala dodatna sredstva izvan postoje\u0107eg bud\u017eeta sudova. Rije\u010d je o oko 1,4 miliona eura na godi\u0161njem nivou\u201d, kazao je \u0110uki\u0107.<\/p>\n\n\n\n<p>Iz Ministarstva pravde su nakon potpisivanja sporazuma poru\u010dili da su posve\u0107eni dijalogu sa sindikatima iz oblasti pravosu\u0111a, sa ciljem da se prona\u0111e rje\u0161enje koje \u0107e pomo\u0107i u prevazila\u017eenju situacije nastale povodom \u0161trajka pravosudne administracije.<\/p>\n\n\n\n<p><\/p>","protected":false},"excerpt":{"rendered":"<p>Zaposleni u pravosu\u0111u, koji \u0161trajkuju od 6. oktobra, za novembar i decembar \u0107e dobiti uve\u0107anu platu 102 eura, dok \u0107e im od januara plata biti ve\u0107a za jo\u0161 23, odnosno ukupno 125 eura, pi\u0161e Pobjeda.<\/p>","protected":false},"author":1,"featured_media":951607,"comment_status":"open","ping_status":"open","sticky":false,"template":"","format":"standard","meta":{"_acf_changed":false,"footnotes":""},"categories":[17],"tags":[1881,1859],"naslovna":[],"class_list":["post-963282","post","type-post","status-publish","format-standard","has-post-thumbnail","hentry","category-hronika","tag-plate","tag-zaposleni"],"acf":[],"yoast_head":"<!-- This site is optimized with the Yoast SEO plugin v27.4 - https:\/\/yoast.com\/product\/yoast-seo-wordpress\/ -->\n<title>Zaposlenima u administraciji pravosu\u0111a naredne plate ve\u0107e za 102 eura, a od januara za 125 - dmcsrb.com<\/title>\n<meta name=\"robots\" content=\"index, follow, max-snippet:-1, max-image-preview:large, max-video-preview:-1\" \/>\n<link rel=\"canonical\" href=\"https:\/\/dmcsrb.com\/en\/hronika\/zaposlenima-u-administraciji-pravosudja-naredne-plate-vece-za-102-eura-a-od-januara-za-125\/\" \/>\n<meta property=\"og:locale\" content=\"en_GB\" \/>\n<meta property=\"og:type\" content=\"article\" \/>\n<meta property=\"og:title\" content=\"Zaposlenima u administraciji pravosu\u0111a naredne plate ve\u0107e za 102 eura, a od januara za 125 - dmcsrb.com\" \/>\n<meta property=\"og:description\" content=\"Zaposleni u pravosu\u0111u, koji \u0161trajkuju od 6. oktobra, za novembar i decembar \u0107e dobiti uve\u0107anu platu 102 eura, dok \u0107e im od januara plata biti ve\u0107a za jo\u0161 23, odnosno ukupno 125 eura, pi\u0161e Pobjeda.\" \/>\n<meta property=\"og:url\" content=\"https:\/\/dmcsrb.com\/en\/hronika\/zaposlenima-u-administraciji-pravosudja-naredne-plate-vece-za-102-eura-a-od-januara-za-125\/\" \/>\n<meta property=\"og:site_name\" content=\"dmcsrb.com\" \/>\n<meta property=\"article:published_time\" content=\"2025-11-12T08:00:54+00:00\" \/>\n<meta property=\"og:image\" content=\"https:\/\/dmcsrb.com\/wp-content\/uploads\/2026\/01\/osnovni-sud-1.webp\" \/>\n\t<meta property=\"og:image:width\" content=\"1723\" \/>\n\t<meta property=\"og:image:height\" content=\"872\" \/>\n\t<meta property=\"og:image:type\" content=\"image\/jpeg\" \/>\n<meta name=\"author\" content=\"dmcsrbija.com@gmail.com\" \/>\n<meta name=\"twitter:card\" content=\"summary_large_image\" \/>\n<meta name=\"twitter:label1\" content=\"Written by\" \/>\n\t<meta name=\"twitter:data1\" content=\"dmcsrbija.com@gmail.com\" \/>\n\t<meta name=\"twitter:label2\" content=\"Estimated reading time\" \/>\n\t<meta name=\"twitter:data2\" content=\"3 minutes\" \/>\n<script type=\"application\/ld+json\" class=\"yoast-schema-graph\">{\"@context\":\"https:\\\/\\\/schema.org\",\"@graph\":[{\"@type\":\"Article\",\"@id\":\"https:\\\/\\\/dmcsrb.com\\\/hronika\\\/zaposlenima-u-administraciji-pravosudja-naredne-plate-vece-za-102-eura-a-od-januara-za-125\\\/#article\",\"isPartOf\":{\"@id\":\"https:\\\/\\\/dmcsrb.com\\\/hronika\\\/zaposlenima-u-administraciji-pravosudja-naredne-plate-vece-za-102-eura-a-od-januara-za-125\\\/\"},\"author\":{\"name\":\"dmcsrbija.com@gmail.com\",\"@id\":\"https:\\\/\\\/dmcsrb.com\\\/#\\\/schema\\\/person\\\/5c39170f12db1b8b457732d0b5c854e2\"},\"headline\":\"Zaposlenima u administraciji pravosu\u0111a naredne plate ve\u0107e za 102 eura, a od januara za 125\",\"datePublished\":\"2025-11-12T08:00:54+00:00\",\"mainEntityOfPage\":{\"@id\":\"https:\\\/\\\/dmcsrb.com\\\/hronika\\\/zaposlenima-u-administraciji-pravosudja-naredne-plate-vece-za-102-eura-a-od-januara-za-125\\\/\"},\"wordCount\":578,\"commentCount\":0,\"image\":{\"@id\":\"https:\\\/\\\/dmcsrb.com\\\/hronika\\\/zaposlenima-u-administraciji-pravosudja-naredne-plate-vece-za-102-eura-a-od-januara-za-125\\\/#primaryimage\"},\"thumbnailUrl\":\"https:\\\/\\\/dmcsrb.com\\\/wp-content\\\/uploads\\\/2026\\\/01\\\/osnovni-sud-1.webp\",\"keywords\":[\"plate\",\"zaposleni\"],\"articleSection\":[\"Hronika\"],\"inLanguage\":\"en-GB\",\"potentialAction\":[{\"@type\":\"CommentAction\",\"name\":\"Comment\",\"target\":[\"https:\\\/\\\/dmcsrb.com\\\/hronika\\\/zaposlenima-u-administraciji-pravosudja-naredne-plate-vece-za-102-eura-a-od-januara-za-125\\\/#respond\"]}]},{\"@type\":\"WebPage\",\"@id\":\"https:\\\/\\\/dmcsrb.com\\\/hronika\\\/zaposlenima-u-administraciji-pravosudja-naredne-plate-vece-za-102-eura-a-od-januara-za-125\\\/\",\"url\":\"https:\\\/\\\/dmcsrb.com\\\/hronika\\\/zaposlenima-u-administraciji-pravosudja-naredne-plate-vece-za-102-eura-a-od-januara-za-125\\\/\",\"name\":\"Zaposlenima u administraciji pravosu\u0111a naredne plate ve\u0107e za 102 eura, a od januara za 125 - dmcsrb.com\",\"isPartOf\":{\"@id\":\"https:\\\/\\\/dmcsrb.com\\\/#website\"},\"primaryImageOfPage\":{\"@id\":\"https:\\\/\\\/dmcsrb.com\\\/hronika\\\/zaposlenima-u-administraciji-pravosudja-naredne-plate-vece-za-102-eura-a-od-januara-za-125\\\/#primaryimage\"},\"image\":{\"@id\":\"https:\\\/\\\/dmcsrb.com\\\/hronika\\\/zaposlenima-u-administraciji-pravosudja-naredne-plate-vece-za-102-eura-a-od-januara-za-125\\\/#primaryimage\"},\"thumbnailUrl\":\"https:\\\/\\\/dmcsrb.com\\\/wp-content\\\/uploads\\\/2026\\\/01\\\/osnovni-sud-1.webp\",\"datePublished\":\"2025-11-12T08:00:54+00:00\",\"author\":{\"@id\":\"https:\\\/\\\/dmcsrb.com\\\/#\\\/schema\\\/person\\\/5c39170f12db1b8b457732d0b5c854e2\"},\"breadcrumb\":{\"@id\":\"https:\\\/\\\/dmcsrb.com\\\/hronika\\\/zaposlenima-u-administraciji-pravosudja-naredne-plate-vece-za-102-eura-a-od-januara-za-125\\\/#breadcrumb\"},\"inLanguage\":\"en-GB\",\"potentialAction\":[{\"@type\":\"ReadAction\",\"target\":[\"https:\\\/\\\/dmcsrb.com\\\/hronika\\\/zaposlenima-u-administraciji-pravosudja-naredne-plate-vece-za-102-eura-a-od-januara-za-125\\\/\"]}]},{\"@type\":\"ImageObject\",\"inLanguage\":\"en-GB\",\"@id\":\"https:\\\/\\\/dmcsrb.com\\\/hronika\\\/zaposlenima-u-administraciji-pravosudja-naredne-plate-vece-za-102-eura-a-od-januara-za-125\\\/#primaryimage\",\"url\":\"https:\\\/\\\/dmcsrb.com\\\/wp-content\\\/uploads\\\/2026\\\/01\\\/osnovni-sud-1.webp\",\"contentUrl\":\"https:\\\/\\\/dmcsrb.com\\\/wp-content\\\/uploads\\\/2026\\\/01\\\/osnovni-sud-1.webp\",\"width\":1723,\"height\":872},{\"@type\":\"BreadcrumbList\",\"@id\":\"https:\\\/\\\/dmcsrb.com\\\/hronika\\\/zaposlenima-u-administraciji-pravosudja-naredne-plate-vece-za-102-eura-a-od-januara-za-125\\\/#breadcrumb\",\"itemListElement\":[{\"@type\":\"ListItem\",\"position\":1,\"name\":\"Home\",\"item\":\"https:\\\/\\\/dmcsrb.com\\\/\"},{\"@type\":\"ListItem\",\"position\":2,\"name\":\"Zaposlenima u administraciji pravosu\u0111a naredne plate ve\u0107e za 102 eura, a od januara za 125\"}]},{\"@type\":\"WebSite\",\"@id\":\"https:\\\/\\\/dmcsrb.com\\\/#website\",\"url\":\"https:\\\/\\\/dmcsrb.com\\\/\",\"name\":\"dmcsrb.com\",\"description\":\"\",\"potentialAction\":[{\"@type\":\"SearchAction\",\"target\":{\"@type\":\"EntryPoint\",\"urlTemplate\":\"https:\\\/\\\/dmcsrb.com\\\/?s={search_term_string}\"},\"query-input\":{\"@type\":\"PropertyValueSpecification\",\"valueRequired\":true,\"valueName\":\"search_term_string\"}}],\"inLanguage\":\"en-GB\"},{\"@type\":\"Person\",\"@id\":\"https:\\\/\\\/dmcsrb.com\\\/#\\\/schema\\\/person\\\/5c39170f12db1b8b457732d0b5c854e2\",\"name\":\"dmcsrbija.com@gmail.com\",\"image\":{\"@type\":\"ImageObject\",\"inLanguage\":\"en-GB\",\"@id\":\"https:\\\/\\\/secure.gravatar.com\\\/avatar\\\/68592660ad6347fad0fb587f8d5d8f1a7b44961362f56e4f2cd524feb87e9069?s=96&d=mm&r=g\",\"url\":\"https:\\\/\\\/secure.gravatar.com\\\/avatar\\\/68592660ad6347fad0fb587f8d5d8f1a7b44961362f56e4f2cd524feb87e9069?s=96&d=mm&r=g\",\"contentUrl\":\"https:\\\/\\\/secure.gravatar.com\\\/avatar\\\/68592660ad6347fad0fb587f8d5d8f1a7b44961362f56e4f2cd524feb87e9069?s=96&d=mm&r=g\",\"caption\":\"dmcsrbija.com@gmail.com\"},\"sameAs\":[\"https:\\\/\\\/dmcsrb.com\"],\"url\":\"https:\\\/\\\/dmcsrb.com\\\/en\\\/author\\\/dmcsrbija-comgmail-com\\\/\"}]}<\/script>\n<!-- \/ Yoast SEO plugin. -->","yoast_head_json":{"title":"Zaposlenima u administraciji pravosu\u0111a naredne plate ve\u0107e za 102 eura, a od januara za 125 - dmcsrb.com","robots":{"index":"index","follow":"follow","max-snippet":"max-snippet:-1","max-image-preview":"max-image-preview:large","max-video-preview":"max-video-preview:-1"},"canonical":"https:\/\/dmcsrb.com\/en\/hronika\/zaposlenima-u-administraciji-pravosudja-naredne-plate-vece-za-102-eura-a-od-januara-za-125\/","og_locale":"en_GB","og_type":"article","og_title":"Zaposlenima u administraciji pravosu\u0111a naredne plate ve\u0107e za 102 eura, a od januara za 125 - dmcsrb.com","og_description":"Zaposleni u pravosu\u0111u, koji \u0161trajkuju od 6. oktobra, za novembar i decembar \u0107e dobiti uve\u0107anu platu 102 eura, dok \u0107e im od januara plata biti ve\u0107a za jo\u0161 23, odnosno ukupno 125 eura, pi\u0161e Pobjeda.","og_url":"https:\/\/dmcsrb.com\/en\/hronika\/zaposlenima-u-administraciji-pravosudja-naredne-plate-vece-za-102-eura-a-od-januara-za-125\/","og_site_name":"dmcsrb.com","article_published_time":"2025-11-12T08:00:54+00:00","og_image":[{"width":1723,"height":872,"url":"https:\/\/dmcsrb.com\/wp-content\/uploads\/2026\/01\/osnovni-sud-1.webp","type":"image\/jpeg"}],"author":"dmcsrbija.com@gmail.com","twitter_card":"summary_large_image","twitter_misc":{"Written by":"dmcsrbija.com@gmail.com","Estimated reading time":"3 minutes"},"schema":{"@context":"https:\/\/schema.org","@graph":[{"@type":"Article","@id":"https:\/\/dmcsrb.com\/hronika\/zaposlenima-u-administraciji-pravosudja-naredne-plate-vece-za-102-eura-a-od-januara-za-125\/#article","isPartOf":{"@id":"https:\/\/dmcsrb.com\/hronika\/zaposlenima-u-administraciji-pravosudja-naredne-plate-vece-za-102-eura-a-od-januara-za-125\/"},"author":{"name":"dmcsrbija.com@gmail.com","@id":"https:\/\/dmcsrb.com\/#\/schema\/person\/5c39170f12db1b8b457732d0b5c854e2"},"headline":"Zaposlenima u administraciji pravosu\u0111a naredne plate ve\u0107e za 102 eura, a od januara za 125","datePublished":"2025-11-12T08:00:54+00:00","mainEntityOfPage":{"@id":"https:\/\/dmcsrb.com\/hronika\/zaposlenima-u-administraciji-pravosudja-naredne-plate-vece-za-102-eura-a-od-januara-za-125\/"},"wordCount":578,"commentCount":0,"image":{"@id":"https:\/\/dmcsrb.com\/hronika\/zaposlenima-u-administraciji-pravosudja-naredne-plate-vece-za-102-eura-a-od-januara-za-125\/#primaryimage"},"thumbnailUrl":"https:\/\/dmcsrb.com\/wp-content\/uploads\/2026\/01\/osnovni-sud-1.webp","keywords":["plate","zaposleni"],"articleSection":["Hronika"],"inLanguage":"en-GB","potentialAction":[{"@type":"CommentAction","name":"Comment","target":["https:\/\/dmcsrb.com\/hronika\/zaposlenima-u-administraciji-pravosudja-naredne-plate-vece-za-102-eura-a-od-januara-za-125\/#respond"]}]},{"@type":"WebPage","@id":"https:\/\/dmcsrb.com\/hronika\/zaposlenima-u-administraciji-pravosudja-naredne-plate-vece-za-102-eura-a-od-januara-za-125\/","url":"https:\/\/dmcsrb.com\/hronika\/zaposlenima-u-administraciji-pravosudja-naredne-plate-vece-za-102-eura-a-od-januara-za-125\/","name":"Zaposlenima u administraciji pravosu\u0111a naredne plate ve\u0107e za 102 eura, a od januara za 125 - dmcsrb.com","isPartOf":{"@id":"https:\/\/dmcsrb.com\/#website"},"primaryImageOfPage":{"@id":"https:\/\/dmcsrb.com\/hronika\/zaposlenima-u-administraciji-pravosudja-naredne-plate-vece-za-102-eura-a-od-januara-za-125\/#primaryimage"},"image":{"@id":"https:\/\/dmcsrb.com\/hronika\/zaposlenima-u-administraciji-pravosudja-naredne-plate-vece-za-102-eura-a-od-januara-za-125\/#primaryimage"},"thumbnailUrl":"https:\/\/dmcsrb.com\/wp-content\/uploads\/2026\/01\/osnovni-sud-1.webp","datePublished":"2025-11-12T08:00:54+00:00","author":{"@id":"https:\/\/dmcsrb.com\/#\/schema\/person\/5c39170f12db1b8b457732d0b5c854e2"},"breadcrumb":{"@id":"https:\/\/dmcsrb.com\/hronika\/zaposlenima-u-administraciji-pravosudja-naredne-plate-vece-za-102-eura-a-od-januara-za-125\/#breadcrumb"},"inLanguage":"en-GB","potentialAction":[{"@type":"ReadAction","target":["https:\/\/dmcsrb.com\/hronika\/zaposlenima-u-administraciji-pravosudja-naredne-plate-vece-za-102-eura-a-od-januara-za-125\/"]}]},{"@type":"ImageObject","inLanguage":"en-GB","@id":"https:\/\/dmcsrb.com\/hronika\/zaposlenima-u-administraciji-pravosudja-naredne-plate-vece-za-102-eura-a-od-januara-za-125\/#primaryimage","url":"https:\/\/dmcsrb.com\/wp-content\/uploads\/2026\/01\/osnovni-sud-1.webp","contentUrl":"https:\/\/dmcsrb.com\/wp-content\/uploads\/2026\/01\/osnovni-sud-1.webp","width":1723,"height":872},{"@type":"BreadcrumbList","@id":"https:\/\/dmcsrb.com\/hronika\/zaposlenima-u-administraciji-pravosudja-naredne-plate-vece-za-102-eura-a-od-januara-za-125\/#breadcrumb","itemListElement":[{"@type":"ListItem","position":1,"name":"Home","item":"https:\/\/dmcsrb.com\/"},{"@type":"ListItem","position":2,"name":"Zaposlenima u administraciji pravosu\u0111a naredne plate ve\u0107e za 102 eura, a od januara za 125"}]},{"@type":"WebSite","@id":"https:\/\/dmcsrb.com\/#website","url":"https:\/\/dmcsrb.com\/","name":"dmcsrb.com","description":"","potentialAction":[{"@type":"SearchAction","target":{"@type":"EntryPoint","urlTemplate":"https:\/\/dmcsrb.com\/?s={search_term_string}"},"query-input":{"@type":"PropertyValueSpecification","valueRequired":true,"valueName":"search_term_string"}}],"inLanguage":"en-GB"},{"@type":"Person","@id":"https:\/\/dmcsrb.com\/#\/schema\/person\/5c39170f12db1b8b457732d0b5c854e2","name":"dmcsrbija.com@gmail.com","image":{"@type":"ImageObject","inLanguage":"en-GB","@id":"https:\/\/secure.gravatar.com\/avatar\/68592660ad6347fad0fb587f8d5d8f1a7b44961362f56e4f2cd524feb87e9069?s=96&d=mm&r=g","url":"https:\/\/secure.gravatar.com\/avatar\/68592660ad6347fad0fb587f8d5d8f1a7b44961362f56e4f2cd524feb87e9069?s=96&d=mm&r=g","contentUrl":"https:\/\/secure.gravatar.com\/avatar\/68592660ad6347fad0fb587f8d5d8f1a7b44961362f56e4f2cd524feb87e9069?s=96&d=mm&r=g","caption":"dmcsrbija.com@gmail.com"},"sameAs":["https:\/\/dmcsrb.com"],"url":"https:\/\/dmcsrb.com\/en\/author\/dmcsrbija-comgmail-com\/"}]}},"_links":{"self":[{"href":"https:\/\/dmcsrb.com\/en\/wp-json\/wp\/v2\/posts\/963282","targetHints":{"allow":["GET"]}}],"collection":[{"href":"https:\/\/dmcsrb.com\/en\/wp-json\/wp\/v2\/posts"}],"about":[{"href":"https:\/\/dmcsrb.com\/en\/wp-json\/wp\/v2\/types\/post"}],"author":[{"embeddable":true,"href":"https:\/\/dmcsrb.com\/en\/wp-json\/wp\/v2\/users\/1"}],"replies":[{"embeddable":true,"href":"https:\/\/dmcsrb.com\/en\/wp-json\/wp\/v2\/comments?post=963282"}],"version-history":[{"count":0,"href":"https:\/\/dmcsrb.com\/en\/wp-json\/wp\/v2\/posts\/963282\/revisions"}],"wp:featuredmedia":[{"embeddable":true,"href":"https:\/\/dmcsrb.com\/en\/wp-json\/wp\/v2\/media\/951607"}],"wp:attachment":[{"href":"https:\/\/dmcsrb.com\/en\/wp-json\/wp\/v2\/media?parent=963282"}],"wp:term":[{"taxonomy":"category","embeddable":true,"href":"https:\/\/dmcsrb.com\/en\/wp-json\/wp\/v2\/categories?post=963282"},{"taxonomy":"post_tag","embeddable":true,"href":"https:\/\/dmcsrb.com\/en\/wp-json\/wp\/v2\/tags?post=963282"},{"taxonomy":"naslovna","embeddable":true,"href":"https:\/\/dmcsrb.com\/en\/wp-json\/wp\/v2\/naslovna?post=963282"}],"curies":[{"name":"wp","href":"https:\/\/api.w.org\/{rel}","templated":true}]}}