{"id":963248,"date":"2025-11-11T21:28:00","date_gmt":"2025-11-11T20:28:00","guid":{"rendered":"https:\/\/dmcsrb.com\/uncategorized\/rekordan-broj-ukrajinaca-prebjegao-u-eu-za-protekle-dvije-godine\/"},"modified":"2025-11-11T21:28:00","modified_gmt":"2025-11-11T20:28:00","slug":"rekordan-broj-ukrajinaca-prebjegao-u-eu-za-protekle-dvije-godine","status":"publish","type":"post","link":"https:\/\/dmcsrb.com\/en\/svijet\/rekordan-broj-ukrajinaca-prebjegao-u-eu-za-protekle-dvije-godine\/","title":{"rendered":"Rekordan broj Ukrajinaca prebjegao u EU za protekle dvije godine"},"content":{"rendered":"<p><a href=\"https:\/\/www.facebook.com\/share.php?u=https:\/\/rts.rs\/lat\/vesti\/ratu-u-ukrajini\/5824816\/ukrajina-napali-smo-rafineriju-nafte-fsb-kijev-planirao-otmicu-ruskog-aviona-gadjali-smo-vojne-ciljeve.html?sid=597191\"><\/a><a href=\"https:\/\/twitter.com\/share\"><\/a><a href=\"https:\/\/www.linkedin.com\/shareArticle?mini=true&amp;url=https:\/\/rts.rs\/lat\/vesti\/ratu-u-ukrajini\/5824816\/ukrajina-napali-smo-rafineriju-nafte-fsb-kijev-planirao-otmicu-ruskog-aviona-gadjali-smo-vojne-ciljeve.html?sid=597191&amp;title=&amp;source=rts.rs\"><\/a><\/p>\n\n\n\n<p>Zemlje EU su u septembru odobrile 79.205 novih privremenih za\u0161tita, \u0161to je najve\u0107i porast od 2023. godine, prenosi&nbsp;<em>Politiko<\/em>.<\/p>\n\n\n\n<p>Skok se dogodio nakon \u0161to je Ukrajina dozvolila mu\u0161karcima starosti od 18 do 22 godine da slobodno napuste zemlju. Do kraja septembra, 4,3 miliona Ukrajinaca bilo je pod privremenom za\u0161titom u EU, posebnim statusom osmi\u0161ljenim da se nosi sa masovnim prilivom raseljenih lica koja se ne mogu vratiti ku\u0107i.<\/p>\n\n\n\n<p>Kako se navodi, Nema\u010dka, Poljska i \u010ce\u0161ka su imale najve\u0107i udeo, dok je \u010ce\u0161ka imala najve\u0107i odnos korisnika privremene za\u0161tite u odnosu na stanovni\u0161tvo, odnosno 35,7 korisnika na 1.000 stanovnika.<\/p>\n\n\n\n<p>Poljska je zabilje\u017eila najve\u0107i porast u apsolutnom broju, dodaju\u0107i skoro 13.000 novih korisnika, zatim Nema\u010dka sa 7.600 i \u010ce\u0161ka sa 3.500 ljudi.<\/p>\n\n\n\n<p>Samo je Francuska zabele\u017eila mali pad od 240 ljudi. \u017dene su \u010dinile 44 odsto svih za\u0161ti\u0107enih, maloletnici 31 odsto, a mu\u0161karci oko 25 odsto.<\/p>\n\n\n\n<p>Ukrajinci su predstavljali vi\u0161e od 98 odsto svih ljudi kojima je dodeljena privremena za\u0161tita u okviru \u0161eme EU, koja je produ\u017eena u junu do marta 2027. godine.<\/p>","protected":false},"excerpt":{"rendered":"<p>Broj Ukrajinaca koji bje\u017ee od rata tra\u017ee\u0107i sigurnost u zemljama Evropske unije porastao je na najvi\u0161i nivo u poslednje dvije godine, nakon \u0161to je Kijev promijenio pravila kako bi omogu\u0107io ve\u0107em broju mladi\u0107a da napuste zemlju, pokazuju zvani\u010dni podaci.<\/p>","protected":false},"author":1,"featured_media":963249,"comment_status":"open","ping_status":"open","sticky":false,"template":"","format":"standard","meta":{"_acf_changed":false,"footnotes":""},"categories":[144],"tags":[2990,1399,234],"naslovna":[],"class_list":["post-963248","post","type-post","status-publish","format-standard","has-post-thumbnail","hentry","category-svijet","tag-izbjeglice","tag-rat","tag-ukrajina"],"acf":[],"yoast_head":"<!-- This site is optimized with the Yoast SEO plugin v27.0 - https:\/\/yoast.com\/product\/yoast-seo-wordpress\/ -->\n<title>Rekordan broj Ukrajinaca prebjegao u EU za protekle dvije godine - dmcsrb.com<\/title>\n<meta name=\"robots\" content=\"index, follow, max-snippet:-1, max-image-preview:large, max-video-preview:-1\" \/>\n<link rel=\"canonical\" href=\"https:\/\/dmcsrb.com\/en\/svijet\/rekordan-broj-ukrajinaca-prebjegao-u-eu-za-protekle-dvije-godine\/\" \/>\n<meta property=\"og:locale\" content=\"en_GB\" \/>\n<meta property=\"og:type\" content=\"article\" \/>\n<meta property=\"og:title\" content=\"Rekordan broj Ukrajinaca prebjegao u EU za protekle dvije godine - dmcsrb.com\" \/>\n<meta property=\"og:description\" content=\"Broj Ukrajinaca koji bje\u017ee od rata tra\u017ee\u0107i sigurnost u zemljama Evropske unije porastao je na najvi\u0161i nivo u poslednje dvije godine, nakon \u0161to je Kijev promijenio pravila kako bi omogu\u0107io ve\u0107em broju mladi\u0107a da napuste zemlju, pokazuju zvani\u010dni podaci.\" \/>\n<meta property=\"og:url\" content=\"https:\/\/dmcsrb.com\/en\/svijet\/rekordan-broj-ukrajinaca-prebjegao-u-eu-za-protekle-dvije-godine\/\" \/>\n<meta property=\"og:site_name\" content=\"dmcsrb.com\" \/>\n<meta property=\"article:published_time\" content=\"2025-11-11T20:28:00+00:00\" \/>\n<meta property=\"og:image\" content=\"https:\/\/dmcsrb.com\/wp-content\/uploads\/2026\/01\/Ukrajina-3.webp\" \/>\n\t<meta property=\"og:image:width\" content=\"930\" \/>\n\t<meta property=\"og:image:height\" content=\"525\" \/>\n\t<meta property=\"og:image:type\" content=\"image\/jpeg\" \/>\n<meta name=\"author\" content=\"dmcsrbija.com@gmail.com\" \/>\n<meta name=\"twitter:card\" content=\"summary_large_image\" \/>\n<meta name=\"twitter:label1\" content=\"Written by\" \/>\n\t<meta name=\"twitter:data1\" content=\"dmcsrbija.com@gmail.com\" \/>\n\t<meta name=\"twitter:label2\" content=\"Estimated reading time\" \/>\n\t<meta name=\"twitter:data2\" content=\"1 minute\" \/>\n<script type=\"application\/ld+json\" class=\"yoast-schema-graph\">{\"@context\":\"https:\/\/schema.org\",\"@graph\":[{\"@type\":\"Article\",\"@id\":\"https:\/\/dmcsrb.com\/svijet\/rekordan-broj-ukrajinaca-prebjegao-u-eu-za-protekle-dvije-godine\/#article\",\"isPartOf\":{\"@id\":\"https:\/\/dmcsrb.com\/svijet\/rekordan-broj-ukrajinaca-prebjegao-u-eu-za-protekle-dvije-godine\/\"},\"author\":{\"name\":\"dmcsrbija.com@gmail.com\",\"@id\":\"https:\/\/dmcsrb.com\/#\/schema\/person\/5c39170f12db1b8b457732d0b5c854e2\"},\"headline\":\"Rekordan broj Ukrajinaca prebjegao u EU za protekle dvije godine\",\"datePublished\":\"2025-11-11T20:28:00+00:00\",\"mainEntityOfPage\":{\"@id\":\"https:\/\/dmcsrb.com\/svijet\/rekordan-broj-ukrajinaca-prebjegao-u-eu-za-protekle-dvije-godine\/\"},\"wordCount\":191,\"commentCount\":0,\"image\":{\"@id\":\"https:\/\/dmcsrb.com\/svijet\/rekordan-broj-ukrajinaca-prebjegao-u-eu-za-protekle-dvije-godine\/#primaryimage\"},\"thumbnailUrl\":\"https:\/\/dmcsrb.com\/wp-content\/uploads\/2026\/01\/Ukrajina-3.webp\",\"keywords\":[\"izbjeglice\",\"rat\",\"Ukrajina\"],\"articleSection\":[\"Svijet\"],\"inLanguage\":\"en-GB\",\"potentialAction\":[{\"@type\":\"CommentAction\",\"name\":\"Comment\",\"target\":[\"https:\/\/dmcsrb.com\/svijet\/rekordan-broj-ukrajinaca-prebjegao-u-eu-za-protekle-dvije-godine\/#respond\"]}]},{\"@type\":\"WebPage\",\"@id\":\"https:\/\/dmcsrb.com\/svijet\/rekordan-broj-ukrajinaca-prebjegao-u-eu-za-protekle-dvije-godine\/\",\"url\":\"https:\/\/dmcsrb.com\/svijet\/rekordan-broj-ukrajinaca-prebjegao-u-eu-za-protekle-dvije-godine\/\",\"name\":\"Rekordan broj Ukrajinaca prebjegao u EU za protekle dvije godine - dmcsrb.com\",\"isPartOf\":{\"@id\":\"https:\/\/dmcsrb.com\/#website\"},\"primaryImageOfPage\":{\"@id\":\"https:\/\/dmcsrb.com\/svijet\/rekordan-broj-ukrajinaca-prebjegao-u-eu-za-protekle-dvije-godine\/#primaryimage\"},\"image\":{\"@id\":\"https:\/\/dmcsrb.com\/svijet\/rekordan-broj-ukrajinaca-prebjegao-u-eu-za-protekle-dvije-godine\/#primaryimage\"},\"thumbnailUrl\":\"https:\/\/dmcsrb.com\/wp-content\/uploads\/2026\/01\/Ukrajina-3.webp\",\"datePublished\":\"2025-11-11T20:28:00+00:00\",\"author\":{\"@id\":\"https:\/\/dmcsrb.com\/#\/schema\/person\/5c39170f12db1b8b457732d0b5c854e2\"},\"breadcrumb\":{\"@id\":\"https:\/\/dmcsrb.com\/svijet\/rekordan-broj-ukrajinaca-prebjegao-u-eu-za-protekle-dvije-godine\/#breadcrumb\"},\"inLanguage\":\"en-GB\",\"potentialAction\":[{\"@type\":\"ReadAction\",\"target\":[\"https:\/\/dmcsrb.com\/svijet\/rekordan-broj-ukrajinaca-prebjegao-u-eu-za-protekle-dvije-godine\/\"]}]},{\"@type\":\"ImageObject\",\"inLanguage\":\"en-GB\",\"@id\":\"https:\/\/dmcsrb.com\/svijet\/rekordan-broj-ukrajinaca-prebjegao-u-eu-za-protekle-dvije-godine\/#primaryimage\",\"url\":\"https:\/\/dmcsrb.com\/wp-content\/uploads\/2026\/01\/Ukrajina-3.webp\",\"contentUrl\":\"https:\/\/dmcsrb.com\/wp-content\/uploads\/2026\/01\/Ukrajina-3.webp\",\"width\":930,\"height\":525},{\"@type\":\"BreadcrumbList\",\"@id\":\"https:\/\/dmcsrb.com\/svijet\/rekordan-broj-ukrajinaca-prebjegao-u-eu-za-protekle-dvije-godine\/#breadcrumb\",\"itemListElement\":[{\"@type\":\"ListItem\",\"position\":1,\"name\":\"Home\",\"item\":\"https:\/\/dmcsrb.com\/\"},{\"@type\":\"ListItem\",\"position\":2,\"name\":\"Rekordan broj Ukrajinaca prebjegao u EU za protekle dvije godine\"}]},{\"@type\":\"WebSite\",\"@id\":\"https:\/\/dmcsrb.com\/#website\",\"url\":\"https:\/\/dmcsrb.com\/\",\"name\":\"dmcsrb.com\",\"description\":\"\",\"potentialAction\":[{\"@type\":\"SearchAction\",\"target\":{\"@type\":\"EntryPoint\",\"urlTemplate\":\"https:\/\/dmcsrb.com\/?s={search_term_string}\"},\"query-input\":{\"@type\":\"PropertyValueSpecification\",\"valueRequired\":true,\"valueName\":\"search_term_string\"}}],\"inLanguage\":\"en-GB\"},{\"@type\":\"Person\",\"@id\":\"https:\/\/dmcsrb.com\/#\/schema\/person\/5c39170f12db1b8b457732d0b5c854e2\",\"name\":\"dmcsrbija.com@gmail.com\",\"image\":{\"@type\":\"ImageObject\",\"inLanguage\":\"en-GB\",\"@id\":\"https:\/\/dmcsrb.com\/#\/schema\/person\/image\/\",\"url\":\"https:\/\/secure.gravatar.com\/avatar\/68592660ad6347fad0fb587f8d5d8f1a7b44961362f56e4f2cd524feb87e9069?s=96&d=mm&r=g\",\"contentUrl\":\"https:\/\/secure.gravatar.com\/avatar\/68592660ad6347fad0fb587f8d5d8f1a7b44961362f56e4f2cd524feb87e9069?s=96&d=mm&r=g\",\"caption\":\"dmcsrbija.com@gmail.com\"},\"sameAs\":[\"https:\/\/dmcsrb.com\"],\"url\":\"https:\/\/dmcsrb.com\/en\/author\/dmcsrbija-comgmail-com\/\"}]}<\/script>\n<!-- \/ Yoast SEO plugin. -->","yoast_head_json":{"title":"Rekordan broj Ukrajinaca prebjegao u EU za protekle dvije godine - dmcsrb.com","robots":{"index":"index","follow":"follow","max-snippet":"max-snippet:-1","max-image-preview":"max-image-preview:large","max-video-preview":"max-video-preview:-1"},"canonical":"https:\/\/dmcsrb.com\/en\/svijet\/rekordan-broj-ukrajinaca-prebjegao-u-eu-za-protekle-dvije-godine\/","og_locale":"en_GB","og_type":"article","og_title":"Rekordan broj Ukrajinaca prebjegao u EU za protekle dvije godine - dmcsrb.com","og_description":"Broj Ukrajinaca koji bje\u017ee od rata tra\u017ee\u0107i sigurnost u zemljama Evropske unije porastao je na najvi\u0161i nivo u poslednje dvije godine, nakon \u0161to je Kijev promijenio pravila kako bi omogu\u0107io ve\u0107em broju mladi\u0107a da napuste zemlju, pokazuju zvani\u010dni podaci.","og_url":"https:\/\/dmcsrb.com\/en\/svijet\/rekordan-broj-ukrajinaca-prebjegao-u-eu-za-protekle-dvije-godine\/","og_site_name":"dmcsrb.com","article_published_time":"2025-11-11T20:28:00+00:00","og_image":[{"width":930,"height":525,"url":"https:\/\/dmcsrb.com\/wp-content\/uploads\/2026\/01\/Ukrajina-3.webp","type":"image\/jpeg"}],"author":"dmcsrbija.com@gmail.com","twitter_card":"summary_large_image","twitter_misc":{"Written by":"dmcsrbija.com@gmail.com","Estimated reading time":"1 minute"},"schema":{"@context":"https:\/\/schema.org","@graph":[{"@type":"Article","@id":"https:\/\/dmcsrb.com\/svijet\/rekordan-broj-ukrajinaca-prebjegao-u-eu-za-protekle-dvije-godine\/#article","isPartOf":{"@id":"https:\/\/dmcsrb.com\/svijet\/rekordan-broj-ukrajinaca-prebjegao-u-eu-za-protekle-dvije-godine\/"},"author":{"name":"dmcsrbija.com@gmail.com","@id":"https:\/\/dmcsrb.com\/#\/schema\/person\/5c39170f12db1b8b457732d0b5c854e2"},"headline":"Rekordan broj Ukrajinaca prebjegao u EU za protekle dvije godine","datePublished":"2025-11-11T20:28:00+00:00","mainEntityOfPage":{"@id":"https:\/\/dmcsrb.com\/svijet\/rekordan-broj-ukrajinaca-prebjegao-u-eu-za-protekle-dvije-godine\/"},"wordCount":191,"commentCount":0,"image":{"@id":"https:\/\/dmcsrb.com\/svijet\/rekordan-broj-ukrajinaca-prebjegao-u-eu-za-protekle-dvije-godine\/#primaryimage"},"thumbnailUrl":"https:\/\/dmcsrb.com\/wp-content\/uploads\/2026\/01\/Ukrajina-3.webp","keywords":["izbjeglice","rat","Ukrajina"],"articleSection":["Svijet"],"inLanguage":"en-GB","potentialAction":[{"@type":"CommentAction","name":"Comment","target":["https:\/\/dmcsrb.com\/svijet\/rekordan-broj-ukrajinaca-prebjegao-u-eu-za-protekle-dvije-godine\/#respond"]}]},{"@type":"WebPage","@id":"https:\/\/dmcsrb.com\/svijet\/rekordan-broj-ukrajinaca-prebjegao-u-eu-za-protekle-dvije-godine\/","url":"https:\/\/dmcsrb.com\/svijet\/rekordan-broj-ukrajinaca-prebjegao-u-eu-za-protekle-dvije-godine\/","name":"Rekordan broj Ukrajinaca prebjegao u EU za protekle dvije godine - dmcsrb.com","isPartOf":{"@id":"https:\/\/dmcsrb.com\/#website"},"primaryImageOfPage":{"@id":"https:\/\/dmcsrb.com\/svijet\/rekordan-broj-ukrajinaca-prebjegao-u-eu-za-protekle-dvije-godine\/#primaryimage"},"image":{"@id":"https:\/\/dmcsrb.com\/svijet\/rekordan-broj-ukrajinaca-prebjegao-u-eu-za-protekle-dvije-godine\/#primaryimage"},"thumbnailUrl":"https:\/\/dmcsrb.com\/wp-content\/uploads\/2026\/01\/Ukrajina-3.webp","datePublished":"2025-11-11T20:28:00+00:00","author":{"@id":"https:\/\/dmcsrb.com\/#\/schema\/person\/5c39170f12db1b8b457732d0b5c854e2"},"breadcrumb":{"@id":"https:\/\/dmcsrb.com\/svijet\/rekordan-broj-ukrajinaca-prebjegao-u-eu-za-protekle-dvije-godine\/#breadcrumb"},"inLanguage":"en-GB","potentialAction":[{"@type":"ReadAction","target":["https:\/\/dmcsrb.com\/svijet\/rekordan-broj-ukrajinaca-prebjegao-u-eu-za-protekle-dvije-godine\/"]}]},{"@type":"ImageObject","inLanguage":"en-GB","@id":"https:\/\/dmcsrb.com\/svijet\/rekordan-broj-ukrajinaca-prebjegao-u-eu-za-protekle-dvije-godine\/#primaryimage","url":"https:\/\/dmcsrb.com\/wp-content\/uploads\/2026\/01\/Ukrajina-3.webp","contentUrl":"https:\/\/dmcsrb.com\/wp-content\/uploads\/2026\/01\/Ukrajina-3.webp","width":930,"height":525},{"@type":"BreadcrumbList","@id":"https:\/\/dmcsrb.com\/svijet\/rekordan-broj-ukrajinaca-prebjegao-u-eu-za-protekle-dvije-godine\/#breadcrumb","itemListElement":[{"@type":"ListItem","position":1,"name":"Home","item":"https:\/\/dmcsrb.com\/"},{"@type":"ListItem","position":2,"name":"Rekordan broj Ukrajinaca prebjegao u EU za protekle dvije godine"}]},{"@type":"WebSite","@id":"https:\/\/dmcsrb.com\/#website","url":"https:\/\/dmcsrb.com\/","name":"dmcsrb.com","description":"","potentialAction":[{"@type":"SearchAction","target":{"@type":"EntryPoint","urlTemplate":"https:\/\/dmcsrb.com\/?s={search_term_string}"},"query-input":{"@type":"PropertyValueSpecification","valueRequired":true,"valueName":"search_term_string"}}],"inLanguage":"en-GB"},{"@type":"Person","@id":"https:\/\/dmcsrb.com\/#\/schema\/person\/5c39170f12db1b8b457732d0b5c854e2","name":"dmcsrbija.com@gmail.com","image":{"@type":"ImageObject","inLanguage":"en-GB","@id":"https:\/\/dmcsrb.com\/#\/schema\/person\/image\/","url":"https:\/\/secure.gravatar.com\/avatar\/68592660ad6347fad0fb587f8d5d8f1a7b44961362f56e4f2cd524feb87e9069?s=96&d=mm&r=g","contentUrl":"https:\/\/secure.gravatar.com\/avatar\/68592660ad6347fad0fb587f8d5d8f1a7b44961362f56e4f2cd524feb87e9069?s=96&d=mm&r=g","caption":"dmcsrbija.com@gmail.com"},"sameAs":["https:\/\/dmcsrb.com"],"url":"https:\/\/dmcsrb.com\/en\/author\/dmcsrbija-comgmail-com\/"}]}},"_links":{"self":[{"href":"https:\/\/dmcsrb.com\/en\/wp-json\/wp\/v2\/posts\/963248","targetHints":{"allow":["GET"]}}],"collection":[{"href":"https:\/\/dmcsrb.com\/en\/wp-json\/wp\/v2\/posts"}],"about":[{"href":"https:\/\/dmcsrb.com\/en\/wp-json\/wp\/v2\/types\/post"}],"author":[{"embeddable":true,"href":"https:\/\/dmcsrb.com\/en\/wp-json\/wp\/v2\/users\/1"}],"replies":[{"embeddable":true,"href":"https:\/\/dmcsrb.com\/en\/wp-json\/wp\/v2\/comments?post=963248"}],"version-history":[{"count":0,"href":"https:\/\/dmcsrb.com\/en\/wp-json\/wp\/v2\/posts\/963248\/revisions"}],"wp:featuredmedia":[{"embeddable":true,"href":"https:\/\/dmcsrb.com\/en\/wp-json\/wp\/v2\/media\/963249"}],"wp:attachment":[{"href":"https:\/\/dmcsrb.com\/en\/wp-json\/wp\/v2\/media?parent=963248"}],"wp:term":[{"taxonomy":"category","embeddable":true,"href":"https:\/\/dmcsrb.com\/en\/wp-json\/wp\/v2\/categories?post=963248"},{"taxonomy":"post_tag","embeddable":true,"href":"https:\/\/dmcsrb.com\/en\/wp-json\/wp\/v2\/tags?post=963248"},{"taxonomy":"naslovna","embeddable":true,"href":"https:\/\/dmcsrb.com\/en\/wp-json\/wp\/v2\/naslovna?post=963248"}],"curies":[{"name":"wp","href":"https:\/\/api.w.org\/{rel}","templated":true}]}}