{"id":963230,"date":"2025-11-11T19:11:43","date_gmt":"2025-11-11T18:11:43","guid":{"rendered":"https:\/\/dmcsrb.com\/uncategorized\/zagreb-zabranio-ustaske-simbole-slogane-i-poklice\/"},"modified":"2025-11-11T19:11:43","modified_gmt":"2025-11-11T18:11:43","slug":"zagreb-zabranio-ustaske-simbole-slogane-i-poklice","status":"publish","type":"post","link":"https:\/\/dmcsrb.com\/en\/region\/zagreb-zabranio-ustaske-simbole-slogane-i-poklice\/","title":{"rendered":"Zagreb zabranio usta\u0161ke simbole, slogane i pokli\u010de"},"content":{"rendered":"<p><\/p>\n\n\n\n<p>Odluka se odnosi na prostore kojima upravljaju gradske ustanove i trgova\u010dka dru\u0161tva, kao i na sve javne povr\u0161ine za koje Grad izdaje dozvole za odr\u017eavanje doga\u0111aja. Cilj je, poru\u010dili su zastupnici, za\u0161tititi javni prostor od poruka koje poti\u010du mr\u017enju, nasilje i isklju\u010divost.<\/p>\n\n\n\n<h3 class=\"wp-block-heading\">&#8220;Zaklju\u010dak se temelji na antifa\u0161isti\u010dkim vrijednostima&#8221;<\/h3>\n\n\n\n<p>Predsjednica Kluba zastupnika Mo\u017eemo, Iva Iv\u0161i\u0107, istaknula je da se Zaklju\u010dak temelji na antifa\u0161isti\u010dkim vrijednostima Ustava Republike Hrvatske te stajali\u0161tima Ustavnog suda i Evropskog suda za ljudska prava.<\/p>\n\n\n\n<p>&#8220;Ustavni sud je jasno rekao da je \u2018Za dom spremni\u2019 usta\u0161ki pozdrav Nezavisne Dr\u017eave Hrvatske i da nije u skladu s Ustavom, dok je Evropski sud za ljudska prava u predmetu \u0160imuni\u0107 protiv Hrvatske utvrdio da njegova javna upotreba nije za\u0161ti\u0107ena slobodom izra\u017eavanja jer podsti\u010de mr\u017enju&#8221;, podsjetila je Iv\u0161i\u0107.<\/p>\n\n\n\n<p>Naglasila je da se odluka ne odnosi na zabranu umjetnosti, muzike ili slobode izra\u017eavanja, ve\u0107 jasno postavlja granicu definiranu \u010dlankom 39. Ustava RH, koji zabranjuje poticanje na nacionalnu, rasnu ili vjersku mr\u017enju i nasilje.<\/p>\n\n\n\n<h3 class=\"wp-block-heading\">&#8220;Javni prostor mora biti siguran za sve&#8221;<\/h3>\n\n\n\n<p>Iz platforme Mo\u017eemo poru\u010dili su da se ovim Zaklju\u010dkom \u017eeli za\u0161tititi javni prostor od poruka koje razaraju dru\u0161tvenu koheziju. &#8220;U trenutku kad svjedo\u010dimo rastu netrpeljivosti i nasilja prema drugima i druga\u010dijima, du\u017enost nam je za\u0161tititi javni prostor \u2013 jer on pripada svima.<\/p>\n\n\n\n<p>Zagreb mora biti grad u kojem su \u0161kole, vrti\u0107i, kulturni centri i ulice sigurna mjesta, u kojima se odgajaju generacije koje znaju da su po\u0161tovanje, solidarnost i jednakost temelj dobrog dru\u0161tva&#8221;, poru\u010dili su zastupnici.<\/p>\n\n\n\n<h3 class=\"wp-block-heading\">Toma\u0161evi\u0107 ranije: Ako neko smatra da je zaklju\u010dak nezakonit, ima pravne instrumente<\/h3>\n\n\n\n<p>&#8220;U Gradu Zagrebu ne bavimo se time ho\u0107e li koncerta biti ili ne\u0107e, nego onim \u0161to je protivustavno \u2013 a to je usta\u0161ki pozdrav \u2018Za dom spremni\u2019. Ako \u0107e ga biti, to je odluka Tompsona i njegovog menad\u017ementa&#8221;, izjavio je zagreba\u010dki gradona\u010delnik Tomislav Toma\u0161evi\u0107 ranije danas.<\/p>\n\n\n\n<p>Toma\u0161evi\u0107 je dodao da svi koji smatraju da je zaklju\u010dak Gradske skup\u0161tine protivpravan mogu iskoristiti pravne mehanizme da ga ospore.<\/p>\n\n\n\n<p>Podsjetio je da se na Tompsonovom koncertu na do\u010deku rukometa\u0161a na Trgu bana Jela\u010di\u0107a nije koristio nijedan usta\u0161ki pozdrav ni simbol, te da je Grad u dobroj vjeri dozvolio koncert na Hipodromu.<\/p>\n\n\n\n<p>&#8220;Uo\u010di tog koncerta u centru Zagreba pjevale su se usta\u0161ke pjesme pred policijom, a na na\u0161u kritiku policija je odgovorila da je to problem Grada jer smo dozvolili koncert&#8221;, rekao je.<\/p>\n\n\n\n<p>Dodao je da se nakon tog koncerta u Hrvatskom saboru tolerisao isti pozdrav, a da je Prekr\u0161ajni sud oslobodio osobu koja ga je izgovorila u kameru HRT-a, navode\u0107i da je bila rije\u010d o &#8220;euforiji koncerta&#8221;.<\/p>","protected":false},"excerpt":{"rendered":"<p>Gradska skup\u0161tina Grada Zagreba danas je izglasala Zaklju\u010dak kojim se gradona\u010delnik poziva da preduzme sve potrebne mjere kako bi se sprije\u010dilo kori\u0161tenje fa\u0161isti\u010dkih i usta\u0161kih simbola, slogana i pokli\u010da, uklju\u010duju\u0107i &#8220;Za dom spremni&#8221;, na svim javnim povr\u0161inama i doga\u0111ajima pod gradskom nadle\u017eno\u0161\u0107u, pi\u0161e Index.hr..<\/p>","protected":false},"author":1,"featured_media":963231,"comment_status":"open","ping_status":"open","sticky":false,"template":"","format":"standard","meta":{"_acf_changed":false,"footnotes":""},"categories":[103],"tags":[14241,14242,14243,5121],"naslovna":[],"class_list":["post-963230","post","type-post","status-publish","format-standard","has-post-thumbnail","hentry","category-region","tag-poklici","tag-slogani","tag-zabrana-ustaskih-simbola","tag-zagreb"],"acf":[],"yoast_head":"<!-- This site is optimized with the Yoast SEO plugin v27.4 - https:\/\/yoast.com\/product\/yoast-seo-wordpress\/ -->\n<title>Zagreb zabranio usta\u0161ke simbole, slogane i pokli\u010de - dmcsrb.com<\/title>\n<meta name=\"robots\" content=\"index, follow, max-snippet:-1, max-image-preview:large, max-video-preview:-1\" \/>\n<link rel=\"canonical\" href=\"https:\/\/dmcsrb.com\/en\/region\/zagreb-zabranio-ustaske-simbole-slogane-i-poklice\/\" \/>\n<meta property=\"og:locale\" content=\"en_GB\" \/>\n<meta property=\"og:type\" content=\"article\" \/>\n<meta property=\"og:title\" content=\"Zagreb zabranio usta\u0161ke simbole, slogane i pokli\u010de - dmcsrb.com\" \/>\n<meta property=\"og:description\" content=\"Gradska skup\u0161tina Grada Zagreba danas je izglasala Zaklju\u010dak kojim se gradona\u010delnik poziva da preduzme sve potrebne mjere kako bi se sprije\u010dilo kori\u0161tenje fa\u0161isti\u010dkih i usta\u0161kih simbola, slogana i pokli\u010da, uklju\u010duju\u0107i &quot;Za dom spremni&quot;, na svim javnim povr\u0161inama i doga\u0111ajima pod gradskom nadle\u017eno\u0161\u0107u, pi\u0161e Index.hr..\" \/>\n<meta property=\"og:url\" content=\"https:\/\/dmcsrb.com\/en\/region\/zagreb-zabranio-ustaske-simbole-slogane-i-poklice\/\" \/>\n<meta property=\"og:site_name\" content=\"dmcsrb.com\" \/>\n<meta property=\"article:published_time\" content=\"2025-11-11T18:11:43+00:00\" \/>\n<meta property=\"og:image\" content=\"https:\/\/dmcsrb.com\/wp-content\/uploads\/2026\/01\/Capture-40-4.webp\" \/>\n\t<meta property=\"og:image:width\" content=\"684\" \/>\n\t<meta property=\"og:image:height\" content=\"336\" \/>\n\t<meta property=\"og:image:type\" content=\"image\/jpeg\" \/>\n<meta name=\"author\" content=\"dmcsrbija.com@gmail.com\" \/>\n<meta name=\"twitter:card\" content=\"summary_large_image\" \/>\n<meta name=\"twitter:label1\" content=\"Written by\" \/>\n\t<meta name=\"twitter:data1\" content=\"dmcsrbija.com@gmail.com\" \/>\n\t<meta name=\"twitter:label2\" content=\"Estimated reading time\" \/>\n\t<meta name=\"twitter:data2\" content=\"2 minutes\" \/>\n<script type=\"application\/ld+json\" class=\"yoast-schema-graph\">{\"@context\":\"https:\\\/\\\/schema.org\",\"@graph\":[{\"@type\":\"Article\",\"@id\":\"https:\\\/\\\/dmcsrb.com\\\/region\\\/zagreb-zabranio-ustaske-simbole-slogane-i-poklice\\\/#article\",\"isPartOf\":{\"@id\":\"https:\\\/\\\/dmcsrb.com\\\/region\\\/zagreb-zabranio-ustaske-simbole-slogane-i-poklice\\\/\"},\"author\":{\"name\":\"dmcsrbija.com@gmail.com\",\"@id\":\"https:\\\/\\\/dmcsrb.com\\\/#\\\/schema\\\/person\\\/5c39170f12db1b8b457732d0b5c854e2\"},\"headline\":\"Zagreb zabranio usta\u0161ke simbole, slogane i pokli\u010de\",\"datePublished\":\"2025-11-11T18:11:43+00:00\",\"mainEntityOfPage\":{\"@id\":\"https:\\\/\\\/dmcsrb.com\\\/region\\\/zagreb-zabranio-ustaske-simbole-slogane-i-poklice\\\/\"},\"wordCount\":488,\"commentCount\":0,\"image\":{\"@id\":\"https:\\\/\\\/dmcsrb.com\\\/region\\\/zagreb-zabranio-ustaske-simbole-slogane-i-poklice\\\/#primaryimage\"},\"thumbnailUrl\":\"https:\\\/\\\/dmcsrb.com\\\/wp-content\\\/uploads\\\/2026\\\/01\\\/Capture-40-4.webp\",\"keywords\":[\"Pokli\u010di\",\"Slogani\",\"Zabrana usta\u0161kih simbola\",\"Zagreb\"],\"articleSection\":[\"Region\"],\"inLanguage\":\"en-GB\",\"potentialAction\":[{\"@type\":\"CommentAction\",\"name\":\"Comment\",\"target\":[\"https:\\\/\\\/dmcsrb.com\\\/region\\\/zagreb-zabranio-ustaske-simbole-slogane-i-poklice\\\/#respond\"]}]},{\"@type\":\"WebPage\",\"@id\":\"https:\\\/\\\/dmcsrb.com\\\/region\\\/zagreb-zabranio-ustaske-simbole-slogane-i-poklice\\\/\",\"url\":\"https:\\\/\\\/dmcsrb.com\\\/region\\\/zagreb-zabranio-ustaske-simbole-slogane-i-poklice\\\/\",\"name\":\"Zagreb zabranio usta\u0161ke simbole, slogane i pokli\u010de - dmcsrb.com\",\"isPartOf\":{\"@id\":\"https:\\\/\\\/dmcsrb.com\\\/#website\"},\"primaryImageOfPage\":{\"@id\":\"https:\\\/\\\/dmcsrb.com\\\/region\\\/zagreb-zabranio-ustaske-simbole-slogane-i-poklice\\\/#primaryimage\"},\"image\":{\"@id\":\"https:\\\/\\\/dmcsrb.com\\\/region\\\/zagreb-zabranio-ustaske-simbole-slogane-i-poklice\\\/#primaryimage\"},\"thumbnailUrl\":\"https:\\\/\\\/dmcsrb.com\\\/wp-content\\\/uploads\\\/2026\\\/01\\\/Capture-40-4.webp\",\"datePublished\":\"2025-11-11T18:11:43+00:00\",\"author\":{\"@id\":\"https:\\\/\\\/dmcsrb.com\\\/#\\\/schema\\\/person\\\/5c39170f12db1b8b457732d0b5c854e2\"},\"breadcrumb\":{\"@id\":\"https:\\\/\\\/dmcsrb.com\\\/region\\\/zagreb-zabranio-ustaske-simbole-slogane-i-poklice\\\/#breadcrumb\"},\"inLanguage\":\"en-GB\",\"potentialAction\":[{\"@type\":\"ReadAction\",\"target\":[\"https:\\\/\\\/dmcsrb.com\\\/region\\\/zagreb-zabranio-ustaske-simbole-slogane-i-poklice\\\/\"]}]},{\"@type\":\"ImageObject\",\"inLanguage\":\"en-GB\",\"@id\":\"https:\\\/\\\/dmcsrb.com\\\/region\\\/zagreb-zabranio-ustaske-simbole-slogane-i-poklice\\\/#primaryimage\",\"url\":\"https:\\\/\\\/dmcsrb.com\\\/wp-content\\\/uploads\\\/2026\\\/01\\\/Capture-40-4.webp\",\"contentUrl\":\"https:\\\/\\\/dmcsrb.com\\\/wp-content\\\/uploads\\\/2026\\\/01\\\/Capture-40-4.webp\",\"width\":684,\"height\":336},{\"@type\":\"BreadcrumbList\",\"@id\":\"https:\\\/\\\/dmcsrb.com\\\/region\\\/zagreb-zabranio-ustaske-simbole-slogane-i-poklice\\\/#breadcrumb\",\"itemListElement\":[{\"@type\":\"ListItem\",\"position\":1,\"name\":\"Home\",\"item\":\"https:\\\/\\\/dmcsrb.com\\\/\"},{\"@type\":\"ListItem\",\"position\":2,\"name\":\"Zagreb zabranio usta\u0161ke simbole, slogane i pokli\u010de\"}]},{\"@type\":\"WebSite\",\"@id\":\"https:\\\/\\\/dmcsrb.com\\\/#website\",\"url\":\"https:\\\/\\\/dmcsrb.com\\\/\",\"name\":\"dmcsrb.com\",\"description\":\"\",\"potentialAction\":[{\"@type\":\"SearchAction\",\"target\":{\"@type\":\"EntryPoint\",\"urlTemplate\":\"https:\\\/\\\/dmcsrb.com\\\/?s={search_term_string}\"},\"query-input\":{\"@type\":\"PropertyValueSpecification\",\"valueRequired\":true,\"valueName\":\"search_term_string\"}}],\"inLanguage\":\"en-GB\"},{\"@type\":\"Person\",\"@id\":\"https:\\\/\\\/dmcsrb.com\\\/#\\\/schema\\\/person\\\/5c39170f12db1b8b457732d0b5c854e2\",\"name\":\"dmcsrbija.com@gmail.com\",\"image\":{\"@type\":\"ImageObject\",\"inLanguage\":\"en-GB\",\"@id\":\"https:\\\/\\\/secure.gravatar.com\\\/avatar\\\/68592660ad6347fad0fb587f8d5d8f1a7b44961362f56e4f2cd524feb87e9069?s=96&d=mm&r=g\",\"url\":\"https:\\\/\\\/secure.gravatar.com\\\/avatar\\\/68592660ad6347fad0fb587f8d5d8f1a7b44961362f56e4f2cd524feb87e9069?s=96&d=mm&r=g\",\"contentUrl\":\"https:\\\/\\\/secure.gravatar.com\\\/avatar\\\/68592660ad6347fad0fb587f8d5d8f1a7b44961362f56e4f2cd524feb87e9069?s=96&d=mm&r=g\",\"caption\":\"dmcsrbija.com@gmail.com\"},\"sameAs\":[\"https:\\\/\\\/dmcsrb.com\"],\"url\":\"https:\\\/\\\/dmcsrb.com\\\/en\\\/author\\\/dmcsrbija-comgmail-com\\\/\"}]}<\/script>\n<!-- \/ Yoast SEO plugin. -->","yoast_head_json":{"title":"Zagreb zabranio usta\u0161ke simbole, slogane i pokli\u010de - dmcsrb.com","robots":{"index":"index","follow":"follow","max-snippet":"max-snippet:-1","max-image-preview":"max-image-preview:large","max-video-preview":"max-video-preview:-1"},"canonical":"https:\/\/dmcsrb.com\/en\/region\/zagreb-zabranio-ustaske-simbole-slogane-i-poklice\/","og_locale":"en_GB","og_type":"article","og_title":"Zagreb zabranio usta\u0161ke simbole, slogane i pokli\u010de - dmcsrb.com","og_description":"Gradska skup\u0161tina Grada Zagreba danas je izglasala Zaklju\u010dak kojim se gradona\u010delnik poziva da preduzme sve potrebne mjere kako bi se sprije\u010dilo kori\u0161tenje fa\u0161isti\u010dkih i usta\u0161kih simbola, slogana i pokli\u010da, uklju\u010duju\u0107i \"Za dom spremni\", na svim javnim povr\u0161inama i doga\u0111ajima pod gradskom nadle\u017eno\u0161\u0107u, pi\u0161e Index.hr..","og_url":"https:\/\/dmcsrb.com\/en\/region\/zagreb-zabranio-ustaske-simbole-slogane-i-poklice\/","og_site_name":"dmcsrb.com","article_published_time":"2025-11-11T18:11:43+00:00","og_image":[{"width":684,"height":336,"url":"https:\/\/dmcsrb.com\/wp-content\/uploads\/2026\/01\/Capture-40-4.webp","type":"image\/jpeg"}],"author":"dmcsrbija.com@gmail.com","twitter_card":"summary_large_image","twitter_misc":{"Written by":"dmcsrbija.com@gmail.com","Estimated reading time":"2 minutes"},"schema":{"@context":"https:\/\/schema.org","@graph":[{"@type":"Article","@id":"https:\/\/dmcsrb.com\/region\/zagreb-zabranio-ustaske-simbole-slogane-i-poklice\/#article","isPartOf":{"@id":"https:\/\/dmcsrb.com\/region\/zagreb-zabranio-ustaske-simbole-slogane-i-poklice\/"},"author":{"name":"dmcsrbija.com@gmail.com","@id":"https:\/\/dmcsrb.com\/#\/schema\/person\/5c39170f12db1b8b457732d0b5c854e2"},"headline":"Zagreb zabranio usta\u0161ke simbole, slogane i pokli\u010de","datePublished":"2025-11-11T18:11:43+00:00","mainEntityOfPage":{"@id":"https:\/\/dmcsrb.com\/region\/zagreb-zabranio-ustaske-simbole-slogane-i-poklice\/"},"wordCount":488,"commentCount":0,"image":{"@id":"https:\/\/dmcsrb.com\/region\/zagreb-zabranio-ustaske-simbole-slogane-i-poklice\/#primaryimage"},"thumbnailUrl":"https:\/\/dmcsrb.com\/wp-content\/uploads\/2026\/01\/Capture-40-4.webp","keywords":["Pokli\u010di","Slogani","Zabrana usta\u0161kih simbola","Zagreb"],"articleSection":["Region"],"inLanguage":"en-GB","potentialAction":[{"@type":"CommentAction","name":"Comment","target":["https:\/\/dmcsrb.com\/region\/zagreb-zabranio-ustaske-simbole-slogane-i-poklice\/#respond"]}]},{"@type":"WebPage","@id":"https:\/\/dmcsrb.com\/region\/zagreb-zabranio-ustaske-simbole-slogane-i-poklice\/","url":"https:\/\/dmcsrb.com\/region\/zagreb-zabranio-ustaske-simbole-slogane-i-poklice\/","name":"Zagreb zabranio usta\u0161ke simbole, slogane i pokli\u010de - dmcsrb.com","isPartOf":{"@id":"https:\/\/dmcsrb.com\/#website"},"primaryImageOfPage":{"@id":"https:\/\/dmcsrb.com\/region\/zagreb-zabranio-ustaske-simbole-slogane-i-poklice\/#primaryimage"},"image":{"@id":"https:\/\/dmcsrb.com\/region\/zagreb-zabranio-ustaske-simbole-slogane-i-poklice\/#primaryimage"},"thumbnailUrl":"https:\/\/dmcsrb.com\/wp-content\/uploads\/2026\/01\/Capture-40-4.webp","datePublished":"2025-11-11T18:11:43+00:00","author":{"@id":"https:\/\/dmcsrb.com\/#\/schema\/person\/5c39170f12db1b8b457732d0b5c854e2"},"breadcrumb":{"@id":"https:\/\/dmcsrb.com\/region\/zagreb-zabranio-ustaske-simbole-slogane-i-poklice\/#breadcrumb"},"inLanguage":"en-GB","potentialAction":[{"@type":"ReadAction","target":["https:\/\/dmcsrb.com\/region\/zagreb-zabranio-ustaske-simbole-slogane-i-poklice\/"]}]},{"@type":"ImageObject","inLanguage":"en-GB","@id":"https:\/\/dmcsrb.com\/region\/zagreb-zabranio-ustaske-simbole-slogane-i-poklice\/#primaryimage","url":"https:\/\/dmcsrb.com\/wp-content\/uploads\/2026\/01\/Capture-40-4.webp","contentUrl":"https:\/\/dmcsrb.com\/wp-content\/uploads\/2026\/01\/Capture-40-4.webp","width":684,"height":336},{"@type":"BreadcrumbList","@id":"https:\/\/dmcsrb.com\/region\/zagreb-zabranio-ustaske-simbole-slogane-i-poklice\/#breadcrumb","itemListElement":[{"@type":"ListItem","position":1,"name":"Home","item":"https:\/\/dmcsrb.com\/"},{"@type":"ListItem","position":2,"name":"Zagreb zabranio usta\u0161ke simbole, slogane i pokli\u010de"}]},{"@type":"WebSite","@id":"https:\/\/dmcsrb.com\/#website","url":"https:\/\/dmcsrb.com\/","name":"dmcsrb.com","description":"","potentialAction":[{"@type":"SearchAction","target":{"@type":"EntryPoint","urlTemplate":"https:\/\/dmcsrb.com\/?s={search_term_string}"},"query-input":{"@type":"PropertyValueSpecification","valueRequired":true,"valueName":"search_term_string"}}],"inLanguage":"en-GB"},{"@type":"Person","@id":"https:\/\/dmcsrb.com\/#\/schema\/person\/5c39170f12db1b8b457732d0b5c854e2","name":"dmcsrbija.com@gmail.com","image":{"@type":"ImageObject","inLanguage":"en-GB","@id":"https:\/\/secure.gravatar.com\/avatar\/68592660ad6347fad0fb587f8d5d8f1a7b44961362f56e4f2cd524feb87e9069?s=96&d=mm&r=g","url":"https:\/\/secure.gravatar.com\/avatar\/68592660ad6347fad0fb587f8d5d8f1a7b44961362f56e4f2cd524feb87e9069?s=96&d=mm&r=g","contentUrl":"https:\/\/secure.gravatar.com\/avatar\/68592660ad6347fad0fb587f8d5d8f1a7b44961362f56e4f2cd524feb87e9069?s=96&d=mm&r=g","caption":"dmcsrbija.com@gmail.com"},"sameAs":["https:\/\/dmcsrb.com"],"url":"https:\/\/dmcsrb.com\/en\/author\/dmcsrbija-comgmail-com\/"}]}},"_links":{"self":[{"href":"https:\/\/dmcsrb.com\/en\/wp-json\/wp\/v2\/posts\/963230","targetHints":{"allow":["GET"]}}],"collection":[{"href":"https:\/\/dmcsrb.com\/en\/wp-json\/wp\/v2\/posts"}],"about":[{"href":"https:\/\/dmcsrb.com\/en\/wp-json\/wp\/v2\/types\/post"}],"author":[{"embeddable":true,"href":"https:\/\/dmcsrb.com\/en\/wp-json\/wp\/v2\/users\/1"}],"replies":[{"embeddable":true,"href":"https:\/\/dmcsrb.com\/en\/wp-json\/wp\/v2\/comments?post=963230"}],"version-history":[{"count":0,"href":"https:\/\/dmcsrb.com\/en\/wp-json\/wp\/v2\/posts\/963230\/revisions"}],"wp:featuredmedia":[{"embeddable":true,"href":"https:\/\/dmcsrb.com\/en\/wp-json\/wp\/v2\/media\/963231"}],"wp:attachment":[{"href":"https:\/\/dmcsrb.com\/en\/wp-json\/wp\/v2\/media?parent=963230"}],"wp:term":[{"taxonomy":"category","embeddable":true,"href":"https:\/\/dmcsrb.com\/en\/wp-json\/wp\/v2\/categories?post=963230"},{"taxonomy":"post_tag","embeddable":true,"href":"https:\/\/dmcsrb.com\/en\/wp-json\/wp\/v2\/tags?post=963230"},{"taxonomy":"naslovna","embeddable":true,"href":"https:\/\/dmcsrb.com\/en\/wp-json\/wp\/v2\/naslovna?post=963230"}],"curies":[{"name":"wp","href":"https:\/\/api.w.org\/{rel}","templated":true}]}}