{"id":963217,"date":"2025-11-11T18:26:00","date_gmt":"2025-11-11T17:26:00","guid":{"rendered":"https:\/\/dmcsrb.com\/uncategorized\/mrdovic-sredstva-fonda-rada-stabilna-saljemo-poruku-gradjanima-da-drzava-stoji-iza-njih\/"},"modified":"2025-11-11T18:26:00","modified_gmt":"2025-11-11T17:26:00","slug":"mrdovic-sredstva-fonda-rada-stabilna-saljemo-poruku-gradjanima-da-drzava-stoji-iza-njih","status":"publish","type":"post","link":"https:\/\/dmcsrb.com\/en\/drustvo\/mrdovic-sredstva-fonda-rada-stabilna-saljemo-poruku-gradjanima-da-drzava-stoji-iza-njih\/","title":{"rendered":"Mrdovi\u0107: Sredstva Fonda rada stabilna, \u0161aljemo poruku gra\u0111anima da dr\u017eava stoji iza njih"},"content":{"rendered":"<p><\/p>\n\n\n\n<p>\u201cFond rada ima klju\u010dnu ulogu u domenu socijalne za\u0161tite u oblasti koja se ti\u010de za\u0161tita prava zaposlenih u slu\u010daju ste\u010daja kod poslodavaca. Na\u0161a misija je da obezbijedimo protok isplata i da garantujemo isplatu potra\u017eivanja shodno Zakonu o radu i da obezbijedimo nesmetano funkcionisanje svih procedura u Fondu. Kao direktor Fonda na\u0161a kju\u010dna uloga je da budemo sigurna podr\u0161ka na\u0161im gra\u0111anima kada se otvori ste\u010daj i kada se ta lica suo\u010de sa gubitkom posla. \u0160aljemo poruku gra\u0111anima da dr\u017eava stoji iza njih. Fond rada je postao garantni fond za sve na\u0161e gra\u0111ane \u010diji je radni odnos prestao usred ste\u010daja i \u010diji poslodavci ne postoje, kao i za one gra\u0111ane \u010diji su poslodavci u blokadi du\u017ee od 90 dana\u201d, navela je Mrdovi\u0107.<\/p>\n\n\n\n<p>Ona je dodala da je&nbsp;Fond&nbsp; postao nadle\u017ean za uplatu neizmirenih doprinosa tim licima u onom djelu koji je nedostaju\u0107i radi ostvarenja prava na penziju tih lica.<\/p>\n\n\n\n<p>\u201cDr\u017eava je kroz ovo zakonsko rje\u0161enje poslala poruku gra\u0111anima da ni jedan od njih ostane bez prava za penziju zbog nemogu\u0107nosti poslodavca da uplati sta\u017e. Fond rada je ove godine obilje\u017eio 15 godina od osnivanja, 2010. godine nakon osnivanja samo te godine podnijeto 21.987 zahtjeva za isplatu otpremnina, a od tog broja 15.240 zahtjeva je usvojeno kao pozitivno, a prethodnih godina za te namjene je trebalo izdvojiti oko 30 miliona eura. U ovoj godini Fondu rada je podnijet 631 zahtjev za isplatu garantovanih zarada i 116 zahtjeva za uplatu nedostaju\u0107eg doprinosa PIO. Bud\u017eetom za ovu godinu opredjeljeno je oko milion eura\u201d, istakla je Mrdovi\u0107.<\/p>\n\n\n\n<p>Ona je dodala da informisanost radnika treba unaprijediti, radi\u0107e na ve\u0107oj vidljivosti Fonda i promociji na\u0161ih nadle\u017enosti jer zna\u010dajan broj gra\u0111ana nije informisan o njihovim nadle\u017enostima i koja to prava je mogu\u0107e ostvariti pred ovim fondom.<\/p>\n\n\n\n<p>\u201cPlaniramo informativne kampanje u saradnji sa na\u0161im socijalnim partnerima kroz redovno prisustvo u medijima kako bi prezentirali na\u0161e nadle\u017enosti. Sredstva Fonda rada su stabilna, mo\u017ee da se desi da kasnimo sa uplatama ali do ka\u0161njenja dolazi kada neki izdaci nisu planirani bud\u017eetom za tu godinu. Moram da uka\u017eem da je do danas po osnovu doprinosa za Fond rada u bud\u017eet upla\u0107eno pet miliona i 400 hiljada eura, i kad imamo u vidu da je toliki doprinos, a da je bud\u017eetom odre\u0111eno milion eura, jasno je da je Fond odr\u017eiv\u201d, kazala je Mrdovi\u0107.<\/p>\n\n\n\n<p>Istakla je da je Ministarstvo rada njihov klju\u010dni partner i imaju dobru saradnju, kako sa njima tako i sa drugim institucijama.<\/p>\n\n\n\n<p>\u201cDjelimo isti cilj, a to je za\u0161tita prava radnika. Njihova podr\u0161ka nam je veoma zna\u010dajna. Imamo stalnu saradnju koja nam olak\u0161ava rad, kada je u pitanju koordinacija i instucionalna povezanost.<br>Na\u0161i prioriteti za naredni period je ja\u010danje transparentosti rada Fonda, pove\u0107anja stepena vidljivosti na\u0161ih nadle\u017enosti, prezentiranje gra\u0111anima putem informativnih kampanja koja su to prava koja mogu da ostvare. Akcenat bih stavila na pobolj\u0161anje saradnje sa poslovnim partnerima, sindikatima i poslodavcima. Ja\u010danje kadrovskih kapaciteta, Fond se suo\u010dio sa odlivom kadrova, ja\u010danje kadrovskih kapaciteta, to je na\u0161 najve\u0107i kapital. Moj cilj je da Fond rada bude prepoznat kao jedna moderna, servisno orjentisana i uslu\u017ena institucija koja \u0107e biti u mogu\u0107nosti da pru\u017ei usluge kako gra\u0111anima tako i drugim instirtuvijama, Tako\u0111e da bude prepoznata po humanom pristupu gra\u0111anima\u201d, zaklju\u010dila je ona.<\/p>","protected":false},"excerpt":{"rendered":"<p>Direktorica Fonda rada Ana Mrdovi\u0107 kazala je u Info plusu na Adria televiziji da \u0161alju poruku gra\u0111anima da dr\u017eava stoji iza njih, te dodala da su sredstva ovog Fonda stabilna.<\/p>","protected":false},"author":1,"featured_media":963218,"comment_status":"open","ping_status":"open","sticky":false,"template":"","format":"standard","meta":{"_acf_changed":false,"footnotes":""},"categories":[2],"tags":[14230,286,14231,2571,11840],"naslovna":[],"class_list":["post-963217","post","type-post","status-publish","format-standard","has-post-thumbnail","hentry","category-drustvo","tag-ana-mrdovic","tag-drzava","tag-fond-rada","tag-gradjani","tag-sredstva"],"acf":[],"yoast_head":"<!-- This site is optimized with the Yoast SEO plugin v27.4 - https:\/\/yoast.com\/product\/yoast-seo-wordpress\/ -->\n<title>Mrdovi\u0107: Sredstva Fonda rada stabilna, \u0161aljemo poruku gra\u0111anima da dr\u017eava stoji iza njih - dmcsrb.com<\/title>\n<meta name=\"robots\" content=\"index, follow, max-snippet:-1, max-image-preview:large, max-video-preview:-1\" \/>\n<link rel=\"canonical\" href=\"https:\/\/dmcsrb.com\/en\/drustvo\/mrdovic-sredstva-fonda-rada-stabilna-saljemo-poruku-gradjanima-da-drzava-stoji-iza-njih\/\" \/>\n<meta property=\"og:locale\" content=\"en_GB\" \/>\n<meta property=\"og:type\" content=\"article\" \/>\n<meta property=\"og:title\" content=\"Mrdovi\u0107: Sredstva Fonda rada stabilna, \u0161aljemo poruku gra\u0111anima da dr\u017eava stoji iza njih - dmcsrb.com\" \/>\n<meta property=\"og:description\" content=\"Direktorica Fonda rada Ana Mrdovi\u0107 kazala je u Info plusu na Adria televiziji da \u0161alju poruku gra\u0111anima da dr\u017eava stoji iza njih, te dodala da su sredstva ovog Fonda stabilna.\" \/>\n<meta property=\"og:url\" content=\"https:\/\/dmcsrb.com\/en\/drustvo\/mrdovic-sredstva-fonda-rada-stabilna-saljemo-poruku-gradjanima-da-drzava-stoji-iza-njih\/\" \/>\n<meta property=\"og:site_name\" content=\"dmcsrb.com\" \/>\n<meta property=\"article:published_time\" content=\"2025-11-11T17:26:00+00:00\" \/>\n<meta property=\"og:image\" content=\"https:\/\/dmcsrb.com\/wp-content\/uploads\/2026\/01\/mrdovbic-1024x650-1.webp\" \/>\n\t<meta property=\"og:image:width\" content=\"1024\" \/>\n\t<meta property=\"og:image:height\" content=\"650\" \/>\n\t<meta property=\"og:image:type\" content=\"image\/jpeg\" \/>\n<meta name=\"author\" content=\"dmcsrbija.com@gmail.com\" \/>\n<meta name=\"twitter:card\" content=\"summary_large_image\" \/>\n<meta name=\"twitter:label1\" content=\"Written by\" \/>\n\t<meta name=\"twitter:data1\" content=\"dmcsrbija.com@gmail.com\" \/>\n\t<meta name=\"twitter:label2\" content=\"Estimated reading time\" \/>\n\t<meta name=\"twitter:data2\" content=\"3 minutes\" \/>\n<script type=\"application\/ld+json\" class=\"yoast-schema-graph\">{\"@context\":\"https:\\\/\\\/schema.org\",\"@graph\":[{\"@type\":\"Article\",\"@id\":\"https:\\\/\\\/dmcsrb.com\\\/en\\\/drustvo\\\/mrdovic-sredstva-fonda-rada-stabilna-saljemo-poruku-gradjanima-da-drzava-stoji-iza-njih\\\/#article\",\"isPartOf\":{\"@id\":\"https:\\\/\\\/dmcsrb.com\\\/en\\\/drustvo\\\/mrdovic-sredstva-fonda-rada-stabilna-saljemo-poruku-gradjanima-da-drzava-stoji-iza-njih\\\/\"},\"author\":{\"name\":\"dmcsrbija.com@gmail.com\",\"@id\":\"https:\\\/\\\/dmcsrb.com\\\/#\\\/schema\\\/person\\\/5c39170f12db1b8b457732d0b5c854e2\"},\"headline\":\"Mrdovi\u0107: Sredstva Fonda rada stabilna, \u0161aljemo poruku gra\u0111anima da dr\u017eava stoji iza njih\",\"datePublished\":\"2025-11-11T17:26:00+00:00\",\"mainEntityOfPage\":{\"@id\":\"https:\\\/\\\/dmcsrb.com\\\/en\\\/drustvo\\\/mrdovic-sredstva-fonda-rada-stabilna-saljemo-poruku-gradjanima-da-drzava-stoji-iza-njih\\\/\"},\"wordCount\":610,\"commentCount\":0,\"image\":{\"@id\":\"https:\\\/\\\/dmcsrb.com\\\/en\\\/drustvo\\\/mrdovic-sredstva-fonda-rada-stabilna-saljemo-poruku-gradjanima-da-drzava-stoji-iza-njih\\\/#primaryimage\"},\"thumbnailUrl\":\"https:\\\/\\\/dmcsrb.com\\\/wp-content\\\/uploads\\\/2026\\\/01\\\/mrdovbic-1024x650-1.webp\",\"keywords\":[\"Ana Mrdovi\u0107\",\"dr\u017eava\",\"Fond rada\",\"gra\u0111ani\",\"Sredstva\"],\"articleSection\":[\"Dru\u0161tvo\"],\"inLanguage\":\"en-GB\",\"potentialAction\":[{\"@type\":\"CommentAction\",\"name\":\"Comment\",\"target\":[\"https:\\\/\\\/dmcsrb.com\\\/en\\\/drustvo\\\/mrdovic-sredstva-fonda-rada-stabilna-saljemo-poruku-gradjanima-da-drzava-stoji-iza-njih\\\/#respond\"]}]},{\"@type\":\"WebPage\",\"@id\":\"https:\\\/\\\/dmcsrb.com\\\/en\\\/drustvo\\\/mrdovic-sredstva-fonda-rada-stabilna-saljemo-poruku-gradjanima-da-drzava-stoji-iza-njih\\\/\",\"url\":\"https:\\\/\\\/dmcsrb.com\\\/en\\\/drustvo\\\/mrdovic-sredstva-fonda-rada-stabilna-saljemo-poruku-gradjanima-da-drzava-stoji-iza-njih\\\/\",\"name\":\"Mrdovi\u0107: Sredstva Fonda rada stabilna, \u0161aljemo poruku gra\u0111anima da dr\u017eava stoji iza njih - dmcsrb.com\",\"isPartOf\":{\"@id\":\"https:\\\/\\\/dmcsrb.com\\\/#website\"},\"primaryImageOfPage\":{\"@id\":\"https:\\\/\\\/dmcsrb.com\\\/en\\\/drustvo\\\/mrdovic-sredstva-fonda-rada-stabilna-saljemo-poruku-gradjanima-da-drzava-stoji-iza-njih\\\/#primaryimage\"},\"image\":{\"@id\":\"https:\\\/\\\/dmcsrb.com\\\/en\\\/drustvo\\\/mrdovic-sredstva-fonda-rada-stabilna-saljemo-poruku-gradjanima-da-drzava-stoji-iza-njih\\\/#primaryimage\"},\"thumbnailUrl\":\"https:\\\/\\\/dmcsrb.com\\\/wp-content\\\/uploads\\\/2026\\\/01\\\/mrdovbic-1024x650-1.webp\",\"datePublished\":\"2025-11-11T17:26:00+00:00\",\"author\":{\"@id\":\"https:\\\/\\\/dmcsrb.com\\\/#\\\/schema\\\/person\\\/5c39170f12db1b8b457732d0b5c854e2\"},\"breadcrumb\":{\"@id\":\"https:\\\/\\\/dmcsrb.com\\\/en\\\/drustvo\\\/mrdovic-sredstva-fonda-rada-stabilna-saljemo-poruku-gradjanima-da-drzava-stoji-iza-njih\\\/#breadcrumb\"},\"inLanguage\":\"en-GB\",\"potentialAction\":[{\"@type\":\"ReadAction\",\"target\":[\"https:\\\/\\\/dmcsrb.com\\\/en\\\/drustvo\\\/mrdovic-sredstva-fonda-rada-stabilna-saljemo-poruku-gradjanima-da-drzava-stoji-iza-njih\\\/\"]}]},{\"@type\":\"ImageObject\",\"inLanguage\":\"en-GB\",\"@id\":\"https:\\\/\\\/dmcsrb.com\\\/en\\\/drustvo\\\/mrdovic-sredstva-fonda-rada-stabilna-saljemo-poruku-gradjanima-da-drzava-stoji-iza-njih\\\/#primaryimage\",\"url\":\"https:\\\/\\\/dmcsrb.com\\\/wp-content\\\/uploads\\\/2026\\\/01\\\/mrdovbic-1024x650-1.webp\",\"contentUrl\":\"https:\\\/\\\/dmcsrb.com\\\/wp-content\\\/uploads\\\/2026\\\/01\\\/mrdovbic-1024x650-1.webp\",\"width\":1024,\"height\":650},{\"@type\":\"BreadcrumbList\",\"@id\":\"https:\\\/\\\/dmcsrb.com\\\/en\\\/drustvo\\\/mrdovic-sredstva-fonda-rada-stabilna-saljemo-poruku-gradjanima-da-drzava-stoji-iza-njih\\\/#breadcrumb\",\"itemListElement\":[{\"@type\":\"ListItem\",\"position\":1,\"name\":\"Home\",\"item\":\"https:\\\/\\\/dmcsrb.com\\\/\"},{\"@type\":\"ListItem\",\"position\":2,\"name\":\"Mrdovi\u0107: Sredstva Fonda rada stabilna, \u0161aljemo poruku gra\u0111anima da dr\u017eava stoji iza njih\"}]},{\"@type\":\"WebSite\",\"@id\":\"https:\\\/\\\/dmcsrb.com\\\/#website\",\"url\":\"https:\\\/\\\/dmcsrb.com\\\/\",\"name\":\"dmcsrb.com\",\"description\":\"\",\"potentialAction\":[{\"@type\":\"SearchAction\",\"target\":{\"@type\":\"EntryPoint\",\"urlTemplate\":\"https:\\\/\\\/dmcsrb.com\\\/?s={search_term_string}\"},\"query-input\":{\"@type\":\"PropertyValueSpecification\",\"valueRequired\":true,\"valueName\":\"search_term_string\"}}],\"inLanguage\":\"en-GB\"},{\"@type\":\"Person\",\"@id\":\"https:\\\/\\\/dmcsrb.com\\\/#\\\/schema\\\/person\\\/5c39170f12db1b8b457732d0b5c854e2\",\"name\":\"dmcsrbija.com@gmail.com\",\"image\":{\"@type\":\"ImageObject\",\"inLanguage\":\"en-GB\",\"@id\":\"https:\\\/\\\/secure.gravatar.com\\\/avatar\\\/68592660ad6347fad0fb587f8d5d8f1a7b44961362f56e4f2cd524feb87e9069?s=96&d=mm&r=g\",\"url\":\"https:\\\/\\\/secure.gravatar.com\\\/avatar\\\/68592660ad6347fad0fb587f8d5d8f1a7b44961362f56e4f2cd524feb87e9069?s=96&d=mm&r=g\",\"contentUrl\":\"https:\\\/\\\/secure.gravatar.com\\\/avatar\\\/68592660ad6347fad0fb587f8d5d8f1a7b44961362f56e4f2cd524feb87e9069?s=96&d=mm&r=g\",\"caption\":\"dmcsrbija.com@gmail.com\"},\"sameAs\":[\"https:\\\/\\\/dmcsrb.com\"],\"url\":\"https:\\\/\\\/dmcsrb.com\\\/en\\\/author\\\/dmcsrbija-comgmail-com\\\/\"}]}<\/script>\n<!-- \/ Yoast SEO plugin. -->","yoast_head_json":{"title":"Mrdovi\u0107: Sredstva Fonda rada stabilna, \u0161aljemo poruku gra\u0111anima da dr\u017eava stoji iza njih - dmcsrb.com","robots":{"index":"index","follow":"follow","max-snippet":"max-snippet:-1","max-image-preview":"max-image-preview:large","max-video-preview":"max-video-preview:-1"},"canonical":"https:\/\/dmcsrb.com\/en\/drustvo\/mrdovic-sredstva-fonda-rada-stabilna-saljemo-poruku-gradjanima-da-drzava-stoji-iza-njih\/","og_locale":"en_GB","og_type":"article","og_title":"Mrdovi\u0107: Sredstva Fonda rada stabilna, \u0161aljemo poruku gra\u0111anima da dr\u017eava stoji iza njih - dmcsrb.com","og_description":"Direktorica Fonda rada Ana Mrdovi\u0107 kazala je u Info plusu na Adria televiziji da \u0161alju poruku gra\u0111anima da dr\u017eava stoji iza njih, te dodala da su sredstva ovog Fonda stabilna.","og_url":"https:\/\/dmcsrb.com\/en\/drustvo\/mrdovic-sredstva-fonda-rada-stabilna-saljemo-poruku-gradjanima-da-drzava-stoji-iza-njih\/","og_site_name":"dmcsrb.com","article_published_time":"2025-11-11T17:26:00+00:00","og_image":[{"width":1024,"height":650,"url":"https:\/\/dmcsrb.com\/wp-content\/uploads\/2026\/01\/mrdovbic-1024x650-1.webp","type":"image\/jpeg"}],"author":"dmcsrbija.com@gmail.com","twitter_card":"summary_large_image","twitter_misc":{"Written by":"dmcsrbija.com@gmail.com","Estimated reading time":"3 minutes"},"schema":{"@context":"https:\/\/schema.org","@graph":[{"@type":"Article","@id":"https:\/\/dmcsrb.com\/en\/drustvo\/mrdovic-sredstva-fonda-rada-stabilna-saljemo-poruku-gradjanima-da-drzava-stoji-iza-njih\/#article","isPartOf":{"@id":"https:\/\/dmcsrb.com\/en\/drustvo\/mrdovic-sredstva-fonda-rada-stabilna-saljemo-poruku-gradjanima-da-drzava-stoji-iza-njih\/"},"author":{"name":"dmcsrbija.com@gmail.com","@id":"https:\/\/dmcsrb.com\/#\/schema\/person\/5c39170f12db1b8b457732d0b5c854e2"},"headline":"Mrdovi\u0107: Sredstva Fonda rada stabilna, \u0161aljemo poruku gra\u0111anima da dr\u017eava stoji iza njih","datePublished":"2025-11-11T17:26:00+00:00","mainEntityOfPage":{"@id":"https:\/\/dmcsrb.com\/en\/drustvo\/mrdovic-sredstva-fonda-rada-stabilna-saljemo-poruku-gradjanima-da-drzava-stoji-iza-njih\/"},"wordCount":610,"commentCount":0,"image":{"@id":"https:\/\/dmcsrb.com\/en\/drustvo\/mrdovic-sredstva-fonda-rada-stabilna-saljemo-poruku-gradjanima-da-drzava-stoji-iza-njih\/#primaryimage"},"thumbnailUrl":"https:\/\/dmcsrb.com\/wp-content\/uploads\/2026\/01\/mrdovbic-1024x650-1.webp","keywords":["Ana Mrdovi\u0107","dr\u017eava","Fond rada","gra\u0111ani","Sredstva"],"articleSection":["Dru\u0161tvo"],"inLanguage":"en-GB","potentialAction":[{"@type":"CommentAction","name":"Comment","target":["https:\/\/dmcsrb.com\/en\/drustvo\/mrdovic-sredstva-fonda-rada-stabilna-saljemo-poruku-gradjanima-da-drzava-stoji-iza-njih\/#respond"]}]},{"@type":"WebPage","@id":"https:\/\/dmcsrb.com\/en\/drustvo\/mrdovic-sredstva-fonda-rada-stabilna-saljemo-poruku-gradjanima-da-drzava-stoji-iza-njih\/","url":"https:\/\/dmcsrb.com\/en\/drustvo\/mrdovic-sredstva-fonda-rada-stabilna-saljemo-poruku-gradjanima-da-drzava-stoji-iza-njih\/","name":"Mrdovi\u0107: Sredstva Fonda rada stabilna, \u0161aljemo poruku gra\u0111anima da dr\u017eava stoji iza njih - dmcsrb.com","isPartOf":{"@id":"https:\/\/dmcsrb.com\/#website"},"primaryImageOfPage":{"@id":"https:\/\/dmcsrb.com\/en\/drustvo\/mrdovic-sredstva-fonda-rada-stabilna-saljemo-poruku-gradjanima-da-drzava-stoji-iza-njih\/#primaryimage"},"image":{"@id":"https:\/\/dmcsrb.com\/en\/drustvo\/mrdovic-sredstva-fonda-rada-stabilna-saljemo-poruku-gradjanima-da-drzava-stoji-iza-njih\/#primaryimage"},"thumbnailUrl":"https:\/\/dmcsrb.com\/wp-content\/uploads\/2026\/01\/mrdovbic-1024x650-1.webp","datePublished":"2025-11-11T17:26:00+00:00","author":{"@id":"https:\/\/dmcsrb.com\/#\/schema\/person\/5c39170f12db1b8b457732d0b5c854e2"},"breadcrumb":{"@id":"https:\/\/dmcsrb.com\/en\/drustvo\/mrdovic-sredstva-fonda-rada-stabilna-saljemo-poruku-gradjanima-da-drzava-stoji-iza-njih\/#breadcrumb"},"inLanguage":"en-GB","potentialAction":[{"@type":"ReadAction","target":["https:\/\/dmcsrb.com\/en\/drustvo\/mrdovic-sredstva-fonda-rada-stabilna-saljemo-poruku-gradjanima-da-drzava-stoji-iza-njih\/"]}]},{"@type":"ImageObject","inLanguage":"en-GB","@id":"https:\/\/dmcsrb.com\/en\/drustvo\/mrdovic-sredstva-fonda-rada-stabilna-saljemo-poruku-gradjanima-da-drzava-stoji-iza-njih\/#primaryimage","url":"https:\/\/dmcsrb.com\/wp-content\/uploads\/2026\/01\/mrdovbic-1024x650-1.webp","contentUrl":"https:\/\/dmcsrb.com\/wp-content\/uploads\/2026\/01\/mrdovbic-1024x650-1.webp","width":1024,"height":650},{"@type":"BreadcrumbList","@id":"https:\/\/dmcsrb.com\/en\/drustvo\/mrdovic-sredstva-fonda-rada-stabilna-saljemo-poruku-gradjanima-da-drzava-stoji-iza-njih\/#breadcrumb","itemListElement":[{"@type":"ListItem","position":1,"name":"Home","item":"https:\/\/dmcsrb.com\/"},{"@type":"ListItem","position":2,"name":"Mrdovi\u0107: Sredstva Fonda rada stabilna, \u0161aljemo poruku gra\u0111anima da dr\u017eava stoji iza njih"}]},{"@type":"WebSite","@id":"https:\/\/dmcsrb.com\/#website","url":"https:\/\/dmcsrb.com\/","name":"dmcsrb.com","description":"","potentialAction":[{"@type":"SearchAction","target":{"@type":"EntryPoint","urlTemplate":"https:\/\/dmcsrb.com\/?s={search_term_string}"},"query-input":{"@type":"PropertyValueSpecification","valueRequired":true,"valueName":"search_term_string"}}],"inLanguage":"en-GB"},{"@type":"Person","@id":"https:\/\/dmcsrb.com\/#\/schema\/person\/5c39170f12db1b8b457732d0b5c854e2","name":"dmcsrbija.com@gmail.com","image":{"@type":"ImageObject","inLanguage":"en-GB","@id":"https:\/\/secure.gravatar.com\/avatar\/68592660ad6347fad0fb587f8d5d8f1a7b44961362f56e4f2cd524feb87e9069?s=96&d=mm&r=g","url":"https:\/\/secure.gravatar.com\/avatar\/68592660ad6347fad0fb587f8d5d8f1a7b44961362f56e4f2cd524feb87e9069?s=96&d=mm&r=g","contentUrl":"https:\/\/secure.gravatar.com\/avatar\/68592660ad6347fad0fb587f8d5d8f1a7b44961362f56e4f2cd524feb87e9069?s=96&d=mm&r=g","caption":"dmcsrbija.com@gmail.com"},"sameAs":["https:\/\/dmcsrb.com"],"url":"https:\/\/dmcsrb.com\/en\/author\/dmcsrbija-comgmail-com\/"}]}},"_links":{"self":[{"href":"https:\/\/dmcsrb.com\/en\/wp-json\/wp\/v2\/posts\/963217","targetHints":{"allow":["GET"]}}],"collection":[{"href":"https:\/\/dmcsrb.com\/en\/wp-json\/wp\/v2\/posts"}],"about":[{"href":"https:\/\/dmcsrb.com\/en\/wp-json\/wp\/v2\/types\/post"}],"author":[{"embeddable":true,"href":"https:\/\/dmcsrb.com\/en\/wp-json\/wp\/v2\/users\/1"}],"replies":[{"embeddable":true,"href":"https:\/\/dmcsrb.com\/en\/wp-json\/wp\/v2\/comments?post=963217"}],"version-history":[{"count":0,"href":"https:\/\/dmcsrb.com\/en\/wp-json\/wp\/v2\/posts\/963217\/revisions"}],"wp:featuredmedia":[{"embeddable":true,"href":"https:\/\/dmcsrb.com\/en\/wp-json\/wp\/v2\/media\/963218"}],"wp:attachment":[{"href":"https:\/\/dmcsrb.com\/en\/wp-json\/wp\/v2\/media?parent=963217"}],"wp:term":[{"taxonomy":"category","embeddable":true,"href":"https:\/\/dmcsrb.com\/en\/wp-json\/wp\/v2\/categories?post=963217"},{"taxonomy":"post_tag","embeddable":true,"href":"https:\/\/dmcsrb.com\/en\/wp-json\/wp\/v2\/tags?post=963217"},{"taxonomy":"naslovna","embeddable":true,"href":"https:\/\/dmcsrb.com\/en\/wp-json\/wp\/v2\/naslovna?post=963217"}],"curies":[{"name":"wp","href":"https:\/\/api.w.org\/{rel}","templated":true}]}}