{"id":963194,"date":"2025-11-11T17:24:00","date_gmt":"2025-11-11T16:24:00","guid":{"rendered":"https:\/\/dmcsrb.com\/uncategorized\/avio-linija-tivat-barselona-krece-vec-od-31-marta-karte-su-u-prodaji\/"},"modified":"2025-11-11T17:24:00","modified_gmt":"2025-11-11T16:24:00","slug":"avio-linija-tivat-barselona-krece-vec-od-31-marta-karte-su-u-prodaji","status":"publish","type":"post","link":"https:\/\/dmcsrb.com\/en\/drustvo\/avio-linija-tivat-barselona-krece-vec-od-31-marta-karte-su-u-prodaji\/","title":{"rendered":"Avio-linija Tivat-Barselona kre\u0107e ve\u0107 od 31. marta, karte su u prodaji"},"content":{"rendered":"<p><strong>\u201cTo zna\u010di da \u0107emo biti povezani sa \u0160panijom svih sedam mjeseci &#8211; koliko traje ljetnja sezona u avijaciji\u201d<\/strong>, objasnio je izvr\u0161ni direktor ACG, Roko Toli\u0107.<\/p>\n\n\n\n<p>Zna\u010daj i potencijal ove avio-linije se vidi, izme\u0111u ostalog, i po tome \u0161to su putnici iz Crne Gore tokom ovoga ljeta masovno koristili vi\u0161e konekcija koje im se nude po slijetanju u Barselonu.<\/p>\n\n\n\n<p>\u201eNa\u0161i gra\u0111ani su, po podacima Vuelinga, \u010desto koristili letove iz Tivta do Barselone da bi stigli na Tenerife, u Lisabon i Nicu. Dakle, letom iz Tivta, uz brzo presijedanje u Barseloni, vi ste nadomak Kanarskih ostrva, ali i Portugala i Francuske\u201c, obja\u0161njava Toli\u0107.<\/p>\n\n\n\n<p>On je podsjetio da \u0107e Tivat, uz Barselonu, od naredne ljetnje sezone prvi put biti povezan i sa Madridom (Iberia).<\/p>\n\n\n\n<p>Ovaj dogovor je rezultat saradnje Aerodroma Crne Gore i grupacije IAG, u \u010dijem vlasni\u0161tvu su, uz Iberiju i Vueling, jo\u0161 i Aer Lingus, Level i British Airways.<\/p>","protected":false},"excerpt":{"rendered":"<p>\u0160panska nisko-bud\u017eetna avio-kompanija, Vueling \u0107e od naredne sezone letjeti na liniji Tivat \u2013 Barselona ve\u0107 od 31. marta \u2013 tri mjeseca ranije u odnosu na ovu godinu, dogovoreno je na sastanku uprave Aerodroma Crne Gore sa kolegama iz \u0160panije koji je odr\u017ean u Barseloni. Karte su ve\u0107 u prodaji.<\/p>","protected":false},"author":1,"featured_media":963195,"comment_status":"open","ping_status":"open","sticky":false,"template":"","format":"standard","meta":{"_acf_changed":false,"footnotes":""},"categories":[2],"tags":[10136,637,460],"naslovna":[],"class_list":["post-963194","post","type-post","status-publish","format-standard","has-post-thumbnail","hentry","category-drustvo","tag-avio-linija","tag-barselona","tag-tivat"],"acf":[],"yoast_head":"<!-- This site is optimized with the Yoast SEO plugin v27.4 - https:\/\/yoast.com\/product\/yoast-seo-wordpress\/ -->\n<title>Avio-linija Tivat-Barselona kre\u0107e ve\u0107 od 31. marta, karte su u prodaji - dmcsrb.com<\/title>\n<meta name=\"robots\" content=\"index, follow, max-snippet:-1, max-image-preview:large, max-video-preview:-1\" \/>\n<link rel=\"canonical\" href=\"https:\/\/dmcsrb.com\/en\/drustvo\/avio-linija-tivat-barselona-krece-vec-od-31-marta-karte-su-u-prodaji\/\" \/>\n<meta property=\"og:locale\" content=\"en_GB\" \/>\n<meta property=\"og:type\" content=\"article\" \/>\n<meta property=\"og:title\" content=\"Avio-linija Tivat-Barselona kre\u0107e ve\u0107 od 31. marta, karte su u prodaji - dmcsrb.com\" \/>\n<meta property=\"og:description\" content=\"\u0160panska nisko-bud\u017eetna avio-kompanija, Vueling \u0107e od naredne sezone letjeti na liniji Tivat \u2013 Barselona ve\u0107 od 31. marta \u2013 tri mjeseca ranije u odnosu na ovu godinu, dogovoreno je na sastanku uprave Aerodroma Crne Gore sa kolegama iz \u0160panije koji je odr\u017ean u Barseloni. Karte su ve\u0107 u prodaji.\" \/>\n<meta property=\"og:url\" content=\"https:\/\/dmcsrb.com\/en\/drustvo\/avio-linija-tivat-barselona-krece-vec-od-31-marta-karte-su-u-prodaji\/\" \/>\n<meta property=\"og:site_name\" content=\"dmcsrb.com\" \/>\n<meta property=\"article:published_time\" content=\"2025-11-11T16:24:00+00:00\" \/>\n<meta property=\"og:image\" content=\"https:\/\/dmcsrb.com\/wp-content\/uploads\/2026\/01\/Vueling-scaled-1.webp\" \/>\n\t<meta property=\"og:image:width\" content=\"2560\" \/>\n\t<meta property=\"og:image:height\" content=\"1490\" \/>\n\t<meta property=\"og:image:type\" content=\"image\/jpeg\" \/>\n<meta name=\"author\" content=\"dmcsrbija.com@gmail.com\" \/>\n<meta name=\"twitter:card\" content=\"summary_large_image\" \/>\n<meta name=\"twitter:label1\" content=\"Written by\" \/>\n\t<meta name=\"twitter:data1\" content=\"dmcsrbija.com@gmail.com\" \/>\n\t<meta name=\"twitter:label2\" content=\"Estimated reading time\" \/>\n\t<meta name=\"twitter:data2\" content=\"1 minute\" \/>\n<script type=\"application\/ld+json\" class=\"yoast-schema-graph\">{\"@context\":\"https:\\\/\\\/schema.org\",\"@graph\":[{\"@type\":\"Article\",\"@id\":\"https:\\\/\\\/dmcsrb.com\\\/drustvo\\\/avio-linija-tivat-barselona-krece-vec-od-31-marta-karte-su-u-prodaji\\\/#article\",\"isPartOf\":{\"@id\":\"https:\\\/\\\/dmcsrb.com\\\/drustvo\\\/avio-linija-tivat-barselona-krece-vec-od-31-marta-karte-su-u-prodaji\\\/\"},\"author\":{\"name\":\"dmcsrbija.com@gmail.com\",\"@id\":\"https:\\\/\\\/dmcsrb.com\\\/#\\\/schema\\\/person\\\/5c39170f12db1b8b457732d0b5c854e2\"},\"headline\":\"Avio-linija Tivat-Barselona kre\u0107e ve\u0107 od 31. marta, karte su u prodaji\",\"datePublished\":\"2025-11-11T16:24:00+00:00\",\"mainEntityOfPage\":{\"@id\":\"https:\\\/\\\/dmcsrb.com\\\/drustvo\\\/avio-linija-tivat-barselona-krece-vec-od-31-marta-karte-su-u-prodaji\\\/\"},\"wordCount\":168,\"commentCount\":0,\"image\":{\"@id\":\"https:\\\/\\\/dmcsrb.com\\\/drustvo\\\/avio-linija-tivat-barselona-krece-vec-od-31-marta-karte-su-u-prodaji\\\/#primaryimage\"},\"thumbnailUrl\":\"https:\\\/\\\/dmcsrb.com\\\/wp-content\\\/uploads\\\/2026\\\/01\\\/Vueling-scaled-1.webp\",\"keywords\":[\"avio-linija\",\"Barselona\",\"Tivat\"],\"articleSection\":[\"Dru\u0161tvo\"],\"inLanguage\":\"en-GB\",\"potentialAction\":[{\"@type\":\"CommentAction\",\"name\":\"Comment\",\"target\":[\"https:\\\/\\\/dmcsrb.com\\\/drustvo\\\/avio-linija-tivat-barselona-krece-vec-od-31-marta-karte-su-u-prodaji\\\/#respond\"]}]},{\"@type\":\"WebPage\",\"@id\":\"https:\\\/\\\/dmcsrb.com\\\/drustvo\\\/avio-linija-tivat-barselona-krece-vec-od-31-marta-karte-su-u-prodaji\\\/\",\"url\":\"https:\\\/\\\/dmcsrb.com\\\/drustvo\\\/avio-linija-tivat-barselona-krece-vec-od-31-marta-karte-su-u-prodaji\\\/\",\"name\":\"Avio-linija Tivat-Barselona kre\u0107e ve\u0107 od 31. marta, karte su u prodaji - dmcsrb.com\",\"isPartOf\":{\"@id\":\"https:\\\/\\\/dmcsrb.com\\\/#website\"},\"primaryImageOfPage\":{\"@id\":\"https:\\\/\\\/dmcsrb.com\\\/drustvo\\\/avio-linija-tivat-barselona-krece-vec-od-31-marta-karte-su-u-prodaji\\\/#primaryimage\"},\"image\":{\"@id\":\"https:\\\/\\\/dmcsrb.com\\\/drustvo\\\/avio-linija-tivat-barselona-krece-vec-od-31-marta-karte-su-u-prodaji\\\/#primaryimage\"},\"thumbnailUrl\":\"https:\\\/\\\/dmcsrb.com\\\/wp-content\\\/uploads\\\/2026\\\/01\\\/Vueling-scaled-1.webp\",\"datePublished\":\"2025-11-11T16:24:00+00:00\",\"author\":{\"@id\":\"https:\\\/\\\/dmcsrb.com\\\/#\\\/schema\\\/person\\\/5c39170f12db1b8b457732d0b5c854e2\"},\"breadcrumb\":{\"@id\":\"https:\\\/\\\/dmcsrb.com\\\/drustvo\\\/avio-linija-tivat-barselona-krece-vec-od-31-marta-karte-su-u-prodaji\\\/#breadcrumb\"},\"inLanguage\":\"en-GB\",\"potentialAction\":[{\"@type\":\"ReadAction\",\"target\":[\"https:\\\/\\\/dmcsrb.com\\\/drustvo\\\/avio-linija-tivat-barselona-krece-vec-od-31-marta-karte-su-u-prodaji\\\/\"]}]},{\"@type\":\"ImageObject\",\"inLanguage\":\"en-GB\",\"@id\":\"https:\\\/\\\/dmcsrb.com\\\/drustvo\\\/avio-linija-tivat-barselona-krece-vec-od-31-marta-karte-su-u-prodaji\\\/#primaryimage\",\"url\":\"https:\\\/\\\/dmcsrb.com\\\/wp-content\\\/uploads\\\/2026\\\/01\\\/Vueling-scaled-1.webp\",\"contentUrl\":\"https:\\\/\\\/dmcsrb.com\\\/wp-content\\\/uploads\\\/2026\\\/01\\\/Vueling-scaled-1.webp\",\"width\":2560,\"height\":1490},{\"@type\":\"BreadcrumbList\",\"@id\":\"https:\\\/\\\/dmcsrb.com\\\/drustvo\\\/avio-linija-tivat-barselona-krece-vec-od-31-marta-karte-su-u-prodaji\\\/#breadcrumb\",\"itemListElement\":[{\"@type\":\"ListItem\",\"position\":1,\"name\":\"Home\",\"item\":\"https:\\\/\\\/dmcsrb.com\\\/\"},{\"@type\":\"ListItem\",\"position\":2,\"name\":\"Avio-linija Tivat-Barselona kre\u0107e ve\u0107 od 31. marta, karte su u prodaji\"}]},{\"@type\":\"WebSite\",\"@id\":\"https:\\\/\\\/dmcsrb.com\\\/#website\",\"url\":\"https:\\\/\\\/dmcsrb.com\\\/\",\"name\":\"dmcsrb.com\",\"description\":\"\",\"potentialAction\":[{\"@type\":\"SearchAction\",\"target\":{\"@type\":\"EntryPoint\",\"urlTemplate\":\"https:\\\/\\\/dmcsrb.com\\\/?s={search_term_string}\"},\"query-input\":{\"@type\":\"PropertyValueSpecification\",\"valueRequired\":true,\"valueName\":\"search_term_string\"}}],\"inLanguage\":\"en-GB\"},{\"@type\":\"Person\",\"@id\":\"https:\\\/\\\/dmcsrb.com\\\/#\\\/schema\\\/person\\\/5c39170f12db1b8b457732d0b5c854e2\",\"name\":\"dmcsrbija.com@gmail.com\",\"image\":{\"@type\":\"ImageObject\",\"inLanguage\":\"en-GB\",\"@id\":\"https:\\\/\\\/secure.gravatar.com\\\/avatar\\\/68592660ad6347fad0fb587f8d5d8f1a7b44961362f56e4f2cd524feb87e9069?s=96&d=mm&r=g\",\"url\":\"https:\\\/\\\/secure.gravatar.com\\\/avatar\\\/68592660ad6347fad0fb587f8d5d8f1a7b44961362f56e4f2cd524feb87e9069?s=96&d=mm&r=g\",\"contentUrl\":\"https:\\\/\\\/secure.gravatar.com\\\/avatar\\\/68592660ad6347fad0fb587f8d5d8f1a7b44961362f56e4f2cd524feb87e9069?s=96&d=mm&r=g\",\"caption\":\"dmcsrbija.com@gmail.com\"},\"sameAs\":[\"https:\\\/\\\/dmcsrb.com\"],\"url\":\"https:\\\/\\\/dmcsrb.com\\\/en\\\/author\\\/dmcsrbija-comgmail-com\\\/\"}]}<\/script>\n<!-- \/ Yoast SEO plugin. -->","yoast_head_json":{"title":"Avio-linija Tivat-Barselona kre\u0107e ve\u0107 od 31. marta, karte su u prodaji - dmcsrb.com","robots":{"index":"index","follow":"follow","max-snippet":"max-snippet:-1","max-image-preview":"max-image-preview:large","max-video-preview":"max-video-preview:-1"},"canonical":"https:\/\/dmcsrb.com\/en\/drustvo\/avio-linija-tivat-barselona-krece-vec-od-31-marta-karte-su-u-prodaji\/","og_locale":"en_GB","og_type":"article","og_title":"Avio-linija Tivat-Barselona kre\u0107e ve\u0107 od 31. marta, karte su u prodaji - dmcsrb.com","og_description":"\u0160panska nisko-bud\u017eetna avio-kompanija, Vueling \u0107e od naredne sezone letjeti na liniji Tivat \u2013 Barselona ve\u0107 od 31. marta \u2013 tri mjeseca ranije u odnosu na ovu godinu, dogovoreno je na sastanku uprave Aerodroma Crne Gore sa kolegama iz \u0160panije koji je odr\u017ean u Barseloni. Karte su ve\u0107 u prodaji.","og_url":"https:\/\/dmcsrb.com\/en\/drustvo\/avio-linija-tivat-barselona-krece-vec-od-31-marta-karte-su-u-prodaji\/","og_site_name":"dmcsrb.com","article_published_time":"2025-11-11T16:24:00+00:00","og_image":[{"width":2560,"height":1490,"url":"https:\/\/dmcsrb.com\/wp-content\/uploads\/2026\/01\/Vueling-scaled-1.webp","type":"image\/jpeg"}],"author":"dmcsrbija.com@gmail.com","twitter_card":"summary_large_image","twitter_misc":{"Written by":"dmcsrbija.com@gmail.com","Estimated reading time":"1 minute"},"schema":{"@context":"https:\/\/schema.org","@graph":[{"@type":"Article","@id":"https:\/\/dmcsrb.com\/drustvo\/avio-linija-tivat-barselona-krece-vec-od-31-marta-karte-su-u-prodaji\/#article","isPartOf":{"@id":"https:\/\/dmcsrb.com\/drustvo\/avio-linija-tivat-barselona-krece-vec-od-31-marta-karte-su-u-prodaji\/"},"author":{"name":"dmcsrbija.com@gmail.com","@id":"https:\/\/dmcsrb.com\/#\/schema\/person\/5c39170f12db1b8b457732d0b5c854e2"},"headline":"Avio-linija Tivat-Barselona kre\u0107e ve\u0107 od 31. marta, karte su u prodaji","datePublished":"2025-11-11T16:24:00+00:00","mainEntityOfPage":{"@id":"https:\/\/dmcsrb.com\/drustvo\/avio-linija-tivat-barselona-krece-vec-od-31-marta-karte-su-u-prodaji\/"},"wordCount":168,"commentCount":0,"image":{"@id":"https:\/\/dmcsrb.com\/drustvo\/avio-linija-tivat-barselona-krece-vec-od-31-marta-karte-su-u-prodaji\/#primaryimage"},"thumbnailUrl":"https:\/\/dmcsrb.com\/wp-content\/uploads\/2026\/01\/Vueling-scaled-1.webp","keywords":["avio-linija","Barselona","Tivat"],"articleSection":["Dru\u0161tvo"],"inLanguage":"en-GB","potentialAction":[{"@type":"CommentAction","name":"Comment","target":["https:\/\/dmcsrb.com\/drustvo\/avio-linija-tivat-barselona-krece-vec-od-31-marta-karte-su-u-prodaji\/#respond"]}]},{"@type":"WebPage","@id":"https:\/\/dmcsrb.com\/drustvo\/avio-linija-tivat-barselona-krece-vec-od-31-marta-karte-su-u-prodaji\/","url":"https:\/\/dmcsrb.com\/drustvo\/avio-linija-tivat-barselona-krece-vec-od-31-marta-karte-su-u-prodaji\/","name":"Avio-linija Tivat-Barselona kre\u0107e ve\u0107 od 31. marta, karte su u prodaji - dmcsrb.com","isPartOf":{"@id":"https:\/\/dmcsrb.com\/#website"},"primaryImageOfPage":{"@id":"https:\/\/dmcsrb.com\/drustvo\/avio-linija-tivat-barselona-krece-vec-od-31-marta-karte-su-u-prodaji\/#primaryimage"},"image":{"@id":"https:\/\/dmcsrb.com\/drustvo\/avio-linija-tivat-barselona-krece-vec-od-31-marta-karte-su-u-prodaji\/#primaryimage"},"thumbnailUrl":"https:\/\/dmcsrb.com\/wp-content\/uploads\/2026\/01\/Vueling-scaled-1.webp","datePublished":"2025-11-11T16:24:00+00:00","author":{"@id":"https:\/\/dmcsrb.com\/#\/schema\/person\/5c39170f12db1b8b457732d0b5c854e2"},"breadcrumb":{"@id":"https:\/\/dmcsrb.com\/drustvo\/avio-linija-tivat-barselona-krece-vec-od-31-marta-karte-su-u-prodaji\/#breadcrumb"},"inLanguage":"en-GB","potentialAction":[{"@type":"ReadAction","target":["https:\/\/dmcsrb.com\/drustvo\/avio-linija-tivat-barselona-krece-vec-od-31-marta-karte-su-u-prodaji\/"]}]},{"@type":"ImageObject","inLanguage":"en-GB","@id":"https:\/\/dmcsrb.com\/drustvo\/avio-linija-tivat-barselona-krece-vec-od-31-marta-karte-su-u-prodaji\/#primaryimage","url":"https:\/\/dmcsrb.com\/wp-content\/uploads\/2026\/01\/Vueling-scaled-1.webp","contentUrl":"https:\/\/dmcsrb.com\/wp-content\/uploads\/2026\/01\/Vueling-scaled-1.webp","width":2560,"height":1490},{"@type":"BreadcrumbList","@id":"https:\/\/dmcsrb.com\/drustvo\/avio-linija-tivat-barselona-krece-vec-od-31-marta-karte-su-u-prodaji\/#breadcrumb","itemListElement":[{"@type":"ListItem","position":1,"name":"Home","item":"https:\/\/dmcsrb.com\/"},{"@type":"ListItem","position":2,"name":"Avio-linija Tivat-Barselona kre\u0107e ve\u0107 od 31. marta, karte su u prodaji"}]},{"@type":"WebSite","@id":"https:\/\/dmcsrb.com\/#website","url":"https:\/\/dmcsrb.com\/","name":"dmcsrb.com","description":"","potentialAction":[{"@type":"SearchAction","target":{"@type":"EntryPoint","urlTemplate":"https:\/\/dmcsrb.com\/?s={search_term_string}"},"query-input":{"@type":"PropertyValueSpecification","valueRequired":true,"valueName":"search_term_string"}}],"inLanguage":"en-GB"},{"@type":"Person","@id":"https:\/\/dmcsrb.com\/#\/schema\/person\/5c39170f12db1b8b457732d0b5c854e2","name":"dmcsrbija.com@gmail.com","image":{"@type":"ImageObject","inLanguage":"en-GB","@id":"https:\/\/secure.gravatar.com\/avatar\/68592660ad6347fad0fb587f8d5d8f1a7b44961362f56e4f2cd524feb87e9069?s=96&d=mm&r=g","url":"https:\/\/secure.gravatar.com\/avatar\/68592660ad6347fad0fb587f8d5d8f1a7b44961362f56e4f2cd524feb87e9069?s=96&d=mm&r=g","contentUrl":"https:\/\/secure.gravatar.com\/avatar\/68592660ad6347fad0fb587f8d5d8f1a7b44961362f56e4f2cd524feb87e9069?s=96&d=mm&r=g","caption":"dmcsrbija.com@gmail.com"},"sameAs":["https:\/\/dmcsrb.com"],"url":"https:\/\/dmcsrb.com\/en\/author\/dmcsrbija-comgmail-com\/"}]}},"_links":{"self":[{"href":"https:\/\/dmcsrb.com\/en\/wp-json\/wp\/v2\/posts\/963194","targetHints":{"allow":["GET"]}}],"collection":[{"href":"https:\/\/dmcsrb.com\/en\/wp-json\/wp\/v2\/posts"}],"about":[{"href":"https:\/\/dmcsrb.com\/en\/wp-json\/wp\/v2\/types\/post"}],"author":[{"embeddable":true,"href":"https:\/\/dmcsrb.com\/en\/wp-json\/wp\/v2\/users\/1"}],"replies":[{"embeddable":true,"href":"https:\/\/dmcsrb.com\/en\/wp-json\/wp\/v2\/comments?post=963194"}],"version-history":[{"count":0,"href":"https:\/\/dmcsrb.com\/en\/wp-json\/wp\/v2\/posts\/963194\/revisions"}],"wp:featuredmedia":[{"embeddable":true,"href":"https:\/\/dmcsrb.com\/en\/wp-json\/wp\/v2\/media\/963195"}],"wp:attachment":[{"href":"https:\/\/dmcsrb.com\/en\/wp-json\/wp\/v2\/media?parent=963194"}],"wp:term":[{"taxonomy":"category","embeddable":true,"href":"https:\/\/dmcsrb.com\/en\/wp-json\/wp\/v2\/categories?post=963194"},{"taxonomy":"post_tag","embeddable":true,"href":"https:\/\/dmcsrb.com\/en\/wp-json\/wp\/v2\/tags?post=963194"},{"taxonomy":"naslovna","embeddable":true,"href":"https:\/\/dmcsrb.com\/en\/wp-json\/wp\/v2\/naslovna?post=963194"}],"curies":[{"name":"wp","href":"https:\/\/api.w.org\/{rel}","templated":true}]}}