{"id":963191,"date":"2025-11-11T15:49:00","date_gmt":"2025-11-11T14:49:00","guid":{"rendered":"https:\/\/dmcsrb.com\/uncategorized\/marija-lekovic-idemo-mec-po-mec-fokus-na-ukrajinu\/"},"modified":"2025-11-11T15:49:00","modified_gmt":"2025-11-11T14:49:00","slug":"marija-lekovic-idemo-mec-po-mec-fokus-na-ukrajinu","status":"publish","type":"post","link":"https:\/\/dmcsrb.com\/en\/sport\/marija-lekovic-idemo-mec-po-mec-fokus-na-ukrajinu\/","title":{"rendered":"Marija Lekovi\u0107: Idemo me\u010d po me\u010d, fokus na Ukrajinu"},"content":{"rendered":"<p>Izabranice Jelene \u0160kerovi\u0107 u \u201eBemax areni\u201c od 19 sati do\u010dekuju Ukrajinu na startu novog ciklusa, u prvoj od tri novembarske utakmice.<\/p>\n\n\n\n<p>\u201cIgramo tri utakmice u deset dana i sigurno da ne\u0107e biti lako\u201d, ka\u017ee Marija Lekovi\u0107.<\/p>\n\n\n\n<p>Nakon Ukrajine slijede dueli sa Azerbejd\u017eanom i Bugarskom, a crnogorski tim je u podmla\u0111enom i izmijenjenom sastavu.<\/p>\n\n\n\n<p>\u201cNemamo dovoljno vremena da se uklopimo kako treba, ali tako je kako je. Nedostaja\u0107e Milica, Jovana i Jelena, ali imamo mla\u0111e igra\u010dice koje \u0107e dobiti \u0161ansu i sigurno \u0107e je iskoristiti. Mnogo nam zna\u010di \u0161to su Dragana \u017divkovi\u0107 i Nata\u0161a Mek sa nama\u201d, kazala je Lekovi\u0107.<\/p>\n\n\n\n<p>Marija je ove sezone zapa\u017eena u dresu Valensije, jedna je od liderki na\u0161e selekcije\u2026<\/p>\n\n\n\n<p>\u201cMinuta\u017ea i samopouzdanje iz kluba su mi veoma bitni. Zadovoljna sam i nadam se da \u0107u prenijeti to i u reprezentaciju\u201d, kazala je ko\u0161arka\u0161ica Valensije.<\/p>\n\n\n\n<p>Ukrajina je prvi rival, a opasnim Alinom Jagupovom kao prvom zvijezdom..<\/p>\n\n\n\n<p>\u201cKlju\u010d protiv Ukrajine je da se zaustavi Jagupova. Moramo da igranmo agresivno i iskoristimo segmente igre u kojima imamo prednost. Ne razmi\u0161ljamo o narednim suparnicima, idemo utakmicu po utakmicu pa \u0107emo vidjeti\u201d, zaklju\u010dila je Marija Lekovi\u0107.<\/p>\n\n\n\n<p>Nakon Ukrajine, rival je Azerbejd\u017ean, 15. novembra, a zatim Bugarska tri dana kasnije.<\/p>\n\n\n\n<p>Drugi prozor je u martu naredne godine.<\/p>\n\n\n\n<p>Po dvije najbolje selekcije iz svake grupe, kao i tri najbolje tre\u0107eplasirane ekipe izbori\u0107e plasman u drugu rundu kvalifikacija, koja po\u010dinjue u novembru sljede\u0107e godine.<\/p>","protected":false},"excerpt":{"rendered":"<p>Crnogorske ko\u0161arka\u0161ice u srijedu po\u010dinju kvalifikacije za Eurobasket.<\/p>","protected":false},"author":1,"featured_media":963192,"comment_status":"open","ping_status":"open","sticky":false,"template":"","format":"standard","meta":{"_acf_changed":false,"footnotes":""},"categories":[148],"tags":[14214,12977,13951,14215],"naslovna":[],"class_list":["post-963191","post","type-post","status-publish","format-standard","has-post-thumbnail","hentry","category-sport","tag-kvalifikacije-za-eurobasket","tag-marija-lekovic","tag-zenska-kosarkaska-reprezentacija-crne-gore","tag-zenska-kosarkaska-reprezentacija-ukrajine"],"acf":[],"yoast_head":"<!-- This site is optimized with the Yoast SEO plugin v27.4 - https:\/\/yoast.com\/product\/yoast-seo-wordpress\/ -->\n<title>Marija Lekovi\u0107: Idemo me\u010d po me\u010d, fokus na Ukrajinu - dmcsrb.com<\/title>\n<meta name=\"robots\" content=\"index, follow, max-snippet:-1, max-image-preview:large, max-video-preview:-1\" \/>\n<link rel=\"canonical\" href=\"https:\/\/dmcsrb.com\/en\/sport\/marija-lekovic-idemo-mec-po-mec-fokus-na-ukrajinu\/\" \/>\n<meta property=\"og:locale\" content=\"en_GB\" \/>\n<meta property=\"og:type\" content=\"article\" \/>\n<meta property=\"og:title\" content=\"Marija Lekovi\u0107: Idemo me\u010d po me\u010d, fokus na Ukrajinu - dmcsrb.com\" \/>\n<meta property=\"og:description\" content=\"Crnogorske ko\u0161arka\u0161ice u srijedu po\u010dinju kvalifikacije za Eurobasket.\" \/>\n<meta property=\"og:url\" content=\"https:\/\/dmcsrb.com\/en\/sport\/marija-lekovic-idemo-mec-po-mec-fokus-na-ukrajinu\/\" \/>\n<meta property=\"og:site_name\" content=\"dmcsrb.com\" \/>\n<meta property=\"article:published_time\" content=\"2025-11-11T14:49:00+00:00\" \/>\n<meta property=\"og:image\" content=\"https:\/\/dmcsrb.com\/wp-content\/uploads\/2026\/01\/Marija-Lekovic-FIBA.webp\" \/>\n\t<meta property=\"og:image:width\" content=\"2400\" \/>\n\t<meta property=\"og:image:height\" content=\"1597\" \/>\n\t<meta property=\"og:image:type\" content=\"image\/webp\" \/>\n<meta name=\"author\" content=\"dmcsrbija.com@gmail.com\" \/>\n<meta name=\"twitter:card\" content=\"summary_large_image\" \/>\n<meta name=\"twitter:label1\" content=\"Written by\" \/>\n\t<meta name=\"twitter:data1\" content=\"dmcsrbija.com@gmail.com\" \/>\n\t<meta name=\"twitter:label2\" content=\"Estimated reading time\" \/>\n\t<meta name=\"twitter:data2\" content=\"1 minute\" \/>\n<script type=\"application\/ld+json\" class=\"yoast-schema-graph\">{\"@context\":\"https:\\\/\\\/schema.org\",\"@graph\":[{\"@type\":\"Article\",\"@id\":\"https:\\\/\\\/dmcsrb.com\\\/sport\\\/marija-lekovic-idemo-mec-po-mec-fokus-na-ukrajinu\\\/#article\",\"isPartOf\":{\"@id\":\"https:\\\/\\\/dmcsrb.com\\\/sport\\\/marija-lekovic-idemo-mec-po-mec-fokus-na-ukrajinu\\\/\"},\"author\":{\"name\":\"dmcsrbija.com@gmail.com\",\"@id\":\"https:\\\/\\\/dmcsrb.com\\\/#\\\/schema\\\/person\\\/5c39170f12db1b8b457732d0b5c854e2\"},\"headline\":\"Marija Lekovi\u0107: Idemo me\u010d po me\u010d, fokus na Ukrajinu\",\"datePublished\":\"2025-11-11T14:49:00+00:00\",\"mainEntityOfPage\":{\"@id\":\"https:\\\/\\\/dmcsrb.com\\\/sport\\\/marija-lekovic-idemo-mec-po-mec-fokus-na-ukrajinu\\\/\"},\"wordCount\":259,\"commentCount\":0,\"image\":{\"@id\":\"https:\\\/\\\/dmcsrb.com\\\/sport\\\/marija-lekovic-idemo-mec-po-mec-fokus-na-ukrajinu\\\/#primaryimage\"},\"thumbnailUrl\":\"https:\\\/\\\/dmcsrb.com\\\/wp-content\\\/uploads\\\/2026\\\/01\\\/Marija-Lekovic-FIBA.webp\",\"keywords\":[\"kvalifikacije za Eurobasket\",\"Marija Lekovi\u0107\",\"\u017denska ko\u0161arka\u0161ka reprezentacija Crne Gore\",\"\u017denska ko\u0161arka\u0161ka reprezentacija Ukrajine\"],\"articleSection\":[\"Sport\"],\"inLanguage\":\"en-GB\",\"potentialAction\":[{\"@type\":\"CommentAction\",\"name\":\"Comment\",\"target\":[\"https:\\\/\\\/dmcsrb.com\\\/sport\\\/marija-lekovic-idemo-mec-po-mec-fokus-na-ukrajinu\\\/#respond\"]}]},{\"@type\":\"WebPage\",\"@id\":\"https:\\\/\\\/dmcsrb.com\\\/sport\\\/marija-lekovic-idemo-mec-po-mec-fokus-na-ukrajinu\\\/\",\"url\":\"https:\\\/\\\/dmcsrb.com\\\/sport\\\/marija-lekovic-idemo-mec-po-mec-fokus-na-ukrajinu\\\/\",\"name\":\"Marija Lekovi\u0107: Idemo me\u010d po me\u010d, fokus na Ukrajinu - dmcsrb.com\",\"isPartOf\":{\"@id\":\"https:\\\/\\\/dmcsrb.com\\\/#website\"},\"primaryImageOfPage\":{\"@id\":\"https:\\\/\\\/dmcsrb.com\\\/sport\\\/marija-lekovic-idemo-mec-po-mec-fokus-na-ukrajinu\\\/#primaryimage\"},\"image\":{\"@id\":\"https:\\\/\\\/dmcsrb.com\\\/sport\\\/marija-lekovic-idemo-mec-po-mec-fokus-na-ukrajinu\\\/#primaryimage\"},\"thumbnailUrl\":\"https:\\\/\\\/dmcsrb.com\\\/wp-content\\\/uploads\\\/2026\\\/01\\\/Marija-Lekovic-FIBA.webp\",\"datePublished\":\"2025-11-11T14:49:00+00:00\",\"author\":{\"@id\":\"https:\\\/\\\/dmcsrb.com\\\/#\\\/schema\\\/person\\\/5c39170f12db1b8b457732d0b5c854e2\"},\"breadcrumb\":{\"@id\":\"https:\\\/\\\/dmcsrb.com\\\/sport\\\/marija-lekovic-idemo-mec-po-mec-fokus-na-ukrajinu\\\/#breadcrumb\"},\"inLanguage\":\"en-GB\",\"potentialAction\":[{\"@type\":\"ReadAction\",\"target\":[\"https:\\\/\\\/dmcsrb.com\\\/sport\\\/marija-lekovic-idemo-mec-po-mec-fokus-na-ukrajinu\\\/\"]}]},{\"@type\":\"ImageObject\",\"inLanguage\":\"en-GB\",\"@id\":\"https:\\\/\\\/dmcsrb.com\\\/sport\\\/marija-lekovic-idemo-mec-po-mec-fokus-na-ukrajinu\\\/#primaryimage\",\"url\":\"https:\\\/\\\/dmcsrb.com\\\/wp-content\\\/uploads\\\/2026\\\/01\\\/Marija-Lekovic-FIBA.webp\",\"contentUrl\":\"https:\\\/\\\/dmcsrb.com\\\/wp-content\\\/uploads\\\/2026\\\/01\\\/Marija-Lekovic-FIBA.webp\",\"width\":2400,\"height\":1597},{\"@type\":\"BreadcrumbList\",\"@id\":\"https:\\\/\\\/dmcsrb.com\\\/sport\\\/marija-lekovic-idemo-mec-po-mec-fokus-na-ukrajinu\\\/#breadcrumb\",\"itemListElement\":[{\"@type\":\"ListItem\",\"position\":1,\"name\":\"Home\",\"item\":\"https:\\\/\\\/dmcsrb.com\\\/\"},{\"@type\":\"ListItem\",\"position\":2,\"name\":\"Marija Lekovi\u0107: Idemo me\u010d po me\u010d, fokus na Ukrajinu\"}]},{\"@type\":\"WebSite\",\"@id\":\"https:\\\/\\\/dmcsrb.com\\\/#website\",\"url\":\"https:\\\/\\\/dmcsrb.com\\\/\",\"name\":\"dmcsrb.com\",\"description\":\"\",\"potentialAction\":[{\"@type\":\"SearchAction\",\"target\":{\"@type\":\"EntryPoint\",\"urlTemplate\":\"https:\\\/\\\/dmcsrb.com\\\/?s={search_term_string}\"},\"query-input\":{\"@type\":\"PropertyValueSpecification\",\"valueRequired\":true,\"valueName\":\"search_term_string\"}}],\"inLanguage\":\"en-GB\"},{\"@type\":\"Person\",\"@id\":\"https:\\\/\\\/dmcsrb.com\\\/#\\\/schema\\\/person\\\/5c39170f12db1b8b457732d0b5c854e2\",\"name\":\"dmcsrbija.com@gmail.com\",\"image\":{\"@type\":\"ImageObject\",\"inLanguage\":\"en-GB\",\"@id\":\"https:\\\/\\\/secure.gravatar.com\\\/avatar\\\/68592660ad6347fad0fb587f8d5d8f1a7b44961362f56e4f2cd524feb87e9069?s=96&d=mm&r=g\",\"url\":\"https:\\\/\\\/secure.gravatar.com\\\/avatar\\\/68592660ad6347fad0fb587f8d5d8f1a7b44961362f56e4f2cd524feb87e9069?s=96&d=mm&r=g\",\"contentUrl\":\"https:\\\/\\\/secure.gravatar.com\\\/avatar\\\/68592660ad6347fad0fb587f8d5d8f1a7b44961362f56e4f2cd524feb87e9069?s=96&d=mm&r=g\",\"caption\":\"dmcsrbija.com@gmail.com\"},\"sameAs\":[\"https:\\\/\\\/dmcsrb.com\"],\"url\":\"https:\\\/\\\/dmcsrb.com\\\/en\\\/author\\\/dmcsrbija-comgmail-com\\\/\"}]}<\/script>\n<!-- \/ Yoast SEO plugin. -->","yoast_head_json":{"title":"Marija Lekovi\u0107: Idemo me\u010d po me\u010d, fokus na Ukrajinu - dmcsrb.com","robots":{"index":"index","follow":"follow","max-snippet":"max-snippet:-1","max-image-preview":"max-image-preview:large","max-video-preview":"max-video-preview:-1"},"canonical":"https:\/\/dmcsrb.com\/en\/sport\/marija-lekovic-idemo-mec-po-mec-fokus-na-ukrajinu\/","og_locale":"en_GB","og_type":"article","og_title":"Marija Lekovi\u0107: Idemo me\u010d po me\u010d, fokus na Ukrajinu - dmcsrb.com","og_description":"Crnogorske ko\u0161arka\u0161ice u srijedu po\u010dinju kvalifikacije za Eurobasket.","og_url":"https:\/\/dmcsrb.com\/en\/sport\/marija-lekovic-idemo-mec-po-mec-fokus-na-ukrajinu\/","og_site_name":"dmcsrb.com","article_published_time":"2025-11-11T14:49:00+00:00","og_image":[{"width":2400,"height":1597,"url":"https:\/\/dmcsrb.com\/wp-content\/uploads\/2026\/01\/Marija-Lekovic-FIBA.webp","type":"image\/webp"}],"author":"dmcsrbija.com@gmail.com","twitter_card":"summary_large_image","twitter_misc":{"Written by":"dmcsrbija.com@gmail.com","Estimated reading time":"1 minute"},"schema":{"@context":"https:\/\/schema.org","@graph":[{"@type":"Article","@id":"https:\/\/dmcsrb.com\/sport\/marija-lekovic-idemo-mec-po-mec-fokus-na-ukrajinu\/#article","isPartOf":{"@id":"https:\/\/dmcsrb.com\/sport\/marija-lekovic-idemo-mec-po-mec-fokus-na-ukrajinu\/"},"author":{"name":"dmcsrbija.com@gmail.com","@id":"https:\/\/dmcsrb.com\/#\/schema\/person\/5c39170f12db1b8b457732d0b5c854e2"},"headline":"Marija Lekovi\u0107: Idemo me\u010d po me\u010d, fokus na Ukrajinu","datePublished":"2025-11-11T14:49:00+00:00","mainEntityOfPage":{"@id":"https:\/\/dmcsrb.com\/sport\/marija-lekovic-idemo-mec-po-mec-fokus-na-ukrajinu\/"},"wordCount":259,"commentCount":0,"image":{"@id":"https:\/\/dmcsrb.com\/sport\/marija-lekovic-idemo-mec-po-mec-fokus-na-ukrajinu\/#primaryimage"},"thumbnailUrl":"https:\/\/dmcsrb.com\/wp-content\/uploads\/2026\/01\/Marija-Lekovic-FIBA.webp","keywords":["kvalifikacije za Eurobasket","Marija Lekovi\u0107","\u017denska ko\u0161arka\u0161ka reprezentacija Crne Gore","\u017denska ko\u0161arka\u0161ka reprezentacija Ukrajine"],"articleSection":["Sport"],"inLanguage":"en-GB","potentialAction":[{"@type":"CommentAction","name":"Comment","target":["https:\/\/dmcsrb.com\/sport\/marija-lekovic-idemo-mec-po-mec-fokus-na-ukrajinu\/#respond"]}]},{"@type":"WebPage","@id":"https:\/\/dmcsrb.com\/sport\/marija-lekovic-idemo-mec-po-mec-fokus-na-ukrajinu\/","url":"https:\/\/dmcsrb.com\/sport\/marija-lekovic-idemo-mec-po-mec-fokus-na-ukrajinu\/","name":"Marija Lekovi\u0107: Idemo me\u010d po me\u010d, fokus na Ukrajinu - dmcsrb.com","isPartOf":{"@id":"https:\/\/dmcsrb.com\/#website"},"primaryImageOfPage":{"@id":"https:\/\/dmcsrb.com\/sport\/marija-lekovic-idemo-mec-po-mec-fokus-na-ukrajinu\/#primaryimage"},"image":{"@id":"https:\/\/dmcsrb.com\/sport\/marija-lekovic-idemo-mec-po-mec-fokus-na-ukrajinu\/#primaryimage"},"thumbnailUrl":"https:\/\/dmcsrb.com\/wp-content\/uploads\/2026\/01\/Marija-Lekovic-FIBA.webp","datePublished":"2025-11-11T14:49:00+00:00","author":{"@id":"https:\/\/dmcsrb.com\/#\/schema\/person\/5c39170f12db1b8b457732d0b5c854e2"},"breadcrumb":{"@id":"https:\/\/dmcsrb.com\/sport\/marija-lekovic-idemo-mec-po-mec-fokus-na-ukrajinu\/#breadcrumb"},"inLanguage":"en-GB","potentialAction":[{"@type":"ReadAction","target":["https:\/\/dmcsrb.com\/sport\/marija-lekovic-idemo-mec-po-mec-fokus-na-ukrajinu\/"]}]},{"@type":"ImageObject","inLanguage":"en-GB","@id":"https:\/\/dmcsrb.com\/sport\/marija-lekovic-idemo-mec-po-mec-fokus-na-ukrajinu\/#primaryimage","url":"https:\/\/dmcsrb.com\/wp-content\/uploads\/2026\/01\/Marija-Lekovic-FIBA.webp","contentUrl":"https:\/\/dmcsrb.com\/wp-content\/uploads\/2026\/01\/Marija-Lekovic-FIBA.webp","width":2400,"height":1597},{"@type":"BreadcrumbList","@id":"https:\/\/dmcsrb.com\/sport\/marija-lekovic-idemo-mec-po-mec-fokus-na-ukrajinu\/#breadcrumb","itemListElement":[{"@type":"ListItem","position":1,"name":"Home","item":"https:\/\/dmcsrb.com\/"},{"@type":"ListItem","position":2,"name":"Marija Lekovi\u0107: Idemo me\u010d po me\u010d, fokus na Ukrajinu"}]},{"@type":"WebSite","@id":"https:\/\/dmcsrb.com\/#website","url":"https:\/\/dmcsrb.com\/","name":"dmcsrb.com","description":"","potentialAction":[{"@type":"SearchAction","target":{"@type":"EntryPoint","urlTemplate":"https:\/\/dmcsrb.com\/?s={search_term_string}"},"query-input":{"@type":"PropertyValueSpecification","valueRequired":true,"valueName":"search_term_string"}}],"inLanguage":"en-GB"},{"@type":"Person","@id":"https:\/\/dmcsrb.com\/#\/schema\/person\/5c39170f12db1b8b457732d0b5c854e2","name":"dmcsrbija.com@gmail.com","image":{"@type":"ImageObject","inLanguage":"en-GB","@id":"https:\/\/secure.gravatar.com\/avatar\/68592660ad6347fad0fb587f8d5d8f1a7b44961362f56e4f2cd524feb87e9069?s=96&d=mm&r=g","url":"https:\/\/secure.gravatar.com\/avatar\/68592660ad6347fad0fb587f8d5d8f1a7b44961362f56e4f2cd524feb87e9069?s=96&d=mm&r=g","contentUrl":"https:\/\/secure.gravatar.com\/avatar\/68592660ad6347fad0fb587f8d5d8f1a7b44961362f56e4f2cd524feb87e9069?s=96&d=mm&r=g","caption":"dmcsrbija.com@gmail.com"},"sameAs":["https:\/\/dmcsrb.com"],"url":"https:\/\/dmcsrb.com\/en\/author\/dmcsrbija-comgmail-com\/"}]}},"_links":{"self":[{"href":"https:\/\/dmcsrb.com\/en\/wp-json\/wp\/v2\/posts\/963191","targetHints":{"allow":["GET"]}}],"collection":[{"href":"https:\/\/dmcsrb.com\/en\/wp-json\/wp\/v2\/posts"}],"about":[{"href":"https:\/\/dmcsrb.com\/en\/wp-json\/wp\/v2\/types\/post"}],"author":[{"embeddable":true,"href":"https:\/\/dmcsrb.com\/en\/wp-json\/wp\/v2\/users\/1"}],"replies":[{"embeddable":true,"href":"https:\/\/dmcsrb.com\/en\/wp-json\/wp\/v2\/comments?post=963191"}],"version-history":[{"count":0,"href":"https:\/\/dmcsrb.com\/en\/wp-json\/wp\/v2\/posts\/963191\/revisions"}],"wp:featuredmedia":[{"embeddable":true,"href":"https:\/\/dmcsrb.com\/en\/wp-json\/wp\/v2\/media\/963192"}],"wp:attachment":[{"href":"https:\/\/dmcsrb.com\/en\/wp-json\/wp\/v2\/media?parent=963191"}],"wp:term":[{"taxonomy":"category","embeddable":true,"href":"https:\/\/dmcsrb.com\/en\/wp-json\/wp\/v2\/categories?post=963191"},{"taxonomy":"post_tag","embeddable":true,"href":"https:\/\/dmcsrb.com\/en\/wp-json\/wp\/v2\/tags?post=963191"},{"taxonomy":"naslovna","embeddable":true,"href":"https:\/\/dmcsrb.com\/en\/wp-json\/wp\/v2\/naslovna?post=963191"}],"curies":[{"name":"wp","href":"https:\/\/api.w.org\/{rel}","templated":true}]}}