{"id":963185,"date":"2025-11-11T15:14:43","date_gmt":"2025-11-11T14:14:43","guid":{"rendered":"https:\/\/dmcsrb.com\/uncategorized\/spajic-pisao-premijeru-saudijske-arabije-ambasada-crne-gore-u-rijadu-vec-pocetkom-2026-godine\/"},"modified":"2025-11-11T15:14:43","modified_gmt":"2025-11-11T14:14:43","slug":"spajic-pisao-premijeru-saudijske-arabije-ambasada-crne-gore-u-rijadu-vec-pocetkom-2026-godine","status":"publish","type":"post","link":"https:\/\/dmcsrb.com\/en\/politika\/spajic-pisao-premijeru-saudijske-arabije-ambasada-crne-gore-u-rijadu-vec-pocetkom-2026-godine\/","title":{"rendered":"Spaji\u0107 pisao premijeru Saudijske Arabije: Ambasada Crne Gore u Rijadu ve\u0107 po\u010detkom 2026. godine"},"content":{"rendered":"<p>&#8220;Predsjednik Vlade nedavno je boravio u zvani\u010dnoj posjeti Kraljevini Saudijskoj Arabiji, gdje je imao izuzetno uspje\u0161ne razgovore sa Njegovim Kraljevskim Viso\u010danstvom, prestolonasljednikom i predsjednikom Vlade Kraljevine Saudijske Arabije, princom Muhammedom bin Salmanom&#8221;, navodi se u saop\u0161tenju.<\/p>\n\n\n\n<p>Tokom posjete, dodaju, premijer Spaji\u0107 i Njegovo Kraljevsko Viso\u010danstvo razmijenili su mi\u0161ljenja o mogu\u0107nostima za dalji razvoj i ja\u010danje saradnje izme\u0111u Crne Gore i Saudijske Arabije, koje povezuje dugogodi\u0161nje prijateljstvo i me\u0111usobno uva\u017eavanje a tom prilikom najavljeno je i otvaranje ambasade Crne Gore u Rijadu.<\/p>\n\n\n\n<p>&#8220;Posjeta je ujedno pru\u017eila priliku da se potencijal Crne Gore predstavi saudijskoj poslovnoj zajednici i investitorima, a razgovarano je i sa rukovodstvima klju\u010dnih kompanija iz dinami\u010dnog i rastu\u0107eg saudijskog tr\u017ei\u0161ta&#8221;, stoji u saop\u0161tenju.<\/p>\n\n\n\n<p>U pismu koje je povodom otvaranja Ambasade uputio Njegovom Kraljevskom Viso\u010danstvu premijer Spaji\u0107 izrazio je zahvalnost na izuzetnom gostoprimstvu i impresijama o sveobuhvatnom razvoju i transformaciji Saudijske Arabije, naglasiv\u0161i da vizija razvoja, inovacija i odr\u017eivosti koju predvodi saudijsko rukovodstvo predstavlja inspiraciju za mnoge zemlje.<\/p>\n\n\n\n<p>\u201ePodstaknut ohrabruju\u0107om posjetom i vizijom unapre\u0111enja odnosa sa Kraljevinom Saudijskom Arabijom, koristim ovu priliku da Vas obavijestim o namjeri Vlade Crne Gore da donese Odluku o otvaranju rezidentne Ambasade Crne Gore u Rijadu \u0161to je prije mogu\u0107e, te da imenovanjem otpravnika poslova zapo\u010dne sa radom po\u010detkom 2026. godine\u201d navodi se u pismu predsjednika Vlade.<\/p>\n\n\n\n<p>Zaklju\u010duju da \u0107e se otvaranjem ambasade u Rijadu dodatno \u0107e se unaprijediti institucionalna saradnja i omogu\u0107iti sna\u017enija prisutnost Crne Gore na tr\u017ei\u0161tu i u saradnji sa regionom Bliskog istoka.<\/p>","protected":false},"excerpt":{"rendered":"<p>Do imenovanja ambasadora, Crna Gora \u0107e imenovati otpravnika poslova u Ambasadi Crne Gore u Rijadu po\u010detkom 2026. godine, poru\u010dio je predsjednik Vlade Crne Gore Milojko Spaji\u0107 u pismu koje je danas uputio prestolonasljedniku i predsjedniku Vlade Kraljevine Saudijske Arabije Muhamedu bin Salmanu, saop\u0161teno je iz Kabineta premijera.<\/p>","protected":false},"author":1,"featured_media":963186,"comment_status":"open","ping_status":"open","sticky":false,"template":"","format":"standard","meta":{"_acf_changed":false,"footnotes":""},"categories":[12],"tags":[750,95,166,5093],"naslovna":[],"class_list":["post-963185","post","type-post","status-publish","format-standard","has-post-thumbnail","hentry","category-politika","tag-ambasada","tag-crna-gora","tag-milojko-spajic","tag-saudijska-arabija"],"acf":[],"yoast_head":"<!-- This site is optimized with the Yoast SEO plugin v27.0 - https:\/\/yoast.com\/product\/yoast-seo-wordpress\/ -->\n<title>Spaji\u0107 pisao premijeru Saudijske Arabije: Ambasada Crne Gore u Rijadu ve\u0107 po\u010detkom 2026. godine - dmcsrb.com<\/title>\n<meta name=\"robots\" content=\"index, follow, max-snippet:-1, max-image-preview:large, max-video-preview:-1\" \/>\n<link rel=\"canonical\" href=\"https:\/\/dmcsrb.com\/en\/politika\/spajic-pisao-premijeru-saudijske-arabije-ambasada-crne-gore-u-rijadu-vec-pocetkom-2026-godine\/\" \/>\n<meta property=\"og:locale\" content=\"en_GB\" \/>\n<meta property=\"og:type\" content=\"article\" \/>\n<meta property=\"og:title\" content=\"Spaji\u0107 pisao premijeru Saudijske Arabije: Ambasada Crne Gore u Rijadu ve\u0107 po\u010detkom 2026. godine - dmcsrb.com\" \/>\n<meta property=\"og:description\" content=\"Do imenovanja ambasadora, Crna Gora \u0107e imenovati otpravnika poslova u Ambasadi Crne Gore u Rijadu po\u010detkom 2026. godine, poru\u010dio je predsjednik Vlade Crne Gore Milojko Spaji\u0107 u pismu koje je danas uputio prestolonasljedniku i predsjedniku Vlade Kraljevine Saudijske Arabije Muhamedu bin Salmanu, saop\u0161teno je iz Kabineta premijera.\" \/>\n<meta property=\"og:url\" content=\"https:\/\/dmcsrb.com\/en\/politika\/spajic-pisao-premijeru-saudijske-arabije-ambasada-crne-gore-u-rijadu-vec-pocetkom-2026-godine\/\" \/>\n<meta property=\"og:site_name\" content=\"dmcsrb.com\" \/>\n<meta property=\"article:published_time\" content=\"2025-11-11T14:14:43+00:00\" \/>\n<meta property=\"og:image\" content=\"https:\/\/dmcsrb.com\/wp-content\/uploads\/2026\/01\/Spajic-1-1.webp\" \/>\n\t<meta property=\"og:image:width\" content=\"1600\" \/>\n\t<meta property=\"og:image:height\" content=\"1064\" \/>\n\t<meta property=\"og:image:type\" content=\"image\/jpeg\" \/>\n<meta name=\"author\" content=\"dmcsrbija.com@gmail.com\" \/>\n<meta name=\"twitter:card\" content=\"summary_large_image\" \/>\n<meta name=\"twitter:label1\" content=\"Written by\" \/>\n\t<meta name=\"twitter:data1\" content=\"dmcsrbija.com@gmail.com\" \/>\n\t<meta name=\"twitter:label2\" content=\"Estimated reading time\" \/>\n\t<meta name=\"twitter:data2\" content=\"1 minute\" \/>\n<script type=\"application\/ld+json\" class=\"yoast-schema-graph\">{\"@context\":\"https:\/\/schema.org\",\"@graph\":[{\"@type\":\"Article\",\"@id\":\"https:\/\/dmcsrb.com\/politika\/spajic-pisao-premijeru-saudijske-arabije-ambasada-crne-gore-u-rijadu-vec-pocetkom-2026-godine\/#article\",\"isPartOf\":{\"@id\":\"https:\/\/dmcsrb.com\/politika\/spajic-pisao-premijeru-saudijske-arabije-ambasada-crne-gore-u-rijadu-vec-pocetkom-2026-godine\/\"},\"author\":{\"name\":\"dmcsrbija.com@gmail.com\",\"@id\":\"https:\/\/dmcsrb.com\/#\/schema\/person\/5c39170f12db1b8b457732d0b5c854e2\"},\"headline\":\"Spaji\u0107 pisao premijeru Saudijske Arabije: Ambasada Crne Gore u Rijadu ve\u0107 po\u010detkom 2026. godine\",\"datePublished\":\"2025-11-11T14:14:43+00:00\",\"mainEntityOfPage\":{\"@id\":\"https:\/\/dmcsrb.com\/politika\/spajic-pisao-premijeru-saudijske-arabije-ambasada-crne-gore-u-rijadu-vec-pocetkom-2026-godine\/\"},\"wordCount\":286,\"commentCount\":0,\"image\":{\"@id\":\"https:\/\/dmcsrb.com\/politika\/spajic-pisao-premijeru-saudijske-arabije-ambasada-crne-gore-u-rijadu-vec-pocetkom-2026-godine\/#primaryimage\"},\"thumbnailUrl\":\"https:\/\/dmcsrb.com\/wp-content\/uploads\/2026\/01\/Spajic-1-1.webp\",\"keywords\":[\"ambasada\",\"Crna Gora\",\"Milojko Spaji\u0107\",\"Saudijska Arabija\"],\"articleSection\":[\"Politika\"],\"inLanguage\":\"en-GB\",\"potentialAction\":[{\"@type\":\"CommentAction\",\"name\":\"Comment\",\"target\":[\"https:\/\/dmcsrb.com\/politika\/spajic-pisao-premijeru-saudijske-arabije-ambasada-crne-gore-u-rijadu-vec-pocetkom-2026-godine\/#respond\"]}]},{\"@type\":\"WebPage\",\"@id\":\"https:\/\/dmcsrb.com\/politika\/spajic-pisao-premijeru-saudijske-arabije-ambasada-crne-gore-u-rijadu-vec-pocetkom-2026-godine\/\",\"url\":\"https:\/\/dmcsrb.com\/politika\/spajic-pisao-premijeru-saudijske-arabije-ambasada-crne-gore-u-rijadu-vec-pocetkom-2026-godine\/\",\"name\":\"Spaji\u0107 pisao premijeru Saudijske Arabije: Ambasada Crne Gore u Rijadu ve\u0107 po\u010detkom 2026. godine - dmcsrb.com\",\"isPartOf\":{\"@id\":\"https:\/\/dmcsrb.com\/#website\"},\"primaryImageOfPage\":{\"@id\":\"https:\/\/dmcsrb.com\/politika\/spajic-pisao-premijeru-saudijske-arabije-ambasada-crne-gore-u-rijadu-vec-pocetkom-2026-godine\/#primaryimage\"},\"image\":{\"@id\":\"https:\/\/dmcsrb.com\/politika\/spajic-pisao-premijeru-saudijske-arabije-ambasada-crne-gore-u-rijadu-vec-pocetkom-2026-godine\/#primaryimage\"},\"thumbnailUrl\":\"https:\/\/dmcsrb.com\/wp-content\/uploads\/2026\/01\/Spajic-1-1.webp\",\"datePublished\":\"2025-11-11T14:14:43+00:00\",\"author\":{\"@id\":\"https:\/\/dmcsrb.com\/#\/schema\/person\/5c39170f12db1b8b457732d0b5c854e2\"},\"breadcrumb\":{\"@id\":\"https:\/\/dmcsrb.com\/politika\/spajic-pisao-premijeru-saudijske-arabije-ambasada-crne-gore-u-rijadu-vec-pocetkom-2026-godine\/#breadcrumb\"},\"inLanguage\":\"en-GB\",\"potentialAction\":[{\"@type\":\"ReadAction\",\"target\":[\"https:\/\/dmcsrb.com\/politika\/spajic-pisao-premijeru-saudijske-arabije-ambasada-crne-gore-u-rijadu-vec-pocetkom-2026-godine\/\"]}]},{\"@type\":\"ImageObject\",\"inLanguage\":\"en-GB\",\"@id\":\"https:\/\/dmcsrb.com\/politika\/spajic-pisao-premijeru-saudijske-arabije-ambasada-crne-gore-u-rijadu-vec-pocetkom-2026-godine\/#primaryimage\",\"url\":\"https:\/\/dmcsrb.com\/wp-content\/uploads\/2026\/01\/Spajic-1-1.webp\",\"contentUrl\":\"https:\/\/dmcsrb.com\/wp-content\/uploads\/2026\/01\/Spajic-1-1.webp\",\"width\":1600,\"height\":1064},{\"@type\":\"BreadcrumbList\",\"@id\":\"https:\/\/dmcsrb.com\/politika\/spajic-pisao-premijeru-saudijske-arabije-ambasada-crne-gore-u-rijadu-vec-pocetkom-2026-godine\/#breadcrumb\",\"itemListElement\":[{\"@type\":\"ListItem\",\"position\":1,\"name\":\"Home\",\"item\":\"https:\/\/dmcsrb.com\/\"},{\"@type\":\"ListItem\",\"position\":2,\"name\":\"Spaji\u0107 pisao premijeru Saudijske Arabije: Ambasada Crne Gore u Rijadu ve\u0107 po\u010detkom 2026. godine\"}]},{\"@type\":\"WebSite\",\"@id\":\"https:\/\/dmcsrb.com\/#website\",\"url\":\"https:\/\/dmcsrb.com\/\",\"name\":\"dmcsrb.com\",\"description\":\"\",\"potentialAction\":[{\"@type\":\"SearchAction\",\"target\":{\"@type\":\"EntryPoint\",\"urlTemplate\":\"https:\/\/dmcsrb.com\/?s={search_term_string}\"},\"query-input\":{\"@type\":\"PropertyValueSpecification\",\"valueRequired\":true,\"valueName\":\"search_term_string\"}}],\"inLanguage\":\"en-GB\"},{\"@type\":\"Person\",\"@id\":\"https:\/\/dmcsrb.com\/#\/schema\/person\/5c39170f12db1b8b457732d0b5c854e2\",\"name\":\"dmcsrbija.com@gmail.com\",\"image\":{\"@type\":\"ImageObject\",\"inLanguage\":\"en-GB\",\"@id\":\"https:\/\/dmcsrb.com\/#\/schema\/person\/image\/\",\"url\":\"https:\/\/secure.gravatar.com\/avatar\/68592660ad6347fad0fb587f8d5d8f1a7b44961362f56e4f2cd524feb87e9069?s=96&d=mm&r=g\",\"contentUrl\":\"https:\/\/secure.gravatar.com\/avatar\/68592660ad6347fad0fb587f8d5d8f1a7b44961362f56e4f2cd524feb87e9069?s=96&d=mm&r=g\",\"caption\":\"dmcsrbija.com@gmail.com\"},\"sameAs\":[\"https:\/\/dmcsrb.com\"],\"url\":\"https:\/\/dmcsrb.com\/en\/author\/dmcsrbija-comgmail-com\/\"}]}<\/script>\n<!-- \/ Yoast SEO plugin. -->","yoast_head_json":{"title":"Spaji\u0107 pisao premijeru Saudijske Arabije: Ambasada Crne Gore u Rijadu ve\u0107 po\u010detkom 2026. godine - dmcsrb.com","robots":{"index":"index","follow":"follow","max-snippet":"max-snippet:-1","max-image-preview":"max-image-preview:large","max-video-preview":"max-video-preview:-1"},"canonical":"https:\/\/dmcsrb.com\/en\/politika\/spajic-pisao-premijeru-saudijske-arabije-ambasada-crne-gore-u-rijadu-vec-pocetkom-2026-godine\/","og_locale":"en_GB","og_type":"article","og_title":"Spaji\u0107 pisao premijeru Saudijske Arabije: Ambasada Crne Gore u Rijadu ve\u0107 po\u010detkom 2026. godine - dmcsrb.com","og_description":"Do imenovanja ambasadora, Crna Gora \u0107e imenovati otpravnika poslova u Ambasadi Crne Gore u Rijadu po\u010detkom 2026. godine, poru\u010dio je predsjednik Vlade Crne Gore Milojko Spaji\u0107 u pismu koje je danas uputio prestolonasljedniku i predsjedniku Vlade Kraljevine Saudijske Arabije Muhamedu bin Salmanu, saop\u0161teno je iz Kabineta premijera.","og_url":"https:\/\/dmcsrb.com\/en\/politika\/spajic-pisao-premijeru-saudijske-arabije-ambasada-crne-gore-u-rijadu-vec-pocetkom-2026-godine\/","og_site_name":"dmcsrb.com","article_published_time":"2025-11-11T14:14:43+00:00","og_image":[{"width":1600,"height":1064,"url":"https:\/\/dmcsrb.com\/wp-content\/uploads\/2026\/01\/Spajic-1-1.webp","type":"image\/jpeg"}],"author":"dmcsrbija.com@gmail.com","twitter_card":"summary_large_image","twitter_misc":{"Written by":"dmcsrbija.com@gmail.com","Estimated reading time":"1 minute"},"schema":{"@context":"https:\/\/schema.org","@graph":[{"@type":"Article","@id":"https:\/\/dmcsrb.com\/politika\/spajic-pisao-premijeru-saudijske-arabije-ambasada-crne-gore-u-rijadu-vec-pocetkom-2026-godine\/#article","isPartOf":{"@id":"https:\/\/dmcsrb.com\/politika\/spajic-pisao-premijeru-saudijske-arabije-ambasada-crne-gore-u-rijadu-vec-pocetkom-2026-godine\/"},"author":{"name":"dmcsrbija.com@gmail.com","@id":"https:\/\/dmcsrb.com\/#\/schema\/person\/5c39170f12db1b8b457732d0b5c854e2"},"headline":"Spaji\u0107 pisao premijeru Saudijske Arabije: Ambasada Crne Gore u Rijadu ve\u0107 po\u010detkom 2026. godine","datePublished":"2025-11-11T14:14:43+00:00","mainEntityOfPage":{"@id":"https:\/\/dmcsrb.com\/politika\/spajic-pisao-premijeru-saudijske-arabije-ambasada-crne-gore-u-rijadu-vec-pocetkom-2026-godine\/"},"wordCount":286,"commentCount":0,"image":{"@id":"https:\/\/dmcsrb.com\/politika\/spajic-pisao-premijeru-saudijske-arabije-ambasada-crne-gore-u-rijadu-vec-pocetkom-2026-godine\/#primaryimage"},"thumbnailUrl":"https:\/\/dmcsrb.com\/wp-content\/uploads\/2026\/01\/Spajic-1-1.webp","keywords":["ambasada","Crna Gora","Milojko Spaji\u0107","Saudijska Arabija"],"articleSection":["Politika"],"inLanguage":"en-GB","potentialAction":[{"@type":"CommentAction","name":"Comment","target":["https:\/\/dmcsrb.com\/politika\/spajic-pisao-premijeru-saudijske-arabije-ambasada-crne-gore-u-rijadu-vec-pocetkom-2026-godine\/#respond"]}]},{"@type":"WebPage","@id":"https:\/\/dmcsrb.com\/politika\/spajic-pisao-premijeru-saudijske-arabije-ambasada-crne-gore-u-rijadu-vec-pocetkom-2026-godine\/","url":"https:\/\/dmcsrb.com\/politika\/spajic-pisao-premijeru-saudijske-arabije-ambasada-crne-gore-u-rijadu-vec-pocetkom-2026-godine\/","name":"Spaji\u0107 pisao premijeru Saudijske Arabije: Ambasada Crne Gore u Rijadu ve\u0107 po\u010detkom 2026. godine - dmcsrb.com","isPartOf":{"@id":"https:\/\/dmcsrb.com\/#website"},"primaryImageOfPage":{"@id":"https:\/\/dmcsrb.com\/politika\/spajic-pisao-premijeru-saudijske-arabije-ambasada-crne-gore-u-rijadu-vec-pocetkom-2026-godine\/#primaryimage"},"image":{"@id":"https:\/\/dmcsrb.com\/politika\/spajic-pisao-premijeru-saudijske-arabije-ambasada-crne-gore-u-rijadu-vec-pocetkom-2026-godine\/#primaryimage"},"thumbnailUrl":"https:\/\/dmcsrb.com\/wp-content\/uploads\/2026\/01\/Spajic-1-1.webp","datePublished":"2025-11-11T14:14:43+00:00","author":{"@id":"https:\/\/dmcsrb.com\/#\/schema\/person\/5c39170f12db1b8b457732d0b5c854e2"},"breadcrumb":{"@id":"https:\/\/dmcsrb.com\/politika\/spajic-pisao-premijeru-saudijske-arabije-ambasada-crne-gore-u-rijadu-vec-pocetkom-2026-godine\/#breadcrumb"},"inLanguage":"en-GB","potentialAction":[{"@type":"ReadAction","target":["https:\/\/dmcsrb.com\/politika\/spajic-pisao-premijeru-saudijske-arabije-ambasada-crne-gore-u-rijadu-vec-pocetkom-2026-godine\/"]}]},{"@type":"ImageObject","inLanguage":"en-GB","@id":"https:\/\/dmcsrb.com\/politika\/spajic-pisao-premijeru-saudijske-arabije-ambasada-crne-gore-u-rijadu-vec-pocetkom-2026-godine\/#primaryimage","url":"https:\/\/dmcsrb.com\/wp-content\/uploads\/2026\/01\/Spajic-1-1.webp","contentUrl":"https:\/\/dmcsrb.com\/wp-content\/uploads\/2026\/01\/Spajic-1-1.webp","width":1600,"height":1064},{"@type":"BreadcrumbList","@id":"https:\/\/dmcsrb.com\/politika\/spajic-pisao-premijeru-saudijske-arabije-ambasada-crne-gore-u-rijadu-vec-pocetkom-2026-godine\/#breadcrumb","itemListElement":[{"@type":"ListItem","position":1,"name":"Home","item":"https:\/\/dmcsrb.com\/"},{"@type":"ListItem","position":2,"name":"Spaji\u0107 pisao premijeru Saudijske Arabije: Ambasada Crne Gore u Rijadu ve\u0107 po\u010detkom 2026. godine"}]},{"@type":"WebSite","@id":"https:\/\/dmcsrb.com\/#website","url":"https:\/\/dmcsrb.com\/","name":"dmcsrb.com","description":"","potentialAction":[{"@type":"SearchAction","target":{"@type":"EntryPoint","urlTemplate":"https:\/\/dmcsrb.com\/?s={search_term_string}"},"query-input":{"@type":"PropertyValueSpecification","valueRequired":true,"valueName":"search_term_string"}}],"inLanguage":"en-GB"},{"@type":"Person","@id":"https:\/\/dmcsrb.com\/#\/schema\/person\/5c39170f12db1b8b457732d0b5c854e2","name":"dmcsrbija.com@gmail.com","image":{"@type":"ImageObject","inLanguage":"en-GB","@id":"https:\/\/dmcsrb.com\/#\/schema\/person\/image\/","url":"https:\/\/secure.gravatar.com\/avatar\/68592660ad6347fad0fb587f8d5d8f1a7b44961362f56e4f2cd524feb87e9069?s=96&d=mm&r=g","contentUrl":"https:\/\/secure.gravatar.com\/avatar\/68592660ad6347fad0fb587f8d5d8f1a7b44961362f56e4f2cd524feb87e9069?s=96&d=mm&r=g","caption":"dmcsrbija.com@gmail.com"},"sameAs":["https:\/\/dmcsrb.com"],"url":"https:\/\/dmcsrb.com\/en\/author\/dmcsrbija-comgmail-com\/"}]}},"_links":{"self":[{"href":"https:\/\/dmcsrb.com\/en\/wp-json\/wp\/v2\/posts\/963185","targetHints":{"allow":["GET"]}}],"collection":[{"href":"https:\/\/dmcsrb.com\/en\/wp-json\/wp\/v2\/posts"}],"about":[{"href":"https:\/\/dmcsrb.com\/en\/wp-json\/wp\/v2\/types\/post"}],"author":[{"embeddable":true,"href":"https:\/\/dmcsrb.com\/en\/wp-json\/wp\/v2\/users\/1"}],"replies":[{"embeddable":true,"href":"https:\/\/dmcsrb.com\/en\/wp-json\/wp\/v2\/comments?post=963185"}],"version-history":[{"count":0,"href":"https:\/\/dmcsrb.com\/en\/wp-json\/wp\/v2\/posts\/963185\/revisions"}],"wp:featuredmedia":[{"embeddable":true,"href":"https:\/\/dmcsrb.com\/en\/wp-json\/wp\/v2\/media\/963186"}],"wp:attachment":[{"href":"https:\/\/dmcsrb.com\/en\/wp-json\/wp\/v2\/media?parent=963185"}],"wp:term":[{"taxonomy":"category","embeddable":true,"href":"https:\/\/dmcsrb.com\/en\/wp-json\/wp\/v2\/categories?post=963185"},{"taxonomy":"post_tag","embeddable":true,"href":"https:\/\/dmcsrb.com\/en\/wp-json\/wp\/v2\/tags?post=963185"},{"taxonomy":"naslovna","embeddable":true,"href":"https:\/\/dmcsrb.com\/en\/wp-json\/wp\/v2\/naslovna?post=963185"}],"curies":[{"name":"wp","href":"https:\/\/api.w.org\/{rel}","templated":true}]}}