{"id":963143,"date":"2025-11-11T13:29:25","date_gmt":"2025-11-11T12:29:25","guid":{"rendered":"https:\/\/dmcsrb.com\/uncategorized\/kabine-zicare-na-stedimu-pogodjene-sa-vise-projektila-kosovska-strana-nije-utvrdila-ko-je-pucao-na-granici\/"},"modified":"2025-11-11T13:29:25","modified_gmt":"2025-11-11T12:29:25","slug":"kabine-zicare-na-stedimu-pogodjene-sa-vise-projektila-kosovska-strana-nije-utvrdila-ko-je-pucao-na-granici","status":"publish","type":"post","link":"https:\/\/dmcsrb.com\/en\/hronika\/kabine-zicare-na-stedimu-pogodjene-sa-vise-projektila-kosovska-strana-nije-utvrdila-ko-je-pucao-na-granici\/","title":{"rendered":"Kabine \u017ei\u010dare na \u0160tedimu pogo\u0111ene sa vi\u0161e projektila, kosovska strana nije utvrdila ko je pucao na granici"},"content":{"rendered":"<p><\/p>\n\n\n\n<p><\/p>\n\n\n\n<p><\/p>\n\n\n\n<p>Poslanik Demokratske Crne Gore Albin \u0106eman pitao je o&nbsp;incidenatima na \u0160tedimu u julu 2024. godine i avgustu ove godine, kada su iz vatrenog oru\u017eja o\u0161te\u0107ene kabine \u017ei\u010dare na Ski centru Hajla-\u0160tedim. On je rekao da ministar treba da odgovori na pitanje o tome koliko je ukupno bilo takvih incidenata sa kosovske strane, i \u0161ta zvani\u010dne crnogorske institucije predzumaju da sa Pri\u0161tinom komuniciraju na planu otkrivanja po\u010dinilaca.&nbsp;<\/p>\n\n\n\n<p>Kako je rekao, tu\u017eila\u0161tvo u Ro\u017eajama ista\u017euje dva incidenta, a sve sumnje, prema medijima, ukazuju da su hici do\u0161li sa kosovske strane.&nbsp;<\/p>\n\n\n\n<p>&#8220;Sva ova de\u0161avanja na lokalitetu Hajla \u0160tedim izazvala su zabrinutost kod lokalnog stanovni\u0161tva&#8221;; rekao je \u0106eman.&nbsp;<\/p>\n\n\n\n<p>\u0160aranovi\u0107 je rekao da je informisano Ministarstvo vanjskih poslova, kako bi se problem rije\u0161io diplomatskim kanalima. On je rekao da je evidentirano sedam slu\u010dajeva pucnajve, odnosno \u0161enlu\u010denja, sa kosovske strane.&nbsp;<\/p>\n\n\n\n<p>U julu pro\u0161le godine, kako je rekao, pucano je sa vi\u0161e hitaca i sa vi\u0161e strana na objekat, a policija Kosova jo\u0161 nije evidentirala po\u010dinioce. U avgustu ove godine je, dodao je, do\u0161lo do upotrebe vatrenog oru\u017eja i objekat na Hajli je pogo\u0111en.&nbsp;<\/p>\n\n\n\n<p>Kazao je da je sa kosovskom stranom dogovoreno postojanje zajedni\u010dkih patrola, uz osmatranje iz vazduha.&nbsp;<\/p>\n\n\n\n<p>&#8220;Ministarstvo vanjskih poslova Crne Gore je 17. septembra uputilo verbalnu notu Kosovu gdje se skre\u0107e pa\u017enja na u\u010destalost povrede granice, i iskazano je o\u010dekivanje da \u0107e po\u010dinioci biti identifkovani&#8221;, kazao je ministar.<\/p>\n\n\n\n<p>On je rekao da je 22. septembra predstavnica MVP Crne Gore razgovarala sa kosvskom ambasadorkom, gdje je iskazan protest i o\u010dekivanje da se po\u010dinoci identifikuju a 30. septembra na\u0161 ambasador Bernard \u010cobaj je sa direktorom kosovske policije razgovarao o incidentima ali je navedeno da nijesu prona\u0161li osumnji\u010dene niti su na\u0161li osnov sumnje da su hici ispaljeni sa kosovske strane.&nbsp;<\/p>\n\n\n\n<p>Ro\u017eajsko tu\u017eila\u0161tvo je izvr\u0161ilo uvi\u0111aj, dodao je, i komuniciralo je sa kosovskim organima na planu utvr\u0111ivanja svih \u010dinjenica.&nbsp;<\/p>\n\n\n\n<p>&#8220;Ova pitanja treba rje\u0161avati u duhu dobrosusjedske saradnje&#8221;, rekao je \u0160aranovi\u0107.&nbsp;<\/p>\n\n\n\n<p>\u0106emin je apelovao na medije da odgovorno izvje\u0161tavaju o ovim doga\u0111ajima, isti\u010du\u0107i da se radi o vrlo osjetljivim temama.&nbsp;<\/p>\n\n\n\n<p>Pohvalio je reakciju crnogorskih institucija nakon incidenata na granici.&nbsp;<\/p>\n\n\n\n<p>Odgovaraju\u0107i na pitanje Du\u0161ka Stjepovi\u0107a (Demokrate) o trgovini drogom i vetingu u policiji, \u0160aranovi\u0107 je rekao je da je ve\u0107ina suspendovanih policajaca ve\u0107 u pritvoru po nalogu tu\u017eila\u0161tva. Kako je rekao, odlu\u010dni su da sprovedu veting u policiji.&nbsp;<\/p>\n\n\n\n<p>Ministar je predstavio podatke o akcijama policije, navode\u0107i da su pripadnici policije u\u010destvovali u nizu akcija sa me\u0111unarodnim partnerima, te da je sve to rezultiralo otkrivanjem deset tona narkotika. Posebno je istakao akciju &#8220;General&#8221; iz jula 2024. godine, i akciju iz decembra pro\u0161le godine vezano za \u0161verc brodom &#8220;Budva&#8221;.&nbsp;<\/p>\n\n\n\n<p>Naglasio je da su sprovedene akcije na planu spre\u010davanja \u0161verca marihuane, a u selu Trnovo na\u0111ena je najve\u0107a planta\u017ea marihuane ikada u na\u0161oj zemlji.&nbsp;<\/p>\n\n\n\n<p>&#8220;Svjedo\u010dimo izvanrendim rezultatima u borbi protiv organizovanog kriminala&#8221;, rekao je \u0160aranovi\u0107.&nbsp;<\/p>","protected":false},"excerpt":{"rendered":"<p>Ministar unutra\u0161njih poslova Danilo \u0160aranovi\u0107, odgovaraju\u0107i na pitanja poslanika u parlamentu, rekao je da informacije dobijene od Kosova ukazuju da nijesu indentifikovani odgovorni za pucnjavu na \u0160tedimu u julu 2024. godine i avgustu ove godine, kada su iz vatrenog oru\u017eja o\u0161te\u0107ene kabine \u017ei\u010dare na Ski centru Hajla-\u0160tedim.<\/p>","protected":false},"author":1,"featured_media":963144,"comment_status":"open","ping_status":"open","sticky":false,"template":"","format":"standard","meta":{"_acf_changed":false,"footnotes":""},"categories":[17],"tags":[3711,2084,2284],"naslovna":[],"class_list":["post-963143","post","type-post","status-publish","format-standard","has-post-thumbnail","hentry","category-hronika","tag-kosovo","tag-pucnjava","tag-saranovic"],"acf":[],"yoast_head":"<!-- This site is optimized with the Yoast SEO plugin v27.4 - https:\/\/yoast.com\/product\/yoast-seo-wordpress\/ -->\n<title>Kabine \u017ei\u010dare na \u0160tedimu pogo\u0111ene sa vi\u0161e projektila, kosovska strana nije utvrdila ko je pucao na granici - dmcsrb.com<\/title>\n<meta name=\"robots\" content=\"index, follow, max-snippet:-1, max-image-preview:large, max-video-preview:-1\" \/>\n<link rel=\"canonical\" href=\"https:\/\/dmcsrb.com\/en\/hronika\/kabine-zicare-na-stedimu-pogodjene-sa-vise-projektila-kosovska-strana-nije-utvrdila-ko-je-pucao-na-granici\/\" \/>\n<meta property=\"og:locale\" content=\"en_GB\" \/>\n<meta property=\"og:type\" content=\"article\" \/>\n<meta property=\"og:title\" content=\"Kabine \u017ei\u010dare na \u0160tedimu pogo\u0111ene sa vi\u0161e projektila, kosovska strana nije utvrdila ko je pucao na granici - dmcsrb.com\" \/>\n<meta property=\"og:description\" content=\"Ministar unutra\u0161njih poslova Danilo \u0160aranovi\u0107, odgovaraju\u0107i na pitanja poslanika u parlamentu, rekao je da informacije dobijene od Kosova ukazuju da nijesu indentifikovani odgovorni za pucnjavu na \u0160tedimu u julu 2024. godine i avgustu ove godine, kada su iz vatrenog oru\u017eja o\u0161te\u0107ene kabine \u017ei\u010dare na Ski centru Hajla-\u0160tedim.\" \/>\n<meta property=\"og:url\" content=\"https:\/\/dmcsrb.com\/en\/hronika\/kabine-zicare-na-stedimu-pogodjene-sa-vise-projektila-kosovska-strana-nije-utvrdila-ko-je-pucao-na-granici\/\" \/>\n<meta property=\"og:site_name\" content=\"dmcsrb.com\" \/>\n<meta property=\"article:published_time\" content=\"2025-11-11T12:29:25+00:00\" \/>\n<meta property=\"og:image\" content=\"https:\/\/dmcsrb.com\/wp-content\/uploads\/2026\/01\/saranovic.webp\" \/>\n\t<meta property=\"og:image:width\" content=\"706\" \/>\n\t<meta property=\"og:image:height\" content=\"397\" \/>\n\t<meta property=\"og:image:type\" content=\"image\/jpeg\" \/>\n<meta name=\"author\" content=\"dmcsrbija.com@gmail.com\" \/>\n<meta name=\"twitter:card\" content=\"summary_large_image\" \/>\n<meta name=\"twitter:label1\" content=\"Written by\" \/>\n\t<meta name=\"twitter:data1\" content=\"dmcsrbija.com@gmail.com\" \/>\n\t<meta name=\"twitter:label2\" content=\"Estimated reading time\" \/>\n\t<meta name=\"twitter:data2\" content=\"3 minutes\" \/>\n<script type=\"application\/ld+json\" class=\"yoast-schema-graph\">{\"@context\":\"https:\\\/\\\/schema.org\",\"@graph\":[{\"@type\":\"Article\",\"@id\":\"https:\\\/\\\/dmcsrb.com\\\/hronika\\\/kabine-zicare-na-stedimu-pogodjene-sa-vise-projektila-kosovska-strana-nije-utvrdila-ko-je-pucao-na-granici\\\/#article\",\"isPartOf\":{\"@id\":\"https:\\\/\\\/dmcsrb.com\\\/hronika\\\/kabine-zicare-na-stedimu-pogodjene-sa-vise-projektila-kosovska-strana-nije-utvrdila-ko-je-pucao-na-granici\\\/\"},\"author\":{\"name\":\"dmcsrbija.com@gmail.com\",\"@id\":\"https:\\\/\\\/dmcsrb.com\\\/#\\\/schema\\\/person\\\/5c39170f12db1b8b457732d0b5c854e2\"},\"headline\":\"Kabine \u017ei\u010dare na \u0160tedimu pogo\u0111ene sa vi\u0161e projektila, kosovska strana nije utvrdila ko je pucao na granici\",\"datePublished\":\"2025-11-11T12:29:25+00:00\",\"mainEntityOfPage\":{\"@id\":\"https:\\\/\\\/dmcsrb.com\\\/hronika\\\/kabine-zicare-na-stedimu-pogodjene-sa-vise-projektila-kosovska-strana-nije-utvrdila-ko-je-pucao-na-granici\\\/\"},\"wordCount\":558,\"commentCount\":0,\"image\":{\"@id\":\"https:\\\/\\\/dmcsrb.com\\\/hronika\\\/kabine-zicare-na-stedimu-pogodjene-sa-vise-projektila-kosovska-strana-nije-utvrdila-ko-je-pucao-na-granici\\\/#primaryimage\"},\"thumbnailUrl\":\"https:\\\/\\\/dmcsrb.com\\\/wp-content\\\/uploads\\\/2026\\\/01\\\/saranovic.webp\",\"keywords\":[\"Kosovo\",\"pucnjava\",\"\u0161aranovi\u0107\"],\"articleSection\":[\"Hronika\"],\"inLanguage\":\"en-GB\",\"potentialAction\":[{\"@type\":\"CommentAction\",\"name\":\"Comment\",\"target\":[\"https:\\\/\\\/dmcsrb.com\\\/hronika\\\/kabine-zicare-na-stedimu-pogodjene-sa-vise-projektila-kosovska-strana-nije-utvrdila-ko-je-pucao-na-granici\\\/#respond\"]}]},{\"@type\":\"WebPage\",\"@id\":\"https:\\\/\\\/dmcsrb.com\\\/hronika\\\/kabine-zicare-na-stedimu-pogodjene-sa-vise-projektila-kosovska-strana-nije-utvrdila-ko-je-pucao-na-granici\\\/\",\"url\":\"https:\\\/\\\/dmcsrb.com\\\/hronika\\\/kabine-zicare-na-stedimu-pogodjene-sa-vise-projektila-kosovska-strana-nije-utvrdila-ko-je-pucao-na-granici\\\/\",\"name\":\"Kabine \u017ei\u010dare na \u0160tedimu pogo\u0111ene sa vi\u0161e projektila, kosovska strana nije utvrdila ko je pucao na granici - dmcsrb.com\",\"isPartOf\":{\"@id\":\"https:\\\/\\\/dmcsrb.com\\\/#website\"},\"primaryImageOfPage\":{\"@id\":\"https:\\\/\\\/dmcsrb.com\\\/hronika\\\/kabine-zicare-na-stedimu-pogodjene-sa-vise-projektila-kosovska-strana-nije-utvrdila-ko-je-pucao-na-granici\\\/#primaryimage\"},\"image\":{\"@id\":\"https:\\\/\\\/dmcsrb.com\\\/hronika\\\/kabine-zicare-na-stedimu-pogodjene-sa-vise-projektila-kosovska-strana-nije-utvrdila-ko-je-pucao-na-granici\\\/#primaryimage\"},\"thumbnailUrl\":\"https:\\\/\\\/dmcsrb.com\\\/wp-content\\\/uploads\\\/2026\\\/01\\\/saranovic.webp\",\"datePublished\":\"2025-11-11T12:29:25+00:00\",\"author\":{\"@id\":\"https:\\\/\\\/dmcsrb.com\\\/#\\\/schema\\\/person\\\/5c39170f12db1b8b457732d0b5c854e2\"},\"breadcrumb\":{\"@id\":\"https:\\\/\\\/dmcsrb.com\\\/hronika\\\/kabine-zicare-na-stedimu-pogodjene-sa-vise-projektila-kosovska-strana-nije-utvrdila-ko-je-pucao-na-granici\\\/#breadcrumb\"},\"inLanguage\":\"en-GB\",\"potentialAction\":[{\"@type\":\"ReadAction\",\"target\":[\"https:\\\/\\\/dmcsrb.com\\\/hronika\\\/kabine-zicare-na-stedimu-pogodjene-sa-vise-projektila-kosovska-strana-nije-utvrdila-ko-je-pucao-na-granici\\\/\"]}]},{\"@type\":\"ImageObject\",\"inLanguage\":\"en-GB\",\"@id\":\"https:\\\/\\\/dmcsrb.com\\\/hronika\\\/kabine-zicare-na-stedimu-pogodjene-sa-vise-projektila-kosovska-strana-nije-utvrdila-ko-je-pucao-na-granici\\\/#primaryimage\",\"url\":\"https:\\\/\\\/dmcsrb.com\\\/wp-content\\\/uploads\\\/2026\\\/01\\\/saranovic.webp\",\"contentUrl\":\"https:\\\/\\\/dmcsrb.com\\\/wp-content\\\/uploads\\\/2026\\\/01\\\/saranovic.webp\",\"width\":706,\"height\":397},{\"@type\":\"BreadcrumbList\",\"@id\":\"https:\\\/\\\/dmcsrb.com\\\/hronika\\\/kabine-zicare-na-stedimu-pogodjene-sa-vise-projektila-kosovska-strana-nije-utvrdila-ko-je-pucao-na-granici\\\/#breadcrumb\",\"itemListElement\":[{\"@type\":\"ListItem\",\"position\":1,\"name\":\"Home\",\"item\":\"https:\\\/\\\/dmcsrb.com\\\/\"},{\"@type\":\"ListItem\",\"position\":2,\"name\":\"Kabine \u017ei\u010dare na \u0160tedimu pogo\u0111ene sa vi\u0161e projektila, kosovska strana nije utvrdila ko je pucao na granici\"}]},{\"@type\":\"WebSite\",\"@id\":\"https:\\\/\\\/dmcsrb.com\\\/#website\",\"url\":\"https:\\\/\\\/dmcsrb.com\\\/\",\"name\":\"dmcsrb.com\",\"description\":\"\",\"potentialAction\":[{\"@type\":\"SearchAction\",\"target\":{\"@type\":\"EntryPoint\",\"urlTemplate\":\"https:\\\/\\\/dmcsrb.com\\\/?s={search_term_string}\"},\"query-input\":{\"@type\":\"PropertyValueSpecification\",\"valueRequired\":true,\"valueName\":\"search_term_string\"}}],\"inLanguage\":\"en-GB\"},{\"@type\":\"Person\",\"@id\":\"https:\\\/\\\/dmcsrb.com\\\/#\\\/schema\\\/person\\\/5c39170f12db1b8b457732d0b5c854e2\",\"name\":\"dmcsrbija.com@gmail.com\",\"image\":{\"@type\":\"ImageObject\",\"inLanguage\":\"en-GB\",\"@id\":\"https:\\\/\\\/secure.gravatar.com\\\/avatar\\\/68592660ad6347fad0fb587f8d5d8f1a7b44961362f56e4f2cd524feb87e9069?s=96&d=mm&r=g\",\"url\":\"https:\\\/\\\/secure.gravatar.com\\\/avatar\\\/68592660ad6347fad0fb587f8d5d8f1a7b44961362f56e4f2cd524feb87e9069?s=96&d=mm&r=g\",\"contentUrl\":\"https:\\\/\\\/secure.gravatar.com\\\/avatar\\\/68592660ad6347fad0fb587f8d5d8f1a7b44961362f56e4f2cd524feb87e9069?s=96&d=mm&r=g\",\"caption\":\"dmcsrbija.com@gmail.com\"},\"sameAs\":[\"https:\\\/\\\/dmcsrb.com\"],\"url\":\"https:\\\/\\\/dmcsrb.com\\\/en\\\/author\\\/dmcsrbija-comgmail-com\\\/\"}]}<\/script>\n<!-- \/ Yoast SEO plugin. -->","yoast_head_json":{"title":"Kabine \u017ei\u010dare na \u0160tedimu pogo\u0111ene sa vi\u0161e projektila, kosovska strana nije utvrdila ko je pucao na granici - dmcsrb.com","robots":{"index":"index","follow":"follow","max-snippet":"max-snippet:-1","max-image-preview":"max-image-preview:large","max-video-preview":"max-video-preview:-1"},"canonical":"https:\/\/dmcsrb.com\/en\/hronika\/kabine-zicare-na-stedimu-pogodjene-sa-vise-projektila-kosovska-strana-nije-utvrdila-ko-je-pucao-na-granici\/","og_locale":"en_GB","og_type":"article","og_title":"Kabine \u017ei\u010dare na \u0160tedimu pogo\u0111ene sa vi\u0161e projektila, kosovska strana nije utvrdila ko je pucao na granici - dmcsrb.com","og_description":"Ministar unutra\u0161njih poslova Danilo \u0160aranovi\u0107, odgovaraju\u0107i na pitanja poslanika u parlamentu, rekao je da informacije dobijene od Kosova ukazuju da nijesu indentifikovani odgovorni za pucnjavu na \u0160tedimu u julu 2024. godine i avgustu ove godine, kada su iz vatrenog oru\u017eja o\u0161te\u0107ene kabine \u017ei\u010dare na Ski centru Hajla-\u0160tedim.","og_url":"https:\/\/dmcsrb.com\/en\/hronika\/kabine-zicare-na-stedimu-pogodjene-sa-vise-projektila-kosovska-strana-nije-utvrdila-ko-je-pucao-na-granici\/","og_site_name":"dmcsrb.com","article_published_time":"2025-11-11T12:29:25+00:00","og_image":[{"width":706,"height":397,"url":"https:\/\/dmcsrb.com\/wp-content\/uploads\/2026\/01\/saranovic.webp","type":"image\/jpeg"}],"author":"dmcsrbija.com@gmail.com","twitter_card":"summary_large_image","twitter_misc":{"Written by":"dmcsrbija.com@gmail.com","Estimated reading time":"3 minutes"},"schema":{"@context":"https:\/\/schema.org","@graph":[{"@type":"Article","@id":"https:\/\/dmcsrb.com\/hronika\/kabine-zicare-na-stedimu-pogodjene-sa-vise-projektila-kosovska-strana-nije-utvrdila-ko-je-pucao-na-granici\/#article","isPartOf":{"@id":"https:\/\/dmcsrb.com\/hronika\/kabine-zicare-na-stedimu-pogodjene-sa-vise-projektila-kosovska-strana-nije-utvrdila-ko-je-pucao-na-granici\/"},"author":{"name":"dmcsrbija.com@gmail.com","@id":"https:\/\/dmcsrb.com\/#\/schema\/person\/5c39170f12db1b8b457732d0b5c854e2"},"headline":"Kabine \u017ei\u010dare na \u0160tedimu pogo\u0111ene sa vi\u0161e projektila, kosovska strana nije utvrdila ko je pucao na granici","datePublished":"2025-11-11T12:29:25+00:00","mainEntityOfPage":{"@id":"https:\/\/dmcsrb.com\/hronika\/kabine-zicare-na-stedimu-pogodjene-sa-vise-projektila-kosovska-strana-nije-utvrdila-ko-je-pucao-na-granici\/"},"wordCount":558,"commentCount":0,"image":{"@id":"https:\/\/dmcsrb.com\/hronika\/kabine-zicare-na-stedimu-pogodjene-sa-vise-projektila-kosovska-strana-nije-utvrdila-ko-je-pucao-na-granici\/#primaryimage"},"thumbnailUrl":"https:\/\/dmcsrb.com\/wp-content\/uploads\/2026\/01\/saranovic.webp","keywords":["Kosovo","pucnjava","\u0161aranovi\u0107"],"articleSection":["Hronika"],"inLanguage":"en-GB","potentialAction":[{"@type":"CommentAction","name":"Comment","target":["https:\/\/dmcsrb.com\/hronika\/kabine-zicare-na-stedimu-pogodjene-sa-vise-projektila-kosovska-strana-nije-utvrdila-ko-je-pucao-na-granici\/#respond"]}]},{"@type":"WebPage","@id":"https:\/\/dmcsrb.com\/hronika\/kabine-zicare-na-stedimu-pogodjene-sa-vise-projektila-kosovska-strana-nije-utvrdila-ko-je-pucao-na-granici\/","url":"https:\/\/dmcsrb.com\/hronika\/kabine-zicare-na-stedimu-pogodjene-sa-vise-projektila-kosovska-strana-nije-utvrdila-ko-je-pucao-na-granici\/","name":"Kabine \u017ei\u010dare na \u0160tedimu pogo\u0111ene sa vi\u0161e projektila, kosovska strana nije utvrdila ko je pucao na granici - dmcsrb.com","isPartOf":{"@id":"https:\/\/dmcsrb.com\/#website"},"primaryImageOfPage":{"@id":"https:\/\/dmcsrb.com\/hronika\/kabine-zicare-na-stedimu-pogodjene-sa-vise-projektila-kosovska-strana-nije-utvrdila-ko-je-pucao-na-granici\/#primaryimage"},"image":{"@id":"https:\/\/dmcsrb.com\/hronika\/kabine-zicare-na-stedimu-pogodjene-sa-vise-projektila-kosovska-strana-nije-utvrdila-ko-je-pucao-na-granici\/#primaryimage"},"thumbnailUrl":"https:\/\/dmcsrb.com\/wp-content\/uploads\/2026\/01\/saranovic.webp","datePublished":"2025-11-11T12:29:25+00:00","author":{"@id":"https:\/\/dmcsrb.com\/#\/schema\/person\/5c39170f12db1b8b457732d0b5c854e2"},"breadcrumb":{"@id":"https:\/\/dmcsrb.com\/hronika\/kabine-zicare-na-stedimu-pogodjene-sa-vise-projektila-kosovska-strana-nije-utvrdila-ko-je-pucao-na-granici\/#breadcrumb"},"inLanguage":"en-GB","potentialAction":[{"@type":"ReadAction","target":["https:\/\/dmcsrb.com\/hronika\/kabine-zicare-na-stedimu-pogodjene-sa-vise-projektila-kosovska-strana-nije-utvrdila-ko-je-pucao-na-granici\/"]}]},{"@type":"ImageObject","inLanguage":"en-GB","@id":"https:\/\/dmcsrb.com\/hronika\/kabine-zicare-na-stedimu-pogodjene-sa-vise-projektila-kosovska-strana-nije-utvrdila-ko-je-pucao-na-granici\/#primaryimage","url":"https:\/\/dmcsrb.com\/wp-content\/uploads\/2026\/01\/saranovic.webp","contentUrl":"https:\/\/dmcsrb.com\/wp-content\/uploads\/2026\/01\/saranovic.webp","width":706,"height":397},{"@type":"BreadcrumbList","@id":"https:\/\/dmcsrb.com\/hronika\/kabine-zicare-na-stedimu-pogodjene-sa-vise-projektila-kosovska-strana-nije-utvrdila-ko-je-pucao-na-granici\/#breadcrumb","itemListElement":[{"@type":"ListItem","position":1,"name":"Home","item":"https:\/\/dmcsrb.com\/"},{"@type":"ListItem","position":2,"name":"Kabine \u017ei\u010dare na \u0160tedimu pogo\u0111ene sa vi\u0161e projektila, kosovska strana nije utvrdila ko je pucao na granici"}]},{"@type":"WebSite","@id":"https:\/\/dmcsrb.com\/#website","url":"https:\/\/dmcsrb.com\/","name":"dmcsrb.com","description":"","potentialAction":[{"@type":"SearchAction","target":{"@type":"EntryPoint","urlTemplate":"https:\/\/dmcsrb.com\/?s={search_term_string}"},"query-input":{"@type":"PropertyValueSpecification","valueRequired":true,"valueName":"search_term_string"}}],"inLanguage":"en-GB"},{"@type":"Person","@id":"https:\/\/dmcsrb.com\/#\/schema\/person\/5c39170f12db1b8b457732d0b5c854e2","name":"dmcsrbija.com@gmail.com","image":{"@type":"ImageObject","inLanguage":"en-GB","@id":"https:\/\/secure.gravatar.com\/avatar\/68592660ad6347fad0fb587f8d5d8f1a7b44961362f56e4f2cd524feb87e9069?s=96&d=mm&r=g","url":"https:\/\/secure.gravatar.com\/avatar\/68592660ad6347fad0fb587f8d5d8f1a7b44961362f56e4f2cd524feb87e9069?s=96&d=mm&r=g","contentUrl":"https:\/\/secure.gravatar.com\/avatar\/68592660ad6347fad0fb587f8d5d8f1a7b44961362f56e4f2cd524feb87e9069?s=96&d=mm&r=g","caption":"dmcsrbija.com@gmail.com"},"sameAs":["https:\/\/dmcsrb.com"],"url":"https:\/\/dmcsrb.com\/en\/author\/dmcsrbija-comgmail-com\/"}]}},"_links":{"self":[{"href":"https:\/\/dmcsrb.com\/en\/wp-json\/wp\/v2\/posts\/963143","targetHints":{"allow":["GET"]}}],"collection":[{"href":"https:\/\/dmcsrb.com\/en\/wp-json\/wp\/v2\/posts"}],"about":[{"href":"https:\/\/dmcsrb.com\/en\/wp-json\/wp\/v2\/types\/post"}],"author":[{"embeddable":true,"href":"https:\/\/dmcsrb.com\/en\/wp-json\/wp\/v2\/users\/1"}],"replies":[{"embeddable":true,"href":"https:\/\/dmcsrb.com\/en\/wp-json\/wp\/v2\/comments?post=963143"}],"version-history":[{"count":0,"href":"https:\/\/dmcsrb.com\/en\/wp-json\/wp\/v2\/posts\/963143\/revisions"}],"wp:featuredmedia":[{"embeddable":true,"href":"https:\/\/dmcsrb.com\/en\/wp-json\/wp\/v2\/media\/963144"}],"wp:attachment":[{"href":"https:\/\/dmcsrb.com\/en\/wp-json\/wp\/v2\/media?parent=963143"}],"wp:term":[{"taxonomy":"category","embeddable":true,"href":"https:\/\/dmcsrb.com\/en\/wp-json\/wp\/v2\/categories?post=963143"},{"taxonomy":"post_tag","embeddable":true,"href":"https:\/\/dmcsrb.com\/en\/wp-json\/wp\/v2\/tags?post=963143"},{"taxonomy":"naslovna","embeddable":true,"href":"https:\/\/dmcsrb.com\/en\/wp-json\/wp\/v2\/naslovna?post=963143"}],"curies":[{"name":"wp","href":"https:\/\/api.w.org\/{rel}","templated":true}]}}