{"id":963131,"date":"2025-11-11T12:50:39","date_gmt":"2025-11-11T11:50:39","guid":{"rendered":"https:\/\/dmcsrb.com\/uncategorized\/spajic-crna-gora-predvodi-proces-ujedinjenja-zapadnog-balkana-sa-eu\/"},"modified":"2025-11-11T12:50:39","modified_gmt":"2025-11-11T11:50:39","slug":"spajic-crna-gora-predvodi-proces-ujedinjenja-zapadnog-balkana-sa-eu","status":"publish","type":"post","link":"https:\/\/dmcsrb.com\/en\/politika\/spajic-crna-gora-predvodi-proces-ujedinjenja-zapadnog-balkana-sa-eu\/","title":{"rendered":"Spaji\u0107: Crna Gora predvodi proces ujedinjenja Zapadnog Balkana sa EU"},"content":{"rendered":"<p><\/p>\n\n\n\n<p><\/p>\n\n\n\n<p><\/p>\n\n\n\n<p>To je naveo na sve\u010danom otvaranju Akademije jedinstvenog tr\u017ei\u0161ta u Podgorici, na kojem su uz premijera govorili i ambasador Evropske unije Johan Satler i ambasador Njema\u010dke Peter Felten.<\/p>\n\n\n\n<p>Spaji\u0107 je rekao da su evropski doga\u0111aji postali dio na\u0161e svakodnevnice. Kako je istakao, proces pune integracije ne zavr\u0161ava samo na papiru, on mora da \u017eivi u svakoj dru\u0161tvenoj pori i instituciji.&nbsp;<\/p>\n\n\n\n<p>&#8220;Tu po\u010dinje uloga akademije koja \u0107e pomo\u0107i na\u0161im stru\u010dnjacima da rade kao i njihove kolege u drugim dr\u017eavama \u010dlanicama, a da gra\u0111anima i privredi donose konkretne korake. Akademija nije samom simbol evropske budu\u0107nosti, ve\u0107 i instrument koji poma\u017ee da svakodnevnicu pretvorimo u evropsku praksu&#8221;, naglasio je Spaji\u0107.<\/p>\n\n\n\n<p>Kako je istakao, ova inicijativa slu\u017ei\u0107e cijelom regionu kao centar za u\u010denje, razmjenu iskustava i primjenu evropske prakse.<\/p>\n\n\n\n<p>&#8220;Odlu\u010dno kora\u010damo u zajedni\u010dku evropsku budu\u0107nost&#8221;, kazao je Spaji\u0107.&nbsp;<\/p>\n\n\n\n<p>Satler je rekao da sedmicu nakon predstavljanja vrlo uspje\u0161nog izvje\u0161taja EU o Crnoj Gori imamo priliku da svjedo\u010dimo jo\u0161 jednom va\u017enom doga\u0111aju &#8211; ostvaranju akademije koja \u0107e biti od velike pomo\u0107i privredi i gra\u0111anima.&nbsp;<\/p>\n\n\n\n<p>&#8220;Pristup jedinstvenom tr\u017ei\u0161tu jeste privilegija. To naravno, nije lako. Uskla\u0111ivanje je zahtjevan proces&#8221;, rekao je Satler.&nbsp;<\/p>\n\n\n\n<p>On je istakao da Crna Gora planira da zatvori pregovara\u010dka poglavlja do kraja naredne godine u pregovorima sa EU, te da \u0107e biti doma\u0107in va\u017enog samita. Klju\u010d progresa je, dodaje, u institucijama i njihovoj sposobnosti da primjenuju evropska pravila.&nbsp;<\/p>\n\n\n\n<p>Felten je rekao da Njema\u010dka podr\u017eava put Zapadnog Balkana ka EU. On je rekao da akademija simboli\u0161e takvu njema\u010dku podr\u0161ku, kroz regionalno povezivanje i saradnju na planu spremnosti da se prihvate pravila jedinstvenog tr\u017ei\u0161ta.&nbsp;<\/p>\n\n\n\n<p>On je naglasio da Crna Gora mo\u017ee da ra\u010duna na pomo\u0107 kada je u pitanju uskla\u0111ivanje sa evropskim pravilima, \u0161to uklju\u010duje i jedinstveno tr\u017ei\u0161te.&nbsp;<\/p>\n\n\n\n<p>&#8220;Ovo je odli\u010dna prilika da se prika\u017ee kako prostup jedinstvenom tr\u017ei\u0161tu uti\u010de na pove\u0107anje obima trgovine i rast, \u010dime se pobolj\u0161ava kvalitet \u017eivota samih gra\u0111ana&#8221;, rekao je Felten.&nbsp;<\/p>","protected":false},"excerpt":{"rendered":"<p>Premijer Milojko Spaji\u0107 rekao je da Crna Gora ne samo da prednja\u010di u evropskim integracijama, nego i predvodi proces ujedinjenja Zapadnog Balkana sa EU.<\/p>","protected":false},"author":1,"featured_media":963132,"comment_status":"open","ping_status":"open","sticky":false,"template":"","format":"standard","meta":{"_acf_changed":false,"footnotes":""},"categories":[12],"tags":[10,142],"naslovna":[],"class_list":["post-963131","post","type-post","status-publish","format-standard","has-post-thumbnail","hentry","category-politika","tag-eu","tag-spajic"],"acf":[],"yoast_head":"<!-- This site is optimized with the Yoast SEO plugin v27.4 - https:\/\/yoast.com\/product\/yoast-seo-wordpress\/ -->\n<title>Spaji\u0107: Crna Gora predvodi proces ujedinjenja Zapadnog Balkana sa EU - dmcsrb.com<\/title>\n<meta name=\"robots\" content=\"index, follow, max-snippet:-1, max-image-preview:large, max-video-preview:-1\" \/>\n<link rel=\"canonical\" href=\"https:\/\/dmcsrb.com\/en\/politika\/spajic-crna-gora-predvodi-proces-ujedinjenja-zapadnog-balkana-sa-eu\/\" \/>\n<meta property=\"og:locale\" content=\"en_GB\" \/>\n<meta property=\"og:type\" content=\"article\" \/>\n<meta property=\"og:title\" content=\"Spaji\u0107: Crna Gora predvodi proces ujedinjenja Zapadnog Balkana sa EU - dmcsrb.com\" \/>\n<meta property=\"og:description\" content=\"Premijer Milojko Spaji\u0107 rekao je da Crna Gora ne samo da prednja\u010di u evropskim integracijama, nego i predvodi proces ujedinjenja Zapadnog Balkana sa EU.\" \/>\n<meta property=\"og:url\" content=\"https:\/\/dmcsrb.com\/en\/politika\/spajic-crna-gora-predvodi-proces-ujedinjenja-zapadnog-balkana-sa-eu\/\" \/>\n<meta property=\"og:site_name\" content=\"dmcsrb.com\" \/>\n<meta property=\"article:published_time\" content=\"2025-11-11T11:50:39+00:00\" \/>\n<meta property=\"og:image\" content=\"https:\/\/dmcsrb.com\/wp-content\/uploads\/2026\/01\/viber_slika_2025-11-11_13-14-23-500_675x900-900x555-1.webp\" \/>\n\t<meta property=\"og:image:width\" content=\"900\" \/>\n\t<meta property=\"og:image:height\" content=\"555\" \/>\n\t<meta property=\"og:image:type\" content=\"image\/jpeg\" \/>\n<meta name=\"author\" content=\"dmcsrbija.com@gmail.com\" \/>\n<meta name=\"twitter:card\" content=\"summary_large_image\" \/>\n<meta name=\"twitter:label1\" content=\"Written by\" \/>\n\t<meta name=\"twitter:data1\" content=\"dmcsrbija.com@gmail.com\" \/>\n\t<meta name=\"twitter:label2\" content=\"Estimated reading time\" \/>\n\t<meta name=\"twitter:data2\" content=\"2 minutes\" \/>\n<script type=\"application\/ld+json\" class=\"yoast-schema-graph\">{\"@context\":\"https:\\\/\\\/schema.org\",\"@graph\":[{\"@type\":\"Article\",\"@id\":\"https:\\\/\\\/dmcsrb.com\\\/en\\\/politika\\\/spajic-crna-gora-predvodi-proces-ujedinjenja-zapadnog-balkana-sa-eu\\\/#article\",\"isPartOf\":{\"@id\":\"https:\\\/\\\/dmcsrb.com\\\/en\\\/politika\\\/spajic-crna-gora-predvodi-proces-ujedinjenja-zapadnog-balkana-sa-eu\\\/\"},\"author\":{\"name\":\"dmcsrbija.com@gmail.com\",\"@id\":\"https:\\\/\\\/dmcsrb.com\\\/#\\\/schema\\\/person\\\/5c39170f12db1b8b457732d0b5c854e2\"},\"headline\":\"Spaji\u0107: Crna Gora predvodi proces ujedinjenja Zapadnog Balkana sa EU\",\"datePublished\":\"2025-11-11T11:50:39+00:00\",\"mainEntityOfPage\":{\"@id\":\"https:\\\/\\\/dmcsrb.com\\\/en\\\/politika\\\/spajic-crna-gora-predvodi-proces-ujedinjenja-zapadnog-balkana-sa-eu\\\/\"},\"wordCount\":384,\"commentCount\":0,\"image\":{\"@id\":\"https:\\\/\\\/dmcsrb.com\\\/en\\\/politika\\\/spajic-crna-gora-predvodi-proces-ujedinjenja-zapadnog-balkana-sa-eu\\\/#primaryimage\"},\"thumbnailUrl\":\"https:\\\/\\\/dmcsrb.com\\\/wp-content\\\/uploads\\\/2026\\\/01\\\/viber_slika_2025-11-11_13-14-23-500_675x900-900x555-1.webp\",\"keywords\":[\"EU\",\"Spaji\u0107\"],\"articleSection\":[\"Politika\"],\"inLanguage\":\"en-GB\",\"potentialAction\":[{\"@type\":\"CommentAction\",\"name\":\"Comment\",\"target\":[\"https:\\\/\\\/dmcsrb.com\\\/en\\\/politika\\\/spajic-crna-gora-predvodi-proces-ujedinjenja-zapadnog-balkana-sa-eu\\\/#respond\"]}]},{\"@type\":\"WebPage\",\"@id\":\"https:\\\/\\\/dmcsrb.com\\\/en\\\/politika\\\/spajic-crna-gora-predvodi-proces-ujedinjenja-zapadnog-balkana-sa-eu\\\/\",\"url\":\"https:\\\/\\\/dmcsrb.com\\\/en\\\/politika\\\/spajic-crna-gora-predvodi-proces-ujedinjenja-zapadnog-balkana-sa-eu\\\/\",\"name\":\"Spaji\u0107: Crna Gora predvodi proces ujedinjenja Zapadnog Balkana sa EU - dmcsrb.com\",\"isPartOf\":{\"@id\":\"https:\\\/\\\/dmcsrb.com\\\/#website\"},\"primaryImageOfPage\":{\"@id\":\"https:\\\/\\\/dmcsrb.com\\\/en\\\/politika\\\/spajic-crna-gora-predvodi-proces-ujedinjenja-zapadnog-balkana-sa-eu\\\/#primaryimage\"},\"image\":{\"@id\":\"https:\\\/\\\/dmcsrb.com\\\/en\\\/politika\\\/spajic-crna-gora-predvodi-proces-ujedinjenja-zapadnog-balkana-sa-eu\\\/#primaryimage\"},\"thumbnailUrl\":\"https:\\\/\\\/dmcsrb.com\\\/wp-content\\\/uploads\\\/2026\\\/01\\\/viber_slika_2025-11-11_13-14-23-500_675x900-900x555-1.webp\",\"datePublished\":\"2025-11-11T11:50:39+00:00\",\"author\":{\"@id\":\"https:\\\/\\\/dmcsrb.com\\\/#\\\/schema\\\/person\\\/5c39170f12db1b8b457732d0b5c854e2\"},\"breadcrumb\":{\"@id\":\"https:\\\/\\\/dmcsrb.com\\\/en\\\/politika\\\/spajic-crna-gora-predvodi-proces-ujedinjenja-zapadnog-balkana-sa-eu\\\/#breadcrumb\"},\"inLanguage\":\"en-GB\",\"potentialAction\":[{\"@type\":\"ReadAction\",\"target\":[\"https:\\\/\\\/dmcsrb.com\\\/en\\\/politika\\\/spajic-crna-gora-predvodi-proces-ujedinjenja-zapadnog-balkana-sa-eu\\\/\"]}]},{\"@type\":\"ImageObject\",\"inLanguage\":\"en-GB\",\"@id\":\"https:\\\/\\\/dmcsrb.com\\\/en\\\/politika\\\/spajic-crna-gora-predvodi-proces-ujedinjenja-zapadnog-balkana-sa-eu\\\/#primaryimage\",\"url\":\"https:\\\/\\\/dmcsrb.com\\\/wp-content\\\/uploads\\\/2026\\\/01\\\/viber_slika_2025-11-11_13-14-23-500_675x900-900x555-1.webp\",\"contentUrl\":\"https:\\\/\\\/dmcsrb.com\\\/wp-content\\\/uploads\\\/2026\\\/01\\\/viber_slika_2025-11-11_13-14-23-500_675x900-900x555-1.webp\",\"width\":900,\"height\":555},{\"@type\":\"BreadcrumbList\",\"@id\":\"https:\\\/\\\/dmcsrb.com\\\/en\\\/politika\\\/spajic-crna-gora-predvodi-proces-ujedinjenja-zapadnog-balkana-sa-eu\\\/#breadcrumb\",\"itemListElement\":[{\"@type\":\"ListItem\",\"position\":1,\"name\":\"Home\",\"item\":\"https:\\\/\\\/dmcsrb.com\\\/\"},{\"@type\":\"ListItem\",\"position\":2,\"name\":\"Spaji\u0107: Crna Gora predvodi proces ujedinjenja Zapadnog Balkana sa EU\"}]},{\"@type\":\"WebSite\",\"@id\":\"https:\\\/\\\/dmcsrb.com\\\/#website\",\"url\":\"https:\\\/\\\/dmcsrb.com\\\/\",\"name\":\"dmcsrb.com\",\"description\":\"\",\"potentialAction\":[{\"@type\":\"SearchAction\",\"target\":{\"@type\":\"EntryPoint\",\"urlTemplate\":\"https:\\\/\\\/dmcsrb.com\\\/?s={search_term_string}\"},\"query-input\":{\"@type\":\"PropertyValueSpecification\",\"valueRequired\":true,\"valueName\":\"search_term_string\"}}],\"inLanguage\":\"en-GB\"},{\"@type\":\"Person\",\"@id\":\"https:\\\/\\\/dmcsrb.com\\\/#\\\/schema\\\/person\\\/5c39170f12db1b8b457732d0b5c854e2\",\"name\":\"dmcsrbija.com@gmail.com\",\"image\":{\"@type\":\"ImageObject\",\"inLanguage\":\"en-GB\",\"@id\":\"https:\\\/\\\/secure.gravatar.com\\\/avatar\\\/68592660ad6347fad0fb587f8d5d8f1a7b44961362f56e4f2cd524feb87e9069?s=96&d=mm&r=g\",\"url\":\"https:\\\/\\\/secure.gravatar.com\\\/avatar\\\/68592660ad6347fad0fb587f8d5d8f1a7b44961362f56e4f2cd524feb87e9069?s=96&d=mm&r=g\",\"contentUrl\":\"https:\\\/\\\/secure.gravatar.com\\\/avatar\\\/68592660ad6347fad0fb587f8d5d8f1a7b44961362f56e4f2cd524feb87e9069?s=96&d=mm&r=g\",\"caption\":\"dmcsrbija.com@gmail.com\"},\"sameAs\":[\"https:\\\/\\\/dmcsrb.com\"],\"url\":\"https:\\\/\\\/dmcsrb.com\\\/en\\\/author\\\/dmcsrbija-comgmail-com\\\/\"}]}<\/script>\n<!-- \/ Yoast SEO plugin. -->","yoast_head_json":{"title":"Spaji\u0107: Crna Gora predvodi proces ujedinjenja Zapadnog Balkana sa EU - dmcsrb.com","robots":{"index":"index","follow":"follow","max-snippet":"max-snippet:-1","max-image-preview":"max-image-preview:large","max-video-preview":"max-video-preview:-1"},"canonical":"https:\/\/dmcsrb.com\/en\/politika\/spajic-crna-gora-predvodi-proces-ujedinjenja-zapadnog-balkana-sa-eu\/","og_locale":"en_GB","og_type":"article","og_title":"Spaji\u0107: Crna Gora predvodi proces ujedinjenja Zapadnog Balkana sa EU - dmcsrb.com","og_description":"Premijer Milojko Spaji\u0107 rekao je da Crna Gora ne samo da prednja\u010di u evropskim integracijama, nego i predvodi proces ujedinjenja Zapadnog Balkana sa EU.","og_url":"https:\/\/dmcsrb.com\/en\/politika\/spajic-crna-gora-predvodi-proces-ujedinjenja-zapadnog-balkana-sa-eu\/","og_site_name":"dmcsrb.com","article_published_time":"2025-11-11T11:50:39+00:00","og_image":[{"width":900,"height":555,"url":"https:\/\/dmcsrb.com\/wp-content\/uploads\/2026\/01\/viber_slika_2025-11-11_13-14-23-500_675x900-900x555-1.webp","type":"image\/jpeg"}],"author":"dmcsrbija.com@gmail.com","twitter_card":"summary_large_image","twitter_misc":{"Written by":"dmcsrbija.com@gmail.com","Estimated reading time":"2 minutes"},"schema":{"@context":"https:\/\/schema.org","@graph":[{"@type":"Article","@id":"https:\/\/dmcsrb.com\/en\/politika\/spajic-crna-gora-predvodi-proces-ujedinjenja-zapadnog-balkana-sa-eu\/#article","isPartOf":{"@id":"https:\/\/dmcsrb.com\/en\/politika\/spajic-crna-gora-predvodi-proces-ujedinjenja-zapadnog-balkana-sa-eu\/"},"author":{"name":"dmcsrbija.com@gmail.com","@id":"https:\/\/dmcsrb.com\/#\/schema\/person\/5c39170f12db1b8b457732d0b5c854e2"},"headline":"Spaji\u0107: Crna Gora predvodi proces ujedinjenja Zapadnog Balkana sa EU","datePublished":"2025-11-11T11:50:39+00:00","mainEntityOfPage":{"@id":"https:\/\/dmcsrb.com\/en\/politika\/spajic-crna-gora-predvodi-proces-ujedinjenja-zapadnog-balkana-sa-eu\/"},"wordCount":384,"commentCount":0,"image":{"@id":"https:\/\/dmcsrb.com\/en\/politika\/spajic-crna-gora-predvodi-proces-ujedinjenja-zapadnog-balkana-sa-eu\/#primaryimage"},"thumbnailUrl":"https:\/\/dmcsrb.com\/wp-content\/uploads\/2026\/01\/viber_slika_2025-11-11_13-14-23-500_675x900-900x555-1.webp","keywords":["EU","Spaji\u0107"],"articleSection":["Politika"],"inLanguage":"en-GB","potentialAction":[{"@type":"CommentAction","name":"Comment","target":["https:\/\/dmcsrb.com\/en\/politika\/spajic-crna-gora-predvodi-proces-ujedinjenja-zapadnog-balkana-sa-eu\/#respond"]}]},{"@type":"WebPage","@id":"https:\/\/dmcsrb.com\/en\/politika\/spajic-crna-gora-predvodi-proces-ujedinjenja-zapadnog-balkana-sa-eu\/","url":"https:\/\/dmcsrb.com\/en\/politika\/spajic-crna-gora-predvodi-proces-ujedinjenja-zapadnog-balkana-sa-eu\/","name":"Spaji\u0107: Crna Gora predvodi proces ujedinjenja Zapadnog Balkana sa EU - dmcsrb.com","isPartOf":{"@id":"https:\/\/dmcsrb.com\/#website"},"primaryImageOfPage":{"@id":"https:\/\/dmcsrb.com\/en\/politika\/spajic-crna-gora-predvodi-proces-ujedinjenja-zapadnog-balkana-sa-eu\/#primaryimage"},"image":{"@id":"https:\/\/dmcsrb.com\/en\/politika\/spajic-crna-gora-predvodi-proces-ujedinjenja-zapadnog-balkana-sa-eu\/#primaryimage"},"thumbnailUrl":"https:\/\/dmcsrb.com\/wp-content\/uploads\/2026\/01\/viber_slika_2025-11-11_13-14-23-500_675x900-900x555-1.webp","datePublished":"2025-11-11T11:50:39+00:00","author":{"@id":"https:\/\/dmcsrb.com\/#\/schema\/person\/5c39170f12db1b8b457732d0b5c854e2"},"breadcrumb":{"@id":"https:\/\/dmcsrb.com\/en\/politika\/spajic-crna-gora-predvodi-proces-ujedinjenja-zapadnog-balkana-sa-eu\/#breadcrumb"},"inLanguage":"en-GB","potentialAction":[{"@type":"ReadAction","target":["https:\/\/dmcsrb.com\/en\/politika\/spajic-crna-gora-predvodi-proces-ujedinjenja-zapadnog-balkana-sa-eu\/"]}]},{"@type":"ImageObject","inLanguage":"en-GB","@id":"https:\/\/dmcsrb.com\/en\/politika\/spajic-crna-gora-predvodi-proces-ujedinjenja-zapadnog-balkana-sa-eu\/#primaryimage","url":"https:\/\/dmcsrb.com\/wp-content\/uploads\/2026\/01\/viber_slika_2025-11-11_13-14-23-500_675x900-900x555-1.webp","contentUrl":"https:\/\/dmcsrb.com\/wp-content\/uploads\/2026\/01\/viber_slika_2025-11-11_13-14-23-500_675x900-900x555-1.webp","width":900,"height":555},{"@type":"BreadcrumbList","@id":"https:\/\/dmcsrb.com\/en\/politika\/spajic-crna-gora-predvodi-proces-ujedinjenja-zapadnog-balkana-sa-eu\/#breadcrumb","itemListElement":[{"@type":"ListItem","position":1,"name":"Home","item":"https:\/\/dmcsrb.com\/"},{"@type":"ListItem","position":2,"name":"Spaji\u0107: Crna Gora predvodi proces ujedinjenja Zapadnog Balkana sa EU"}]},{"@type":"WebSite","@id":"https:\/\/dmcsrb.com\/#website","url":"https:\/\/dmcsrb.com\/","name":"dmcsrb.com","description":"","potentialAction":[{"@type":"SearchAction","target":{"@type":"EntryPoint","urlTemplate":"https:\/\/dmcsrb.com\/?s={search_term_string}"},"query-input":{"@type":"PropertyValueSpecification","valueRequired":true,"valueName":"search_term_string"}}],"inLanguage":"en-GB"},{"@type":"Person","@id":"https:\/\/dmcsrb.com\/#\/schema\/person\/5c39170f12db1b8b457732d0b5c854e2","name":"dmcsrbija.com@gmail.com","image":{"@type":"ImageObject","inLanguage":"en-GB","@id":"https:\/\/secure.gravatar.com\/avatar\/68592660ad6347fad0fb587f8d5d8f1a7b44961362f56e4f2cd524feb87e9069?s=96&d=mm&r=g","url":"https:\/\/secure.gravatar.com\/avatar\/68592660ad6347fad0fb587f8d5d8f1a7b44961362f56e4f2cd524feb87e9069?s=96&d=mm&r=g","contentUrl":"https:\/\/secure.gravatar.com\/avatar\/68592660ad6347fad0fb587f8d5d8f1a7b44961362f56e4f2cd524feb87e9069?s=96&d=mm&r=g","caption":"dmcsrbija.com@gmail.com"},"sameAs":["https:\/\/dmcsrb.com"],"url":"https:\/\/dmcsrb.com\/en\/author\/dmcsrbija-comgmail-com\/"}]}},"_links":{"self":[{"href":"https:\/\/dmcsrb.com\/en\/wp-json\/wp\/v2\/posts\/963131","targetHints":{"allow":["GET"]}}],"collection":[{"href":"https:\/\/dmcsrb.com\/en\/wp-json\/wp\/v2\/posts"}],"about":[{"href":"https:\/\/dmcsrb.com\/en\/wp-json\/wp\/v2\/types\/post"}],"author":[{"embeddable":true,"href":"https:\/\/dmcsrb.com\/en\/wp-json\/wp\/v2\/users\/1"}],"replies":[{"embeddable":true,"href":"https:\/\/dmcsrb.com\/en\/wp-json\/wp\/v2\/comments?post=963131"}],"version-history":[{"count":0,"href":"https:\/\/dmcsrb.com\/en\/wp-json\/wp\/v2\/posts\/963131\/revisions"}],"wp:featuredmedia":[{"embeddable":true,"href":"https:\/\/dmcsrb.com\/en\/wp-json\/wp\/v2\/media\/963132"}],"wp:attachment":[{"href":"https:\/\/dmcsrb.com\/en\/wp-json\/wp\/v2\/media?parent=963131"}],"wp:term":[{"taxonomy":"category","embeddable":true,"href":"https:\/\/dmcsrb.com\/en\/wp-json\/wp\/v2\/categories?post=963131"},{"taxonomy":"post_tag","embeddable":true,"href":"https:\/\/dmcsrb.com\/en\/wp-json\/wp\/v2\/tags?post=963131"},{"taxonomy":"naslovna","embeddable":true,"href":"https:\/\/dmcsrb.com\/en\/wp-json\/wp\/v2\/naslovna?post=963131"}],"curies":[{"name":"wp","href":"https:\/\/api.w.org\/{rel}","templated":true}]}}