{"id":963106,"date":"2025-11-11T12:44:00","date_gmt":"2025-11-11T11:44:00","guid":{"rendered":"https:\/\/dmcsrb.com\/uncategorized\/drakic-posjetio-filozofski-fakultet-saradnja-kroz-projekat-usmjeren-na-edukaciju-o-etici-nastavnog-kadra-u-srednjoskolskom-obrazovanju\/"},"modified":"2025-11-11T12:44:00","modified_gmt":"2025-11-11T11:44:00","slug":"drakic-posjetio-filozofski-fakultet-saradnja-kroz-projekat-usmjeren-na-edukaciju-o-etici-nastavnog-kadra-u-srednjoskolskom-obrazovanju","status":"publish","type":"post","link":"https:\/\/dmcsrb.com\/en\/drustvo\/drakic-posjetio-filozofski-fakultet-saradnja-kroz-projekat-usmjeren-na-edukaciju-o-etici-nastavnog-kadra-u-srednjoskolskom-obrazovanju\/","title":{"rendered":"Draki\u0107 posjetio Filozofski fakultet: Saradnja kroz projekat usmjeren na edukaciju o etici nastavnog kadra u srednjo\u0161kolskom obrazovanju"},"content":{"rendered":"<p><\/p>\n\n\n\n<p><\/p>\n\n\n\n<p>\u201cSastanku su prisustvovali i prodekanka za nastavu prof. dr<strong>&nbsp;Dijana Vu\u010dkovi\u0107,<\/strong>&nbsp;prodekan za nauku i me\u0111unarodnu saradnju prof. dr&nbsp;<strong>Marijan Premovi\u0107,<\/strong>&nbsp;prodekanka za finansije i razvoj prof. dr&nbsp;<strong>Biljana Maslovari\u0107,<\/strong>&nbsp;kao i prof. dr<strong>&nbsp;Du\u0161an Krcunovi\u0107<\/strong>&nbsp;sa Studijskog programa za filozofiju\u201d, saop\u0161teno je sa Univerziteta Crne Gore UCG.<\/p>\n\n\n\n<p>Kako su naveli, tokom sastanka dogovorena je saradnja izme\u0111u Filozofskog fakulteta i Agencije kroz projekat usmjeren na edukaciju o etici nastavnog kadra u srednjo\u0161kolskom obrazovanju. Planirano je da se u narednom periodu izradi akcioni plan za realizaciju edukativnih aktivnosti, koje \u0107e se, u kasnijoj fazi, pro\u0161iriti i na osnovne \u0161kole i pred\u0161kolske ustanove.<\/p>\n\n\n\n<p>\u201cU okviru sastanka bilo je rije\u010di o mogu\u0107nosti organizovanja Okruglog stola na Filozofskom fakultetu povodom 9. decembra \u2013 Me\u0111unarodnog dana borbe protiv korupcije, sa ciljem ja\u010danja svijesti o zna\u010daju akademske etike i integriteta u obrazovanju\u201d, zaklju\u010duje se u saop\u0161tenju.<\/p>","protected":false},"excerpt":{"rendered":"<p>V. d. direktora Agencije za spre\u010davanje korupcije,\u00a0Du\u0161an Draki\u0107,\u00a0danas je posjetio Filozofski fakultet Univerziteta Crne Gore u Nik\u0161i\u0107u, gdje je odr\u017ean radni sastanak sa dekanicom prof. dr\u00a0Tatjanom Novovi\u0107.<\/p>","protected":false},"author":1,"featured_media":963107,"comment_status":"open","ping_status":"open","sticky":false,"template":"","format":"standard","meta":{"_acf_changed":false,"footnotes":""},"categories":[2],"tags":[118,14176],"naslovna":[],"class_list":["post-963106","post","type-post","status-publish","format-standard","has-post-thumbnail","hentry","category-drustvo","tag-ask","tag-drakic"],"acf":[],"yoast_head":"<!-- This site is optimized with the Yoast SEO plugin v27.0 - https:\/\/yoast.com\/product\/yoast-seo-wordpress\/ -->\n<title>Draki\u0107 posjetio Filozofski fakultet: Saradnja kroz projekat usmjeren na edukaciju o etici nastavnog kadra u srednjo\u0161kolskom obrazovanju - dmcsrb.com<\/title>\n<meta name=\"robots\" content=\"index, follow, max-snippet:-1, max-image-preview:large, max-video-preview:-1\" \/>\n<link rel=\"canonical\" href=\"https:\/\/dmcsrb.com\/en\/drustvo\/drakic-posjetio-filozofski-fakultet-saradnja-kroz-projekat-usmjeren-na-edukaciju-o-etici-nastavnog-kadra-u-srednjoskolskom-obrazovanju\/\" \/>\n<meta property=\"og:locale\" content=\"en_GB\" \/>\n<meta property=\"og:type\" content=\"article\" \/>\n<meta property=\"og:title\" content=\"Draki\u0107 posjetio Filozofski fakultet: Saradnja kroz projekat usmjeren na edukaciju o etici nastavnog kadra u srednjo\u0161kolskom obrazovanju - dmcsrb.com\" \/>\n<meta property=\"og:description\" content=\"V. d. direktora Agencije za spre\u010davanje korupcije,\u00a0Du\u0161an Draki\u0107,\u00a0danas je posjetio Filozofski fakultet Univerziteta Crne Gore u Nik\u0161i\u0107u, gdje je odr\u017ean radni sastanak sa dekanicom prof. dr\u00a0Tatjanom Novovi\u0107.\" \/>\n<meta property=\"og:url\" content=\"https:\/\/dmcsrb.com\/en\/drustvo\/drakic-posjetio-filozofski-fakultet-saradnja-kroz-projekat-usmjeren-na-edukaciju-o-etici-nastavnog-kadra-u-srednjoskolskom-obrazovanju\/\" \/>\n<meta property=\"og:site_name\" content=\"dmcsrb.com\" \/>\n<meta property=\"article:published_time\" content=\"2025-11-11T11:44:00+00:00\" \/>\n<meta property=\"og:image\" content=\"https:\/\/dmcsrb.com\/wp-content\/uploads\/2026\/01\/tumber-4-1000x555-1.webp\" \/>\n\t<meta property=\"og:image:width\" content=\"1000\" \/>\n\t<meta property=\"og:image:height\" content=\"555\" \/>\n\t<meta property=\"og:image:type\" content=\"image\/jpeg\" \/>\n<meta name=\"author\" content=\"dmcsrbija.com@gmail.com\" \/>\n<meta name=\"twitter:card\" content=\"summary_large_image\" \/>\n<meta name=\"twitter:label1\" content=\"Written by\" \/>\n\t<meta name=\"twitter:data1\" content=\"dmcsrbija.com@gmail.com\" \/>\n\t<meta name=\"twitter:label2\" content=\"Estimated reading time\" \/>\n\t<meta name=\"twitter:data2\" content=\"1 minute\" \/>\n<script type=\"application\/ld+json\" class=\"yoast-schema-graph\">{\"@context\":\"https:\/\/schema.org\",\"@graph\":[{\"@type\":\"Article\",\"@id\":\"https:\/\/dmcsrb.com\/drustvo\/drakic-posjetio-filozofski-fakultet-saradnja-kroz-projekat-usmjeren-na-edukaciju-o-etici-nastavnog-kadra-u-srednjoskolskom-obrazovanju\/#article\",\"isPartOf\":{\"@id\":\"https:\/\/dmcsrb.com\/drustvo\/drakic-posjetio-filozofski-fakultet-saradnja-kroz-projekat-usmjeren-na-edukaciju-o-etici-nastavnog-kadra-u-srednjoskolskom-obrazovanju\/\"},\"author\":{\"name\":\"dmcsrbija.com@gmail.com\",\"@id\":\"https:\/\/dmcsrb.com\/#\/schema\/person\/5c39170f12db1b8b457732d0b5c854e2\"},\"headline\":\"Draki\u0107 posjetio Filozofski fakultet: Saradnja kroz projekat usmjeren na edukaciju o etici nastavnog kadra u srednjo\u0161kolskom obrazovanju\",\"datePublished\":\"2025-11-11T11:44:00+00:00\",\"mainEntityOfPage\":{\"@id\":\"https:\/\/dmcsrb.com\/drustvo\/drakic-posjetio-filozofski-fakultet-saradnja-kroz-projekat-usmjeren-na-edukaciju-o-etici-nastavnog-kadra-u-srednjoskolskom-obrazovanju\/\"},\"wordCount\":179,\"commentCount\":0,\"image\":{\"@id\":\"https:\/\/dmcsrb.com\/drustvo\/drakic-posjetio-filozofski-fakultet-saradnja-kroz-projekat-usmjeren-na-edukaciju-o-etici-nastavnog-kadra-u-srednjoskolskom-obrazovanju\/#primaryimage\"},\"thumbnailUrl\":\"https:\/\/dmcsrb.com\/wp-content\/uploads\/2026\/01\/tumber-4-1000x555-1.webp\",\"keywords\":[\"ASK\",\"draki\u0107\"],\"articleSection\":[\"Dru\u0161tvo\"],\"inLanguage\":\"en-GB\",\"potentialAction\":[{\"@type\":\"CommentAction\",\"name\":\"Comment\",\"target\":[\"https:\/\/dmcsrb.com\/drustvo\/drakic-posjetio-filozofski-fakultet-saradnja-kroz-projekat-usmjeren-na-edukaciju-o-etici-nastavnog-kadra-u-srednjoskolskom-obrazovanju\/#respond\"]}]},{\"@type\":\"WebPage\",\"@id\":\"https:\/\/dmcsrb.com\/drustvo\/drakic-posjetio-filozofski-fakultet-saradnja-kroz-projekat-usmjeren-na-edukaciju-o-etici-nastavnog-kadra-u-srednjoskolskom-obrazovanju\/\",\"url\":\"https:\/\/dmcsrb.com\/drustvo\/drakic-posjetio-filozofski-fakultet-saradnja-kroz-projekat-usmjeren-na-edukaciju-o-etici-nastavnog-kadra-u-srednjoskolskom-obrazovanju\/\",\"name\":\"Draki\u0107 posjetio Filozofski fakultet: Saradnja kroz projekat usmjeren na edukaciju o etici nastavnog kadra u srednjo\u0161kolskom obrazovanju - dmcsrb.com\",\"isPartOf\":{\"@id\":\"https:\/\/dmcsrb.com\/#website\"},\"primaryImageOfPage\":{\"@id\":\"https:\/\/dmcsrb.com\/drustvo\/drakic-posjetio-filozofski-fakultet-saradnja-kroz-projekat-usmjeren-na-edukaciju-o-etici-nastavnog-kadra-u-srednjoskolskom-obrazovanju\/#primaryimage\"},\"image\":{\"@id\":\"https:\/\/dmcsrb.com\/drustvo\/drakic-posjetio-filozofski-fakultet-saradnja-kroz-projekat-usmjeren-na-edukaciju-o-etici-nastavnog-kadra-u-srednjoskolskom-obrazovanju\/#primaryimage\"},\"thumbnailUrl\":\"https:\/\/dmcsrb.com\/wp-content\/uploads\/2026\/01\/tumber-4-1000x555-1.webp\",\"datePublished\":\"2025-11-11T11:44:00+00:00\",\"author\":{\"@id\":\"https:\/\/dmcsrb.com\/#\/schema\/person\/5c39170f12db1b8b457732d0b5c854e2\"},\"breadcrumb\":{\"@id\":\"https:\/\/dmcsrb.com\/drustvo\/drakic-posjetio-filozofski-fakultet-saradnja-kroz-projekat-usmjeren-na-edukaciju-o-etici-nastavnog-kadra-u-srednjoskolskom-obrazovanju\/#breadcrumb\"},\"inLanguage\":\"en-GB\",\"potentialAction\":[{\"@type\":\"ReadAction\",\"target\":[\"https:\/\/dmcsrb.com\/drustvo\/drakic-posjetio-filozofski-fakultet-saradnja-kroz-projekat-usmjeren-na-edukaciju-o-etici-nastavnog-kadra-u-srednjoskolskom-obrazovanju\/\"]}]},{\"@type\":\"ImageObject\",\"inLanguage\":\"en-GB\",\"@id\":\"https:\/\/dmcsrb.com\/drustvo\/drakic-posjetio-filozofski-fakultet-saradnja-kroz-projekat-usmjeren-na-edukaciju-o-etici-nastavnog-kadra-u-srednjoskolskom-obrazovanju\/#primaryimage\",\"url\":\"https:\/\/dmcsrb.com\/wp-content\/uploads\/2026\/01\/tumber-4-1000x555-1.webp\",\"contentUrl\":\"https:\/\/dmcsrb.com\/wp-content\/uploads\/2026\/01\/tumber-4-1000x555-1.webp\",\"width\":1000,\"height\":555},{\"@type\":\"BreadcrumbList\",\"@id\":\"https:\/\/dmcsrb.com\/drustvo\/drakic-posjetio-filozofski-fakultet-saradnja-kroz-projekat-usmjeren-na-edukaciju-o-etici-nastavnog-kadra-u-srednjoskolskom-obrazovanju\/#breadcrumb\",\"itemListElement\":[{\"@type\":\"ListItem\",\"position\":1,\"name\":\"Home\",\"item\":\"https:\/\/dmcsrb.com\/\"},{\"@type\":\"ListItem\",\"position\":2,\"name\":\"Draki\u0107 posjetio Filozofski fakultet: Saradnja kroz projekat usmjeren na edukaciju o etici nastavnog kadra u srednjo\u0161kolskom obrazovanju\"}]},{\"@type\":\"WebSite\",\"@id\":\"https:\/\/dmcsrb.com\/#website\",\"url\":\"https:\/\/dmcsrb.com\/\",\"name\":\"dmcsrb.com\",\"description\":\"\",\"potentialAction\":[{\"@type\":\"SearchAction\",\"target\":{\"@type\":\"EntryPoint\",\"urlTemplate\":\"https:\/\/dmcsrb.com\/?s={search_term_string}\"},\"query-input\":{\"@type\":\"PropertyValueSpecification\",\"valueRequired\":true,\"valueName\":\"search_term_string\"}}],\"inLanguage\":\"en-GB\"},{\"@type\":\"Person\",\"@id\":\"https:\/\/dmcsrb.com\/#\/schema\/person\/5c39170f12db1b8b457732d0b5c854e2\",\"name\":\"dmcsrbija.com@gmail.com\",\"image\":{\"@type\":\"ImageObject\",\"inLanguage\":\"en-GB\",\"@id\":\"https:\/\/dmcsrb.com\/#\/schema\/person\/image\/\",\"url\":\"https:\/\/secure.gravatar.com\/avatar\/68592660ad6347fad0fb587f8d5d8f1a7b44961362f56e4f2cd524feb87e9069?s=96&d=mm&r=g\",\"contentUrl\":\"https:\/\/secure.gravatar.com\/avatar\/68592660ad6347fad0fb587f8d5d8f1a7b44961362f56e4f2cd524feb87e9069?s=96&d=mm&r=g\",\"caption\":\"dmcsrbija.com@gmail.com\"},\"sameAs\":[\"https:\/\/dmcsrb.com\"],\"url\":\"https:\/\/dmcsrb.com\/en\/author\/dmcsrbija-comgmail-com\/\"}]}<\/script>\n<!-- \/ Yoast SEO plugin. -->","yoast_head_json":{"title":"Draki\u0107 posjetio Filozofski fakultet: Saradnja kroz projekat usmjeren na edukaciju o etici nastavnog kadra u srednjo\u0161kolskom obrazovanju - dmcsrb.com","robots":{"index":"index","follow":"follow","max-snippet":"max-snippet:-1","max-image-preview":"max-image-preview:large","max-video-preview":"max-video-preview:-1"},"canonical":"https:\/\/dmcsrb.com\/en\/drustvo\/drakic-posjetio-filozofski-fakultet-saradnja-kroz-projekat-usmjeren-na-edukaciju-o-etici-nastavnog-kadra-u-srednjoskolskom-obrazovanju\/","og_locale":"en_GB","og_type":"article","og_title":"Draki\u0107 posjetio Filozofski fakultet: Saradnja kroz projekat usmjeren na edukaciju o etici nastavnog kadra u srednjo\u0161kolskom obrazovanju - dmcsrb.com","og_description":"V. d. direktora Agencije za spre\u010davanje korupcije,\u00a0Du\u0161an Draki\u0107,\u00a0danas je posjetio Filozofski fakultet Univerziteta Crne Gore u Nik\u0161i\u0107u, gdje je odr\u017ean radni sastanak sa dekanicom prof. dr\u00a0Tatjanom Novovi\u0107.","og_url":"https:\/\/dmcsrb.com\/en\/drustvo\/drakic-posjetio-filozofski-fakultet-saradnja-kroz-projekat-usmjeren-na-edukaciju-o-etici-nastavnog-kadra-u-srednjoskolskom-obrazovanju\/","og_site_name":"dmcsrb.com","article_published_time":"2025-11-11T11:44:00+00:00","og_image":[{"width":1000,"height":555,"url":"https:\/\/dmcsrb.com\/wp-content\/uploads\/2026\/01\/tumber-4-1000x555-1.webp","type":"image\/jpeg"}],"author":"dmcsrbija.com@gmail.com","twitter_card":"summary_large_image","twitter_misc":{"Written by":"dmcsrbija.com@gmail.com","Estimated reading time":"1 minute"},"schema":{"@context":"https:\/\/schema.org","@graph":[{"@type":"Article","@id":"https:\/\/dmcsrb.com\/drustvo\/drakic-posjetio-filozofski-fakultet-saradnja-kroz-projekat-usmjeren-na-edukaciju-o-etici-nastavnog-kadra-u-srednjoskolskom-obrazovanju\/#article","isPartOf":{"@id":"https:\/\/dmcsrb.com\/drustvo\/drakic-posjetio-filozofski-fakultet-saradnja-kroz-projekat-usmjeren-na-edukaciju-o-etici-nastavnog-kadra-u-srednjoskolskom-obrazovanju\/"},"author":{"name":"dmcsrbija.com@gmail.com","@id":"https:\/\/dmcsrb.com\/#\/schema\/person\/5c39170f12db1b8b457732d0b5c854e2"},"headline":"Draki\u0107 posjetio Filozofski fakultet: Saradnja kroz projekat usmjeren na edukaciju o etici nastavnog kadra u srednjo\u0161kolskom obrazovanju","datePublished":"2025-11-11T11:44:00+00:00","mainEntityOfPage":{"@id":"https:\/\/dmcsrb.com\/drustvo\/drakic-posjetio-filozofski-fakultet-saradnja-kroz-projekat-usmjeren-na-edukaciju-o-etici-nastavnog-kadra-u-srednjoskolskom-obrazovanju\/"},"wordCount":179,"commentCount":0,"image":{"@id":"https:\/\/dmcsrb.com\/drustvo\/drakic-posjetio-filozofski-fakultet-saradnja-kroz-projekat-usmjeren-na-edukaciju-o-etici-nastavnog-kadra-u-srednjoskolskom-obrazovanju\/#primaryimage"},"thumbnailUrl":"https:\/\/dmcsrb.com\/wp-content\/uploads\/2026\/01\/tumber-4-1000x555-1.webp","keywords":["ASK","draki\u0107"],"articleSection":["Dru\u0161tvo"],"inLanguage":"en-GB","potentialAction":[{"@type":"CommentAction","name":"Comment","target":["https:\/\/dmcsrb.com\/drustvo\/drakic-posjetio-filozofski-fakultet-saradnja-kroz-projekat-usmjeren-na-edukaciju-o-etici-nastavnog-kadra-u-srednjoskolskom-obrazovanju\/#respond"]}]},{"@type":"WebPage","@id":"https:\/\/dmcsrb.com\/drustvo\/drakic-posjetio-filozofski-fakultet-saradnja-kroz-projekat-usmjeren-na-edukaciju-o-etici-nastavnog-kadra-u-srednjoskolskom-obrazovanju\/","url":"https:\/\/dmcsrb.com\/drustvo\/drakic-posjetio-filozofski-fakultet-saradnja-kroz-projekat-usmjeren-na-edukaciju-o-etici-nastavnog-kadra-u-srednjoskolskom-obrazovanju\/","name":"Draki\u0107 posjetio Filozofski fakultet: Saradnja kroz projekat usmjeren na edukaciju o etici nastavnog kadra u srednjo\u0161kolskom obrazovanju - dmcsrb.com","isPartOf":{"@id":"https:\/\/dmcsrb.com\/#website"},"primaryImageOfPage":{"@id":"https:\/\/dmcsrb.com\/drustvo\/drakic-posjetio-filozofski-fakultet-saradnja-kroz-projekat-usmjeren-na-edukaciju-o-etici-nastavnog-kadra-u-srednjoskolskom-obrazovanju\/#primaryimage"},"image":{"@id":"https:\/\/dmcsrb.com\/drustvo\/drakic-posjetio-filozofski-fakultet-saradnja-kroz-projekat-usmjeren-na-edukaciju-o-etici-nastavnog-kadra-u-srednjoskolskom-obrazovanju\/#primaryimage"},"thumbnailUrl":"https:\/\/dmcsrb.com\/wp-content\/uploads\/2026\/01\/tumber-4-1000x555-1.webp","datePublished":"2025-11-11T11:44:00+00:00","author":{"@id":"https:\/\/dmcsrb.com\/#\/schema\/person\/5c39170f12db1b8b457732d0b5c854e2"},"breadcrumb":{"@id":"https:\/\/dmcsrb.com\/drustvo\/drakic-posjetio-filozofski-fakultet-saradnja-kroz-projekat-usmjeren-na-edukaciju-o-etici-nastavnog-kadra-u-srednjoskolskom-obrazovanju\/#breadcrumb"},"inLanguage":"en-GB","potentialAction":[{"@type":"ReadAction","target":["https:\/\/dmcsrb.com\/drustvo\/drakic-posjetio-filozofski-fakultet-saradnja-kroz-projekat-usmjeren-na-edukaciju-o-etici-nastavnog-kadra-u-srednjoskolskom-obrazovanju\/"]}]},{"@type":"ImageObject","inLanguage":"en-GB","@id":"https:\/\/dmcsrb.com\/drustvo\/drakic-posjetio-filozofski-fakultet-saradnja-kroz-projekat-usmjeren-na-edukaciju-o-etici-nastavnog-kadra-u-srednjoskolskom-obrazovanju\/#primaryimage","url":"https:\/\/dmcsrb.com\/wp-content\/uploads\/2026\/01\/tumber-4-1000x555-1.webp","contentUrl":"https:\/\/dmcsrb.com\/wp-content\/uploads\/2026\/01\/tumber-4-1000x555-1.webp","width":1000,"height":555},{"@type":"BreadcrumbList","@id":"https:\/\/dmcsrb.com\/drustvo\/drakic-posjetio-filozofski-fakultet-saradnja-kroz-projekat-usmjeren-na-edukaciju-o-etici-nastavnog-kadra-u-srednjoskolskom-obrazovanju\/#breadcrumb","itemListElement":[{"@type":"ListItem","position":1,"name":"Home","item":"https:\/\/dmcsrb.com\/"},{"@type":"ListItem","position":2,"name":"Draki\u0107 posjetio Filozofski fakultet: Saradnja kroz projekat usmjeren na edukaciju o etici nastavnog kadra u srednjo\u0161kolskom obrazovanju"}]},{"@type":"WebSite","@id":"https:\/\/dmcsrb.com\/#website","url":"https:\/\/dmcsrb.com\/","name":"dmcsrb.com","description":"","potentialAction":[{"@type":"SearchAction","target":{"@type":"EntryPoint","urlTemplate":"https:\/\/dmcsrb.com\/?s={search_term_string}"},"query-input":{"@type":"PropertyValueSpecification","valueRequired":true,"valueName":"search_term_string"}}],"inLanguage":"en-GB"},{"@type":"Person","@id":"https:\/\/dmcsrb.com\/#\/schema\/person\/5c39170f12db1b8b457732d0b5c854e2","name":"dmcsrbija.com@gmail.com","image":{"@type":"ImageObject","inLanguage":"en-GB","@id":"https:\/\/dmcsrb.com\/#\/schema\/person\/image\/","url":"https:\/\/secure.gravatar.com\/avatar\/68592660ad6347fad0fb587f8d5d8f1a7b44961362f56e4f2cd524feb87e9069?s=96&d=mm&r=g","contentUrl":"https:\/\/secure.gravatar.com\/avatar\/68592660ad6347fad0fb587f8d5d8f1a7b44961362f56e4f2cd524feb87e9069?s=96&d=mm&r=g","caption":"dmcsrbija.com@gmail.com"},"sameAs":["https:\/\/dmcsrb.com"],"url":"https:\/\/dmcsrb.com\/en\/author\/dmcsrbija-comgmail-com\/"}]}},"_links":{"self":[{"href":"https:\/\/dmcsrb.com\/en\/wp-json\/wp\/v2\/posts\/963106","targetHints":{"allow":["GET"]}}],"collection":[{"href":"https:\/\/dmcsrb.com\/en\/wp-json\/wp\/v2\/posts"}],"about":[{"href":"https:\/\/dmcsrb.com\/en\/wp-json\/wp\/v2\/types\/post"}],"author":[{"embeddable":true,"href":"https:\/\/dmcsrb.com\/en\/wp-json\/wp\/v2\/users\/1"}],"replies":[{"embeddable":true,"href":"https:\/\/dmcsrb.com\/en\/wp-json\/wp\/v2\/comments?post=963106"}],"version-history":[{"count":0,"href":"https:\/\/dmcsrb.com\/en\/wp-json\/wp\/v2\/posts\/963106\/revisions"}],"wp:featuredmedia":[{"embeddable":true,"href":"https:\/\/dmcsrb.com\/en\/wp-json\/wp\/v2\/media\/963107"}],"wp:attachment":[{"href":"https:\/\/dmcsrb.com\/en\/wp-json\/wp\/v2\/media?parent=963106"}],"wp:term":[{"taxonomy":"category","embeddable":true,"href":"https:\/\/dmcsrb.com\/en\/wp-json\/wp\/v2\/categories?post=963106"},{"taxonomy":"post_tag","embeddable":true,"href":"https:\/\/dmcsrb.com\/en\/wp-json\/wp\/v2\/tags?post=963106"},{"taxonomy":"naslovna","embeddable":true,"href":"https:\/\/dmcsrb.com\/en\/wp-json\/wp\/v2\/naslovna?post=963106"}],"curies":[{"name":"wp","href":"https:\/\/api.w.org\/{rel}","templated":true}]}}