{"id":963053,"date":"2025-11-11T07:47:00","date_gmt":"2025-11-11T06:47:00","guid":{"rendered":"https:\/\/dmcsrb.com\/uncategorized\/krivicna-prijava-protiv-ulcinjanina-osumnjicen-da-je-sagradio-bazen-na-drzavnom-zemljistu\/"},"modified":"2025-11-11T07:47:00","modified_gmt":"2025-11-11T06:47:00","slug":"krivicna-prijava-protiv-ulcinjanina-osumnjicen-da-je-sagradio-bazen-na-drzavnom-zemljistu","status":"publish","type":"post","link":"https:\/\/dmcsrb.com\/en\/hronika\/krivicna-prijava-protiv-ulcinjanina-osumnjicen-da-je-sagradio-bazen-na-drzavnom-zemljistu\/","title":{"rendered":"Krivi\u010dna prijava protiv Ulcinjanina, osumnji\u010den da je sagradio bazen na dr\u017eavnom zemlji\u0161tu"},"content":{"rendered":"<p><\/p>\n\n\n\n<p>Kako je saop\u0161teno iz policije, slu\u017ebenici Regionalnog centra bezbjednosti \u201eJug\u201c \u2013 Odjeljenja bezbjednosti Ulcinj su, dr\u017eavnom tu\u017eiocu u Osnovnom dr\u017eavnom tu\u017eila\u0161tvu u Ulcinju, podnijeli krivi\u010dnu prijavu protiv V.M. (65), zbog sumnje da je izvr\u0161io krivi\u010dno djelo protivpravno zauzimanje zemlji\u0161ta.<\/p>\n\n\n\n<p>&#8220;Sumnja se da je V.M. izvr\u0161io navedeno krivi\u010dno djelo na na\u010din \u0161to je tokom 2025. godine, u blizini porodi\u010dne ku\u0107e na Velikoj pla\u017ei, na dr\u017eavnom zemlji\u0161tu u zoni Morskog dobra, izgradio bazen zauzimaju\u0107i povr\u0161inu od 72 m2, \u0161to je konstatovano od strane slu\u017ebenika Sekretarijata za komunalni nadzor i inspekcijske poslove Op\u0161tine Ulcinj&#8221;, navode iz Uprave policije.<\/p>\n\n\n\n<p>V.M. je, kako se sumnja, time pri\u010dinio \u0161tetu bud\u017eetu od 36.000 eura.<\/p>","protected":false},"excerpt":{"rendered":"<p>Ulcinjska policija podnijela je krivi\u010dnu prijavu protiv V.M. (65) iz tog grada, zbog sumnje da je sagradio bazen na dr\u017eavnom zemlji\u0161tu i time pri\u010dinio \u0161tetu bud\u017eetu od 36.000 eura.<\/p>","protected":false},"author":1,"featured_media":908647,"comment_status":"open","ping_status":"open","sticky":false,"template":"","format":"standard","meta":{"_acf_changed":false,"footnotes":""},"categories":[17],"tags":[1588,4028,1838],"naslovna":[],"class_list":["post-963053","post","type-post","status-publish","format-standard","has-post-thumbnail","hentry","category-hronika","tag-krivicna-prijava","tag-nelegalna-gradnja","tag-ulcinj"],"acf":[],"yoast_head":"<!-- This site is optimized with the Yoast SEO plugin v27.4 - https:\/\/yoast.com\/product\/yoast-seo-wordpress\/ -->\n<title>Krivi\u010dna prijava protiv Ulcinjanina, osumnji\u010den da je sagradio bazen na dr\u017eavnom zemlji\u0161tu - dmcsrb.com<\/title>\n<meta name=\"robots\" content=\"index, follow, max-snippet:-1, max-image-preview:large, max-video-preview:-1\" \/>\n<link rel=\"canonical\" href=\"https:\/\/dmcsrb.com\/en\/hronika\/krivicna-prijava-protiv-ulcinjanina-osumnjicen-da-je-sagradio-bazen-na-drzavnom-zemljistu\/\" \/>\n<meta property=\"og:locale\" content=\"en_GB\" \/>\n<meta property=\"og:type\" content=\"article\" \/>\n<meta property=\"og:title\" content=\"Krivi\u010dna prijava protiv Ulcinjanina, osumnji\u010den da je sagradio bazen na dr\u017eavnom zemlji\u0161tu - dmcsrb.com\" \/>\n<meta property=\"og:description\" content=\"Ulcinjska policija podnijela je krivi\u010dnu prijavu protiv V.M. (65) iz tog grada, zbog sumnje da je sagradio bazen na dr\u017eavnom zemlji\u0161tu i time pri\u010dinio \u0161tetu bud\u017eetu od 36.000 eura.\" \/>\n<meta property=\"og:url\" content=\"https:\/\/dmcsrb.com\/en\/hronika\/krivicna-prijava-protiv-ulcinjanina-osumnjicen-da-je-sagradio-bazen-na-drzavnom-zemljistu\/\" \/>\n<meta property=\"og:site_name\" content=\"dmcsrb.com\" \/>\n<meta property=\"article:published_time\" content=\"2025-11-11T06:47:00+00:00\" \/>\n<meta property=\"og:image\" content=\"https:\/\/dmcsrb.com\/wp-content\/uploads\/2026\/01\/20250428_182221-scaled-1.jpg\" \/>\n\t<meta property=\"og:image:width\" content=\"2560\" \/>\n\t<meta property=\"og:image:height\" content=\"1920\" \/>\n\t<meta property=\"og:image:type\" content=\"image\/jpeg\" \/>\n<meta name=\"author\" content=\"dmcsrbija.com@gmail.com\" \/>\n<meta name=\"twitter:card\" content=\"summary_large_image\" \/>\n<meta name=\"twitter:label1\" content=\"Written by\" \/>\n\t<meta name=\"twitter:data1\" content=\"dmcsrbija.com@gmail.com\" \/>\n\t<meta name=\"twitter:label2\" content=\"Estimated reading time\" \/>\n\t<meta name=\"twitter:data2\" content=\"1 minute\" \/>\n<script type=\"application\/ld+json\" class=\"yoast-schema-graph\">{\"@context\":\"https:\\\/\\\/schema.org\",\"@graph\":[{\"@type\":\"Article\",\"@id\":\"https:\\\/\\\/dmcsrb.com\\\/hronika\\\/krivicna-prijava-protiv-ulcinjanina-osumnjicen-da-je-sagradio-bazen-na-drzavnom-zemljistu\\\/#article\",\"isPartOf\":{\"@id\":\"https:\\\/\\\/dmcsrb.com\\\/hronika\\\/krivicna-prijava-protiv-ulcinjanina-osumnjicen-da-je-sagradio-bazen-na-drzavnom-zemljistu\\\/\"},\"author\":{\"name\":\"dmcsrbija.com@gmail.com\",\"@id\":\"https:\\\/\\\/dmcsrb.com\\\/#\\\/schema\\\/person\\\/5c39170f12db1b8b457732d0b5c854e2\"},\"headline\":\"Krivi\u010dna prijava protiv Ulcinjanina, osumnji\u010den da je sagradio bazen na dr\u017eavnom zemlji\u0161tu\",\"datePublished\":\"2025-11-11T06:47:00+00:00\",\"mainEntityOfPage\":{\"@id\":\"https:\\\/\\\/dmcsrb.com\\\/hronika\\\/krivicna-prijava-protiv-ulcinjanina-osumnjicen-da-je-sagradio-bazen-na-drzavnom-zemljistu\\\/\"},\"wordCount\":146,\"commentCount\":0,\"image\":{\"@id\":\"https:\\\/\\\/dmcsrb.com\\\/hronika\\\/krivicna-prijava-protiv-ulcinjanina-osumnjicen-da-je-sagradio-bazen-na-drzavnom-zemljistu\\\/#primaryimage\"},\"thumbnailUrl\":\"https:\\\/\\\/dmcsrb.com\\\/wp-content\\\/uploads\\\/2026\\\/01\\\/20250428_182221-scaled-1.jpg\",\"keywords\":[\"krivi\u010dna prijava\",\"nelegalna gradnja\",\"Ulcinj\"],\"articleSection\":[\"Hronika\"],\"inLanguage\":\"en-GB\",\"potentialAction\":[{\"@type\":\"CommentAction\",\"name\":\"Comment\",\"target\":[\"https:\\\/\\\/dmcsrb.com\\\/hronika\\\/krivicna-prijava-protiv-ulcinjanina-osumnjicen-da-je-sagradio-bazen-na-drzavnom-zemljistu\\\/#respond\"]}]},{\"@type\":\"WebPage\",\"@id\":\"https:\\\/\\\/dmcsrb.com\\\/hronika\\\/krivicna-prijava-protiv-ulcinjanina-osumnjicen-da-je-sagradio-bazen-na-drzavnom-zemljistu\\\/\",\"url\":\"https:\\\/\\\/dmcsrb.com\\\/hronika\\\/krivicna-prijava-protiv-ulcinjanina-osumnjicen-da-je-sagradio-bazen-na-drzavnom-zemljistu\\\/\",\"name\":\"Krivi\u010dna prijava protiv Ulcinjanina, osumnji\u010den da je sagradio bazen na dr\u017eavnom zemlji\u0161tu - dmcsrb.com\",\"isPartOf\":{\"@id\":\"https:\\\/\\\/dmcsrb.com\\\/#website\"},\"primaryImageOfPage\":{\"@id\":\"https:\\\/\\\/dmcsrb.com\\\/hronika\\\/krivicna-prijava-protiv-ulcinjanina-osumnjicen-da-je-sagradio-bazen-na-drzavnom-zemljistu\\\/#primaryimage\"},\"image\":{\"@id\":\"https:\\\/\\\/dmcsrb.com\\\/hronika\\\/krivicna-prijava-protiv-ulcinjanina-osumnjicen-da-je-sagradio-bazen-na-drzavnom-zemljistu\\\/#primaryimage\"},\"thumbnailUrl\":\"https:\\\/\\\/dmcsrb.com\\\/wp-content\\\/uploads\\\/2026\\\/01\\\/20250428_182221-scaled-1.jpg\",\"datePublished\":\"2025-11-11T06:47:00+00:00\",\"author\":{\"@id\":\"https:\\\/\\\/dmcsrb.com\\\/#\\\/schema\\\/person\\\/5c39170f12db1b8b457732d0b5c854e2\"},\"breadcrumb\":{\"@id\":\"https:\\\/\\\/dmcsrb.com\\\/hronika\\\/krivicna-prijava-protiv-ulcinjanina-osumnjicen-da-je-sagradio-bazen-na-drzavnom-zemljistu\\\/#breadcrumb\"},\"inLanguage\":\"en-GB\",\"potentialAction\":[{\"@type\":\"ReadAction\",\"target\":[\"https:\\\/\\\/dmcsrb.com\\\/hronika\\\/krivicna-prijava-protiv-ulcinjanina-osumnjicen-da-je-sagradio-bazen-na-drzavnom-zemljistu\\\/\"]}]},{\"@type\":\"ImageObject\",\"inLanguage\":\"en-GB\",\"@id\":\"https:\\\/\\\/dmcsrb.com\\\/hronika\\\/krivicna-prijava-protiv-ulcinjanina-osumnjicen-da-je-sagradio-bazen-na-drzavnom-zemljistu\\\/#primaryimage\",\"url\":\"https:\\\/\\\/dmcsrb.com\\\/wp-content\\\/uploads\\\/2026\\\/01\\\/20250428_182221-scaled-1.jpg\",\"contentUrl\":\"https:\\\/\\\/dmcsrb.com\\\/wp-content\\\/uploads\\\/2026\\\/01\\\/20250428_182221-scaled-1.jpg\",\"width\":2560,\"height\":1920},{\"@type\":\"BreadcrumbList\",\"@id\":\"https:\\\/\\\/dmcsrb.com\\\/hronika\\\/krivicna-prijava-protiv-ulcinjanina-osumnjicen-da-je-sagradio-bazen-na-drzavnom-zemljistu\\\/#breadcrumb\",\"itemListElement\":[{\"@type\":\"ListItem\",\"position\":1,\"name\":\"Home\",\"item\":\"https:\\\/\\\/dmcsrb.com\\\/\"},{\"@type\":\"ListItem\",\"position\":2,\"name\":\"Krivi\u010dna prijava protiv Ulcinjanina, osumnji\u010den da je sagradio bazen na dr\u017eavnom zemlji\u0161tu\"}]},{\"@type\":\"WebSite\",\"@id\":\"https:\\\/\\\/dmcsrb.com\\\/#website\",\"url\":\"https:\\\/\\\/dmcsrb.com\\\/\",\"name\":\"dmcsrb.com\",\"description\":\"\",\"potentialAction\":[{\"@type\":\"SearchAction\",\"target\":{\"@type\":\"EntryPoint\",\"urlTemplate\":\"https:\\\/\\\/dmcsrb.com\\\/?s={search_term_string}\"},\"query-input\":{\"@type\":\"PropertyValueSpecification\",\"valueRequired\":true,\"valueName\":\"search_term_string\"}}],\"inLanguage\":\"en-GB\"},{\"@type\":\"Person\",\"@id\":\"https:\\\/\\\/dmcsrb.com\\\/#\\\/schema\\\/person\\\/5c39170f12db1b8b457732d0b5c854e2\",\"name\":\"dmcsrbija.com@gmail.com\",\"image\":{\"@type\":\"ImageObject\",\"inLanguage\":\"en-GB\",\"@id\":\"https:\\\/\\\/secure.gravatar.com\\\/avatar\\\/68592660ad6347fad0fb587f8d5d8f1a7b44961362f56e4f2cd524feb87e9069?s=96&d=mm&r=g\",\"url\":\"https:\\\/\\\/secure.gravatar.com\\\/avatar\\\/68592660ad6347fad0fb587f8d5d8f1a7b44961362f56e4f2cd524feb87e9069?s=96&d=mm&r=g\",\"contentUrl\":\"https:\\\/\\\/secure.gravatar.com\\\/avatar\\\/68592660ad6347fad0fb587f8d5d8f1a7b44961362f56e4f2cd524feb87e9069?s=96&d=mm&r=g\",\"caption\":\"dmcsrbija.com@gmail.com\"},\"sameAs\":[\"https:\\\/\\\/dmcsrb.com\"],\"url\":\"https:\\\/\\\/dmcsrb.com\\\/en\\\/author\\\/dmcsrbija-comgmail-com\\\/\"}]}<\/script>\n<!-- \/ Yoast SEO plugin. -->","yoast_head_json":{"title":"Krivi\u010dna prijava protiv Ulcinjanina, osumnji\u010den da je sagradio bazen na dr\u017eavnom zemlji\u0161tu - dmcsrb.com","robots":{"index":"index","follow":"follow","max-snippet":"max-snippet:-1","max-image-preview":"max-image-preview:large","max-video-preview":"max-video-preview:-1"},"canonical":"https:\/\/dmcsrb.com\/en\/hronika\/krivicna-prijava-protiv-ulcinjanina-osumnjicen-da-je-sagradio-bazen-na-drzavnom-zemljistu\/","og_locale":"en_GB","og_type":"article","og_title":"Krivi\u010dna prijava protiv Ulcinjanina, osumnji\u010den da je sagradio bazen na dr\u017eavnom zemlji\u0161tu - dmcsrb.com","og_description":"Ulcinjska policija podnijela je krivi\u010dnu prijavu protiv V.M. (65) iz tog grada, zbog sumnje da je sagradio bazen na dr\u017eavnom zemlji\u0161tu i time pri\u010dinio \u0161tetu bud\u017eetu od 36.000 eura.","og_url":"https:\/\/dmcsrb.com\/en\/hronika\/krivicna-prijava-protiv-ulcinjanina-osumnjicen-da-je-sagradio-bazen-na-drzavnom-zemljistu\/","og_site_name":"dmcsrb.com","article_published_time":"2025-11-11T06:47:00+00:00","og_image":[{"width":2560,"height":1920,"url":"https:\/\/dmcsrb.com\/wp-content\/uploads\/2026\/01\/20250428_182221-scaled-1.jpg","type":"image\/jpeg"}],"author":"dmcsrbija.com@gmail.com","twitter_card":"summary_large_image","twitter_misc":{"Written by":"dmcsrbija.com@gmail.com","Estimated reading time":"1 minute"},"schema":{"@context":"https:\/\/schema.org","@graph":[{"@type":"Article","@id":"https:\/\/dmcsrb.com\/hronika\/krivicna-prijava-protiv-ulcinjanina-osumnjicen-da-je-sagradio-bazen-na-drzavnom-zemljistu\/#article","isPartOf":{"@id":"https:\/\/dmcsrb.com\/hronika\/krivicna-prijava-protiv-ulcinjanina-osumnjicen-da-je-sagradio-bazen-na-drzavnom-zemljistu\/"},"author":{"name":"dmcsrbija.com@gmail.com","@id":"https:\/\/dmcsrb.com\/#\/schema\/person\/5c39170f12db1b8b457732d0b5c854e2"},"headline":"Krivi\u010dna prijava protiv Ulcinjanina, osumnji\u010den da je sagradio bazen na dr\u017eavnom zemlji\u0161tu","datePublished":"2025-11-11T06:47:00+00:00","mainEntityOfPage":{"@id":"https:\/\/dmcsrb.com\/hronika\/krivicna-prijava-protiv-ulcinjanina-osumnjicen-da-je-sagradio-bazen-na-drzavnom-zemljistu\/"},"wordCount":146,"commentCount":0,"image":{"@id":"https:\/\/dmcsrb.com\/hronika\/krivicna-prijava-protiv-ulcinjanina-osumnjicen-da-je-sagradio-bazen-na-drzavnom-zemljistu\/#primaryimage"},"thumbnailUrl":"https:\/\/dmcsrb.com\/wp-content\/uploads\/2026\/01\/20250428_182221-scaled-1.jpg","keywords":["krivi\u010dna prijava","nelegalna gradnja","Ulcinj"],"articleSection":["Hronika"],"inLanguage":"en-GB","potentialAction":[{"@type":"CommentAction","name":"Comment","target":["https:\/\/dmcsrb.com\/hronika\/krivicna-prijava-protiv-ulcinjanina-osumnjicen-da-je-sagradio-bazen-na-drzavnom-zemljistu\/#respond"]}]},{"@type":"WebPage","@id":"https:\/\/dmcsrb.com\/hronika\/krivicna-prijava-protiv-ulcinjanina-osumnjicen-da-je-sagradio-bazen-na-drzavnom-zemljistu\/","url":"https:\/\/dmcsrb.com\/hronika\/krivicna-prijava-protiv-ulcinjanina-osumnjicen-da-je-sagradio-bazen-na-drzavnom-zemljistu\/","name":"Krivi\u010dna prijava protiv Ulcinjanina, osumnji\u010den da je sagradio bazen na dr\u017eavnom zemlji\u0161tu - dmcsrb.com","isPartOf":{"@id":"https:\/\/dmcsrb.com\/#website"},"primaryImageOfPage":{"@id":"https:\/\/dmcsrb.com\/hronika\/krivicna-prijava-protiv-ulcinjanina-osumnjicen-da-je-sagradio-bazen-na-drzavnom-zemljistu\/#primaryimage"},"image":{"@id":"https:\/\/dmcsrb.com\/hronika\/krivicna-prijava-protiv-ulcinjanina-osumnjicen-da-je-sagradio-bazen-na-drzavnom-zemljistu\/#primaryimage"},"thumbnailUrl":"https:\/\/dmcsrb.com\/wp-content\/uploads\/2026\/01\/20250428_182221-scaled-1.jpg","datePublished":"2025-11-11T06:47:00+00:00","author":{"@id":"https:\/\/dmcsrb.com\/#\/schema\/person\/5c39170f12db1b8b457732d0b5c854e2"},"breadcrumb":{"@id":"https:\/\/dmcsrb.com\/hronika\/krivicna-prijava-protiv-ulcinjanina-osumnjicen-da-je-sagradio-bazen-na-drzavnom-zemljistu\/#breadcrumb"},"inLanguage":"en-GB","potentialAction":[{"@type":"ReadAction","target":["https:\/\/dmcsrb.com\/hronika\/krivicna-prijava-protiv-ulcinjanina-osumnjicen-da-je-sagradio-bazen-na-drzavnom-zemljistu\/"]}]},{"@type":"ImageObject","inLanguage":"en-GB","@id":"https:\/\/dmcsrb.com\/hronika\/krivicna-prijava-protiv-ulcinjanina-osumnjicen-da-je-sagradio-bazen-na-drzavnom-zemljistu\/#primaryimage","url":"https:\/\/dmcsrb.com\/wp-content\/uploads\/2026\/01\/20250428_182221-scaled-1.jpg","contentUrl":"https:\/\/dmcsrb.com\/wp-content\/uploads\/2026\/01\/20250428_182221-scaled-1.jpg","width":2560,"height":1920},{"@type":"BreadcrumbList","@id":"https:\/\/dmcsrb.com\/hronika\/krivicna-prijava-protiv-ulcinjanina-osumnjicen-da-je-sagradio-bazen-na-drzavnom-zemljistu\/#breadcrumb","itemListElement":[{"@type":"ListItem","position":1,"name":"Home","item":"https:\/\/dmcsrb.com\/"},{"@type":"ListItem","position":2,"name":"Krivi\u010dna prijava protiv Ulcinjanina, osumnji\u010den da je sagradio bazen na dr\u017eavnom zemlji\u0161tu"}]},{"@type":"WebSite","@id":"https:\/\/dmcsrb.com\/#website","url":"https:\/\/dmcsrb.com\/","name":"dmcsrb.com","description":"","potentialAction":[{"@type":"SearchAction","target":{"@type":"EntryPoint","urlTemplate":"https:\/\/dmcsrb.com\/?s={search_term_string}"},"query-input":{"@type":"PropertyValueSpecification","valueRequired":true,"valueName":"search_term_string"}}],"inLanguage":"en-GB"},{"@type":"Person","@id":"https:\/\/dmcsrb.com\/#\/schema\/person\/5c39170f12db1b8b457732d0b5c854e2","name":"dmcsrbija.com@gmail.com","image":{"@type":"ImageObject","inLanguage":"en-GB","@id":"https:\/\/secure.gravatar.com\/avatar\/68592660ad6347fad0fb587f8d5d8f1a7b44961362f56e4f2cd524feb87e9069?s=96&d=mm&r=g","url":"https:\/\/secure.gravatar.com\/avatar\/68592660ad6347fad0fb587f8d5d8f1a7b44961362f56e4f2cd524feb87e9069?s=96&d=mm&r=g","contentUrl":"https:\/\/secure.gravatar.com\/avatar\/68592660ad6347fad0fb587f8d5d8f1a7b44961362f56e4f2cd524feb87e9069?s=96&d=mm&r=g","caption":"dmcsrbija.com@gmail.com"},"sameAs":["https:\/\/dmcsrb.com"],"url":"https:\/\/dmcsrb.com\/en\/author\/dmcsrbija-comgmail-com\/"}]}},"_links":{"self":[{"href":"https:\/\/dmcsrb.com\/en\/wp-json\/wp\/v2\/posts\/963053","targetHints":{"allow":["GET"]}}],"collection":[{"href":"https:\/\/dmcsrb.com\/en\/wp-json\/wp\/v2\/posts"}],"about":[{"href":"https:\/\/dmcsrb.com\/en\/wp-json\/wp\/v2\/types\/post"}],"author":[{"embeddable":true,"href":"https:\/\/dmcsrb.com\/en\/wp-json\/wp\/v2\/users\/1"}],"replies":[{"embeddable":true,"href":"https:\/\/dmcsrb.com\/en\/wp-json\/wp\/v2\/comments?post=963053"}],"version-history":[{"count":0,"href":"https:\/\/dmcsrb.com\/en\/wp-json\/wp\/v2\/posts\/963053\/revisions"}],"wp:featuredmedia":[{"embeddable":true,"href":"https:\/\/dmcsrb.com\/en\/wp-json\/wp\/v2\/media\/908647"}],"wp:attachment":[{"href":"https:\/\/dmcsrb.com\/en\/wp-json\/wp\/v2\/media?parent=963053"}],"wp:term":[{"taxonomy":"category","embeddable":true,"href":"https:\/\/dmcsrb.com\/en\/wp-json\/wp\/v2\/categories?post=963053"},{"taxonomy":"post_tag","embeddable":true,"href":"https:\/\/dmcsrb.com\/en\/wp-json\/wp\/v2\/tags?post=963053"},{"taxonomy":"naslovna","embeddable":true,"href":"https:\/\/dmcsrb.com\/en\/wp-json\/wp\/v2\/naslovna?post=963053"}],"curies":[{"name":"wp","href":"https:\/\/api.w.org\/{rel}","templated":true}]}}