{"id":963048,"date":"2025-11-11T07:18:00","date_gmt":"2025-11-11T06:18:00","guid":{"rendered":"https:\/\/dmcsrb.com\/uncategorized\/danas-kontrolno-saslusanje-saranovica-scepanovica-i-janovica\/"},"modified":"2025-11-11T07:18:00","modified_gmt":"2025-11-11T06:18:00","slug":"danas-kontrolno-saslusanje-saranovica-scepanovica-i-janovica","status":"publish","type":"post","link":"https:\/\/dmcsrb.com\/en\/politika\/danas-kontrolno-saslusanje-saranovica-scepanovica-i-janovica\/","title":{"rendered":"Danas kontrolno saslu\u0161anje \u0160aranovi\u0107a, \u0160\u0107epanovi\u0107a i Janovi\u0107a"},"content":{"rendered":"<p><\/p>\n\n\n\n<p>Saslu\u0161anje na temu \u201cDezinformacije sektora bezbjednosti povodom incidenta na Zabjelu u kojem je ranjen dr\u017eavljanin Crne Gore, na osnovu kojih je Vlada ukinula bezvizni re\u017eim sa Turskom\u201d zatra\u017eili su poslanici Demokratske partije socijalista Danijel \u017divkovi\u0107 i Nikola Janovi\u0107, Gra\u0111anskog pokreta URA Dritan Abazovi\u0107, Socijaldemokrata Nikola Zirojevi\u0107 i nezavisna poslanica Jevrosima Pejovi\u0107.<\/p>\n\n\n\n<p>Oni su tra\u017eili da bude saslu\u0161an i premijer Milojko Spaji\u0107, ali na sjednici Odbora, na kojoj je razmatrana inicijativa opozicije, taj zahtjev nije prihva\u0107en.<\/p>\n\n\n\n<p>U zahtjevu za saslu\u0161anje navodi se da je zbog incidenta na Zabjelu u kojem je napadnut crnogorski dr\u017eavljanin i zvani\u010dnog saop\u0161tenja Uprave policije da su me\u0111u osumnji\u010denima turski dr\u017eavljani koji \u017eive i rade u Crnoj Gori, nastupila atmosfera tenzija.<\/p>\n\n\n\n<p>Poslanici opozicije su podsjetili da su grupe ljudi mar\u0161irale ulicama i prijetile migrantima i da je Spaji\u0107eva Vlada donijela hitnu odluku o ukidanju bezviznog re\u017eima sa Turskom.<\/p>\n\n\n\n<p>Kako su rekli, iako je naknadna istraga pokazala da u incidentu nijesu u\u010destvovali dr\u017eavljani Turske, ve\u0107 da su osumnji\u010dene osobe iz Azerbejd\u017eana na privremenom boravku u Crnoj Gori, posljedice po odnose dvije dr\u017eave ve\u0107 su nastupile.<\/p>\n\n\n\n<p>\u201cZbog neta\u010dnog informisanja javnosti od strane Uprave policije, urgentne odluke Vlade koja je donijeta na temelju dezinformacija, eskalacije ksenefobije na ulicama, potencijalnog naru\u0161avanja tradicionalno dobrih bilateralnih odnosa Podgorice i Ankare i mogu\u0107e recipro\u010dne reakcije, smatramo da je neophodno organizovati kontrolno saslu\u0161anje Spaji\u0107a, \u0160aranovi\u0107a, \u0160\u0107epanovi\u0107a i Janovi\u0107a\u201d, naveli su u zahtjevu opozicioni poslanici.<\/p>","protected":false},"excerpt":{"rendered":"<p>Skup\u0161tinski Odbor za bezbjednost i odbranu saslu\u0161a\u0107e danas ministra unutra\u0161njih poslova Danila \u0160aranovi\u0107a, vr\u0161ioca du\u017enosti direktora Uprave policije Lazara \u0160\u0107epanovi\u0107a i direktora Agencije za nacionalnu bezbjednost Ivicu Janovi\u0107a povodom incidenta u podgori\u010dkom naselju Zabjelo.<\/p>","protected":false},"author":1,"featured_media":963049,"comment_status":"open","ping_status":"open","sticky":false,"template":"","format":"standard","meta":{"_acf_changed":false,"footnotes":""},"categories":[12],"tags":[245,5266,2156,13819],"naslovna":[],"class_list":["post-963048","post","type-post","status-publish","format-standard","has-post-thumbnail","hentry","category-politika","tag-danilo-saranovic","tag-ivica-janovic","tag-lazar-scepanovic","tag-odbor-za-bezbjednost"],"acf":[],"yoast_head":"<!-- This site is optimized with the Yoast SEO plugin v27.4 - https:\/\/yoast.com\/product\/yoast-seo-wordpress\/ -->\n<title>Danas kontrolno saslu\u0161anje \u0160aranovi\u0107a, \u0160\u0107epanovi\u0107a i Janovi\u0107a - dmcsrb.com<\/title>\n<meta name=\"robots\" content=\"index, follow, max-snippet:-1, max-image-preview:large, max-video-preview:-1\" \/>\n<link rel=\"canonical\" href=\"https:\/\/dmcsrb.com\/en\/politika\/danas-kontrolno-saslusanje-saranovica-scepanovica-i-janovica\/\" \/>\n<meta property=\"og:locale\" content=\"en_GB\" \/>\n<meta property=\"og:type\" content=\"article\" \/>\n<meta property=\"og:title\" content=\"Danas kontrolno saslu\u0161anje \u0160aranovi\u0107a, \u0160\u0107epanovi\u0107a i Janovi\u0107a - dmcsrb.com\" \/>\n<meta property=\"og:description\" content=\"Skup\u0161tinski Odbor za bezbjednost i odbranu saslu\u0161a\u0107e danas ministra unutra\u0161njih poslova Danila \u0160aranovi\u0107a, vr\u0161ioca du\u017enosti direktora Uprave policije Lazara \u0160\u0107epanovi\u0107a i direktora Agencije za nacionalnu bezbjednost Ivicu Janovi\u0107a povodom incidenta u podgori\u010dkom naselju Zabjelo.\" \/>\n<meta property=\"og:url\" content=\"https:\/\/dmcsrb.com\/en\/politika\/danas-kontrolno-saslusanje-saranovica-scepanovica-i-janovica\/\" \/>\n<meta property=\"og:site_name\" content=\"dmcsrb.com\" \/>\n<meta property=\"article:published_time\" content=\"2025-11-11T06:18:00+00:00\" \/>\n<meta property=\"og:image\" content=\"https:\/\/dmcsrb.com\/wp-content\/uploads\/2026\/01\/Odbor-za-bezbjednost-sjednica-foto-skupstina-me.webp\" \/>\n\t<meta property=\"og:image:width\" content=\"914\" \/>\n\t<meta property=\"og:image:height\" content=\"534\" \/>\n\t<meta property=\"og:image:type\" content=\"image\/jpeg\" \/>\n<meta name=\"author\" content=\"dmcsrbija.com@gmail.com\" \/>\n<meta name=\"twitter:card\" content=\"summary_large_image\" \/>\n<meta name=\"twitter:label1\" content=\"Written by\" \/>\n\t<meta name=\"twitter:data1\" content=\"dmcsrbija.com@gmail.com\" \/>\n\t<meta name=\"twitter:label2\" content=\"Estimated reading time\" \/>\n\t<meta name=\"twitter:data2\" content=\"1 minute\" \/>\n<script type=\"application\/ld+json\" class=\"yoast-schema-graph\">{\"@context\":\"https:\\\/\\\/schema.org\",\"@graph\":[{\"@type\":\"Article\",\"@id\":\"https:\\\/\\\/dmcsrb.com\\\/politika\\\/danas-kontrolno-saslusanje-saranovica-scepanovica-i-janovica\\\/#article\",\"isPartOf\":{\"@id\":\"https:\\\/\\\/dmcsrb.com\\\/politika\\\/danas-kontrolno-saslusanje-saranovica-scepanovica-i-janovica\\\/\"},\"author\":{\"name\":\"dmcsrbija.com@gmail.com\",\"@id\":\"https:\\\/\\\/dmcsrb.com\\\/#\\\/schema\\\/person\\\/5c39170f12db1b8b457732d0b5c854e2\"},\"headline\":\"Danas kontrolno saslu\u0161anje \u0160aranovi\u0107a, \u0160\u0107epanovi\u0107a i Janovi\u0107a\",\"datePublished\":\"2025-11-11T06:18:00+00:00\",\"mainEntityOfPage\":{\"@id\":\"https:\\\/\\\/dmcsrb.com\\\/politika\\\/danas-kontrolno-saslusanje-saranovica-scepanovica-i-janovica\\\/\"},\"wordCount\":272,\"commentCount\":0,\"image\":{\"@id\":\"https:\\\/\\\/dmcsrb.com\\\/politika\\\/danas-kontrolno-saslusanje-saranovica-scepanovica-i-janovica\\\/#primaryimage\"},\"thumbnailUrl\":\"https:\\\/\\\/dmcsrb.com\\\/wp-content\\\/uploads\\\/2026\\\/01\\\/Odbor-za-bezbjednost-sjednica-foto-skupstina-me.webp\",\"keywords\":[\"Danilo \u0160aranovi\u0107\",\"Ivica Janovi\u0107\",\"Lazar \u0160\u0107epanovi\u0107\",\"Odbor za bezbjednost\"],\"articleSection\":[\"Politika\"],\"inLanguage\":\"en-GB\",\"potentialAction\":[{\"@type\":\"CommentAction\",\"name\":\"Comment\",\"target\":[\"https:\\\/\\\/dmcsrb.com\\\/politika\\\/danas-kontrolno-saslusanje-saranovica-scepanovica-i-janovica\\\/#respond\"]}]},{\"@type\":\"WebPage\",\"@id\":\"https:\\\/\\\/dmcsrb.com\\\/politika\\\/danas-kontrolno-saslusanje-saranovica-scepanovica-i-janovica\\\/\",\"url\":\"https:\\\/\\\/dmcsrb.com\\\/politika\\\/danas-kontrolno-saslusanje-saranovica-scepanovica-i-janovica\\\/\",\"name\":\"Danas kontrolno saslu\u0161anje \u0160aranovi\u0107a, \u0160\u0107epanovi\u0107a i Janovi\u0107a - dmcsrb.com\",\"isPartOf\":{\"@id\":\"https:\\\/\\\/dmcsrb.com\\\/#website\"},\"primaryImageOfPage\":{\"@id\":\"https:\\\/\\\/dmcsrb.com\\\/politika\\\/danas-kontrolno-saslusanje-saranovica-scepanovica-i-janovica\\\/#primaryimage\"},\"image\":{\"@id\":\"https:\\\/\\\/dmcsrb.com\\\/politika\\\/danas-kontrolno-saslusanje-saranovica-scepanovica-i-janovica\\\/#primaryimage\"},\"thumbnailUrl\":\"https:\\\/\\\/dmcsrb.com\\\/wp-content\\\/uploads\\\/2026\\\/01\\\/Odbor-za-bezbjednost-sjednica-foto-skupstina-me.webp\",\"datePublished\":\"2025-11-11T06:18:00+00:00\",\"author\":{\"@id\":\"https:\\\/\\\/dmcsrb.com\\\/#\\\/schema\\\/person\\\/5c39170f12db1b8b457732d0b5c854e2\"},\"breadcrumb\":{\"@id\":\"https:\\\/\\\/dmcsrb.com\\\/politika\\\/danas-kontrolno-saslusanje-saranovica-scepanovica-i-janovica\\\/#breadcrumb\"},\"inLanguage\":\"en-GB\",\"potentialAction\":[{\"@type\":\"ReadAction\",\"target\":[\"https:\\\/\\\/dmcsrb.com\\\/politika\\\/danas-kontrolno-saslusanje-saranovica-scepanovica-i-janovica\\\/\"]}]},{\"@type\":\"ImageObject\",\"inLanguage\":\"en-GB\",\"@id\":\"https:\\\/\\\/dmcsrb.com\\\/politika\\\/danas-kontrolno-saslusanje-saranovica-scepanovica-i-janovica\\\/#primaryimage\",\"url\":\"https:\\\/\\\/dmcsrb.com\\\/wp-content\\\/uploads\\\/2026\\\/01\\\/Odbor-za-bezbjednost-sjednica-foto-skupstina-me.webp\",\"contentUrl\":\"https:\\\/\\\/dmcsrb.com\\\/wp-content\\\/uploads\\\/2026\\\/01\\\/Odbor-za-bezbjednost-sjednica-foto-skupstina-me.webp\",\"width\":914,\"height\":534},{\"@type\":\"BreadcrumbList\",\"@id\":\"https:\\\/\\\/dmcsrb.com\\\/politika\\\/danas-kontrolno-saslusanje-saranovica-scepanovica-i-janovica\\\/#breadcrumb\",\"itemListElement\":[{\"@type\":\"ListItem\",\"position\":1,\"name\":\"Home\",\"item\":\"https:\\\/\\\/dmcsrb.com\\\/\"},{\"@type\":\"ListItem\",\"position\":2,\"name\":\"Danas kontrolno saslu\u0161anje \u0160aranovi\u0107a, \u0160\u0107epanovi\u0107a i Janovi\u0107a\"}]},{\"@type\":\"WebSite\",\"@id\":\"https:\\\/\\\/dmcsrb.com\\\/#website\",\"url\":\"https:\\\/\\\/dmcsrb.com\\\/\",\"name\":\"dmcsrb.com\",\"description\":\"\",\"potentialAction\":[{\"@type\":\"SearchAction\",\"target\":{\"@type\":\"EntryPoint\",\"urlTemplate\":\"https:\\\/\\\/dmcsrb.com\\\/?s={search_term_string}\"},\"query-input\":{\"@type\":\"PropertyValueSpecification\",\"valueRequired\":true,\"valueName\":\"search_term_string\"}}],\"inLanguage\":\"en-GB\"},{\"@type\":\"Person\",\"@id\":\"https:\\\/\\\/dmcsrb.com\\\/#\\\/schema\\\/person\\\/5c39170f12db1b8b457732d0b5c854e2\",\"name\":\"dmcsrbija.com@gmail.com\",\"image\":{\"@type\":\"ImageObject\",\"inLanguage\":\"en-GB\",\"@id\":\"https:\\\/\\\/secure.gravatar.com\\\/avatar\\\/68592660ad6347fad0fb587f8d5d8f1a7b44961362f56e4f2cd524feb87e9069?s=96&d=mm&r=g\",\"url\":\"https:\\\/\\\/secure.gravatar.com\\\/avatar\\\/68592660ad6347fad0fb587f8d5d8f1a7b44961362f56e4f2cd524feb87e9069?s=96&d=mm&r=g\",\"contentUrl\":\"https:\\\/\\\/secure.gravatar.com\\\/avatar\\\/68592660ad6347fad0fb587f8d5d8f1a7b44961362f56e4f2cd524feb87e9069?s=96&d=mm&r=g\",\"caption\":\"dmcsrbija.com@gmail.com\"},\"sameAs\":[\"https:\\\/\\\/dmcsrb.com\"],\"url\":\"https:\\\/\\\/dmcsrb.com\\\/en\\\/author\\\/dmcsrbija-comgmail-com\\\/\"}]}<\/script>\n<!-- \/ Yoast SEO plugin. -->","yoast_head_json":{"title":"Danas kontrolno saslu\u0161anje \u0160aranovi\u0107a, \u0160\u0107epanovi\u0107a i Janovi\u0107a - dmcsrb.com","robots":{"index":"index","follow":"follow","max-snippet":"max-snippet:-1","max-image-preview":"max-image-preview:large","max-video-preview":"max-video-preview:-1"},"canonical":"https:\/\/dmcsrb.com\/en\/politika\/danas-kontrolno-saslusanje-saranovica-scepanovica-i-janovica\/","og_locale":"en_GB","og_type":"article","og_title":"Danas kontrolno saslu\u0161anje \u0160aranovi\u0107a, \u0160\u0107epanovi\u0107a i Janovi\u0107a - dmcsrb.com","og_description":"Skup\u0161tinski Odbor za bezbjednost i odbranu saslu\u0161a\u0107e danas ministra unutra\u0161njih poslova Danila \u0160aranovi\u0107a, vr\u0161ioca du\u017enosti direktora Uprave policije Lazara \u0160\u0107epanovi\u0107a i direktora Agencije za nacionalnu bezbjednost Ivicu Janovi\u0107a povodom incidenta u podgori\u010dkom naselju Zabjelo.","og_url":"https:\/\/dmcsrb.com\/en\/politika\/danas-kontrolno-saslusanje-saranovica-scepanovica-i-janovica\/","og_site_name":"dmcsrb.com","article_published_time":"2025-11-11T06:18:00+00:00","og_image":[{"width":914,"height":534,"url":"https:\/\/dmcsrb.com\/wp-content\/uploads\/2026\/01\/Odbor-za-bezbjednost-sjednica-foto-skupstina-me.webp","type":"image\/jpeg"}],"author":"dmcsrbija.com@gmail.com","twitter_card":"summary_large_image","twitter_misc":{"Written by":"dmcsrbija.com@gmail.com","Estimated reading time":"1 minute"},"schema":{"@context":"https:\/\/schema.org","@graph":[{"@type":"Article","@id":"https:\/\/dmcsrb.com\/politika\/danas-kontrolno-saslusanje-saranovica-scepanovica-i-janovica\/#article","isPartOf":{"@id":"https:\/\/dmcsrb.com\/politika\/danas-kontrolno-saslusanje-saranovica-scepanovica-i-janovica\/"},"author":{"name":"dmcsrbija.com@gmail.com","@id":"https:\/\/dmcsrb.com\/#\/schema\/person\/5c39170f12db1b8b457732d0b5c854e2"},"headline":"Danas kontrolno saslu\u0161anje \u0160aranovi\u0107a, \u0160\u0107epanovi\u0107a i Janovi\u0107a","datePublished":"2025-11-11T06:18:00+00:00","mainEntityOfPage":{"@id":"https:\/\/dmcsrb.com\/politika\/danas-kontrolno-saslusanje-saranovica-scepanovica-i-janovica\/"},"wordCount":272,"commentCount":0,"image":{"@id":"https:\/\/dmcsrb.com\/politika\/danas-kontrolno-saslusanje-saranovica-scepanovica-i-janovica\/#primaryimage"},"thumbnailUrl":"https:\/\/dmcsrb.com\/wp-content\/uploads\/2026\/01\/Odbor-za-bezbjednost-sjednica-foto-skupstina-me.webp","keywords":["Danilo \u0160aranovi\u0107","Ivica Janovi\u0107","Lazar \u0160\u0107epanovi\u0107","Odbor za bezbjednost"],"articleSection":["Politika"],"inLanguage":"en-GB","potentialAction":[{"@type":"CommentAction","name":"Comment","target":["https:\/\/dmcsrb.com\/politika\/danas-kontrolno-saslusanje-saranovica-scepanovica-i-janovica\/#respond"]}]},{"@type":"WebPage","@id":"https:\/\/dmcsrb.com\/politika\/danas-kontrolno-saslusanje-saranovica-scepanovica-i-janovica\/","url":"https:\/\/dmcsrb.com\/politika\/danas-kontrolno-saslusanje-saranovica-scepanovica-i-janovica\/","name":"Danas kontrolno saslu\u0161anje \u0160aranovi\u0107a, \u0160\u0107epanovi\u0107a i Janovi\u0107a - dmcsrb.com","isPartOf":{"@id":"https:\/\/dmcsrb.com\/#website"},"primaryImageOfPage":{"@id":"https:\/\/dmcsrb.com\/politika\/danas-kontrolno-saslusanje-saranovica-scepanovica-i-janovica\/#primaryimage"},"image":{"@id":"https:\/\/dmcsrb.com\/politika\/danas-kontrolno-saslusanje-saranovica-scepanovica-i-janovica\/#primaryimage"},"thumbnailUrl":"https:\/\/dmcsrb.com\/wp-content\/uploads\/2026\/01\/Odbor-za-bezbjednost-sjednica-foto-skupstina-me.webp","datePublished":"2025-11-11T06:18:00+00:00","author":{"@id":"https:\/\/dmcsrb.com\/#\/schema\/person\/5c39170f12db1b8b457732d0b5c854e2"},"breadcrumb":{"@id":"https:\/\/dmcsrb.com\/politika\/danas-kontrolno-saslusanje-saranovica-scepanovica-i-janovica\/#breadcrumb"},"inLanguage":"en-GB","potentialAction":[{"@type":"ReadAction","target":["https:\/\/dmcsrb.com\/politika\/danas-kontrolno-saslusanje-saranovica-scepanovica-i-janovica\/"]}]},{"@type":"ImageObject","inLanguage":"en-GB","@id":"https:\/\/dmcsrb.com\/politika\/danas-kontrolno-saslusanje-saranovica-scepanovica-i-janovica\/#primaryimage","url":"https:\/\/dmcsrb.com\/wp-content\/uploads\/2026\/01\/Odbor-za-bezbjednost-sjednica-foto-skupstina-me.webp","contentUrl":"https:\/\/dmcsrb.com\/wp-content\/uploads\/2026\/01\/Odbor-za-bezbjednost-sjednica-foto-skupstina-me.webp","width":914,"height":534},{"@type":"BreadcrumbList","@id":"https:\/\/dmcsrb.com\/politika\/danas-kontrolno-saslusanje-saranovica-scepanovica-i-janovica\/#breadcrumb","itemListElement":[{"@type":"ListItem","position":1,"name":"Home","item":"https:\/\/dmcsrb.com\/"},{"@type":"ListItem","position":2,"name":"Danas kontrolno saslu\u0161anje \u0160aranovi\u0107a, \u0160\u0107epanovi\u0107a i Janovi\u0107a"}]},{"@type":"WebSite","@id":"https:\/\/dmcsrb.com\/#website","url":"https:\/\/dmcsrb.com\/","name":"dmcsrb.com","description":"","potentialAction":[{"@type":"SearchAction","target":{"@type":"EntryPoint","urlTemplate":"https:\/\/dmcsrb.com\/?s={search_term_string}"},"query-input":{"@type":"PropertyValueSpecification","valueRequired":true,"valueName":"search_term_string"}}],"inLanguage":"en-GB"},{"@type":"Person","@id":"https:\/\/dmcsrb.com\/#\/schema\/person\/5c39170f12db1b8b457732d0b5c854e2","name":"dmcsrbija.com@gmail.com","image":{"@type":"ImageObject","inLanguage":"en-GB","@id":"https:\/\/secure.gravatar.com\/avatar\/68592660ad6347fad0fb587f8d5d8f1a7b44961362f56e4f2cd524feb87e9069?s=96&d=mm&r=g","url":"https:\/\/secure.gravatar.com\/avatar\/68592660ad6347fad0fb587f8d5d8f1a7b44961362f56e4f2cd524feb87e9069?s=96&d=mm&r=g","contentUrl":"https:\/\/secure.gravatar.com\/avatar\/68592660ad6347fad0fb587f8d5d8f1a7b44961362f56e4f2cd524feb87e9069?s=96&d=mm&r=g","caption":"dmcsrbija.com@gmail.com"},"sameAs":["https:\/\/dmcsrb.com"],"url":"https:\/\/dmcsrb.com\/en\/author\/dmcsrbija-comgmail-com\/"}]}},"_links":{"self":[{"href":"https:\/\/dmcsrb.com\/en\/wp-json\/wp\/v2\/posts\/963048","targetHints":{"allow":["GET"]}}],"collection":[{"href":"https:\/\/dmcsrb.com\/en\/wp-json\/wp\/v2\/posts"}],"about":[{"href":"https:\/\/dmcsrb.com\/en\/wp-json\/wp\/v2\/types\/post"}],"author":[{"embeddable":true,"href":"https:\/\/dmcsrb.com\/en\/wp-json\/wp\/v2\/users\/1"}],"replies":[{"embeddable":true,"href":"https:\/\/dmcsrb.com\/en\/wp-json\/wp\/v2\/comments?post=963048"}],"version-history":[{"count":0,"href":"https:\/\/dmcsrb.com\/en\/wp-json\/wp\/v2\/posts\/963048\/revisions"}],"wp:featuredmedia":[{"embeddable":true,"href":"https:\/\/dmcsrb.com\/en\/wp-json\/wp\/v2\/media\/963049"}],"wp:attachment":[{"href":"https:\/\/dmcsrb.com\/en\/wp-json\/wp\/v2\/media?parent=963048"}],"wp:term":[{"taxonomy":"category","embeddable":true,"href":"https:\/\/dmcsrb.com\/en\/wp-json\/wp\/v2\/categories?post=963048"},{"taxonomy":"post_tag","embeddable":true,"href":"https:\/\/dmcsrb.com\/en\/wp-json\/wp\/v2\/tags?post=963048"},{"taxonomy":"naslovna","embeddable":true,"href":"https:\/\/dmcsrb.com\/en\/wp-json\/wp\/v2\/naslovna?post=963048"}],"curies":[{"name":"wp","href":"https:\/\/api.w.org\/{rel}","templated":true}]}}