{"id":963045,"date":"2025-11-11T06:55:00","date_gmt":"2025-11-11T05:55:00","guid":{"rendered":"https:\/\/dmcsrb.com\/uncategorized\/crna-gora-deseta-u-evropi-po-indeksu-organizovanog-kriminala\/"},"modified":"2025-11-11T06:55:00","modified_gmt":"2025-11-11T05:55:00","slug":"crna-gora-deseta-u-evropi-po-indeksu-organizovanog-kriminala","status":"publish","type":"post","link":"https:\/\/dmcsrb.com\/en\/hronika\/crna-gora-deseta-u-evropi-po-indeksu-organizovanog-kriminala\/","title":{"rendered":"Crna Gora deseta u Evropi po Indeksu organizovanog kriminala"},"content":{"rendered":"<p><\/p>\n\n\n\n<p>Globalna inicijativa za borbu protiv transnacionalnog organizovanog kriminala (GI-TOC) predstavila je Izvje\u0161taj Globalnog indeksa organizovanog kriminala za 2025.<\/p>\n\n\n\n<p><img decoding=\"async\" width=\"100%\" src=\"https:\/\/rtcg.me\/upload\/\/media\/2025\/10\/10\/21\/1\/347\/2328137\/resize\/2328140\/746556868576_496x900\" alt=\"\"> (Foto: ocindex.net, printscreen)<\/p>\n\n\n\n<p>Podaci pokazuju da se <a href=\"https:\/\/ocindex.net\/country\/montenegro\" target=\"_blank\" rel=\"noreferrer noopener\">Crna Gora i dalje nalazi me\u0111u dr\u017eavama sa visokim stepenom organizovanog kriminala<\/a>.<\/p>\n\n\n\n<p>Me\u0111utim, Crna Gora je napredovala za pet mjesta u Evropi, odnosno za 10 u svijetu. <a href=\"https:\/\/rtcg.me\/hronika\/471482\/crna-gora-peta-u-evropi-po-indeksu-organizovanog-kriminala-.html\" target=\"_blank\" rel=\"noreferrer noopener\">Prema&nbsp;Globalnom indeksu iz 2023. Crna Gora je bila&nbsp;peta u Evropi i na 54 mjestu na svijetu<\/a>.&nbsp;<\/p>\n\n\n\n<p>U ovogodi\u0161njem izvje\u0161taju se upozorava da su trgovina drogom, \u0161verc cigareta, pranje novca i korupcija unutar dr\u017eavnih institucija i dalje glavni oblici kriminala u Crnoj Gori.<\/p>\n\n\n\n<p>Posebno se isti\u010de djelovanje poznatih kriminalnih struktura &#8216;kava\u010dkog&#8217; i &#8216;\u0161kaljarskog&#8217; klana koji, prema procjenama Europola, kontroli\u0161u najmanje 30 odsto trgovine kokainom izme\u0111u Latinske Amerike i Evrope.<\/p>\n\n\n\n<p>Prema izvje\u0161taju, Luka Bar ostaje klju\u010dna ta\u010dka za \u0161verc narkotika i akcizne robe, dodaju\u0107i da kroz nju prolazi zna\u010dajan dio krijum\u010darene robe namijenjene tr\u017ei\u0161tima EU. Iako su sprovedene brojne akcije i hap\u0161enja, izvje\u0161taj ukazuje da kriminalne grupe i dalje imaju sna\u017ean uticaj, prije svega zahvaljuju\u0107i politi\u010dkoj za\u0161titi i korupciji u dr\u017eavnim strukturama.<\/p>\n\n\n\n<p>&#8220;Kriminalne mre\u017ee posebno su aktivne u primorskim i grani\u010dnim oblastima, gdje djeluju doma\u0107i i strani akteri, uklju\u010duju\u0107i grupe iz Turske, Albanije, Rusije i isto\u010dne Evrope&#8221;, pokazuje izvje\u0161taj.<\/p>\n\n\n\n<p>Pored tradicionalnih oblika organizovanog kriminala, Crna Gora bilje\u017ei i porast sajber napada, finansijskih prevara i trgovine ljudima. U izvje\u0161taju se navodi da zemlja postaje tranzitna ruta za migrante i \u017ertve trgovine ljudima iz Azije i Isto\u010dne Evrope, dok su ruski i turski dr\u017eavljani me\u0111u naj\u010de\u0161\u0107im \u017ertvama i po\u010diniocima u tim slu\u010dajevima.<\/p>\n\n\n\n<p>&#8220;Finansijski kriminal ostaje duboko ukorijenjen u javnim institucijama i privatnom sektoru, sa brojnim slu\u010dajevima zloupotrebe javnih sredstava, sumnjivih privatizacija i pranja novca kroz ulaganja u nekretnine&#8221;, pi\u0161e u izvje\u0161taju.<\/p>\n\n\n\n<p>Izvje\u0161taj upozorava i na nezakonitu sje\u010du \u0161uma, eksploataciju \u0161ljunka i pijeska, te krivolov za\u0161ti\u0107enih \u017eivotinja, uz ocjenu da korupcija i nedostatak kontrole omogu\u0107avaju dugotrajno funkcionisanje ovih aktivnosti.<\/p>\n\n\n\n<figure class=\"wp-block-embed is-type-video is-provider-youtube wp-block-embed-youtube wp-embed-aspect-16-9 wp-has-aspect-ratio\"><div class=\"wp-block-embed__wrapper\">\n<iframe loading=\"lazy\" title=\"The Launch of the Global Organized Crime Index 2025\" width=\"500\" height=\"281\" src=\"https:\/\/www.youtube.com\/embed\/TSgvU-jUbGU?feature=oembed\" frameborder=\"0\" allow=\"accelerometer; autoplay; clipboard-write; encrypted-media; gyroscope; picture-in-picture; web-share\" referrerpolicy=\"strict-origin-when-cross-origin\" allowfullscreen><\/iframe>\n<\/div><\/figure>","protected":false},"excerpt":{"rendered":"<p>Crna Gora je ostvarila napredak prema novom Izvje\u0161taju Globalnog indeksa organizovanog kriminala za 2025. godinu. Podaci pokazuje da zauzima 64. mjesto od 193 dr\u017eave svijeta, odnosno deseto mjesto u Evropi, sa ukupnom ocjenom 5,82.<\/p>","protected":false},"author":1,"featured_media":963046,"comment_status":"open","ping_status":"open","sticky":false,"template":"","format":"standard","meta":{"_acf_changed":false,"footnotes":""},"categories":[17],"tags":[10,14150,471,45],"naslovna":[],"class_list":["post-963045","post","type-post","status-publish","format-standard","has-post-thumbnail","hentry","category-hronika","tag-eu","tag-indeks-organizovanog-kriminala","tag-kriminal","tag-policija"],"acf":[],"yoast_head":"<!-- This site is optimized with the Yoast SEO plugin v27.4 - https:\/\/yoast.com\/product\/yoast-seo-wordpress\/ -->\n<title>Crna Gora deseta u Evropi po Indeksu organizovanog kriminala - dmcsrb.com<\/title>\n<meta name=\"robots\" content=\"index, follow, max-snippet:-1, max-image-preview:large, max-video-preview:-1\" \/>\n<link rel=\"canonical\" href=\"https:\/\/dmcsrb.com\/en\/hronika\/crna-gora-deseta-u-evropi-po-indeksu-organizovanog-kriminala\/\" \/>\n<meta property=\"og:locale\" content=\"en_GB\" \/>\n<meta property=\"og:type\" content=\"article\" \/>\n<meta property=\"og:title\" content=\"Crna Gora deseta u Evropi po Indeksu organizovanog kriminala - dmcsrb.com\" \/>\n<meta property=\"og:description\" content=\"Crna Gora je ostvarila napredak prema novom Izvje\u0161taju Globalnog indeksa organizovanog kriminala za 2025. godinu. Podaci pokazuje da zauzima 64. mjesto od 193 dr\u017eave svijeta, odnosno deseto mjesto u Evropi, sa ukupnom ocjenom 5,82.\" \/>\n<meta property=\"og:url\" content=\"https:\/\/dmcsrb.com\/en\/hronika\/crna-gora-deseta-u-evropi-po-indeksu-organizovanog-kriminala\/\" \/>\n<meta property=\"og:site_name\" content=\"dmcsrb.com\" \/>\n<meta property=\"article:published_time\" content=\"2025-11-11T05:55:00+00:00\" \/>\n<meta property=\"og:image\" content=\"https:\/\/dmcsrb.com\/wp-content\/uploads\/2026\/01\/SPO-policija-foto-UP.webp\" \/>\n\t<meta property=\"og:image:width\" content=\"610\" \/>\n\t<meta property=\"og:image:height\" content=\"380\" \/>\n\t<meta property=\"og:image:type\" content=\"image\/jpeg\" \/>\n<meta name=\"author\" content=\"dmcsrbija.com@gmail.com\" \/>\n<meta name=\"twitter:card\" content=\"summary_large_image\" \/>\n<meta name=\"twitter:label1\" content=\"Written by\" \/>\n\t<meta name=\"twitter:data1\" content=\"dmcsrbija.com@gmail.com\" \/>\n\t<meta name=\"twitter:label2\" content=\"Estimated reading time\" \/>\n\t<meta name=\"twitter:data2\" content=\"2 minutes\" \/>\n<script type=\"application\/ld+json\" class=\"yoast-schema-graph\">{\"@context\":\"https:\\\/\\\/schema.org\",\"@graph\":[{\"@type\":\"Article\",\"@id\":\"https:\\\/\\\/dmcsrb.com\\\/en\\\/hronika\\\/crna-gora-deseta-u-evropi-po-indeksu-organizovanog-kriminala\\\/#article\",\"isPartOf\":{\"@id\":\"https:\\\/\\\/dmcsrb.com\\\/en\\\/hronika\\\/crna-gora-deseta-u-evropi-po-indeksu-organizovanog-kriminala\\\/\"},\"author\":{\"name\":\"dmcsrbija.com@gmail.com\",\"@id\":\"https:\\\/\\\/dmcsrb.com\\\/#\\\/schema\\\/person\\\/5c39170f12db1b8b457732d0b5c854e2\"},\"headline\":\"Crna Gora deseta u Evropi po Indeksu organizovanog kriminala\",\"datePublished\":\"2025-11-11T05:55:00+00:00\",\"mainEntityOfPage\":{\"@id\":\"https:\\\/\\\/dmcsrb.com\\\/en\\\/hronika\\\/crna-gora-deseta-u-evropi-po-indeksu-organizovanog-kriminala\\\/\"},\"wordCount\":373,\"commentCount\":0,\"image\":{\"@id\":\"https:\\\/\\\/dmcsrb.com\\\/en\\\/hronika\\\/crna-gora-deseta-u-evropi-po-indeksu-organizovanog-kriminala\\\/#primaryimage\"},\"thumbnailUrl\":\"https:\\\/\\\/dmcsrb.com\\\/wp-content\\\/uploads\\\/2026\\\/01\\\/SPO-policija-foto-UP.webp\",\"keywords\":[\"EU\",\"Indeks organizovanog kriminala\",\"kriminal\",\"policija\"],\"articleSection\":[\"Hronika\"],\"inLanguage\":\"en-GB\",\"potentialAction\":[{\"@type\":\"CommentAction\",\"name\":\"Comment\",\"target\":[\"https:\\\/\\\/dmcsrb.com\\\/en\\\/hronika\\\/crna-gora-deseta-u-evropi-po-indeksu-organizovanog-kriminala\\\/#respond\"]}]},{\"@type\":\"WebPage\",\"@id\":\"https:\\\/\\\/dmcsrb.com\\\/en\\\/hronika\\\/crna-gora-deseta-u-evropi-po-indeksu-organizovanog-kriminala\\\/\",\"url\":\"https:\\\/\\\/dmcsrb.com\\\/en\\\/hronika\\\/crna-gora-deseta-u-evropi-po-indeksu-organizovanog-kriminala\\\/\",\"name\":\"Crna Gora deseta u Evropi po Indeksu organizovanog kriminala - dmcsrb.com\",\"isPartOf\":{\"@id\":\"https:\\\/\\\/dmcsrb.com\\\/#website\"},\"primaryImageOfPage\":{\"@id\":\"https:\\\/\\\/dmcsrb.com\\\/en\\\/hronika\\\/crna-gora-deseta-u-evropi-po-indeksu-organizovanog-kriminala\\\/#primaryimage\"},\"image\":{\"@id\":\"https:\\\/\\\/dmcsrb.com\\\/en\\\/hronika\\\/crna-gora-deseta-u-evropi-po-indeksu-organizovanog-kriminala\\\/#primaryimage\"},\"thumbnailUrl\":\"https:\\\/\\\/dmcsrb.com\\\/wp-content\\\/uploads\\\/2026\\\/01\\\/SPO-policija-foto-UP.webp\",\"datePublished\":\"2025-11-11T05:55:00+00:00\",\"author\":{\"@id\":\"https:\\\/\\\/dmcsrb.com\\\/#\\\/schema\\\/person\\\/5c39170f12db1b8b457732d0b5c854e2\"},\"breadcrumb\":{\"@id\":\"https:\\\/\\\/dmcsrb.com\\\/en\\\/hronika\\\/crna-gora-deseta-u-evropi-po-indeksu-organizovanog-kriminala\\\/#breadcrumb\"},\"inLanguage\":\"en-GB\",\"potentialAction\":[{\"@type\":\"ReadAction\",\"target\":[\"https:\\\/\\\/dmcsrb.com\\\/en\\\/hronika\\\/crna-gora-deseta-u-evropi-po-indeksu-organizovanog-kriminala\\\/\"]}]},{\"@type\":\"ImageObject\",\"inLanguage\":\"en-GB\",\"@id\":\"https:\\\/\\\/dmcsrb.com\\\/en\\\/hronika\\\/crna-gora-deseta-u-evropi-po-indeksu-organizovanog-kriminala\\\/#primaryimage\",\"url\":\"https:\\\/\\\/dmcsrb.com\\\/wp-content\\\/uploads\\\/2026\\\/01\\\/SPO-policija-foto-UP.webp\",\"contentUrl\":\"https:\\\/\\\/dmcsrb.com\\\/wp-content\\\/uploads\\\/2026\\\/01\\\/SPO-policija-foto-UP.webp\",\"width\":610,\"height\":380},{\"@type\":\"BreadcrumbList\",\"@id\":\"https:\\\/\\\/dmcsrb.com\\\/en\\\/hronika\\\/crna-gora-deseta-u-evropi-po-indeksu-organizovanog-kriminala\\\/#breadcrumb\",\"itemListElement\":[{\"@type\":\"ListItem\",\"position\":1,\"name\":\"Home\",\"item\":\"https:\\\/\\\/dmcsrb.com\\\/\"},{\"@type\":\"ListItem\",\"position\":2,\"name\":\"Crna Gora deseta u Evropi po Indeksu organizovanog kriminala\"}]},{\"@type\":\"WebSite\",\"@id\":\"https:\\\/\\\/dmcsrb.com\\\/#website\",\"url\":\"https:\\\/\\\/dmcsrb.com\\\/\",\"name\":\"dmcsrb.com\",\"description\":\"\",\"potentialAction\":[{\"@type\":\"SearchAction\",\"target\":{\"@type\":\"EntryPoint\",\"urlTemplate\":\"https:\\\/\\\/dmcsrb.com\\\/?s={search_term_string}\"},\"query-input\":{\"@type\":\"PropertyValueSpecification\",\"valueRequired\":true,\"valueName\":\"search_term_string\"}}],\"inLanguage\":\"en-GB\"},{\"@type\":\"Person\",\"@id\":\"https:\\\/\\\/dmcsrb.com\\\/#\\\/schema\\\/person\\\/5c39170f12db1b8b457732d0b5c854e2\",\"name\":\"dmcsrbija.com@gmail.com\",\"image\":{\"@type\":\"ImageObject\",\"inLanguage\":\"en-GB\",\"@id\":\"https:\\\/\\\/secure.gravatar.com\\\/avatar\\\/68592660ad6347fad0fb587f8d5d8f1a7b44961362f56e4f2cd524feb87e9069?s=96&d=mm&r=g\",\"url\":\"https:\\\/\\\/secure.gravatar.com\\\/avatar\\\/68592660ad6347fad0fb587f8d5d8f1a7b44961362f56e4f2cd524feb87e9069?s=96&d=mm&r=g\",\"contentUrl\":\"https:\\\/\\\/secure.gravatar.com\\\/avatar\\\/68592660ad6347fad0fb587f8d5d8f1a7b44961362f56e4f2cd524feb87e9069?s=96&d=mm&r=g\",\"caption\":\"dmcsrbija.com@gmail.com\"},\"sameAs\":[\"https:\\\/\\\/dmcsrb.com\"],\"url\":\"https:\\\/\\\/dmcsrb.com\\\/en\\\/author\\\/dmcsrbija-comgmail-com\\\/\"}]}<\/script>\n<!-- \/ Yoast SEO plugin. -->","yoast_head_json":{"title":"Crna Gora deseta u Evropi po Indeksu organizovanog kriminala - dmcsrb.com","robots":{"index":"index","follow":"follow","max-snippet":"max-snippet:-1","max-image-preview":"max-image-preview:large","max-video-preview":"max-video-preview:-1"},"canonical":"https:\/\/dmcsrb.com\/en\/hronika\/crna-gora-deseta-u-evropi-po-indeksu-organizovanog-kriminala\/","og_locale":"en_GB","og_type":"article","og_title":"Crna Gora deseta u Evropi po Indeksu organizovanog kriminala - dmcsrb.com","og_description":"Crna Gora je ostvarila napredak prema novom Izvje\u0161taju Globalnog indeksa organizovanog kriminala za 2025. godinu. Podaci pokazuje da zauzima 64. mjesto od 193 dr\u017eave svijeta, odnosno deseto mjesto u Evropi, sa ukupnom ocjenom 5,82.","og_url":"https:\/\/dmcsrb.com\/en\/hronika\/crna-gora-deseta-u-evropi-po-indeksu-organizovanog-kriminala\/","og_site_name":"dmcsrb.com","article_published_time":"2025-11-11T05:55:00+00:00","og_image":[{"width":610,"height":380,"url":"https:\/\/dmcsrb.com\/wp-content\/uploads\/2026\/01\/SPO-policija-foto-UP.webp","type":"image\/jpeg"}],"author":"dmcsrbija.com@gmail.com","twitter_card":"summary_large_image","twitter_misc":{"Written by":"dmcsrbija.com@gmail.com","Estimated reading time":"2 minutes"},"schema":{"@context":"https:\/\/schema.org","@graph":[{"@type":"Article","@id":"https:\/\/dmcsrb.com\/en\/hronika\/crna-gora-deseta-u-evropi-po-indeksu-organizovanog-kriminala\/#article","isPartOf":{"@id":"https:\/\/dmcsrb.com\/en\/hronika\/crna-gora-deseta-u-evropi-po-indeksu-organizovanog-kriminala\/"},"author":{"name":"dmcsrbija.com@gmail.com","@id":"https:\/\/dmcsrb.com\/#\/schema\/person\/5c39170f12db1b8b457732d0b5c854e2"},"headline":"Crna Gora deseta u Evropi po Indeksu organizovanog kriminala","datePublished":"2025-11-11T05:55:00+00:00","mainEntityOfPage":{"@id":"https:\/\/dmcsrb.com\/en\/hronika\/crna-gora-deseta-u-evropi-po-indeksu-organizovanog-kriminala\/"},"wordCount":373,"commentCount":0,"image":{"@id":"https:\/\/dmcsrb.com\/en\/hronika\/crna-gora-deseta-u-evropi-po-indeksu-organizovanog-kriminala\/#primaryimage"},"thumbnailUrl":"https:\/\/dmcsrb.com\/wp-content\/uploads\/2026\/01\/SPO-policija-foto-UP.webp","keywords":["EU","Indeks organizovanog kriminala","kriminal","policija"],"articleSection":["Hronika"],"inLanguage":"en-GB","potentialAction":[{"@type":"CommentAction","name":"Comment","target":["https:\/\/dmcsrb.com\/en\/hronika\/crna-gora-deseta-u-evropi-po-indeksu-organizovanog-kriminala\/#respond"]}]},{"@type":"WebPage","@id":"https:\/\/dmcsrb.com\/en\/hronika\/crna-gora-deseta-u-evropi-po-indeksu-organizovanog-kriminala\/","url":"https:\/\/dmcsrb.com\/en\/hronika\/crna-gora-deseta-u-evropi-po-indeksu-organizovanog-kriminala\/","name":"Crna Gora deseta u Evropi po Indeksu organizovanog kriminala - dmcsrb.com","isPartOf":{"@id":"https:\/\/dmcsrb.com\/#website"},"primaryImageOfPage":{"@id":"https:\/\/dmcsrb.com\/en\/hronika\/crna-gora-deseta-u-evropi-po-indeksu-organizovanog-kriminala\/#primaryimage"},"image":{"@id":"https:\/\/dmcsrb.com\/en\/hronika\/crna-gora-deseta-u-evropi-po-indeksu-organizovanog-kriminala\/#primaryimage"},"thumbnailUrl":"https:\/\/dmcsrb.com\/wp-content\/uploads\/2026\/01\/SPO-policija-foto-UP.webp","datePublished":"2025-11-11T05:55:00+00:00","author":{"@id":"https:\/\/dmcsrb.com\/#\/schema\/person\/5c39170f12db1b8b457732d0b5c854e2"},"breadcrumb":{"@id":"https:\/\/dmcsrb.com\/en\/hronika\/crna-gora-deseta-u-evropi-po-indeksu-organizovanog-kriminala\/#breadcrumb"},"inLanguage":"en-GB","potentialAction":[{"@type":"ReadAction","target":["https:\/\/dmcsrb.com\/en\/hronika\/crna-gora-deseta-u-evropi-po-indeksu-organizovanog-kriminala\/"]}]},{"@type":"ImageObject","inLanguage":"en-GB","@id":"https:\/\/dmcsrb.com\/en\/hronika\/crna-gora-deseta-u-evropi-po-indeksu-organizovanog-kriminala\/#primaryimage","url":"https:\/\/dmcsrb.com\/wp-content\/uploads\/2026\/01\/SPO-policija-foto-UP.webp","contentUrl":"https:\/\/dmcsrb.com\/wp-content\/uploads\/2026\/01\/SPO-policija-foto-UP.webp","width":610,"height":380},{"@type":"BreadcrumbList","@id":"https:\/\/dmcsrb.com\/en\/hronika\/crna-gora-deseta-u-evropi-po-indeksu-organizovanog-kriminala\/#breadcrumb","itemListElement":[{"@type":"ListItem","position":1,"name":"Home","item":"https:\/\/dmcsrb.com\/"},{"@type":"ListItem","position":2,"name":"Crna Gora deseta u Evropi po Indeksu organizovanog kriminala"}]},{"@type":"WebSite","@id":"https:\/\/dmcsrb.com\/#website","url":"https:\/\/dmcsrb.com\/","name":"dmcsrb.com","description":"","potentialAction":[{"@type":"SearchAction","target":{"@type":"EntryPoint","urlTemplate":"https:\/\/dmcsrb.com\/?s={search_term_string}"},"query-input":{"@type":"PropertyValueSpecification","valueRequired":true,"valueName":"search_term_string"}}],"inLanguage":"en-GB"},{"@type":"Person","@id":"https:\/\/dmcsrb.com\/#\/schema\/person\/5c39170f12db1b8b457732d0b5c854e2","name":"dmcsrbija.com@gmail.com","image":{"@type":"ImageObject","inLanguage":"en-GB","@id":"https:\/\/secure.gravatar.com\/avatar\/68592660ad6347fad0fb587f8d5d8f1a7b44961362f56e4f2cd524feb87e9069?s=96&d=mm&r=g","url":"https:\/\/secure.gravatar.com\/avatar\/68592660ad6347fad0fb587f8d5d8f1a7b44961362f56e4f2cd524feb87e9069?s=96&d=mm&r=g","contentUrl":"https:\/\/secure.gravatar.com\/avatar\/68592660ad6347fad0fb587f8d5d8f1a7b44961362f56e4f2cd524feb87e9069?s=96&d=mm&r=g","caption":"dmcsrbija.com@gmail.com"},"sameAs":["https:\/\/dmcsrb.com"],"url":"https:\/\/dmcsrb.com\/en\/author\/dmcsrbija-comgmail-com\/"}]}},"_links":{"self":[{"href":"https:\/\/dmcsrb.com\/en\/wp-json\/wp\/v2\/posts\/963045","targetHints":{"allow":["GET"]}}],"collection":[{"href":"https:\/\/dmcsrb.com\/en\/wp-json\/wp\/v2\/posts"}],"about":[{"href":"https:\/\/dmcsrb.com\/en\/wp-json\/wp\/v2\/types\/post"}],"author":[{"embeddable":true,"href":"https:\/\/dmcsrb.com\/en\/wp-json\/wp\/v2\/users\/1"}],"replies":[{"embeddable":true,"href":"https:\/\/dmcsrb.com\/en\/wp-json\/wp\/v2\/comments?post=963045"}],"version-history":[{"count":0,"href":"https:\/\/dmcsrb.com\/en\/wp-json\/wp\/v2\/posts\/963045\/revisions"}],"wp:featuredmedia":[{"embeddable":true,"href":"https:\/\/dmcsrb.com\/en\/wp-json\/wp\/v2\/media\/963046"}],"wp:attachment":[{"href":"https:\/\/dmcsrb.com\/en\/wp-json\/wp\/v2\/media?parent=963045"}],"wp:term":[{"taxonomy":"category","embeddable":true,"href":"https:\/\/dmcsrb.com\/en\/wp-json\/wp\/v2\/categories?post=963045"},{"taxonomy":"post_tag","embeddable":true,"href":"https:\/\/dmcsrb.com\/en\/wp-json\/wp\/v2\/tags?post=963045"},{"taxonomy":"naslovna","embeddable":true,"href":"https:\/\/dmcsrb.com\/en\/wp-json\/wp\/v2\/naslovna?post=963045"}],"curies":[{"name":"wp","href":"https:\/\/api.w.org\/{rel}","templated":true}]}}