{"id":963042,"date":"2025-11-11T06:44:00","date_gmt":"2025-11-11T05:44:00","guid":{"rendered":"https:\/\/dmcsrb.com\/uncategorized\/eu-spremna-za-novo-prosirenje\/"},"modified":"2025-11-11T06:44:00","modified_gmt":"2025-11-11T05:44:00","slug":"eu-spremna-za-novo-prosirenje","status":"publish","type":"post","link":"https:\/\/dmcsrb.com\/en\/politika\/eu-spremna-za-novo-prosirenje\/","title":{"rendered":"EU spremna za novo pro\u0161irenje"},"content":{"rendered":"<p><\/p>\n\n\n\n<p>Izvje\u0161taj od 4. novembra, prvi koji je izdat otkako je nova komisija preuzela du\u017enost krajem pro\u0161le godine, osmi\u0161ljen je kako bi se procijenio napredak (ili nedostatak) deset zemalja kandidatkinja za EU, me\u0111u kojima su i Bosna i Hercegovina, Gruzija, Kosovo, Sjeverna Makedonija, Srbija i Turska.<\/p>\n\n\n\n<p>Me\u0111utim, ovogodi\u0161nji izvje\u0161taj ima jasnu geopoliti\u010dku notu. Prema navodima slu\u017ebenika u Briselu, pro\u0161irenje EU ponovo je na stolu.<\/p>\n\n\n\n<p>Posljednja zemlja koja je pristupila bila je Hrvatska 2013. godine, a od tada se Unija zapravo prvi put smanjila kada je Britanija napustila EU 2020. godine.<\/p>\n\n\n\n<p>U godi\u0161njem izvje\u0161taju za 2025. godinu se navodi da je &#8220;ovo prvi mandat Komisije od 2010\u20132014. gdje je, s obzirom na ubrzani tempo procesa za neke zemlje kandidatkinje, pro\u0161irenje realna mogu\u0107nost&#8221; i da se cijeli proces &#8220;sada kre\u0107e br\u017ee nego u posljednjih 15 godina&#8221;.<\/p>\n\n\n\n<p>Promjena tempa u vezi je sa punim razmjerom napada Rusije na Ukrajinu, koji je zapo\u010deo 2022. godine, dok \u0161efica vanjske politike EU Kaja Kallas nagla\u0161ava da &#8220;geopoliti\u010dke promjene jasno pokazuju opravdanost pro\u0161irenja&#8221;.<\/p>\n\n\n\n<p>&#8220;Pro\u0161irenje nije ne\u0161to \u0161to bismo \u017eeljeli imati. To je neophodno ako \u017eelimo biti ja\u010di igra\u010d na svjetskoj sceni&#8221;, istakla je Kallas.<\/p>\n\n\n\n<p><strong>Novac je na Crnu Goru<\/strong><\/p>\n\n\n\n<p>Pametno je ulo\u017eiti novac u to da \u0107e Crna Gora biti sljede\u0107i dodatak. Podgorica ima za cilj da zavr\u0161i pregovore o pristupanju EU do kraja 2026. godine, a u izvje\u0161taju se navodi da je zemlja &#8220;na putu da ostvari ovaj ambiciozni cilj&#8221;.<\/p>\n\n\n\n<p>Na kraju, ovo nije odluka Evropske komisije niti zemalja kandidatkinja. Trenutnih 27 \u010dlanica EU odlu\u010duje jednoglasno o otvaranju i zatvaranju 33 pristupna poglavlja, koja obuhvataju sve politi\u010dke oblasti koje zemlje koje \u017eele pristupiti EU moraju usvojiti kako bi postale punopravne \u010dlanice.<\/p>\n\n\n\n<p>Podgorica pregovara ve\u0107 13 godina i, iako je otvorila pregovore o svih 33 poglavlja, uspjela je zatvoriti samo sedam. Me\u0111utim, ve\u0107ina njih je zatvorena u posljednjih 12 mjeseci, \u0161to pokazuje zamah prema pristupanju.<\/p>\n\n\n\n<p>U decembru planira zatvoriti jo\u0161 pet, ali to bi moglo biti malo previ\u0161e optimisti\u010dno, prema diplomatama EU koje je kontaktirao Radio Slobodna Evropa (RSE).<\/p>\n\n\n\n<p>Zabrinutost i dalje postoji, posebno u vezi s borbom protiv organizovanog kriminala i korupcije i nezavisno\u0161\u0107u pravosu\u0111a. Dakle, mo\u017eda je sljede\u0107a godina prebrzo, ali \u0161u\u0161ka se da bi Crna Gora mogla biti &#8220;28. \u010dlanica Evropske unije 2028. godine&#8221;.<\/p>\n\n\n\n<p><strong>Albanija kao sljede\u0107i najbolji kandidat<\/strong><\/p>\n\n\n\n<p>Albanija bi mogla biti sljede\u0107i najbolji kandidat za \u010dlanstvo. Vlada u Tirani se nada da \u0107e zavr\u0161iti pregovore do 2027. godine, a Komisija smatra da je ovo ostvarivo.<\/p>\n\n\n\n<p>Napredak Albanije u posljednjih 12 mjeseci bio je impresivan \u2013 otvorila je 28 od 33 poglavlja i planira zapo\u010deti pregovore o posljednjih pet krajem ovog mjeseca.<\/p>\n\n\n\n<p>Me\u0111utim, klju\u010d le\u017ei u zatvaranju poglavlja, a to je mnogo te\u017ee. Tirana se suo\u010dava i s izazovom u javnom imid\u017eu: dok je Albanija rastu\u0107a turisti\u010dka destinacija \u2013 i mnogi Evropljani kupuju nekretnine na njenoj obali \u2013 zemlja i dalje nosi negativnu reputaciju da je \u017eari\u0161te organizovanog kriminala.<\/p>\n\n\n\n<p>Zato ne \u010dudi \u0161to Evropska komisija preporu\u010duje Tirani da ulo\u017ei dodatne napore u &#8220;istrage trgovaca drogom i pove\u0107anje identifikovanja i razbijanja kriminalnih grupa&#8221;.<\/p>\n\n\n\n<p><strong>\u0160ta je s Moldavijom i Ukrajinom?<\/strong><\/p>\n\n\n\n<p>Moldavija i Ukrajina, s druge strane, \u010dvrsto ostaju &#8220;povezane&#8221; \u2013 kao \u0161to su bile od kada su obje podnijele zahtjev za \u010dlanstvo 2022. godine \u2013 uprkos glasinama ove godine da bi mogle biti razdvojene.<\/p>\n\n\n\n<p>Kreiranje vlastitog puta omogu\u0107ilo bi Moldaviji da zapo\u010dne pregovore o pristupanju, dok pristup Ukrajine blokira Ma\u0111arska ve\u0107 vi\u0161e od godinu dana i vjerovatno \u0107e ostati u zastoju do sljede\u0107ih ma\u0111arskih parlamentarnih izbora, koji \u0107e biti odr\u017eani u aprilu 2026.<\/p>\n\n\n\n<p>Moldavija se nada da \u0107e pristupiti EU 2028. godine, a Ukrajina vjeruje da bi mogla postati \u010dlanica u nekom trenutku ove decenije, uprkos ratnoj situaciji. Obje zemlje su dobile najbolje ocjene Komisije do sada, iako je Kijev ranije ove godine upozoren na uticaj specijalnih agencija za borbu protiv korupcije NABU i SAP.<\/p>\n\n\n\n<p>Dok zemlje ostaju blokirane, sve dr\u017eave \u010dlanice EU, osim Ma\u0111arske, slo\u017eile su se da nastave tehni\u010dki rad sa Ki\u0161injevom i Kijevom dok \u010dekaju kona\u010dno politi\u010dko zeleno svjetlo iz Budimpe\u0161te koje bi moglo do\u0107i s promjenom vlade sljede\u0107e godine.<\/p>\n\n\n\n<p>Ideja je da se tada odmah otvori \u0161to vi\u0161e poglavlja.<\/p>\n\n\n\n<p>Op\u0161te mi\u0161ljenje u ve\u0107ini prijestonica EU je da se otprilike polovina mo\u017ee otvoriti. Komesarka za pro\u0161irenje Marta Kos je \u010dak, pomalo optimisti\u010dno, primijetila da bi pregovori o svih 33 poglavlja mogli odmah po\u010deti ukoliko bi Budimpe\u0161ta promijenila mi\u0161ljenje.<\/p>\n\n\n\n<p><strong>Pojednostavljivanje procesa pro\u0161irenja<\/strong><\/p>\n\n\n\n<p>U me\u0111uvremenu, pregovori se nastavljaju o tome kako u\u010diniti proces pro\u0161irenja prakti\u010dnijim.<\/p>\n\n\n\n<p>Predsjednik Evropskog savjeta Antonio Kosta iznio je ideju da bi za po\u010detak i zavr\u0161etak pregovora o pristupanju trebalo biti dovoljno samo jednoglasno odobrenje \u2013 prijedlog koji su brzo odbacile \u010dlanice EU koje preferiraju da imaju vi\u0161e &#8220;ko\u010dnica&#8221; u cilju usporavanja procesa pro\u0161irenja.<\/p>\n\n\n\n<p>Ma\u0111arska nije jedina zemlja koja ima problema sa svojim susjedima koji nisu \u010dlanice EU: Bugarska trenutno blokira Sjevernu Makedoniju, a Hrvatska \u017eeli dr\u017eati Srbiju pod kontrolom prije nego \u0161to Beograd mo\u017ee da pristupi.<\/p>\n\n\n\n<p>Posljednjih sedmica bilo je i drugih politi\u010dkih &#8220;probnih balona&#8221; u vezi s tim kako bi pro\u0161irenje moglo da funkcioni\u0161e. Razmatrala se mogu\u0107nost da nove \u010dlanice nemaju pravo glasa u vezi s odre\u0111enim pitanjima \u2013 neka vrsta sekundarnog \u010dlanstva koju je ukrajinski predsjednik Volodimir Zelenski odmah odbacio kada su ga o tome ranije pitali.<\/p>\n\n\n\n<p>Evropska komisija \u0107e, u me\u0111uvremenu, raditi na preispitivanju politika i reformama uo\u010di pro\u0161irenja kako bi procijenila uticaj novih \u010dlanica na razli\u010dite politi\u010dke oblasti.<\/p>\n\n\n\n<p>Kos je ve\u0107 iznijela ideju o mehanizmu koji bi omogu\u0107io suspenziju prava glasa ili uskra\u0107ivanje pristupa fondovima EU za nove \u010dlanice u slu\u010daju kr\u0161enja vladavine prava.<\/p>\n\n\n\n<p>Sve ovo je jasna aluzija na starije, zapadne \u010dlanice EU koje nisu entuzijasti\u010dne prema pro\u0161irenju Unije iz straha od &#8220;jo\u0161 jedne Ma\u0111arske&#8221;, aludiraju\u0107i na brojne prekr\u0161aje vladavine prava Viktora Orbana i sukobe s Briselom tokom godina.<\/p>\n\n\n\n<p>Najvjerovatniji na\u010din da pro\u0161irenje postane upravljivo je ne\u0161to \u0161to je ve\u0107 kori\u0161teno u pro\u0161losti \u2013 prelazni periodi. Ovaj mehanizam kori\u0161ten je tokom pro\u0161irenja iz 2004. godine, kada je osam zemalja Srednje i Isto\u010dne Evrope postalo \u010dlanicama EU, a njihovi gra\u0111ani, na primjer, nisu smjeli odmah tra\u017eiti posao u drugim dijelovima Unije.<\/p>\n\n\n\n<p>Poljska, sa svojim velikim agrarnim tr\u017ei\u0161tem, tako\u0111e nije bila potpuno integrisana u jedinstveno tr\u017ei\u0161te EU preko no\u0107i. Sli\u010dan aran\u017eman za poljoprivredne proizvode iz Ukrajine, koji su izazvali politi\u010dke probleme u dijelovima Unije, ne bi bio iznena\u0111uju\u0107i.<\/p>\n\n\n\n<p>Od \u010detiri zemlje kandidatkinje, Ukrajina ima najte\u017ei put pred sobom, s obzirom na svoju veli\u010dinu i izazove rata.<\/p>\n\n\n\n<p>Bi\u0107e mnogo lak\u0161e za EU da &#8220;apsorbuje&#8221; Albaniju, Moldaviju i Crnu Goru. Kos je aludirala na \u010dinjenicu da je populacija Crne Gore, koja broji oko 600.000 stanovnika, ista kao u belgijskom lu\u010dkom gradu Antverpenu, a da su Albanija i Moldavija, sa manje od tri miliona stanovnika svaka, sli\u010dne veli\u010dini Rima.<\/p>\n\n\n\n<p>Nemojte se iznenaditi ako ove zemlje postanu 28., 29. i 30. \u010dlanica Evropske unije.<\/p>","protected":false},"excerpt":{"rendered":"<p>Godi\u0161nji izvje\u0161taj Evropske komisije o pro\u0161irenju pokazuje da je izvr\u0161na vlast EU ozbiljna u namjeri da doda nove \u010dlanice do kraja svog petogodi\u0161njeg mandata, koji isti\u010de krajem 2029. godine. Komisija je za to identifikovala \u010detiri zemlje kandidatkinje: Albaniju, Moldaviju, Crnu Goru i Ukrajinu.<\/p>","protected":false},"author":1,"featured_media":952285,"comment_status":"open","ping_status":"open","sticky":false,"template":"","format":"standard","meta":{"_acf_changed":false,"footnotes":""},"categories":[12],"tags":[10,13553],"naslovna":[],"class_list":["post-963042","post","type-post","status-publish","format-standard","has-post-thumbnail","hentry","category-politika","tag-eu","tag-izvjestaj-evropske-komisije"],"acf":[],"yoast_head":"<!-- This site is optimized with the Yoast SEO plugin v27.4 - https:\/\/yoast.com\/product\/yoast-seo-wordpress\/ -->\n<title>EU spremna za novo pro\u0161irenje - dmcsrb.com<\/title>\n<meta name=\"robots\" content=\"index, follow, max-snippet:-1, max-image-preview:large, max-video-preview:-1\" \/>\n<link rel=\"canonical\" href=\"https:\/\/dmcsrb.com\/en\/politika\/eu-spremna-za-novo-prosirenje\/\" \/>\n<meta property=\"og:locale\" content=\"en_GB\" \/>\n<meta property=\"og:type\" content=\"article\" \/>\n<meta property=\"og:title\" content=\"EU spremna za novo pro\u0161irenje - dmcsrb.com\" \/>\n<meta property=\"og:description\" content=\"Godi\u0161nji izvje\u0161taj Evropske komisije o pro\u0161irenju pokazuje da je izvr\u0161na vlast EU ozbiljna u namjeri da doda nove \u010dlanice do kraja svog petogodi\u0161njeg mandata, koji isti\u010de krajem 2029. godine. Komisija je za to identifikovala \u010detiri zemlje kandidatkinje: Albaniju, Moldaviju, Crnu Goru i Ukrajinu.\" \/>\n<meta property=\"og:url\" content=\"https:\/\/dmcsrb.com\/en\/politika\/eu-spremna-za-novo-prosirenje\/\" \/>\n<meta property=\"og:site_name\" content=\"dmcsrb.com\" \/>\n<meta property=\"article:published_time\" content=\"2025-11-11T05:44:00+00:00\" \/>\n<meta property=\"og:image\" content=\"https:\/\/dmcsrb.com\/wp-content\/uploads\/2026\/01\/Brisel-EU-Evropska-unija-foto-AP.webp\" \/>\n\t<meta property=\"og:image:width\" content=\"1017\" \/>\n\t<meta property=\"og:image:height\" content=\"618\" \/>\n\t<meta property=\"og:image:type\" content=\"image\/jpeg\" \/>\n<meta name=\"author\" content=\"dmcsrbija.com@gmail.com\" \/>\n<meta name=\"twitter:card\" content=\"summary_large_image\" \/>\n<meta name=\"twitter:label1\" content=\"Written by\" \/>\n\t<meta name=\"twitter:data1\" content=\"dmcsrbija.com@gmail.com\" \/>\n\t<meta name=\"twitter:label2\" content=\"Estimated reading time\" \/>\n\t<meta name=\"twitter:data2\" content=\"6 minutes\" \/>\n<script type=\"application\/ld+json\" class=\"yoast-schema-graph\">{\"@context\":\"https:\\\/\\\/schema.org\",\"@graph\":[{\"@type\":\"Article\",\"@id\":\"https:\\\/\\\/dmcsrb.com\\\/politika\\\/eu-spremna-za-novo-prosirenje\\\/#article\",\"isPartOf\":{\"@id\":\"https:\\\/\\\/dmcsrb.com\\\/politika\\\/eu-spremna-za-novo-prosirenje\\\/\"},\"author\":{\"name\":\"dmcsrbija.com@gmail.com\",\"@id\":\"https:\\\/\\\/dmcsrb.com\\\/#\\\/schema\\\/person\\\/5c39170f12db1b8b457732d0b5c854e2\"},\"headline\":\"EU spremna za novo pro\u0161irenje\",\"datePublished\":\"2025-11-11T05:44:00+00:00\",\"mainEntityOfPage\":{\"@id\":\"https:\\\/\\\/dmcsrb.com\\\/politika\\\/eu-spremna-za-novo-prosirenje\\\/\"},\"wordCount\":1223,\"commentCount\":0,\"image\":{\"@id\":\"https:\\\/\\\/dmcsrb.com\\\/politika\\\/eu-spremna-za-novo-prosirenje\\\/#primaryimage\"},\"thumbnailUrl\":\"https:\\\/\\\/dmcsrb.com\\\/wp-content\\\/uploads\\\/2026\\\/01\\\/Brisel-EU-Evropska-unija-foto-AP.webp\",\"keywords\":[\"EU\",\"Izvje\u0161taj Evropske komisije\"],\"articleSection\":[\"Politika\"],\"inLanguage\":\"en-GB\",\"potentialAction\":[{\"@type\":\"CommentAction\",\"name\":\"Comment\",\"target\":[\"https:\\\/\\\/dmcsrb.com\\\/politika\\\/eu-spremna-za-novo-prosirenje\\\/#respond\"]}]},{\"@type\":\"WebPage\",\"@id\":\"https:\\\/\\\/dmcsrb.com\\\/politika\\\/eu-spremna-za-novo-prosirenje\\\/\",\"url\":\"https:\\\/\\\/dmcsrb.com\\\/politika\\\/eu-spremna-za-novo-prosirenje\\\/\",\"name\":\"EU spremna za novo pro\u0161irenje - dmcsrb.com\",\"isPartOf\":{\"@id\":\"https:\\\/\\\/dmcsrb.com\\\/#website\"},\"primaryImageOfPage\":{\"@id\":\"https:\\\/\\\/dmcsrb.com\\\/politika\\\/eu-spremna-za-novo-prosirenje\\\/#primaryimage\"},\"image\":{\"@id\":\"https:\\\/\\\/dmcsrb.com\\\/politika\\\/eu-spremna-za-novo-prosirenje\\\/#primaryimage\"},\"thumbnailUrl\":\"https:\\\/\\\/dmcsrb.com\\\/wp-content\\\/uploads\\\/2026\\\/01\\\/Brisel-EU-Evropska-unija-foto-AP.webp\",\"datePublished\":\"2025-11-11T05:44:00+00:00\",\"author\":{\"@id\":\"https:\\\/\\\/dmcsrb.com\\\/#\\\/schema\\\/person\\\/5c39170f12db1b8b457732d0b5c854e2\"},\"breadcrumb\":{\"@id\":\"https:\\\/\\\/dmcsrb.com\\\/politika\\\/eu-spremna-za-novo-prosirenje\\\/#breadcrumb\"},\"inLanguage\":\"en-GB\",\"potentialAction\":[{\"@type\":\"ReadAction\",\"target\":[\"https:\\\/\\\/dmcsrb.com\\\/politika\\\/eu-spremna-za-novo-prosirenje\\\/\"]}]},{\"@type\":\"ImageObject\",\"inLanguage\":\"en-GB\",\"@id\":\"https:\\\/\\\/dmcsrb.com\\\/politika\\\/eu-spremna-za-novo-prosirenje\\\/#primaryimage\",\"url\":\"https:\\\/\\\/dmcsrb.com\\\/wp-content\\\/uploads\\\/2026\\\/01\\\/Brisel-EU-Evropska-unija-foto-AP.webp\",\"contentUrl\":\"https:\\\/\\\/dmcsrb.com\\\/wp-content\\\/uploads\\\/2026\\\/01\\\/Brisel-EU-Evropska-unija-foto-AP.webp\",\"width\":1017,\"height\":618},{\"@type\":\"BreadcrumbList\",\"@id\":\"https:\\\/\\\/dmcsrb.com\\\/politika\\\/eu-spremna-za-novo-prosirenje\\\/#breadcrumb\",\"itemListElement\":[{\"@type\":\"ListItem\",\"position\":1,\"name\":\"Home\",\"item\":\"https:\\\/\\\/dmcsrb.com\\\/\"},{\"@type\":\"ListItem\",\"position\":2,\"name\":\"EU spremna za novo pro\u0161irenje\"}]},{\"@type\":\"WebSite\",\"@id\":\"https:\\\/\\\/dmcsrb.com\\\/#website\",\"url\":\"https:\\\/\\\/dmcsrb.com\\\/\",\"name\":\"dmcsrb.com\",\"description\":\"\",\"potentialAction\":[{\"@type\":\"SearchAction\",\"target\":{\"@type\":\"EntryPoint\",\"urlTemplate\":\"https:\\\/\\\/dmcsrb.com\\\/?s={search_term_string}\"},\"query-input\":{\"@type\":\"PropertyValueSpecification\",\"valueRequired\":true,\"valueName\":\"search_term_string\"}}],\"inLanguage\":\"en-GB\"},{\"@type\":\"Person\",\"@id\":\"https:\\\/\\\/dmcsrb.com\\\/#\\\/schema\\\/person\\\/5c39170f12db1b8b457732d0b5c854e2\",\"name\":\"dmcsrbija.com@gmail.com\",\"image\":{\"@type\":\"ImageObject\",\"inLanguage\":\"en-GB\",\"@id\":\"https:\\\/\\\/secure.gravatar.com\\\/avatar\\\/68592660ad6347fad0fb587f8d5d8f1a7b44961362f56e4f2cd524feb87e9069?s=96&d=mm&r=g\",\"url\":\"https:\\\/\\\/secure.gravatar.com\\\/avatar\\\/68592660ad6347fad0fb587f8d5d8f1a7b44961362f56e4f2cd524feb87e9069?s=96&d=mm&r=g\",\"contentUrl\":\"https:\\\/\\\/secure.gravatar.com\\\/avatar\\\/68592660ad6347fad0fb587f8d5d8f1a7b44961362f56e4f2cd524feb87e9069?s=96&d=mm&r=g\",\"caption\":\"dmcsrbija.com@gmail.com\"},\"sameAs\":[\"https:\\\/\\\/dmcsrb.com\"],\"url\":\"https:\\\/\\\/dmcsrb.com\\\/en\\\/author\\\/dmcsrbija-comgmail-com\\\/\"}]}<\/script>\n<!-- \/ Yoast SEO plugin. -->","yoast_head_json":{"title":"EU spremna za novo pro\u0161irenje - dmcsrb.com","robots":{"index":"index","follow":"follow","max-snippet":"max-snippet:-1","max-image-preview":"max-image-preview:large","max-video-preview":"max-video-preview:-1"},"canonical":"https:\/\/dmcsrb.com\/en\/politika\/eu-spremna-za-novo-prosirenje\/","og_locale":"en_GB","og_type":"article","og_title":"EU spremna za novo pro\u0161irenje - dmcsrb.com","og_description":"Godi\u0161nji izvje\u0161taj Evropske komisije o pro\u0161irenju pokazuje da je izvr\u0161na vlast EU ozbiljna u namjeri da doda nove \u010dlanice do kraja svog petogodi\u0161njeg mandata, koji isti\u010de krajem 2029. godine. Komisija je za to identifikovala \u010detiri zemlje kandidatkinje: Albaniju, Moldaviju, Crnu Goru i Ukrajinu.","og_url":"https:\/\/dmcsrb.com\/en\/politika\/eu-spremna-za-novo-prosirenje\/","og_site_name":"dmcsrb.com","article_published_time":"2025-11-11T05:44:00+00:00","og_image":[{"width":1017,"height":618,"url":"https:\/\/dmcsrb.com\/wp-content\/uploads\/2026\/01\/Brisel-EU-Evropska-unija-foto-AP.webp","type":"image\/jpeg"}],"author":"dmcsrbija.com@gmail.com","twitter_card":"summary_large_image","twitter_misc":{"Written by":"dmcsrbija.com@gmail.com","Estimated reading time":"6 minutes"},"schema":{"@context":"https:\/\/schema.org","@graph":[{"@type":"Article","@id":"https:\/\/dmcsrb.com\/politika\/eu-spremna-za-novo-prosirenje\/#article","isPartOf":{"@id":"https:\/\/dmcsrb.com\/politika\/eu-spremna-za-novo-prosirenje\/"},"author":{"name":"dmcsrbija.com@gmail.com","@id":"https:\/\/dmcsrb.com\/#\/schema\/person\/5c39170f12db1b8b457732d0b5c854e2"},"headline":"EU spremna za novo pro\u0161irenje","datePublished":"2025-11-11T05:44:00+00:00","mainEntityOfPage":{"@id":"https:\/\/dmcsrb.com\/politika\/eu-spremna-za-novo-prosirenje\/"},"wordCount":1223,"commentCount":0,"image":{"@id":"https:\/\/dmcsrb.com\/politika\/eu-spremna-za-novo-prosirenje\/#primaryimage"},"thumbnailUrl":"https:\/\/dmcsrb.com\/wp-content\/uploads\/2026\/01\/Brisel-EU-Evropska-unija-foto-AP.webp","keywords":["EU","Izvje\u0161taj Evropske komisije"],"articleSection":["Politika"],"inLanguage":"en-GB","potentialAction":[{"@type":"CommentAction","name":"Comment","target":["https:\/\/dmcsrb.com\/politika\/eu-spremna-za-novo-prosirenje\/#respond"]}]},{"@type":"WebPage","@id":"https:\/\/dmcsrb.com\/politika\/eu-spremna-za-novo-prosirenje\/","url":"https:\/\/dmcsrb.com\/politika\/eu-spremna-za-novo-prosirenje\/","name":"EU spremna za novo pro\u0161irenje - dmcsrb.com","isPartOf":{"@id":"https:\/\/dmcsrb.com\/#website"},"primaryImageOfPage":{"@id":"https:\/\/dmcsrb.com\/politika\/eu-spremna-za-novo-prosirenje\/#primaryimage"},"image":{"@id":"https:\/\/dmcsrb.com\/politika\/eu-spremna-za-novo-prosirenje\/#primaryimage"},"thumbnailUrl":"https:\/\/dmcsrb.com\/wp-content\/uploads\/2026\/01\/Brisel-EU-Evropska-unija-foto-AP.webp","datePublished":"2025-11-11T05:44:00+00:00","author":{"@id":"https:\/\/dmcsrb.com\/#\/schema\/person\/5c39170f12db1b8b457732d0b5c854e2"},"breadcrumb":{"@id":"https:\/\/dmcsrb.com\/politika\/eu-spremna-za-novo-prosirenje\/#breadcrumb"},"inLanguage":"en-GB","potentialAction":[{"@type":"ReadAction","target":["https:\/\/dmcsrb.com\/politika\/eu-spremna-za-novo-prosirenje\/"]}]},{"@type":"ImageObject","inLanguage":"en-GB","@id":"https:\/\/dmcsrb.com\/politika\/eu-spremna-za-novo-prosirenje\/#primaryimage","url":"https:\/\/dmcsrb.com\/wp-content\/uploads\/2026\/01\/Brisel-EU-Evropska-unija-foto-AP.webp","contentUrl":"https:\/\/dmcsrb.com\/wp-content\/uploads\/2026\/01\/Brisel-EU-Evropska-unija-foto-AP.webp","width":1017,"height":618},{"@type":"BreadcrumbList","@id":"https:\/\/dmcsrb.com\/politika\/eu-spremna-za-novo-prosirenje\/#breadcrumb","itemListElement":[{"@type":"ListItem","position":1,"name":"Home","item":"https:\/\/dmcsrb.com\/"},{"@type":"ListItem","position":2,"name":"EU spremna za novo pro\u0161irenje"}]},{"@type":"WebSite","@id":"https:\/\/dmcsrb.com\/#website","url":"https:\/\/dmcsrb.com\/","name":"dmcsrb.com","description":"","potentialAction":[{"@type":"SearchAction","target":{"@type":"EntryPoint","urlTemplate":"https:\/\/dmcsrb.com\/?s={search_term_string}"},"query-input":{"@type":"PropertyValueSpecification","valueRequired":true,"valueName":"search_term_string"}}],"inLanguage":"en-GB"},{"@type":"Person","@id":"https:\/\/dmcsrb.com\/#\/schema\/person\/5c39170f12db1b8b457732d0b5c854e2","name":"dmcsrbija.com@gmail.com","image":{"@type":"ImageObject","inLanguage":"en-GB","@id":"https:\/\/secure.gravatar.com\/avatar\/68592660ad6347fad0fb587f8d5d8f1a7b44961362f56e4f2cd524feb87e9069?s=96&d=mm&r=g","url":"https:\/\/secure.gravatar.com\/avatar\/68592660ad6347fad0fb587f8d5d8f1a7b44961362f56e4f2cd524feb87e9069?s=96&d=mm&r=g","contentUrl":"https:\/\/secure.gravatar.com\/avatar\/68592660ad6347fad0fb587f8d5d8f1a7b44961362f56e4f2cd524feb87e9069?s=96&d=mm&r=g","caption":"dmcsrbija.com@gmail.com"},"sameAs":["https:\/\/dmcsrb.com"],"url":"https:\/\/dmcsrb.com\/en\/author\/dmcsrbija-comgmail-com\/"}]}},"_links":{"self":[{"href":"https:\/\/dmcsrb.com\/en\/wp-json\/wp\/v2\/posts\/963042","targetHints":{"allow":["GET"]}}],"collection":[{"href":"https:\/\/dmcsrb.com\/en\/wp-json\/wp\/v2\/posts"}],"about":[{"href":"https:\/\/dmcsrb.com\/en\/wp-json\/wp\/v2\/types\/post"}],"author":[{"embeddable":true,"href":"https:\/\/dmcsrb.com\/en\/wp-json\/wp\/v2\/users\/1"}],"replies":[{"embeddable":true,"href":"https:\/\/dmcsrb.com\/en\/wp-json\/wp\/v2\/comments?post=963042"}],"version-history":[{"count":0,"href":"https:\/\/dmcsrb.com\/en\/wp-json\/wp\/v2\/posts\/963042\/revisions"}],"wp:featuredmedia":[{"embeddable":true,"href":"https:\/\/dmcsrb.com\/en\/wp-json\/wp\/v2\/media\/952285"}],"wp:attachment":[{"href":"https:\/\/dmcsrb.com\/en\/wp-json\/wp\/v2\/media?parent=963042"}],"wp:term":[{"taxonomy":"category","embeddable":true,"href":"https:\/\/dmcsrb.com\/en\/wp-json\/wp\/v2\/categories?post=963042"},{"taxonomy":"post_tag","embeddable":true,"href":"https:\/\/dmcsrb.com\/en\/wp-json\/wp\/v2\/tags?post=963042"},{"taxonomy":"naslovna","embeddable":true,"href":"https:\/\/dmcsrb.com\/en\/wp-json\/wp\/v2\/naslovna?post=963042"}],"curies":[{"name":"wp","href":"https:\/\/api.w.org\/{rel}","templated":true}]}}