{"id":963035,"date":"2025-11-10T22:00:00","date_gmt":"2025-11-10T21:00:00","guid":{"rendered":"https:\/\/dmcsrb.com\/uncategorized\/vatikan-pokrenuta-istraga-nakon-sto-je-pripadnik-svajcarske-garde-navodno-pljunuo-prema-dvije-jevrejke\/"},"modified":"2025-11-10T22:00:00","modified_gmt":"2025-11-10T21:00:00","slug":"vatikan-pokrenuta-istraga-nakon-sto-je-pripadnik-svajcarske-garde-navodno-pljunuo-prema-dvije-jevrejke","status":"publish","type":"post","link":"https:\/\/dmcsrb.com\/en\/svijet\/vatikan-pokrenuta-istraga-nakon-sto-je-pripadnik-svajcarske-garde-navodno-pljunuo-prema-dvije-jevrejke\/","title":{"rendered":"Vatikan: Pokrenuta istraga nakon \u0161to je pripadnik \u0160vajcarske garde navodno pljunuo prema dvije Jevrejke"},"content":{"rendered":"<p><\/p>\n\n\n\n<p>Navodni incident dogodio se 29. oktobra, tokom op\u0161te audijencije, na jednom od sporednih ulaza na Trg svetog Petra. Papa Lav je na spomenutoj audijenciji osudio antisemitizam. Dvije \u017eene bile su u jevrejskoj delegaciji na obilje\u017eavanju 60. godi\u0161njice Nostra aetatee, deklaracije o odnosima Katoli\u010dke crkve s ostalim religijama.<\/p>\n\n\n\n<p>Naime, Mihal Govrin, pozori\u0161na rediteljka iz Tel Aviva, u intervjuu za austrijsku katoli\u010dku novinsku agenciju Kathpress je kazala da dok je s direktoricom Instituta za jevrejske studije u Antverpenu Vivian Liska ulazila na trg, pripadnik Garde je &#8220;primjetno i s dubokim prezirom siktao&#8221; na njih, rekav\u0161i na francuskom: &#8220;Les juifs (Jevreji)&#8221;. Poslije toga je on, kako tvrdi Govrin, pljunuo u njihovom smjeru.<\/p>\n\n\n\n<p>Portparol \u0160vajcarske garde Elija Sinoti je naveo da je zbog ovog pokrenuta interna istraga, podsjetiv\u0161i da je ovo standardno postupanje u ovakvim situacijama. Prema njegovim rije\u010dima, navodni incident je po\u010deo nakon \u0161to je jedna osoba tra\u017eila fotografisanje sa \u0160vajcarskom gardom. Naglasio je da se Garda potpuno distancira od bilo kojeg oblika antisemitizma, prenosi list Guardian.<\/p>\n\n\n\n<p><\/p>","protected":false},"excerpt":{"rendered":"<p>Neimenovani pripadnik \u0160vajcarske garde u Vatikanu, najmanje vojske na svijetu, \u010dija je primarna uloga za\u0161tita pape, pod istragom je zbog toga \u0161to je navodno pljunuo prema dvije Jevrejke.<\/p>","protected":false},"author":1,"featured_media":963036,"comment_status":"open","ping_status":"open","sticky":false,"template":"","format":"standard","meta":{"_acf_changed":false,"footnotes":""},"categories":[144],"tags":[14142,14143,14144,14145,6680],"naslovna":[],"class_list":["post-963035","post","type-post","status-publish","format-standard","has-post-thumbnail","hentry","category-svijet","tag-dvije-jevrejke","tag-pljuvanje","tag-pokrenuta-istraga","tag-pripadnik-svajcarske-garde","tag-vatikan"],"acf":[],"yoast_head":"<!-- This site is optimized with the Yoast SEO plugin v27.4 - https:\/\/yoast.com\/product\/yoast-seo-wordpress\/ -->\n<title>Vatikan: Pokrenuta istraga nakon \u0161to je pripadnik \u0160vajcarske garde navodno pljunuo prema dvije Jevrejke - dmcsrb.com<\/title>\n<meta name=\"robots\" content=\"index, follow, max-snippet:-1, max-image-preview:large, max-video-preview:-1\" \/>\n<link rel=\"canonical\" href=\"https:\/\/dmcsrb.com\/en\/svijet\/vatikan-pokrenuta-istraga-nakon-sto-je-pripadnik-svajcarske-garde-navodno-pljunuo-prema-dvije-jevrejke\/\" \/>\n<meta property=\"og:locale\" content=\"en_GB\" \/>\n<meta property=\"og:type\" content=\"article\" \/>\n<meta property=\"og:title\" content=\"Vatikan: Pokrenuta istraga nakon \u0161to je pripadnik \u0160vajcarske garde navodno pljunuo prema dvije Jevrejke - dmcsrb.com\" \/>\n<meta property=\"og:description\" content=\"Neimenovani pripadnik \u0160vajcarske garde u Vatikanu, najmanje vojske na svijetu, \u010dija je primarna uloga za\u0161tita pape, pod istragom je zbog toga \u0161to je navodno pljunuo prema dvije Jevrejke.\" \/>\n<meta property=\"og:url\" content=\"https:\/\/dmcsrb.com\/en\/svijet\/vatikan-pokrenuta-istraga-nakon-sto-je-pripadnik-svajcarske-garde-navodno-pljunuo-prema-dvije-jevrejke\/\" \/>\n<meta property=\"og:site_name\" content=\"dmcsrb.com\" \/>\n<meta property=\"article:published_time\" content=\"2025-11-10T21:00:00+00:00\" \/>\n<meta property=\"og:image\" content=\"https:\/\/dmcsrb.com\/wp-content\/uploads\/2026\/01\/37767_andrew-medichini_s.webp\" \/>\n\t<meta property=\"og:image:width\" content=\"930\" \/>\n\t<meta property=\"og:image:height\" content=\"525\" \/>\n\t<meta property=\"og:image:type\" content=\"image\/jpeg\" \/>\n<meta name=\"author\" content=\"dmcsrbija.com@gmail.com\" \/>\n<meta name=\"twitter:card\" content=\"summary_large_image\" \/>\n<meta name=\"twitter:label1\" content=\"Written by\" \/>\n\t<meta name=\"twitter:data1\" content=\"dmcsrbija.com@gmail.com\" \/>\n\t<meta name=\"twitter:label2\" content=\"Estimated reading time\" \/>\n\t<meta name=\"twitter:data2\" content=\"1 minute\" \/>\n<script type=\"application\/ld+json\" class=\"yoast-schema-graph\">{\"@context\":\"https:\\\/\\\/schema.org\",\"@graph\":[{\"@type\":\"Article\",\"@id\":\"https:\\\/\\\/dmcsrb.com\\\/svijet\\\/vatikan-pokrenuta-istraga-nakon-sto-je-pripadnik-svajcarske-garde-navodno-pljunuo-prema-dvije-jevrejke\\\/#article\",\"isPartOf\":{\"@id\":\"https:\\\/\\\/dmcsrb.com\\\/svijet\\\/vatikan-pokrenuta-istraga-nakon-sto-je-pripadnik-svajcarske-garde-navodno-pljunuo-prema-dvije-jevrejke\\\/\"},\"author\":{\"name\":\"dmcsrbija.com@gmail.com\",\"@id\":\"https:\\\/\\\/dmcsrb.com\\\/#\\\/schema\\\/person\\\/5c39170f12db1b8b457732d0b5c854e2\"},\"headline\":\"Vatikan: Pokrenuta istraga nakon \u0161to je pripadnik \u0160vajcarske garde navodno pljunuo prema dvije Jevrejke\",\"datePublished\":\"2025-11-10T21:00:00+00:00\",\"mainEntityOfPage\":{\"@id\":\"https:\\\/\\\/dmcsrb.com\\\/svijet\\\/vatikan-pokrenuta-istraga-nakon-sto-je-pripadnik-svajcarske-garde-navodno-pljunuo-prema-dvije-jevrejke\\\/\"},\"wordCount\":187,\"commentCount\":0,\"image\":{\"@id\":\"https:\\\/\\\/dmcsrb.com\\\/svijet\\\/vatikan-pokrenuta-istraga-nakon-sto-je-pripadnik-svajcarske-garde-navodno-pljunuo-prema-dvije-jevrejke\\\/#primaryimage\"},\"thumbnailUrl\":\"https:\\\/\\\/dmcsrb.com\\\/wp-content\\\/uploads\\\/2026\\\/01\\\/37767_andrew-medichini_s.webp\",\"keywords\":[\"Dvije Jevrejke\",\"Pljuvanje\",\"Pokrenuta istraga\",\"Pripadnik \u0160vajcarske garde\",\"Vatikan\"],\"articleSection\":[\"Svijet\"],\"inLanguage\":\"en-GB\",\"potentialAction\":[{\"@type\":\"CommentAction\",\"name\":\"Comment\",\"target\":[\"https:\\\/\\\/dmcsrb.com\\\/svijet\\\/vatikan-pokrenuta-istraga-nakon-sto-je-pripadnik-svajcarske-garde-navodno-pljunuo-prema-dvije-jevrejke\\\/#respond\"]}]},{\"@type\":\"WebPage\",\"@id\":\"https:\\\/\\\/dmcsrb.com\\\/svijet\\\/vatikan-pokrenuta-istraga-nakon-sto-je-pripadnik-svajcarske-garde-navodno-pljunuo-prema-dvije-jevrejke\\\/\",\"url\":\"https:\\\/\\\/dmcsrb.com\\\/svijet\\\/vatikan-pokrenuta-istraga-nakon-sto-je-pripadnik-svajcarske-garde-navodno-pljunuo-prema-dvije-jevrejke\\\/\",\"name\":\"Vatikan: Pokrenuta istraga nakon \u0161to je pripadnik \u0160vajcarske garde navodno pljunuo prema dvije Jevrejke - dmcsrb.com\",\"isPartOf\":{\"@id\":\"https:\\\/\\\/dmcsrb.com\\\/#website\"},\"primaryImageOfPage\":{\"@id\":\"https:\\\/\\\/dmcsrb.com\\\/svijet\\\/vatikan-pokrenuta-istraga-nakon-sto-je-pripadnik-svajcarske-garde-navodno-pljunuo-prema-dvije-jevrejke\\\/#primaryimage\"},\"image\":{\"@id\":\"https:\\\/\\\/dmcsrb.com\\\/svijet\\\/vatikan-pokrenuta-istraga-nakon-sto-je-pripadnik-svajcarske-garde-navodno-pljunuo-prema-dvije-jevrejke\\\/#primaryimage\"},\"thumbnailUrl\":\"https:\\\/\\\/dmcsrb.com\\\/wp-content\\\/uploads\\\/2026\\\/01\\\/37767_andrew-medichini_s.webp\",\"datePublished\":\"2025-11-10T21:00:00+00:00\",\"author\":{\"@id\":\"https:\\\/\\\/dmcsrb.com\\\/#\\\/schema\\\/person\\\/5c39170f12db1b8b457732d0b5c854e2\"},\"breadcrumb\":{\"@id\":\"https:\\\/\\\/dmcsrb.com\\\/svijet\\\/vatikan-pokrenuta-istraga-nakon-sto-je-pripadnik-svajcarske-garde-navodno-pljunuo-prema-dvije-jevrejke\\\/#breadcrumb\"},\"inLanguage\":\"en-GB\",\"potentialAction\":[{\"@type\":\"ReadAction\",\"target\":[\"https:\\\/\\\/dmcsrb.com\\\/svijet\\\/vatikan-pokrenuta-istraga-nakon-sto-je-pripadnik-svajcarske-garde-navodno-pljunuo-prema-dvije-jevrejke\\\/\"]}]},{\"@type\":\"ImageObject\",\"inLanguage\":\"en-GB\",\"@id\":\"https:\\\/\\\/dmcsrb.com\\\/svijet\\\/vatikan-pokrenuta-istraga-nakon-sto-je-pripadnik-svajcarske-garde-navodno-pljunuo-prema-dvije-jevrejke\\\/#primaryimage\",\"url\":\"https:\\\/\\\/dmcsrb.com\\\/wp-content\\\/uploads\\\/2026\\\/01\\\/37767_andrew-medichini_s.webp\",\"contentUrl\":\"https:\\\/\\\/dmcsrb.com\\\/wp-content\\\/uploads\\\/2026\\\/01\\\/37767_andrew-medichini_s.webp\",\"width\":930,\"height\":525},{\"@type\":\"BreadcrumbList\",\"@id\":\"https:\\\/\\\/dmcsrb.com\\\/svijet\\\/vatikan-pokrenuta-istraga-nakon-sto-je-pripadnik-svajcarske-garde-navodno-pljunuo-prema-dvije-jevrejke\\\/#breadcrumb\",\"itemListElement\":[{\"@type\":\"ListItem\",\"position\":1,\"name\":\"Home\",\"item\":\"https:\\\/\\\/dmcsrb.com\\\/\"},{\"@type\":\"ListItem\",\"position\":2,\"name\":\"Vatikan: Pokrenuta istraga nakon \u0161to je pripadnik \u0160vajcarske garde navodno pljunuo prema dvije Jevrejke\"}]},{\"@type\":\"WebSite\",\"@id\":\"https:\\\/\\\/dmcsrb.com\\\/#website\",\"url\":\"https:\\\/\\\/dmcsrb.com\\\/\",\"name\":\"dmcsrb.com\",\"description\":\"\",\"potentialAction\":[{\"@type\":\"SearchAction\",\"target\":{\"@type\":\"EntryPoint\",\"urlTemplate\":\"https:\\\/\\\/dmcsrb.com\\\/?s={search_term_string}\"},\"query-input\":{\"@type\":\"PropertyValueSpecification\",\"valueRequired\":true,\"valueName\":\"search_term_string\"}}],\"inLanguage\":\"en-GB\"},{\"@type\":\"Person\",\"@id\":\"https:\\\/\\\/dmcsrb.com\\\/#\\\/schema\\\/person\\\/5c39170f12db1b8b457732d0b5c854e2\",\"name\":\"dmcsrbija.com@gmail.com\",\"image\":{\"@type\":\"ImageObject\",\"inLanguage\":\"en-GB\",\"@id\":\"https:\\\/\\\/secure.gravatar.com\\\/avatar\\\/68592660ad6347fad0fb587f8d5d8f1a7b44961362f56e4f2cd524feb87e9069?s=96&d=mm&r=g\",\"url\":\"https:\\\/\\\/secure.gravatar.com\\\/avatar\\\/68592660ad6347fad0fb587f8d5d8f1a7b44961362f56e4f2cd524feb87e9069?s=96&d=mm&r=g\",\"contentUrl\":\"https:\\\/\\\/secure.gravatar.com\\\/avatar\\\/68592660ad6347fad0fb587f8d5d8f1a7b44961362f56e4f2cd524feb87e9069?s=96&d=mm&r=g\",\"caption\":\"dmcsrbija.com@gmail.com\"},\"sameAs\":[\"https:\\\/\\\/dmcsrb.com\"],\"url\":\"https:\\\/\\\/dmcsrb.com\\\/en\\\/author\\\/dmcsrbija-comgmail-com\\\/\"}]}<\/script>\n<!-- \/ Yoast SEO plugin. -->","yoast_head_json":{"title":"Vatikan: Pokrenuta istraga nakon \u0161to je pripadnik \u0160vajcarske garde navodno pljunuo prema dvije Jevrejke - dmcsrb.com","robots":{"index":"index","follow":"follow","max-snippet":"max-snippet:-1","max-image-preview":"max-image-preview:large","max-video-preview":"max-video-preview:-1"},"canonical":"https:\/\/dmcsrb.com\/en\/svijet\/vatikan-pokrenuta-istraga-nakon-sto-je-pripadnik-svajcarske-garde-navodno-pljunuo-prema-dvije-jevrejke\/","og_locale":"en_GB","og_type":"article","og_title":"Vatikan: Pokrenuta istraga nakon \u0161to je pripadnik \u0160vajcarske garde navodno pljunuo prema dvije Jevrejke - dmcsrb.com","og_description":"Neimenovani pripadnik \u0160vajcarske garde u Vatikanu, najmanje vojske na svijetu, \u010dija je primarna uloga za\u0161tita pape, pod istragom je zbog toga \u0161to je navodno pljunuo prema dvije Jevrejke.","og_url":"https:\/\/dmcsrb.com\/en\/svijet\/vatikan-pokrenuta-istraga-nakon-sto-je-pripadnik-svajcarske-garde-navodno-pljunuo-prema-dvije-jevrejke\/","og_site_name":"dmcsrb.com","article_published_time":"2025-11-10T21:00:00+00:00","og_image":[{"width":930,"height":525,"url":"https:\/\/dmcsrb.com\/wp-content\/uploads\/2026\/01\/37767_andrew-medichini_s.webp","type":"image\/jpeg"}],"author":"dmcsrbija.com@gmail.com","twitter_card":"summary_large_image","twitter_misc":{"Written by":"dmcsrbija.com@gmail.com","Estimated reading time":"1 minute"},"schema":{"@context":"https:\/\/schema.org","@graph":[{"@type":"Article","@id":"https:\/\/dmcsrb.com\/svijet\/vatikan-pokrenuta-istraga-nakon-sto-je-pripadnik-svajcarske-garde-navodno-pljunuo-prema-dvije-jevrejke\/#article","isPartOf":{"@id":"https:\/\/dmcsrb.com\/svijet\/vatikan-pokrenuta-istraga-nakon-sto-je-pripadnik-svajcarske-garde-navodno-pljunuo-prema-dvije-jevrejke\/"},"author":{"name":"dmcsrbija.com@gmail.com","@id":"https:\/\/dmcsrb.com\/#\/schema\/person\/5c39170f12db1b8b457732d0b5c854e2"},"headline":"Vatikan: Pokrenuta istraga nakon \u0161to je pripadnik \u0160vajcarske garde navodno pljunuo prema dvije Jevrejke","datePublished":"2025-11-10T21:00:00+00:00","mainEntityOfPage":{"@id":"https:\/\/dmcsrb.com\/svijet\/vatikan-pokrenuta-istraga-nakon-sto-je-pripadnik-svajcarske-garde-navodno-pljunuo-prema-dvije-jevrejke\/"},"wordCount":187,"commentCount":0,"image":{"@id":"https:\/\/dmcsrb.com\/svijet\/vatikan-pokrenuta-istraga-nakon-sto-je-pripadnik-svajcarske-garde-navodno-pljunuo-prema-dvije-jevrejke\/#primaryimage"},"thumbnailUrl":"https:\/\/dmcsrb.com\/wp-content\/uploads\/2026\/01\/37767_andrew-medichini_s.webp","keywords":["Dvije Jevrejke","Pljuvanje","Pokrenuta istraga","Pripadnik \u0160vajcarske garde","Vatikan"],"articleSection":["Svijet"],"inLanguage":"en-GB","potentialAction":[{"@type":"CommentAction","name":"Comment","target":["https:\/\/dmcsrb.com\/svijet\/vatikan-pokrenuta-istraga-nakon-sto-je-pripadnik-svajcarske-garde-navodno-pljunuo-prema-dvije-jevrejke\/#respond"]}]},{"@type":"WebPage","@id":"https:\/\/dmcsrb.com\/svijet\/vatikan-pokrenuta-istraga-nakon-sto-je-pripadnik-svajcarske-garde-navodno-pljunuo-prema-dvije-jevrejke\/","url":"https:\/\/dmcsrb.com\/svijet\/vatikan-pokrenuta-istraga-nakon-sto-je-pripadnik-svajcarske-garde-navodno-pljunuo-prema-dvije-jevrejke\/","name":"Vatikan: Pokrenuta istraga nakon \u0161to je pripadnik \u0160vajcarske garde navodno pljunuo prema dvije Jevrejke - dmcsrb.com","isPartOf":{"@id":"https:\/\/dmcsrb.com\/#website"},"primaryImageOfPage":{"@id":"https:\/\/dmcsrb.com\/svijet\/vatikan-pokrenuta-istraga-nakon-sto-je-pripadnik-svajcarske-garde-navodno-pljunuo-prema-dvije-jevrejke\/#primaryimage"},"image":{"@id":"https:\/\/dmcsrb.com\/svijet\/vatikan-pokrenuta-istraga-nakon-sto-je-pripadnik-svajcarske-garde-navodno-pljunuo-prema-dvije-jevrejke\/#primaryimage"},"thumbnailUrl":"https:\/\/dmcsrb.com\/wp-content\/uploads\/2026\/01\/37767_andrew-medichini_s.webp","datePublished":"2025-11-10T21:00:00+00:00","author":{"@id":"https:\/\/dmcsrb.com\/#\/schema\/person\/5c39170f12db1b8b457732d0b5c854e2"},"breadcrumb":{"@id":"https:\/\/dmcsrb.com\/svijet\/vatikan-pokrenuta-istraga-nakon-sto-je-pripadnik-svajcarske-garde-navodno-pljunuo-prema-dvije-jevrejke\/#breadcrumb"},"inLanguage":"en-GB","potentialAction":[{"@type":"ReadAction","target":["https:\/\/dmcsrb.com\/svijet\/vatikan-pokrenuta-istraga-nakon-sto-je-pripadnik-svajcarske-garde-navodno-pljunuo-prema-dvije-jevrejke\/"]}]},{"@type":"ImageObject","inLanguage":"en-GB","@id":"https:\/\/dmcsrb.com\/svijet\/vatikan-pokrenuta-istraga-nakon-sto-je-pripadnik-svajcarske-garde-navodno-pljunuo-prema-dvije-jevrejke\/#primaryimage","url":"https:\/\/dmcsrb.com\/wp-content\/uploads\/2026\/01\/37767_andrew-medichini_s.webp","contentUrl":"https:\/\/dmcsrb.com\/wp-content\/uploads\/2026\/01\/37767_andrew-medichini_s.webp","width":930,"height":525},{"@type":"BreadcrumbList","@id":"https:\/\/dmcsrb.com\/svijet\/vatikan-pokrenuta-istraga-nakon-sto-je-pripadnik-svajcarske-garde-navodno-pljunuo-prema-dvije-jevrejke\/#breadcrumb","itemListElement":[{"@type":"ListItem","position":1,"name":"Home","item":"https:\/\/dmcsrb.com\/"},{"@type":"ListItem","position":2,"name":"Vatikan: Pokrenuta istraga nakon \u0161to je pripadnik \u0160vajcarske garde navodno pljunuo prema dvije Jevrejke"}]},{"@type":"WebSite","@id":"https:\/\/dmcsrb.com\/#website","url":"https:\/\/dmcsrb.com\/","name":"dmcsrb.com","description":"","potentialAction":[{"@type":"SearchAction","target":{"@type":"EntryPoint","urlTemplate":"https:\/\/dmcsrb.com\/?s={search_term_string}"},"query-input":{"@type":"PropertyValueSpecification","valueRequired":true,"valueName":"search_term_string"}}],"inLanguage":"en-GB"},{"@type":"Person","@id":"https:\/\/dmcsrb.com\/#\/schema\/person\/5c39170f12db1b8b457732d0b5c854e2","name":"dmcsrbija.com@gmail.com","image":{"@type":"ImageObject","inLanguage":"en-GB","@id":"https:\/\/secure.gravatar.com\/avatar\/68592660ad6347fad0fb587f8d5d8f1a7b44961362f56e4f2cd524feb87e9069?s=96&d=mm&r=g","url":"https:\/\/secure.gravatar.com\/avatar\/68592660ad6347fad0fb587f8d5d8f1a7b44961362f56e4f2cd524feb87e9069?s=96&d=mm&r=g","contentUrl":"https:\/\/secure.gravatar.com\/avatar\/68592660ad6347fad0fb587f8d5d8f1a7b44961362f56e4f2cd524feb87e9069?s=96&d=mm&r=g","caption":"dmcsrbija.com@gmail.com"},"sameAs":["https:\/\/dmcsrb.com"],"url":"https:\/\/dmcsrb.com\/en\/author\/dmcsrbija-comgmail-com\/"}]}},"_links":{"self":[{"href":"https:\/\/dmcsrb.com\/en\/wp-json\/wp\/v2\/posts\/963035","targetHints":{"allow":["GET"]}}],"collection":[{"href":"https:\/\/dmcsrb.com\/en\/wp-json\/wp\/v2\/posts"}],"about":[{"href":"https:\/\/dmcsrb.com\/en\/wp-json\/wp\/v2\/types\/post"}],"author":[{"embeddable":true,"href":"https:\/\/dmcsrb.com\/en\/wp-json\/wp\/v2\/users\/1"}],"replies":[{"embeddable":true,"href":"https:\/\/dmcsrb.com\/en\/wp-json\/wp\/v2\/comments?post=963035"}],"version-history":[{"count":0,"href":"https:\/\/dmcsrb.com\/en\/wp-json\/wp\/v2\/posts\/963035\/revisions"}],"wp:featuredmedia":[{"embeddable":true,"href":"https:\/\/dmcsrb.com\/en\/wp-json\/wp\/v2\/media\/963036"}],"wp:attachment":[{"href":"https:\/\/dmcsrb.com\/en\/wp-json\/wp\/v2\/media?parent=963035"}],"wp:term":[{"taxonomy":"category","embeddable":true,"href":"https:\/\/dmcsrb.com\/en\/wp-json\/wp\/v2\/categories?post=963035"},{"taxonomy":"post_tag","embeddable":true,"href":"https:\/\/dmcsrb.com\/en\/wp-json\/wp\/v2\/tags?post=963035"},{"taxonomy":"naslovna","embeddable":true,"href":"https:\/\/dmcsrb.com\/en\/wp-json\/wp\/v2\/naslovna?post=963035"}],"curies":[{"name":"wp","href":"https:\/\/api.w.org\/{rel}","templated":true}]}}