{"id":963017,"date":"2025-11-10T19:03:00","date_gmt":"2025-11-10T18:03:00","guid":{"rendered":"https:\/\/dmcsrb.com\/uncategorized\/milovic-generalni-sekretar-papovic-predsjednik-politickog-savjeta-dps-a\/"},"modified":"2025-11-10T19:03:00","modified_gmt":"2025-11-10T18:03:00","slug":"milovic-generalni-sekretar-papovic-predsjednik-politickog-savjeta-dps-a","status":"publish","type":"post","link":"https:\/\/dmcsrb.com\/en\/politika\/milovic-generalni-sekretar-papovic-predsjednik-politickog-savjeta-dps-a\/","title":{"rendered":"Milovi\u0107 generalni sekretar, Papovi\u0107 predsjednik Politi\u010dkog savjeta DPS-a"},"content":{"rendered":"<p><\/p>\n\n\n\n<p><\/p>\n\n\n\n<p>Milovi\u0107 je ro\u0111en 1980. godine. Diplomirao je 2003. godine na Ekonomskom fakultetu Univerziteta Crne Gore. Zvanje magistra ekonomskih nauka stekao je \u010detiri godine kasnije na Univerzitetu u Beogradu. Doktorirao je u aprilu 2011. godine, a danas je redovni profesor Ekonomskog fakulteta \u2013 Univerziteta Crne Gore, za oblast Ekonomska analiza i politika. Predava\u010d je na predmetima Nacionalna ekonomija, Ekonomija Evropske unije, Zajedni\u010dko tr\u017ei\u0161te i politika konkurencije EU. Rukovodilac je katedre za Ekonomsku analizu i politiku Ekonomskog fakulteta. U periodu 2016 \u2013 2022. godine, u dva mandata je obavljao funkciju Dekana Ekonomskog fakulteta Univerziteta Crne Gore. Nakon parlamentarnih izbora 2023. godine, izabran je za poslanika 28. Saziva Skup\u0161tine Crne Gore. \u010clan je Predsjedni\u0161tva Demokratske partije socijalista, o\u017eenjen je, i otac dvoje djece.<\/p>\n\n\n\n<p>Papovi\u0107 je ro\u0111en je 1980. godine. Diplomirao je 2003. godine na Filozofskom fakultetu (Odsijek za istoriju i geografiju) Univerziteta Crne Gore. Magistrirao je 2007. godine na na Filozofskom fakultetu (Odsjek za istoriju) Univerziteta u Beogradu. Doktorirao je 2013. godine na Filozofskom fakultetu u Nik\u0161i\u0107u. Od 2003. godine radio je kao saradnik u nastavi na Studijskom programu istorija Filozofskog fakulteta u Nik\u0161i\u0107u, a za docenta je izabran 2020. \u010clan je Odbora za istoriju Crnogorske akademije nauka i umjetnosti. U periodu 2015\u20132016. bio je generalni direktor Direktorata za odnose sa vjerskim zajednicama u Ministarstvu za ljudska i manjinska prava Crne Gore. Od 2016. do 2023. bio je poslanik DPS-a u Skup\u0161tini Crne Gore.<\/p>\n\n\n\n<p>&#8220;Predsjedni\u0161tvo je zaklju\u010dilo da kontinuiranim kadrovskim reformama, \u010diji kvalitet garantuje nastavak rasta povjerenja u politiku na\u0161e stranke, Demokratska partija socijalista nastavlja da adekvatno odgovara onome \u0161to su izazovi aktuelnog vremena uz jednoglasnu ocjenu da ovaj proces mora biti kontinuiran i u narednom periodu&#8221;, naveli su iz DPS-a.<\/p>","protected":false},"excerpt":{"rendered":"<p>Predsjedni\u0161tvo Demokratske partije socijalista, na danas odr\u017eanoj sjednici razmatralo je aktuelnu politi\u010dku situaciju, a na poziciju generalnog sekretara izabran je Nikola Milovi\u0107, na poziciju predsjednika Politi\u010dkog savjeta Dragutin Papovi\u0107, a za \u010dlanicu Izvr\u0161nog odbora Sla\u0111ana Mijanovi\u0107.<\/p>","protected":false},"author":1,"featured_media":908961,"comment_status":"open","ping_status":"open","sticky":false,"template":"","format":"standard","meta":{"_acf_changed":false,"footnotes":""},"categories":[12],"tags":[63,894,4396],"naslovna":[],"class_list":["post-963017","post","type-post","status-publish","format-standard","has-post-thumbnail","hentry","category-politika","tag-dps","tag-dragutin-papovic","tag-nikola-milovic"],"acf":[],"yoast_head":"<!-- This site is optimized with the Yoast SEO plugin v27.4 - https:\/\/yoast.com\/product\/yoast-seo-wordpress\/ -->\n<title>Milovi\u0107 generalni sekretar, Papovi\u0107 predsjednik Politi\u010dkog savjeta DPS-a - dmcsrb.com<\/title>\n<meta name=\"robots\" content=\"index, follow, max-snippet:-1, max-image-preview:large, max-video-preview:-1\" \/>\n<link rel=\"canonical\" href=\"https:\/\/dmcsrb.com\/en\/politika\/milovic-generalni-sekretar-papovic-predsjednik-politickog-savjeta-dps-a\/\" \/>\n<meta property=\"og:locale\" content=\"en_GB\" \/>\n<meta property=\"og:type\" content=\"article\" \/>\n<meta property=\"og:title\" content=\"Milovi\u0107 generalni sekretar, Papovi\u0107 predsjednik Politi\u010dkog savjeta DPS-a - dmcsrb.com\" \/>\n<meta property=\"og:description\" content=\"Predsjedni\u0161tvo Demokratske partije socijalista, na danas odr\u017eanoj sjednici razmatralo je aktuelnu politi\u010dku situaciju, a na poziciju generalnog sekretara izabran je Nikola Milovi\u0107, na poziciju predsjednika Politi\u010dkog savjeta Dragutin Papovi\u0107, a za \u010dlanicu Izvr\u0161nog odbora Sla\u0111ana Mijanovi\u0107.\" \/>\n<meta property=\"og:url\" content=\"https:\/\/dmcsrb.com\/en\/politika\/milovic-generalni-sekretar-papovic-predsjednik-politickog-savjeta-dps-a\/\" \/>\n<meta property=\"og:site_name\" content=\"dmcsrb.com\" \/>\n<meta property=\"article:published_time\" content=\"2025-11-10T18:03:00+00:00\" \/>\n<meta property=\"og:image\" content=\"https:\/\/dmcsrb.com\/wp-content\/uploads\/2026\/01\/DPS-logo.jpg\" \/>\n\t<meta property=\"og:image:width\" content=\"1010\" \/>\n\t<meta property=\"og:image:height\" content=\"586\" \/>\n\t<meta property=\"og:image:type\" content=\"image\/jpeg\" \/>\n<meta name=\"author\" content=\"dmcsrbija.com@gmail.com\" \/>\n<meta name=\"twitter:card\" content=\"summary_large_image\" \/>\n<meta name=\"twitter:label1\" content=\"Written by\" \/>\n\t<meta name=\"twitter:data1\" content=\"dmcsrbija.com@gmail.com\" \/>\n\t<meta name=\"twitter:label2\" content=\"Estimated reading time\" \/>\n\t<meta name=\"twitter:data2\" content=\"1 minute\" \/>\n<script type=\"application\/ld+json\" class=\"yoast-schema-graph\">{\"@context\":\"https:\\\/\\\/schema.org\",\"@graph\":[{\"@type\":\"Article\",\"@id\":\"https:\\\/\\\/dmcsrb.com\\\/politika\\\/milovic-generalni-sekretar-papovic-predsjednik-politickog-savjeta-dps-a\\\/#article\",\"isPartOf\":{\"@id\":\"https:\\\/\\\/dmcsrb.com\\\/politika\\\/milovic-generalni-sekretar-papovic-predsjednik-politickog-savjeta-dps-a\\\/\"},\"author\":{\"name\":\"dmcsrbija.com@gmail.com\",\"@id\":\"https:\\\/\\\/dmcsrb.com\\\/#\\\/schema\\\/person\\\/5c39170f12db1b8b457732d0b5c854e2\"},\"headline\":\"Milovi\u0107 generalni sekretar, Papovi\u0107 predsjednik Politi\u010dkog savjeta DPS-a\",\"datePublished\":\"2025-11-10T18:03:00+00:00\",\"mainEntityOfPage\":{\"@id\":\"https:\\\/\\\/dmcsrb.com\\\/politika\\\/milovic-generalni-sekretar-papovic-predsjednik-politickog-savjeta-dps-a\\\/\"},\"wordCount\":285,\"commentCount\":0,\"image\":{\"@id\":\"https:\\\/\\\/dmcsrb.com\\\/politika\\\/milovic-generalni-sekretar-papovic-predsjednik-politickog-savjeta-dps-a\\\/#primaryimage\"},\"thumbnailUrl\":\"https:\\\/\\\/dmcsrb.com\\\/wp-content\\\/uploads\\\/2026\\\/01\\\/DPS-logo.jpg\",\"keywords\":[\"DPS\",\"Dragutin Papovi\u0107\",\"Nikola Milovi\u0107\"],\"articleSection\":[\"Politika\"],\"inLanguage\":\"en-GB\",\"potentialAction\":[{\"@type\":\"CommentAction\",\"name\":\"Comment\",\"target\":[\"https:\\\/\\\/dmcsrb.com\\\/politika\\\/milovic-generalni-sekretar-papovic-predsjednik-politickog-savjeta-dps-a\\\/#respond\"]}]},{\"@type\":\"WebPage\",\"@id\":\"https:\\\/\\\/dmcsrb.com\\\/politika\\\/milovic-generalni-sekretar-papovic-predsjednik-politickog-savjeta-dps-a\\\/\",\"url\":\"https:\\\/\\\/dmcsrb.com\\\/politika\\\/milovic-generalni-sekretar-papovic-predsjednik-politickog-savjeta-dps-a\\\/\",\"name\":\"Milovi\u0107 generalni sekretar, Papovi\u0107 predsjednik Politi\u010dkog savjeta DPS-a - dmcsrb.com\",\"isPartOf\":{\"@id\":\"https:\\\/\\\/dmcsrb.com\\\/#website\"},\"primaryImageOfPage\":{\"@id\":\"https:\\\/\\\/dmcsrb.com\\\/politika\\\/milovic-generalni-sekretar-papovic-predsjednik-politickog-savjeta-dps-a\\\/#primaryimage\"},\"image\":{\"@id\":\"https:\\\/\\\/dmcsrb.com\\\/politika\\\/milovic-generalni-sekretar-papovic-predsjednik-politickog-savjeta-dps-a\\\/#primaryimage\"},\"thumbnailUrl\":\"https:\\\/\\\/dmcsrb.com\\\/wp-content\\\/uploads\\\/2026\\\/01\\\/DPS-logo.jpg\",\"datePublished\":\"2025-11-10T18:03:00+00:00\",\"author\":{\"@id\":\"https:\\\/\\\/dmcsrb.com\\\/#\\\/schema\\\/person\\\/5c39170f12db1b8b457732d0b5c854e2\"},\"breadcrumb\":{\"@id\":\"https:\\\/\\\/dmcsrb.com\\\/politika\\\/milovic-generalni-sekretar-papovic-predsjednik-politickog-savjeta-dps-a\\\/#breadcrumb\"},\"inLanguage\":\"en-GB\",\"potentialAction\":[{\"@type\":\"ReadAction\",\"target\":[\"https:\\\/\\\/dmcsrb.com\\\/politika\\\/milovic-generalni-sekretar-papovic-predsjednik-politickog-savjeta-dps-a\\\/\"]}]},{\"@type\":\"ImageObject\",\"inLanguage\":\"en-GB\",\"@id\":\"https:\\\/\\\/dmcsrb.com\\\/politika\\\/milovic-generalni-sekretar-papovic-predsjednik-politickog-savjeta-dps-a\\\/#primaryimage\",\"url\":\"https:\\\/\\\/dmcsrb.com\\\/wp-content\\\/uploads\\\/2026\\\/01\\\/DPS-logo.jpg\",\"contentUrl\":\"https:\\\/\\\/dmcsrb.com\\\/wp-content\\\/uploads\\\/2026\\\/01\\\/DPS-logo.jpg\",\"width\":1010,\"height\":586},{\"@type\":\"BreadcrumbList\",\"@id\":\"https:\\\/\\\/dmcsrb.com\\\/politika\\\/milovic-generalni-sekretar-papovic-predsjednik-politickog-savjeta-dps-a\\\/#breadcrumb\",\"itemListElement\":[{\"@type\":\"ListItem\",\"position\":1,\"name\":\"Home\",\"item\":\"https:\\\/\\\/dmcsrb.com\\\/\"},{\"@type\":\"ListItem\",\"position\":2,\"name\":\"Milovi\u0107 generalni sekretar, Papovi\u0107 predsjednik Politi\u010dkog savjeta DPS-a\"}]},{\"@type\":\"WebSite\",\"@id\":\"https:\\\/\\\/dmcsrb.com\\\/#website\",\"url\":\"https:\\\/\\\/dmcsrb.com\\\/\",\"name\":\"dmcsrb.com\",\"description\":\"\",\"potentialAction\":[{\"@type\":\"SearchAction\",\"target\":{\"@type\":\"EntryPoint\",\"urlTemplate\":\"https:\\\/\\\/dmcsrb.com\\\/?s={search_term_string}\"},\"query-input\":{\"@type\":\"PropertyValueSpecification\",\"valueRequired\":true,\"valueName\":\"search_term_string\"}}],\"inLanguage\":\"en-GB\"},{\"@type\":\"Person\",\"@id\":\"https:\\\/\\\/dmcsrb.com\\\/#\\\/schema\\\/person\\\/5c39170f12db1b8b457732d0b5c854e2\",\"name\":\"dmcsrbija.com@gmail.com\",\"image\":{\"@type\":\"ImageObject\",\"inLanguage\":\"en-GB\",\"@id\":\"https:\\\/\\\/secure.gravatar.com\\\/avatar\\\/68592660ad6347fad0fb587f8d5d8f1a7b44961362f56e4f2cd524feb87e9069?s=96&d=mm&r=g\",\"url\":\"https:\\\/\\\/secure.gravatar.com\\\/avatar\\\/68592660ad6347fad0fb587f8d5d8f1a7b44961362f56e4f2cd524feb87e9069?s=96&d=mm&r=g\",\"contentUrl\":\"https:\\\/\\\/secure.gravatar.com\\\/avatar\\\/68592660ad6347fad0fb587f8d5d8f1a7b44961362f56e4f2cd524feb87e9069?s=96&d=mm&r=g\",\"caption\":\"dmcsrbija.com@gmail.com\"},\"sameAs\":[\"https:\\\/\\\/dmcsrb.com\"],\"url\":\"https:\\\/\\\/dmcsrb.com\\\/en\\\/author\\\/dmcsrbija-comgmail-com\\\/\"}]}<\/script>\n<!-- \/ Yoast SEO plugin. -->","yoast_head_json":{"title":"Milovi\u0107 generalni sekretar, Papovi\u0107 predsjednik Politi\u010dkog savjeta DPS-a - dmcsrb.com","robots":{"index":"index","follow":"follow","max-snippet":"max-snippet:-1","max-image-preview":"max-image-preview:large","max-video-preview":"max-video-preview:-1"},"canonical":"https:\/\/dmcsrb.com\/en\/politika\/milovic-generalni-sekretar-papovic-predsjednik-politickog-savjeta-dps-a\/","og_locale":"en_GB","og_type":"article","og_title":"Milovi\u0107 generalni sekretar, Papovi\u0107 predsjednik Politi\u010dkog savjeta DPS-a - dmcsrb.com","og_description":"Predsjedni\u0161tvo Demokratske partije socijalista, na danas odr\u017eanoj sjednici razmatralo je aktuelnu politi\u010dku situaciju, a na poziciju generalnog sekretara izabran je Nikola Milovi\u0107, na poziciju predsjednika Politi\u010dkog savjeta Dragutin Papovi\u0107, a za \u010dlanicu Izvr\u0161nog odbora Sla\u0111ana Mijanovi\u0107.","og_url":"https:\/\/dmcsrb.com\/en\/politika\/milovic-generalni-sekretar-papovic-predsjednik-politickog-savjeta-dps-a\/","og_site_name":"dmcsrb.com","article_published_time":"2025-11-10T18:03:00+00:00","og_image":[{"width":1010,"height":586,"url":"https:\/\/dmcsrb.com\/wp-content\/uploads\/2026\/01\/DPS-logo.jpg","type":"image\/jpeg"}],"author":"dmcsrbija.com@gmail.com","twitter_card":"summary_large_image","twitter_misc":{"Written by":"dmcsrbija.com@gmail.com","Estimated reading time":"1 minute"},"schema":{"@context":"https:\/\/schema.org","@graph":[{"@type":"Article","@id":"https:\/\/dmcsrb.com\/politika\/milovic-generalni-sekretar-papovic-predsjednik-politickog-savjeta-dps-a\/#article","isPartOf":{"@id":"https:\/\/dmcsrb.com\/politika\/milovic-generalni-sekretar-papovic-predsjednik-politickog-savjeta-dps-a\/"},"author":{"name":"dmcsrbija.com@gmail.com","@id":"https:\/\/dmcsrb.com\/#\/schema\/person\/5c39170f12db1b8b457732d0b5c854e2"},"headline":"Milovi\u0107 generalni sekretar, Papovi\u0107 predsjednik Politi\u010dkog savjeta DPS-a","datePublished":"2025-11-10T18:03:00+00:00","mainEntityOfPage":{"@id":"https:\/\/dmcsrb.com\/politika\/milovic-generalni-sekretar-papovic-predsjednik-politickog-savjeta-dps-a\/"},"wordCount":285,"commentCount":0,"image":{"@id":"https:\/\/dmcsrb.com\/politika\/milovic-generalni-sekretar-papovic-predsjednik-politickog-savjeta-dps-a\/#primaryimage"},"thumbnailUrl":"https:\/\/dmcsrb.com\/wp-content\/uploads\/2026\/01\/DPS-logo.jpg","keywords":["DPS","Dragutin Papovi\u0107","Nikola Milovi\u0107"],"articleSection":["Politika"],"inLanguage":"en-GB","potentialAction":[{"@type":"CommentAction","name":"Comment","target":["https:\/\/dmcsrb.com\/politika\/milovic-generalni-sekretar-papovic-predsjednik-politickog-savjeta-dps-a\/#respond"]}]},{"@type":"WebPage","@id":"https:\/\/dmcsrb.com\/politika\/milovic-generalni-sekretar-papovic-predsjednik-politickog-savjeta-dps-a\/","url":"https:\/\/dmcsrb.com\/politika\/milovic-generalni-sekretar-papovic-predsjednik-politickog-savjeta-dps-a\/","name":"Milovi\u0107 generalni sekretar, Papovi\u0107 predsjednik Politi\u010dkog savjeta DPS-a - dmcsrb.com","isPartOf":{"@id":"https:\/\/dmcsrb.com\/#website"},"primaryImageOfPage":{"@id":"https:\/\/dmcsrb.com\/politika\/milovic-generalni-sekretar-papovic-predsjednik-politickog-savjeta-dps-a\/#primaryimage"},"image":{"@id":"https:\/\/dmcsrb.com\/politika\/milovic-generalni-sekretar-papovic-predsjednik-politickog-savjeta-dps-a\/#primaryimage"},"thumbnailUrl":"https:\/\/dmcsrb.com\/wp-content\/uploads\/2026\/01\/DPS-logo.jpg","datePublished":"2025-11-10T18:03:00+00:00","author":{"@id":"https:\/\/dmcsrb.com\/#\/schema\/person\/5c39170f12db1b8b457732d0b5c854e2"},"breadcrumb":{"@id":"https:\/\/dmcsrb.com\/politika\/milovic-generalni-sekretar-papovic-predsjednik-politickog-savjeta-dps-a\/#breadcrumb"},"inLanguage":"en-GB","potentialAction":[{"@type":"ReadAction","target":["https:\/\/dmcsrb.com\/politika\/milovic-generalni-sekretar-papovic-predsjednik-politickog-savjeta-dps-a\/"]}]},{"@type":"ImageObject","inLanguage":"en-GB","@id":"https:\/\/dmcsrb.com\/politika\/milovic-generalni-sekretar-papovic-predsjednik-politickog-savjeta-dps-a\/#primaryimage","url":"https:\/\/dmcsrb.com\/wp-content\/uploads\/2026\/01\/DPS-logo.jpg","contentUrl":"https:\/\/dmcsrb.com\/wp-content\/uploads\/2026\/01\/DPS-logo.jpg","width":1010,"height":586},{"@type":"BreadcrumbList","@id":"https:\/\/dmcsrb.com\/politika\/milovic-generalni-sekretar-papovic-predsjednik-politickog-savjeta-dps-a\/#breadcrumb","itemListElement":[{"@type":"ListItem","position":1,"name":"Home","item":"https:\/\/dmcsrb.com\/"},{"@type":"ListItem","position":2,"name":"Milovi\u0107 generalni sekretar, Papovi\u0107 predsjednik Politi\u010dkog savjeta DPS-a"}]},{"@type":"WebSite","@id":"https:\/\/dmcsrb.com\/#website","url":"https:\/\/dmcsrb.com\/","name":"dmcsrb.com","description":"","potentialAction":[{"@type":"SearchAction","target":{"@type":"EntryPoint","urlTemplate":"https:\/\/dmcsrb.com\/?s={search_term_string}"},"query-input":{"@type":"PropertyValueSpecification","valueRequired":true,"valueName":"search_term_string"}}],"inLanguage":"en-GB"},{"@type":"Person","@id":"https:\/\/dmcsrb.com\/#\/schema\/person\/5c39170f12db1b8b457732d0b5c854e2","name":"dmcsrbija.com@gmail.com","image":{"@type":"ImageObject","inLanguage":"en-GB","@id":"https:\/\/secure.gravatar.com\/avatar\/68592660ad6347fad0fb587f8d5d8f1a7b44961362f56e4f2cd524feb87e9069?s=96&d=mm&r=g","url":"https:\/\/secure.gravatar.com\/avatar\/68592660ad6347fad0fb587f8d5d8f1a7b44961362f56e4f2cd524feb87e9069?s=96&d=mm&r=g","contentUrl":"https:\/\/secure.gravatar.com\/avatar\/68592660ad6347fad0fb587f8d5d8f1a7b44961362f56e4f2cd524feb87e9069?s=96&d=mm&r=g","caption":"dmcsrbija.com@gmail.com"},"sameAs":["https:\/\/dmcsrb.com"],"url":"https:\/\/dmcsrb.com\/en\/author\/dmcsrbija-comgmail-com\/"}]}},"_links":{"self":[{"href":"https:\/\/dmcsrb.com\/en\/wp-json\/wp\/v2\/posts\/963017","targetHints":{"allow":["GET"]}}],"collection":[{"href":"https:\/\/dmcsrb.com\/en\/wp-json\/wp\/v2\/posts"}],"about":[{"href":"https:\/\/dmcsrb.com\/en\/wp-json\/wp\/v2\/types\/post"}],"author":[{"embeddable":true,"href":"https:\/\/dmcsrb.com\/en\/wp-json\/wp\/v2\/users\/1"}],"replies":[{"embeddable":true,"href":"https:\/\/dmcsrb.com\/en\/wp-json\/wp\/v2\/comments?post=963017"}],"version-history":[{"count":0,"href":"https:\/\/dmcsrb.com\/en\/wp-json\/wp\/v2\/posts\/963017\/revisions"}],"wp:featuredmedia":[{"embeddable":true,"href":"https:\/\/dmcsrb.com\/en\/wp-json\/wp\/v2\/media\/908961"}],"wp:attachment":[{"href":"https:\/\/dmcsrb.com\/en\/wp-json\/wp\/v2\/media?parent=963017"}],"wp:term":[{"taxonomy":"category","embeddable":true,"href":"https:\/\/dmcsrb.com\/en\/wp-json\/wp\/v2\/categories?post=963017"},{"taxonomy":"post_tag","embeddable":true,"href":"https:\/\/dmcsrb.com\/en\/wp-json\/wp\/v2\/tags?post=963017"},{"taxonomy":"naslovna","embeddable":true,"href":"https:\/\/dmcsrb.com\/en\/wp-json\/wp\/v2\/naslovna?post=963017"}],"curies":[{"name":"wp","href":"https:\/\/api.w.org\/{rel}","templated":true}]}}