{"id":963002,"date":"2025-11-10T21:28:00","date_gmt":"2025-11-10T20:28:00","guid":{"rendered":"https:\/\/dmcsrb.com\/uncategorized\/dvije-izuzetne-predstave-u-novembru-contra-mundum-tvoje-i-moje\/"},"modified":"2025-11-10T21:28:00","modified_gmt":"2025-11-10T20:28:00","slug":"dvije-izuzetne-predstave-u-novembru-contra-mundum-tvoje-i-moje","status":"publish","type":"post","link":"https:\/\/dmcsrb.com\/en\/kultura\/dvije-izuzetne-predstave-u-novembru-contra-mundum-tvoje-i-moje\/","title":{"rendered":"Dvije izuzetne predstave u novembru \u2013 Contra Mundum &#038; Tvoje i moje"},"content":{"rendered":"<p>Prva na repertoaru je jedna od najnagra\u0111ivanijih predstava regiona \u2013 <strong>\u201eCONTRA MUNDUM\u201c<\/strong>, inspirisana autobiografijom <em>\u201eTajni \u017eivot Salvadora Dalija\u201c<\/em>. Predstava u produkciji Centra za kulturu Tivat bi\u0107e izvedena u srijedu, <strong>19. novembra u 20 sati<\/strong>, u velikoj sali kotorskog Kulturnog centra.<\/p>\n\n\n\n<p>Re\u017eiju i koncept potpisuje <strong>Veljko Mi\u0107unovi\u0107<\/strong>, dok u ulozi ekscentri\u010dnog genija Salvadora Dalija briljira <strong>Ozren Grabari\u0107<\/strong>. U predstavi u\u010destvuju i vrhunski muzi\u010dari: <strong>Aljo\u0161a Zaki\u0107<\/strong> (truba), <strong>\u0110or\u0111e Kujund\u017ei\u0107<\/strong> (saksofon), <strong>Kosta Vuka\u0161inovi\u0107<\/strong> (trombon), <strong>Anja Ri\u0111e\u0161i\u0107<\/strong> (klavir), <strong>Marko \u0106ur\u010di\u0107<\/strong> (kontrabas) i <strong>Nemanja Tasi\u0107<\/strong> (bubanj).<br>Predstava \u201eContra Mundum\u201c kroz spoj glume, muzike i vizuelnog izraza donosi uzbudljiv prikaz Dalijevog unutra\u0161njeg svijeta, njegovih strahova, snova i umjetni\u010dkih opsesija.<\/p>\n\n\n\n<p>Drugo pozori\u0161no gostovanje zakazano je za <strong>ponedjeljak,&nbsp; 24. novembar u 20 sati<\/strong>, kada \u0107e publika imati priliku da pogleda autorski projekat <strong>Borisa Lije\u0161evi\u0107a \u2013 \u201eTvoje i moje\u201c<\/strong>, u produkciji pozori\u0161ta <em>\u201eBo\u0161ko Buha\u201c<\/em> iz Beograda.<br>Na sceni \u0107e se pojaviti impresivna gluma\u010dka postava: <strong>Katarina Gojkovi\u0107, Boba Latinovi\u0107, Jelena Trkulja, Stefan Bundalo, Milo\u0161 Vlalukin, Lena Bogdanovi\u0107, Aleksandra Simi\u0107, Tijana \u010curovi\u0107, Borka Tomovi\u0107, Teodora Ristovski i Bojana Ordina\u010dev.<\/strong><br>Predstava je nastala iz prvih sje\u0107anja iz djetinjstva samih glumaca, su aktivno u\u010destvovali u procesu stvaranja ovog dirljivog i intimnog komada o odrastanju, emocijama i zajedni\u010dkim iskustvima.<\/p>\n\n\n\n<p>Cijena ulaznica iznosi <strong>15 eura<\/strong>, dok su <strong>za \u0111ake, studente i penzionere<\/strong> obezbije\u0111ene povla\u0161\u0107ene cijene od <strong>10 eura<\/strong>.<\/p>\n\n\n\n<p>Novembar u Kulturnom centru \u201eNikola \u0110urkovi\u0107\u201c bi\u0107e u znaku predstava koje nas inspiri\u0161u i podsje\u0107aju koliko umjetnost mo\u017ee obogatiti i promijeniti na\u0161u svakodnevicu.<\/p>\n\n\n\n<figure class=\"wp-block-image size-large\"><img decoding=\"async\" src=\"https:\/\/gradski.me\/wp-content\/uploads\/2025\/11\/IMG-b2911e4624d286dfad8a4a26e5ce091e-V-731x1024.jpg\" alt=\"\" class=\"wp-image-868455\"\/><\/figure>","protected":false},"excerpt":{"rendered":"<p>Kulturni centar \u201eNikola \u0110urkovi\u0107\u201c Kotor za ljubitelje pozori\u0161ta prire\u0111uje pravi novembarski praznik teatra, dovode\u0107i na svoju scenu dvije izuzetne predstave renomiranih regionalnih produkcija.<\/p>","protected":false},"author":1,"featured_media":963003,"comment_status":"open","ping_status":"open","sticky":false,"template":"","format":"standard","meta":{"_acf_changed":false,"footnotes":""},"categories":[50],"tags":[1292,101,2359],"naslovna":[],"class_list":["post-963002","post","type-post","status-publish","format-standard","has-post-thumbnail","hentry","category-kultura","tag-contra-mundum","tag-kotor","tag-kulturni-centar-nikola-djurkovic"],"acf":[],"yoast_head":"<!-- This site is optimized with the Yoast SEO plugin v27.4 - https:\/\/yoast.com\/product\/yoast-seo-wordpress\/ -->\n<title>Dvije izuzetne predstave u novembru \u2013 Contra Mundum &amp; Tvoje i moje - dmcsrb.com<\/title>\n<meta name=\"robots\" content=\"index, follow, max-snippet:-1, max-image-preview:large, max-video-preview:-1\" \/>\n<link rel=\"canonical\" href=\"https:\/\/dmcsrb.com\/en\/kultura\/dvije-izuzetne-predstave-u-novembru-contra-mundum-tvoje-i-moje\/\" \/>\n<meta property=\"og:locale\" content=\"en_GB\" \/>\n<meta property=\"og:type\" content=\"article\" \/>\n<meta property=\"og:title\" content=\"Dvije izuzetne predstave u novembru \u2013 Contra Mundum &amp; Tvoje i moje - dmcsrb.com\" \/>\n<meta property=\"og:description\" content=\"Kulturni centar \u201eNikola \u0110urkovi\u0107\u201c Kotor za ljubitelje pozori\u0161ta prire\u0111uje pravi novembarski praznik teatra, dovode\u0107i na svoju scenu dvije izuzetne predstave renomiranih regionalnih produkcija.\" \/>\n<meta property=\"og:url\" content=\"https:\/\/dmcsrb.com\/en\/kultura\/dvije-izuzetne-predstave-u-novembru-contra-mundum-tvoje-i-moje\/\" \/>\n<meta property=\"og:site_name\" content=\"dmcsrb.com\" \/>\n<meta property=\"article:published_time\" content=\"2025-11-10T20:28:00+00:00\" \/>\n<meta property=\"og:image\" content=\"https:\/\/dmcsrb.com\/wp-content\/uploads\/2026\/01\/IMG-de53c071d2bad3efb0b4030bb6b64c7a-V.webp\" \/>\n\t<meta property=\"og:image:width\" content=\"1285\" \/>\n\t<meta property=\"og:image:height\" content=\"1800\" \/>\n\t<meta property=\"og:image:type\" content=\"image\/jpeg\" \/>\n<meta name=\"author\" content=\"dmcsrbija.com@gmail.com\" \/>\n<meta name=\"twitter:card\" content=\"summary_large_image\" \/>\n<meta name=\"twitter:label1\" content=\"Written by\" \/>\n\t<meta name=\"twitter:data1\" content=\"dmcsrbija.com@gmail.com\" \/>\n\t<meta name=\"twitter:label2\" content=\"Estimated reading time\" \/>\n\t<meta name=\"twitter:data2\" content=\"1 minute\" \/>\n<script type=\"application\/ld+json\" class=\"yoast-schema-graph\">{\"@context\":\"https:\\\/\\\/schema.org\",\"@graph\":[{\"@type\":\"Article\",\"@id\":\"https:\\\/\\\/dmcsrb.com\\\/kultura\\\/dvije-izuzetne-predstave-u-novembru-contra-mundum-tvoje-i-moje\\\/#article\",\"isPartOf\":{\"@id\":\"https:\\\/\\\/dmcsrb.com\\\/kultura\\\/dvije-izuzetne-predstave-u-novembru-contra-mundum-tvoje-i-moje\\\/\"},\"author\":{\"name\":\"dmcsrbija.com@gmail.com\",\"@id\":\"https:\\\/\\\/dmcsrb.com\\\/#\\\/schema\\\/person\\\/5c39170f12db1b8b457732d0b5c854e2\"},\"headline\":\"Dvije izuzetne predstave u novembru \u2013 Contra Mundum &#038; Tvoje i moje\",\"datePublished\":\"2025-11-10T20:28:00+00:00\",\"mainEntityOfPage\":{\"@id\":\"https:\\\/\\\/dmcsrb.com\\\/kultura\\\/dvije-izuzetne-predstave-u-novembru-contra-mundum-tvoje-i-moje\\\/\"},\"wordCount\":272,\"commentCount\":0,\"image\":{\"@id\":\"https:\\\/\\\/dmcsrb.com\\\/kultura\\\/dvije-izuzetne-predstave-u-novembru-contra-mundum-tvoje-i-moje\\\/#primaryimage\"},\"thumbnailUrl\":\"https:\\\/\\\/dmcsrb.com\\\/wp-content\\\/uploads\\\/2026\\\/01\\\/IMG-de53c071d2bad3efb0b4030bb6b64c7a-V.webp\",\"keywords\":[\"Contra mundum\",\"Kotor\",\"Kulturni centar \\\"Nikola \u0110urkovi\u0107\\\"\"],\"articleSection\":[\"Kultura\"],\"inLanguage\":\"en-GB\",\"potentialAction\":[{\"@type\":\"CommentAction\",\"name\":\"Comment\",\"target\":[\"https:\\\/\\\/dmcsrb.com\\\/kultura\\\/dvije-izuzetne-predstave-u-novembru-contra-mundum-tvoje-i-moje\\\/#respond\"]}]},{\"@type\":\"WebPage\",\"@id\":\"https:\\\/\\\/dmcsrb.com\\\/kultura\\\/dvije-izuzetne-predstave-u-novembru-contra-mundum-tvoje-i-moje\\\/\",\"url\":\"https:\\\/\\\/dmcsrb.com\\\/kultura\\\/dvije-izuzetne-predstave-u-novembru-contra-mundum-tvoje-i-moje\\\/\",\"name\":\"Dvije izuzetne predstave u novembru \u2013 Contra Mundum & Tvoje i moje - dmcsrb.com\",\"isPartOf\":{\"@id\":\"https:\\\/\\\/dmcsrb.com\\\/#website\"},\"primaryImageOfPage\":{\"@id\":\"https:\\\/\\\/dmcsrb.com\\\/kultura\\\/dvije-izuzetne-predstave-u-novembru-contra-mundum-tvoje-i-moje\\\/#primaryimage\"},\"image\":{\"@id\":\"https:\\\/\\\/dmcsrb.com\\\/kultura\\\/dvije-izuzetne-predstave-u-novembru-contra-mundum-tvoje-i-moje\\\/#primaryimage\"},\"thumbnailUrl\":\"https:\\\/\\\/dmcsrb.com\\\/wp-content\\\/uploads\\\/2026\\\/01\\\/IMG-de53c071d2bad3efb0b4030bb6b64c7a-V.webp\",\"datePublished\":\"2025-11-10T20:28:00+00:00\",\"author\":{\"@id\":\"https:\\\/\\\/dmcsrb.com\\\/#\\\/schema\\\/person\\\/5c39170f12db1b8b457732d0b5c854e2\"},\"breadcrumb\":{\"@id\":\"https:\\\/\\\/dmcsrb.com\\\/kultura\\\/dvije-izuzetne-predstave-u-novembru-contra-mundum-tvoje-i-moje\\\/#breadcrumb\"},\"inLanguage\":\"en-GB\",\"potentialAction\":[{\"@type\":\"ReadAction\",\"target\":[\"https:\\\/\\\/dmcsrb.com\\\/kultura\\\/dvije-izuzetne-predstave-u-novembru-contra-mundum-tvoje-i-moje\\\/\"]}]},{\"@type\":\"ImageObject\",\"inLanguage\":\"en-GB\",\"@id\":\"https:\\\/\\\/dmcsrb.com\\\/kultura\\\/dvije-izuzetne-predstave-u-novembru-contra-mundum-tvoje-i-moje\\\/#primaryimage\",\"url\":\"https:\\\/\\\/dmcsrb.com\\\/wp-content\\\/uploads\\\/2026\\\/01\\\/IMG-de53c071d2bad3efb0b4030bb6b64c7a-V.webp\",\"contentUrl\":\"https:\\\/\\\/dmcsrb.com\\\/wp-content\\\/uploads\\\/2026\\\/01\\\/IMG-de53c071d2bad3efb0b4030bb6b64c7a-V.webp\",\"width\":1285,\"height\":1800},{\"@type\":\"BreadcrumbList\",\"@id\":\"https:\\\/\\\/dmcsrb.com\\\/kultura\\\/dvije-izuzetne-predstave-u-novembru-contra-mundum-tvoje-i-moje\\\/#breadcrumb\",\"itemListElement\":[{\"@type\":\"ListItem\",\"position\":1,\"name\":\"Home\",\"item\":\"https:\\\/\\\/dmcsrb.com\\\/\"},{\"@type\":\"ListItem\",\"position\":2,\"name\":\"Dvije izuzetne predstave u novembru \u2013 Contra Mundum &#038; Tvoje i moje\"}]},{\"@type\":\"WebSite\",\"@id\":\"https:\\\/\\\/dmcsrb.com\\\/#website\",\"url\":\"https:\\\/\\\/dmcsrb.com\\\/\",\"name\":\"dmcsrb.com\",\"description\":\"\",\"potentialAction\":[{\"@type\":\"SearchAction\",\"target\":{\"@type\":\"EntryPoint\",\"urlTemplate\":\"https:\\\/\\\/dmcsrb.com\\\/?s={search_term_string}\"},\"query-input\":{\"@type\":\"PropertyValueSpecification\",\"valueRequired\":true,\"valueName\":\"search_term_string\"}}],\"inLanguage\":\"en-GB\"},{\"@type\":\"Person\",\"@id\":\"https:\\\/\\\/dmcsrb.com\\\/#\\\/schema\\\/person\\\/5c39170f12db1b8b457732d0b5c854e2\",\"name\":\"dmcsrbija.com@gmail.com\",\"image\":{\"@type\":\"ImageObject\",\"inLanguage\":\"en-GB\",\"@id\":\"https:\\\/\\\/secure.gravatar.com\\\/avatar\\\/68592660ad6347fad0fb587f8d5d8f1a7b44961362f56e4f2cd524feb87e9069?s=96&d=mm&r=g\",\"url\":\"https:\\\/\\\/secure.gravatar.com\\\/avatar\\\/68592660ad6347fad0fb587f8d5d8f1a7b44961362f56e4f2cd524feb87e9069?s=96&d=mm&r=g\",\"contentUrl\":\"https:\\\/\\\/secure.gravatar.com\\\/avatar\\\/68592660ad6347fad0fb587f8d5d8f1a7b44961362f56e4f2cd524feb87e9069?s=96&d=mm&r=g\",\"caption\":\"dmcsrbija.com@gmail.com\"},\"sameAs\":[\"https:\\\/\\\/dmcsrb.com\"],\"url\":\"https:\\\/\\\/dmcsrb.com\\\/en\\\/author\\\/dmcsrbija-comgmail-com\\\/\"}]}<\/script>\n<!-- \/ Yoast SEO plugin. -->","yoast_head_json":{"title":"Dvije izuzetne predstave u novembru \u2013 Contra Mundum & Tvoje i moje - dmcsrb.com","robots":{"index":"index","follow":"follow","max-snippet":"max-snippet:-1","max-image-preview":"max-image-preview:large","max-video-preview":"max-video-preview:-1"},"canonical":"https:\/\/dmcsrb.com\/en\/kultura\/dvije-izuzetne-predstave-u-novembru-contra-mundum-tvoje-i-moje\/","og_locale":"en_GB","og_type":"article","og_title":"Dvije izuzetne predstave u novembru \u2013 Contra Mundum & Tvoje i moje - dmcsrb.com","og_description":"Kulturni centar \u201eNikola \u0110urkovi\u0107\u201c Kotor za ljubitelje pozori\u0161ta prire\u0111uje pravi novembarski praznik teatra, dovode\u0107i na svoju scenu dvije izuzetne predstave renomiranih regionalnih produkcija.","og_url":"https:\/\/dmcsrb.com\/en\/kultura\/dvije-izuzetne-predstave-u-novembru-contra-mundum-tvoje-i-moje\/","og_site_name":"dmcsrb.com","article_published_time":"2025-11-10T20:28:00+00:00","og_image":[{"width":1285,"height":1800,"url":"https:\/\/dmcsrb.com\/wp-content\/uploads\/2026\/01\/IMG-de53c071d2bad3efb0b4030bb6b64c7a-V.webp","type":"image\/jpeg"}],"author":"dmcsrbija.com@gmail.com","twitter_card":"summary_large_image","twitter_misc":{"Written by":"dmcsrbija.com@gmail.com","Estimated reading time":"1 minute"},"schema":{"@context":"https:\/\/schema.org","@graph":[{"@type":"Article","@id":"https:\/\/dmcsrb.com\/kultura\/dvije-izuzetne-predstave-u-novembru-contra-mundum-tvoje-i-moje\/#article","isPartOf":{"@id":"https:\/\/dmcsrb.com\/kultura\/dvije-izuzetne-predstave-u-novembru-contra-mundum-tvoje-i-moje\/"},"author":{"name":"dmcsrbija.com@gmail.com","@id":"https:\/\/dmcsrb.com\/#\/schema\/person\/5c39170f12db1b8b457732d0b5c854e2"},"headline":"Dvije izuzetne predstave u novembru \u2013 Contra Mundum &#038; Tvoje i moje","datePublished":"2025-11-10T20:28:00+00:00","mainEntityOfPage":{"@id":"https:\/\/dmcsrb.com\/kultura\/dvije-izuzetne-predstave-u-novembru-contra-mundum-tvoje-i-moje\/"},"wordCount":272,"commentCount":0,"image":{"@id":"https:\/\/dmcsrb.com\/kultura\/dvije-izuzetne-predstave-u-novembru-contra-mundum-tvoje-i-moje\/#primaryimage"},"thumbnailUrl":"https:\/\/dmcsrb.com\/wp-content\/uploads\/2026\/01\/IMG-de53c071d2bad3efb0b4030bb6b64c7a-V.webp","keywords":["Contra mundum","Kotor","Kulturni centar \"Nikola \u0110urkovi\u0107\""],"articleSection":["Kultura"],"inLanguage":"en-GB","potentialAction":[{"@type":"CommentAction","name":"Comment","target":["https:\/\/dmcsrb.com\/kultura\/dvije-izuzetne-predstave-u-novembru-contra-mundum-tvoje-i-moje\/#respond"]}]},{"@type":"WebPage","@id":"https:\/\/dmcsrb.com\/kultura\/dvije-izuzetne-predstave-u-novembru-contra-mundum-tvoje-i-moje\/","url":"https:\/\/dmcsrb.com\/kultura\/dvije-izuzetne-predstave-u-novembru-contra-mundum-tvoje-i-moje\/","name":"Dvije izuzetne predstave u novembru \u2013 Contra Mundum & Tvoje i moje - dmcsrb.com","isPartOf":{"@id":"https:\/\/dmcsrb.com\/#website"},"primaryImageOfPage":{"@id":"https:\/\/dmcsrb.com\/kultura\/dvije-izuzetne-predstave-u-novembru-contra-mundum-tvoje-i-moje\/#primaryimage"},"image":{"@id":"https:\/\/dmcsrb.com\/kultura\/dvije-izuzetne-predstave-u-novembru-contra-mundum-tvoje-i-moje\/#primaryimage"},"thumbnailUrl":"https:\/\/dmcsrb.com\/wp-content\/uploads\/2026\/01\/IMG-de53c071d2bad3efb0b4030bb6b64c7a-V.webp","datePublished":"2025-11-10T20:28:00+00:00","author":{"@id":"https:\/\/dmcsrb.com\/#\/schema\/person\/5c39170f12db1b8b457732d0b5c854e2"},"breadcrumb":{"@id":"https:\/\/dmcsrb.com\/kultura\/dvije-izuzetne-predstave-u-novembru-contra-mundum-tvoje-i-moje\/#breadcrumb"},"inLanguage":"en-GB","potentialAction":[{"@type":"ReadAction","target":["https:\/\/dmcsrb.com\/kultura\/dvije-izuzetne-predstave-u-novembru-contra-mundum-tvoje-i-moje\/"]}]},{"@type":"ImageObject","inLanguage":"en-GB","@id":"https:\/\/dmcsrb.com\/kultura\/dvije-izuzetne-predstave-u-novembru-contra-mundum-tvoje-i-moje\/#primaryimage","url":"https:\/\/dmcsrb.com\/wp-content\/uploads\/2026\/01\/IMG-de53c071d2bad3efb0b4030bb6b64c7a-V.webp","contentUrl":"https:\/\/dmcsrb.com\/wp-content\/uploads\/2026\/01\/IMG-de53c071d2bad3efb0b4030bb6b64c7a-V.webp","width":1285,"height":1800},{"@type":"BreadcrumbList","@id":"https:\/\/dmcsrb.com\/kultura\/dvije-izuzetne-predstave-u-novembru-contra-mundum-tvoje-i-moje\/#breadcrumb","itemListElement":[{"@type":"ListItem","position":1,"name":"Home","item":"https:\/\/dmcsrb.com\/"},{"@type":"ListItem","position":2,"name":"Dvije izuzetne predstave u novembru \u2013 Contra Mundum &#038; Tvoje i moje"}]},{"@type":"WebSite","@id":"https:\/\/dmcsrb.com\/#website","url":"https:\/\/dmcsrb.com\/","name":"dmcsrb.com","description":"","potentialAction":[{"@type":"SearchAction","target":{"@type":"EntryPoint","urlTemplate":"https:\/\/dmcsrb.com\/?s={search_term_string}"},"query-input":{"@type":"PropertyValueSpecification","valueRequired":true,"valueName":"search_term_string"}}],"inLanguage":"en-GB"},{"@type":"Person","@id":"https:\/\/dmcsrb.com\/#\/schema\/person\/5c39170f12db1b8b457732d0b5c854e2","name":"dmcsrbija.com@gmail.com","image":{"@type":"ImageObject","inLanguage":"en-GB","@id":"https:\/\/secure.gravatar.com\/avatar\/68592660ad6347fad0fb587f8d5d8f1a7b44961362f56e4f2cd524feb87e9069?s=96&d=mm&r=g","url":"https:\/\/secure.gravatar.com\/avatar\/68592660ad6347fad0fb587f8d5d8f1a7b44961362f56e4f2cd524feb87e9069?s=96&d=mm&r=g","contentUrl":"https:\/\/secure.gravatar.com\/avatar\/68592660ad6347fad0fb587f8d5d8f1a7b44961362f56e4f2cd524feb87e9069?s=96&d=mm&r=g","caption":"dmcsrbija.com@gmail.com"},"sameAs":["https:\/\/dmcsrb.com"],"url":"https:\/\/dmcsrb.com\/en\/author\/dmcsrbija-comgmail-com\/"}]}},"_links":{"self":[{"href":"https:\/\/dmcsrb.com\/en\/wp-json\/wp\/v2\/posts\/963002","targetHints":{"allow":["GET"]}}],"collection":[{"href":"https:\/\/dmcsrb.com\/en\/wp-json\/wp\/v2\/posts"}],"about":[{"href":"https:\/\/dmcsrb.com\/en\/wp-json\/wp\/v2\/types\/post"}],"author":[{"embeddable":true,"href":"https:\/\/dmcsrb.com\/en\/wp-json\/wp\/v2\/users\/1"}],"replies":[{"embeddable":true,"href":"https:\/\/dmcsrb.com\/en\/wp-json\/wp\/v2\/comments?post=963002"}],"version-history":[{"count":0,"href":"https:\/\/dmcsrb.com\/en\/wp-json\/wp\/v2\/posts\/963002\/revisions"}],"wp:featuredmedia":[{"embeddable":true,"href":"https:\/\/dmcsrb.com\/en\/wp-json\/wp\/v2\/media\/963003"}],"wp:attachment":[{"href":"https:\/\/dmcsrb.com\/en\/wp-json\/wp\/v2\/media?parent=963002"}],"wp:term":[{"taxonomy":"category","embeddable":true,"href":"https:\/\/dmcsrb.com\/en\/wp-json\/wp\/v2\/categories?post=963002"},{"taxonomy":"post_tag","embeddable":true,"href":"https:\/\/dmcsrb.com\/en\/wp-json\/wp\/v2\/tags?post=963002"},{"taxonomy":"naslovna","embeddable":true,"href":"https:\/\/dmcsrb.com\/en\/wp-json\/wp\/v2\/naslovna?post=963002"}],"curies":[{"name":"wp","href":"https:\/\/api.w.org\/{rel}","templated":true}]}}