{"id":962938,"date":"2025-11-10T14:50:00","date_gmt":"2025-11-10T13:50:00","guid":{"rendered":"https:\/\/dmcsrb.com\/uncategorized\/apelacioni-sud-oslobodio-nikolu-sarkozija-iz-zatvora\/"},"modified":"2025-11-10T14:50:00","modified_gmt":"2025-11-10T13:50:00","slug":"apelacioni-sud-oslobodio-nikolu-sarkozija-iz-zatvora","status":"publish","type":"post","link":"https:\/\/dmcsrb.com\/en\/svijet\/apelacioni-sud-oslobodio-nikolu-sarkozija-iz-zatvora\/","title":{"rendered":"Apelacioni sud oslobodio Nikolu Sarkozija iz zatvora"},"content":{"rendered":"<p><br><br><\/p>\n\n\n\n<p>Apelacioni sud u Parizu prihvatio je zahtjev za pu\u0161tanje na slobodu Sarkozija, koji je u zatvoru La Sante u Parizu bio od 21. oktobra.<\/p>\n\n\n\n<p>Biv\u0161i predsjednik Francuske stavljen je pod sudski nadzor.<\/p>\n\n\n\n<p>\u201eSud progla\u0161ava zahtjev za pu\u0161tanje na slobodu prihvatljivim i stavlja vas pod sudski nadzor\u201c, izjavio je predsjednik Apelacionog suda.<\/p>\n\n\n\n<p>Uvjeravaju\u0107i sud da treba da se na\u0111e na slobodi, Sarkozi je sudiji rekao: \u201e\u017delim da svi budu uvjereni u jednu stvar: nikada nijesam imao ludu ideju da tra\u017eim od gospodina Gadafija bilo kakvo finansiranje. Nikada ne\u0107u priznati ne\u0161to \u0161to nijesam uradio\u201c, izjavio je prije nego \u0161to je govorio o uslovima svog pritvora.<\/p>","protected":false},"excerpt":{"rendered":"<p>Apelacioni sud u Parizu oslobodio je biv\u0161eg francuskog predsjednika Nikolu Sarkozija slu\u017eenja zatvorske kazne. Sarkozi \u0107e danas biti pu\u0161ten na slobodu i stavljen pod sudski nadzor.<\/p>","protected":false},"author":1,"featured_media":912484,"comment_status":"open","ping_status":"open","sticky":false,"template":"","format":"standard","meta":{"_acf_changed":false,"footnotes":""},"categories":[144],"tags":[2311,14084],"naslovna":[],"class_list":["post-962938","post","type-post","status-publish","format-standard","has-post-thumbnail","hentry","category-svijet","tag-apelacioni-sud","tag-nikola-sarkozi"],"acf":[],"yoast_head":"<!-- This site is optimized with the Yoast SEO plugin v27.0 - https:\/\/yoast.com\/product\/yoast-seo-wordpress\/ -->\n<title>Apelacioni sud oslobodio Nikolu Sarkozija iz zatvora - dmcsrb.com<\/title>\n<meta name=\"robots\" content=\"index, follow, max-snippet:-1, max-image-preview:large, max-video-preview:-1\" \/>\n<link rel=\"canonical\" href=\"https:\/\/dmcsrb.com\/en\/svijet\/apelacioni-sud-oslobodio-nikolu-sarkozija-iz-zatvora\/\" \/>\n<meta property=\"og:locale\" content=\"en_GB\" \/>\n<meta property=\"og:type\" content=\"article\" \/>\n<meta property=\"og:title\" content=\"Apelacioni sud oslobodio Nikolu Sarkozija iz zatvora - dmcsrb.com\" \/>\n<meta property=\"og:description\" content=\"Apelacioni sud u Parizu oslobodio je biv\u0161eg francuskog predsjednika Nikolu Sarkozija slu\u017eenja zatvorske kazne. Sarkozi \u0107e danas biti pu\u0161ten na slobodu i stavljen pod sudski nadzor.\" \/>\n<meta property=\"og:url\" content=\"https:\/\/dmcsrb.com\/en\/svijet\/apelacioni-sud-oslobodio-nikolu-sarkozija-iz-zatvora\/\" \/>\n<meta property=\"og:site_name\" content=\"dmcsrb.com\" \/>\n<meta property=\"article:published_time\" content=\"2025-11-10T13:50:00+00:00\" \/>\n<meta property=\"og:image\" content=\"https:\/\/dmcsrb.com\/wp-content\/uploads\/2026\/01\/sud-odluka-presuda-sudija.jpg\" \/>\n\t<meta property=\"og:image:width\" content=\"900\" \/>\n\t<meta property=\"og:image:height\" content=\"600\" \/>\n\t<meta property=\"og:image:type\" content=\"image\/jpeg\" \/>\n<meta name=\"author\" content=\"dmcsrbija.com@gmail.com\" \/>\n<meta name=\"twitter:card\" content=\"summary_large_image\" \/>\n<meta name=\"twitter:label1\" content=\"Written by\" \/>\n\t<meta name=\"twitter:data1\" content=\"dmcsrbija.com@gmail.com\" \/>\n\t<meta name=\"twitter:label2\" content=\"Estimated reading time\" \/>\n\t<meta name=\"twitter:data2\" content=\"1 minute\" \/>\n<script type=\"application\/ld+json\" class=\"yoast-schema-graph\">{\"@context\":\"https:\/\/schema.org\",\"@graph\":[{\"@type\":\"Article\",\"@id\":\"https:\/\/dmcsrb.com\/svijet\/apelacioni-sud-oslobodio-nikolu-sarkozija-iz-zatvora\/#article\",\"isPartOf\":{\"@id\":\"https:\/\/dmcsrb.com\/svijet\/apelacioni-sud-oslobodio-nikolu-sarkozija-iz-zatvora\/\"},\"author\":{\"name\":\"dmcsrbija.com@gmail.com\",\"@id\":\"https:\/\/dmcsrb.com\/#\/schema\/person\/5c39170f12db1b8b457732d0b5c854e2\"},\"headline\":\"Apelacioni sud oslobodio Nikolu Sarkozija iz zatvora\",\"datePublished\":\"2025-11-10T13:50:00+00:00\",\"mainEntityOfPage\":{\"@id\":\"https:\/\/dmcsrb.com\/svijet\/apelacioni-sud-oslobodio-nikolu-sarkozija-iz-zatvora\/\"},\"wordCount\":118,\"commentCount\":0,\"image\":{\"@id\":\"https:\/\/dmcsrb.com\/svijet\/apelacioni-sud-oslobodio-nikolu-sarkozija-iz-zatvora\/#primaryimage\"},\"thumbnailUrl\":\"https:\/\/dmcsrb.com\/wp-content\/uploads\/2026\/01\/sud-odluka-presuda-sudija.jpg\",\"keywords\":[\"Apelacioni sud\",\"nikola sarkozi\"],\"articleSection\":[\"Svijet\"],\"inLanguage\":\"en-GB\",\"potentialAction\":[{\"@type\":\"CommentAction\",\"name\":\"Comment\",\"target\":[\"https:\/\/dmcsrb.com\/svijet\/apelacioni-sud-oslobodio-nikolu-sarkozija-iz-zatvora\/#respond\"]}]},{\"@type\":\"WebPage\",\"@id\":\"https:\/\/dmcsrb.com\/svijet\/apelacioni-sud-oslobodio-nikolu-sarkozija-iz-zatvora\/\",\"url\":\"https:\/\/dmcsrb.com\/svijet\/apelacioni-sud-oslobodio-nikolu-sarkozija-iz-zatvora\/\",\"name\":\"Apelacioni sud oslobodio Nikolu Sarkozija iz zatvora - dmcsrb.com\",\"isPartOf\":{\"@id\":\"https:\/\/dmcsrb.com\/#website\"},\"primaryImageOfPage\":{\"@id\":\"https:\/\/dmcsrb.com\/svijet\/apelacioni-sud-oslobodio-nikolu-sarkozija-iz-zatvora\/#primaryimage\"},\"image\":{\"@id\":\"https:\/\/dmcsrb.com\/svijet\/apelacioni-sud-oslobodio-nikolu-sarkozija-iz-zatvora\/#primaryimage\"},\"thumbnailUrl\":\"https:\/\/dmcsrb.com\/wp-content\/uploads\/2026\/01\/sud-odluka-presuda-sudija.jpg\",\"datePublished\":\"2025-11-10T13:50:00+00:00\",\"author\":{\"@id\":\"https:\/\/dmcsrb.com\/#\/schema\/person\/5c39170f12db1b8b457732d0b5c854e2\"},\"breadcrumb\":{\"@id\":\"https:\/\/dmcsrb.com\/svijet\/apelacioni-sud-oslobodio-nikolu-sarkozija-iz-zatvora\/#breadcrumb\"},\"inLanguage\":\"en-GB\",\"potentialAction\":[{\"@type\":\"ReadAction\",\"target\":[\"https:\/\/dmcsrb.com\/svijet\/apelacioni-sud-oslobodio-nikolu-sarkozija-iz-zatvora\/\"]}]},{\"@type\":\"ImageObject\",\"inLanguage\":\"en-GB\",\"@id\":\"https:\/\/dmcsrb.com\/svijet\/apelacioni-sud-oslobodio-nikolu-sarkozija-iz-zatvora\/#primaryimage\",\"url\":\"https:\/\/dmcsrb.com\/wp-content\/uploads\/2026\/01\/sud-odluka-presuda-sudija.jpg\",\"contentUrl\":\"https:\/\/dmcsrb.com\/wp-content\/uploads\/2026\/01\/sud-odluka-presuda-sudija.jpg\",\"width\":900,\"height\":600},{\"@type\":\"BreadcrumbList\",\"@id\":\"https:\/\/dmcsrb.com\/svijet\/apelacioni-sud-oslobodio-nikolu-sarkozija-iz-zatvora\/#breadcrumb\",\"itemListElement\":[{\"@type\":\"ListItem\",\"position\":1,\"name\":\"Home\",\"item\":\"https:\/\/dmcsrb.com\/\"},{\"@type\":\"ListItem\",\"position\":2,\"name\":\"Apelacioni sud oslobodio Nikolu Sarkozija iz zatvora\"}]},{\"@type\":\"WebSite\",\"@id\":\"https:\/\/dmcsrb.com\/#website\",\"url\":\"https:\/\/dmcsrb.com\/\",\"name\":\"dmcsrb.com\",\"description\":\"\",\"potentialAction\":[{\"@type\":\"SearchAction\",\"target\":{\"@type\":\"EntryPoint\",\"urlTemplate\":\"https:\/\/dmcsrb.com\/?s={search_term_string}\"},\"query-input\":{\"@type\":\"PropertyValueSpecification\",\"valueRequired\":true,\"valueName\":\"search_term_string\"}}],\"inLanguage\":\"en-GB\"},{\"@type\":\"Person\",\"@id\":\"https:\/\/dmcsrb.com\/#\/schema\/person\/5c39170f12db1b8b457732d0b5c854e2\",\"name\":\"dmcsrbija.com@gmail.com\",\"image\":{\"@type\":\"ImageObject\",\"inLanguage\":\"en-GB\",\"@id\":\"https:\/\/dmcsrb.com\/#\/schema\/person\/image\/\",\"url\":\"https:\/\/secure.gravatar.com\/avatar\/68592660ad6347fad0fb587f8d5d8f1a7b44961362f56e4f2cd524feb87e9069?s=96&d=mm&r=g\",\"contentUrl\":\"https:\/\/secure.gravatar.com\/avatar\/68592660ad6347fad0fb587f8d5d8f1a7b44961362f56e4f2cd524feb87e9069?s=96&d=mm&r=g\",\"caption\":\"dmcsrbija.com@gmail.com\"},\"sameAs\":[\"https:\/\/dmcsrb.com\"],\"url\":\"https:\/\/dmcsrb.com\/en\/author\/dmcsrbija-comgmail-com\/\"}]}<\/script>\n<!-- \/ Yoast SEO plugin. -->","yoast_head_json":{"title":"Apelacioni sud oslobodio Nikolu Sarkozija iz zatvora - dmcsrb.com","robots":{"index":"index","follow":"follow","max-snippet":"max-snippet:-1","max-image-preview":"max-image-preview:large","max-video-preview":"max-video-preview:-1"},"canonical":"https:\/\/dmcsrb.com\/en\/svijet\/apelacioni-sud-oslobodio-nikolu-sarkozija-iz-zatvora\/","og_locale":"en_GB","og_type":"article","og_title":"Apelacioni sud oslobodio Nikolu Sarkozija iz zatvora - dmcsrb.com","og_description":"Apelacioni sud u Parizu oslobodio je biv\u0161eg francuskog predsjednika Nikolu Sarkozija slu\u017eenja zatvorske kazne. Sarkozi \u0107e danas biti pu\u0161ten na slobodu i stavljen pod sudski nadzor.","og_url":"https:\/\/dmcsrb.com\/en\/svijet\/apelacioni-sud-oslobodio-nikolu-sarkozija-iz-zatvora\/","og_site_name":"dmcsrb.com","article_published_time":"2025-11-10T13:50:00+00:00","og_image":[{"width":900,"height":600,"url":"https:\/\/dmcsrb.com\/wp-content\/uploads\/2026\/01\/sud-odluka-presuda-sudija.jpg","type":"image\/jpeg"}],"author":"dmcsrbija.com@gmail.com","twitter_card":"summary_large_image","twitter_misc":{"Written by":"dmcsrbija.com@gmail.com","Estimated reading time":"1 minute"},"schema":{"@context":"https:\/\/schema.org","@graph":[{"@type":"Article","@id":"https:\/\/dmcsrb.com\/svijet\/apelacioni-sud-oslobodio-nikolu-sarkozija-iz-zatvora\/#article","isPartOf":{"@id":"https:\/\/dmcsrb.com\/svijet\/apelacioni-sud-oslobodio-nikolu-sarkozija-iz-zatvora\/"},"author":{"name":"dmcsrbija.com@gmail.com","@id":"https:\/\/dmcsrb.com\/#\/schema\/person\/5c39170f12db1b8b457732d0b5c854e2"},"headline":"Apelacioni sud oslobodio Nikolu Sarkozija iz zatvora","datePublished":"2025-11-10T13:50:00+00:00","mainEntityOfPage":{"@id":"https:\/\/dmcsrb.com\/svijet\/apelacioni-sud-oslobodio-nikolu-sarkozija-iz-zatvora\/"},"wordCount":118,"commentCount":0,"image":{"@id":"https:\/\/dmcsrb.com\/svijet\/apelacioni-sud-oslobodio-nikolu-sarkozija-iz-zatvora\/#primaryimage"},"thumbnailUrl":"https:\/\/dmcsrb.com\/wp-content\/uploads\/2026\/01\/sud-odluka-presuda-sudija.jpg","keywords":["Apelacioni sud","nikola sarkozi"],"articleSection":["Svijet"],"inLanguage":"en-GB","potentialAction":[{"@type":"CommentAction","name":"Comment","target":["https:\/\/dmcsrb.com\/svijet\/apelacioni-sud-oslobodio-nikolu-sarkozija-iz-zatvora\/#respond"]}]},{"@type":"WebPage","@id":"https:\/\/dmcsrb.com\/svijet\/apelacioni-sud-oslobodio-nikolu-sarkozija-iz-zatvora\/","url":"https:\/\/dmcsrb.com\/svijet\/apelacioni-sud-oslobodio-nikolu-sarkozija-iz-zatvora\/","name":"Apelacioni sud oslobodio Nikolu Sarkozija iz zatvora - dmcsrb.com","isPartOf":{"@id":"https:\/\/dmcsrb.com\/#website"},"primaryImageOfPage":{"@id":"https:\/\/dmcsrb.com\/svijet\/apelacioni-sud-oslobodio-nikolu-sarkozija-iz-zatvora\/#primaryimage"},"image":{"@id":"https:\/\/dmcsrb.com\/svijet\/apelacioni-sud-oslobodio-nikolu-sarkozija-iz-zatvora\/#primaryimage"},"thumbnailUrl":"https:\/\/dmcsrb.com\/wp-content\/uploads\/2026\/01\/sud-odluka-presuda-sudija.jpg","datePublished":"2025-11-10T13:50:00+00:00","author":{"@id":"https:\/\/dmcsrb.com\/#\/schema\/person\/5c39170f12db1b8b457732d0b5c854e2"},"breadcrumb":{"@id":"https:\/\/dmcsrb.com\/svijet\/apelacioni-sud-oslobodio-nikolu-sarkozija-iz-zatvora\/#breadcrumb"},"inLanguage":"en-GB","potentialAction":[{"@type":"ReadAction","target":["https:\/\/dmcsrb.com\/svijet\/apelacioni-sud-oslobodio-nikolu-sarkozija-iz-zatvora\/"]}]},{"@type":"ImageObject","inLanguage":"en-GB","@id":"https:\/\/dmcsrb.com\/svijet\/apelacioni-sud-oslobodio-nikolu-sarkozija-iz-zatvora\/#primaryimage","url":"https:\/\/dmcsrb.com\/wp-content\/uploads\/2026\/01\/sud-odluka-presuda-sudija.jpg","contentUrl":"https:\/\/dmcsrb.com\/wp-content\/uploads\/2026\/01\/sud-odluka-presuda-sudija.jpg","width":900,"height":600},{"@type":"BreadcrumbList","@id":"https:\/\/dmcsrb.com\/svijet\/apelacioni-sud-oslobodio-nikolu-sarkozija-iz-zatvora\/#breadcrumb","itemListElement":[{"@type":"ListItem","position":1,"name":"Home","item":"https:\/\/dmcsrb.com\/"},{"@type":"ListItem","position":2,"name":"Apelacioni sud oslobodio Nikolu Sarkozija iz zatvora"}]},{"@type":"WebSite","@id":"https:\/\/dmcsrb.com\/#website","url":"https:\/\/dmcsrb.com\/","name":"dmcsrb.com","description":"","potentialAction":[{"@type":"SearchAction","target":{"@type":"EntryPoint","urlTemplate":"https:\/\/dmcsrb.com\/?s={search_term_string}"},"query-input":{"@type":"PropertyValueSpecification","valueRequired":true,"valueName":"search_term_string"}}],"inLanguage":"en-GB"},{"@type":"Person","@id":"https:\/\/dmcsrb.com\/#\/schema\/person\/5c39170f12db1b8b457732d0b5c854e2","name":"dmcsrbija.com@gmail.com","image":{"@type":"ImageObject","inLanguage":"en-GB","@id":"https:\/\/dmcsrb.com\/#\/schema\/person\/image\/","url":"https:\/\/secure.gravatar.com\/avatar\/68592660ad6347fad0fb587f8d5d8f1a7b44961362f56e4f2cd524feb87e9069?s=96&d=mm&r=g","contentUrl":"https:\/\/secure.gravatar.com\/avatar\/68592660ad6347fad0fb587f8d5d8f1a7b44961362f56e4f2cd524feb87e9069?s=96&d=mm&r=g","caption":"dmcsrbija.com@gmail.com"},"sameAs":["https:\/\/dmcsrb.com"],"url":"https:\/\/dmcsrb.com\/en\/author\/dmcsrbija-comgmail-com\/"}]}},"_links":{"self":[{"href":"https:\/\/dmcsrb.com\/en\/wp-json\/wp\/v2\/posts\/962938","targetHints":{"allow":["GET"]}}],"collection":[{"href":"https:\/\/dmcsrb.com\/en\/wp-json\/wp\/v2\/posts"}],"about":[{"href":"https:\/\/dmcsrb.com\/en\/wp-json\/wp\/v2\/types\/post"}],"author":[{"embeddable":true,"href":"https:\/\/dmcsrb.com\/en\/wp-json\/wp\/v2\/users\/1"}],"replies":[{"embeddable":true,"href":"https:\/\/dmcsrb.com\/en\/wp-json\/wp\/v2\/comments?post=962938"}],"version-history":[{"count":0,"href":"https:\/\/dmcsrb.com\/en\/wp-json\/wp\/v2\/posts\/962938\/revisions"}],"wp:featuredmedia":[{"embeddable":true,"href":"https:\/\/dmcsrb.com\/en\/wp-json\/wp\/v2\/media\/912484"}],"wp:attachment":[{"href":"https:\/\/dmcsrb.com\/en\/wp-json\/wp\/v2\/media?parent=962938"}],"wp:term":[{"taxonomy":"category","embeddable":true,"href":"https:\/\/dmcsrb.com\/en\/wp-json\/wp\/v2\/categories?post=962938"},{"taxonomy":"post_tag","embeddable":true,"href":"https:\/\/dmcsrb.com\/en\/wp-json\/wp\/v2\/tags?post=962938"},{"taxonomy":"naslovna","embeddable":true,"href":"https:\/\/dmcsrb.com\/en\/wp-json\/wp\/v2\/naslovna?post=962938"}],"curies":[{"name":"wp","href":"https:\/\/api.w.org\/{rel}","templated":true}]}}