{"id":962857,"date":"2025-11-10T08:13:00","date_gmt":"2025-11-10T07:13:00","guid":{"rendered":"https:\/\/dmcsrb.com\/uncategorized\/crnogorski-start-up-ovi-danas-na-samitu-u-lisabonu\/"},"modified":"2025-11-10T08:13:00","modified_gmt":"2025-11-10T07:13:00","slug":"crnogorski-start-up-ovi-danas-na-samitu-u-lisabonu","status":"publish","type":"post","link":"https:\/\/dmcsrb.com\/en\/drustvo\/crnogorski-start-up-ovi-danas-na-samitu-u-lisabonu\/","title":{"rendered":"Crnogorski start up-ovi danas na samitu u Lisabonu"},"content":{"rendered":"<p>Privredna komora (PKCG) organizova\u0107e prvi put nastup crnogorskih start up-ova na zajedni\u010dkom \u0161tandu na presti\u017enom me\u0111unarodnom tehnolo\u0161kom doga\u0111aju Web Summit 2025, koji danas po\u010dinje u Lisabonu.<\/p>\n\n\n\n<p>Na zajedni\u010dkom \u0161tandu predstavi\u0107e se devet crnogorskih start up-ova. &nbsp;<\/p>\n\n\n\n<p>\u201cZajedni\u010dki nastup crnogorskih start up-ova na jednom od vode\u0107ih svjetskih tehnolo\u0161kih konferencija ima za cilj da oja\u010da me\u0111unarodnu vidljivost doma\u0107e start up scene, unaprijedi saradnju sa investitorima i partnerima iz inostranstva, te podstakne dalji razvoj inovativnih biznisa u Crnoj Gori\u201d, saop\u0161teno je iz PKCG.<\/p>\n\n\n\n<p>Pored nastupa devet start up-ova na zajedni\u010dkom \u0161tandu, Komora je organizovala i posjetu jo\u0161 17 kompanija iz Crne Gore tom svjetskom tehnolo\u0161kom doga\u0111aju.<\/p>\n\n\n\n<p>U okviru nacionalnog \u0161tanda, devet crnogorskih start up-ova \u2013 Bucketora, GoGrant, Gold Bear Technologies, Limo express, Higem AI, LoRaSi, My turn, Pillbie i Skenify, predstavi\u0107e \u0161irok spektar inovativnih rje\u0161enja &#8211; od putovanja i turizma do zdravlja, obrazovanja, pametnih mre\u017ea i sajber bezbjednosti.&nbsp;<\/p>\n\n\n\n<p>\u201cZajedni\u010dko u\u010de\u0161\u0107e na Web Summitu je jedinstvena prilika da na\u0161i start up-ovi poka\u017eu da Crna Gora ima znanje, kreativnost i potencijal da bude prepoznata kao tehnolo\u0161ki inovativna destinacija\u201d, dodaje se u saop\u0161tenju.<\/p>\n\n\n\n<p>Web Summit, koji traje do \u010detvrtka, okuplja vi\u0161e od 70 hiljada u\u010desnika iz preko 150 zemalja i smatra se jednim od vode\u0107ih svjetskih tehnolo\u0161kih konferencija &#8211; mjesta gdje tehnolo\u0161ki lideri, inovatori, investitori i donosioci odluka razmjenjuju ideje i grade partnerstva.<\/p>\n\n\n\n<p>Web Summit pru\u017ea i izuzetne mogu\u0107nosti za umre\u017eavanje uz brojne sesije, izlo\u017ebene prostore, panele, investitorske sastanke i dodatne doga\u0111aje nakon konferencije.<\/p>","protected":false},"excerpt":{"rendered":"<p>Privredna komora (PKCG) organizova\u0107e prvi put nastup crnogorskih start up-ova na zajedni\u010dkom \u0161tandu na presti\u017enom me\u0111unarodnom tehnolo\u0161kom doga\u0111aju Web Summit 2025, koji danas po\u010dinje u Lisabonu.<\/p>","protected":false},"author":1,"featured_media":962858,"comment_status":"open","ping_status":"open","sticky":false,"template":"","format":"standard","meta":{"_acf_changed":false,"footnotes":""},"categories":[2],"tags":[95,6822,3485,6834,14045],"naslovna":[],"class_list":["post-962857","post","type-post","status-publish","format-standard","has-post-thumbnail","hentry","category-drustvo","tag-crna-gora","tag-lisabon","tag-pkcg","tag-portugal","tag-start-up"],"acf":[],"yoast_head":"<!-- This site is optimized with the Yoast SEO plugin v27.0 - https:\/\/yoast.com\/product\/yoast-seo-wordpress\/ -->\n<title>Crnogorski start up-ovi danas na samitu u Lisabonu - dmcsrb.com<\/title>\n<meta name=\"robots\" content=\"index, follow, max-snippet:-1, max-image-preview:large, max-video-preview:-1\" \/>\n<link rel=\"canonical\" href=\"https:\/\/dmcsrb.com\/en\/drustvo\/crnogorski-start-up-ovi-danas-na-samitu-u-lisabonu\/\" \/>\n<meta property=\"og:locale\" content=\"en_GB\" \/>\n<meta property=\"og:type\" content=\"article\" \/>\n<meta property=\"og:title\" content=\"Crnogorski start up-ovi danas na samitu u Lisabonu - dmcsrb.com\" \/>\n<meta property=\"og:description\" content=\"Privredna komora (PKCG) organizova\u0107e prvi put nastup crnogorskih start up-ova na zajedni\u010dkom \u0161tandu na presti\u017enom me\u0111unarodnom tehnolo\u0161kom doga\u0111aju Web Summit 2025, koji danas po\u010dinje u Lisabonu.\" \/>\n<meta property=\"og:url\" content=\"https:\/\/dmcsrb.com\/en\/drustvo\/crnogorski-start-up-ovi-danas-na-samitu-u-lisabonu\/\" \/>\n<meta property=\"og:site_name\" content=\"dmcsrb.com\" \/>\n<meta property=\"article:published_time\" content=\"2025-11-10T07:13:00+00:00\" \/>\n<meta property=\"og:image\" content=\"https:\/\/dmcsrb.com\/wp-content\/uploads\/2026\/01\/PKCG.webp\" \/>\n\t<meta property=\"og:image:width\" content=\"730\" \/>\n\t<meta property=\"og:image:height\" content=\"816\" \/>\n\t<meta property=\"og:image:type\" content=\"image\/webp\" \/>\n<meta name=\"author\" content=\"dmcsrbija.com@gmail.com\" \/>\n<meta name=\"twitter:card\" content=\"summary_large_image\" \/>\n<meta name=\"twitter:label1\" content=\"Written by\" \/>\n\t<meta name=\"twitter:data1\" content=\"dmcsrbija.com@gmail.com\" \/>\n\t<meta name=\"twitter:label2\" content=\"Estimated reading time\" \/>\n\t<meta name=\"twitter:data2\" content=\"1 minute\" \/>\n<script type=\"application\/ld+json\" class=\"yoast-schema-graph\">{\"@context\":\"https:\/\/schema.org\",\"@graph\":[{\"@type\":\"Article\",\"@id\":\"https:\/\/dmcsrb.com\/en\/drustvo\/crnogorski-start-up-ovi-danas-na-samitu-u-lisabonu\/#article\",\"isPartOf\":{\"@id\":\"https:\/\/dmcsrb.com\/en\/drustvo\/crnogorski-start-up-ovi-danas-na-samitu-u-lisabonu\/\"},\"author\":{\"name\":\"dmcsrbija.com@gmail.com\",\"@id\":\"https:\/\/dmcsrb.com\/#\/schema\/person\/5c39170f12db1b8b457732d0b5c854e2\"},\"headline\":\"Crnogorski start up-ovi danas na samitu u Lisabonu\",\"datePublished\":\"2025-11-10T07:13:00+00:00\",\"mainEntityOfPage\":{\"@id\":\"https:\/\/dmcsrb.com\/en\/drustvo\/crnogorski-start-up-ovi-danas-na-samitu-u-lisabonu\/\"},\"wordCount\":281,\"commentCount\":0,\"image\":{\"@id\":\"https:\/\/dmcsrb.com\/en\/drustvo\/crnogorski-start-up-ovi-danas-na-samitu-u-lisabonu\/#primaryimage\"},\"thumbnailUrl\":\"https:\/\/dmcsrb.com\/wp-content\/uploads\/2026\/01\/PKCG.webp\",\"keywords\":[\"Crna Gora\",\"Lisabon\",\"PKCG\",\"Portugal\",\"Start up\"],\"articleSection\":[\"Dru\u0161tvo\"],\"inLanguage\":\"en-GB\",\"potentialAction\":[{\"@type\":\"CommentAction\",\"name\":\"Comment\",\"target\":[\"https:\/\/dmcsrb.com\/en\/drustvo\/crnogorski-start-up-ovi-danas-na-samitu-u-lisabonu\/#respond\"]}]},{\"@type\":\"WebPage\",\"@id\":\"https:\/\/dmcsrb.com\/en\/drustvo\/crnogorski-start-up-ovi-danas-na-samitu-u-lisabonu\/\",\"url\":\"https:\/\/dmcsrb.com\/en\/drustvo\/crnogorski-start-up-ovi-danas-na-samitu-u-lisabonu\/\",\"name\":\"Crnogorski start up-ovi danas na samitu u Lisabonu - dmcsrb.com\",\"isPartOf\":{\"@id\":\"https:\/\/dmcsrb.com\/#website\"},\"primaryImageOfPage\":{\"@id\":\"https:\/\/dmcsrb.com\/en\/drustvo\/crnogorski-start-up-ovi-danas-na-samitu-u-lisabonu\/#primaryimage\"},\"image\":{\"@id\":\"https:\/\/dmcsrb.com\/en\/drustvo\/crnogorski-start-up-ovi-danas-na-samitu-u-lisabonu\/#primaryimage\"},\"thumbnailUrl\":\"https:\/\/dmcsrb.com\/wp-content\/uploads\/2026\/01\/PKCG.webp\",\"datePublished\":\"2025-11-10T07:13:00+00:00\",\"author\":{\"@id\":\"https:\/\/dmcsrb.com\/#\/schema\/person\/5c39170f12db1b8b457732d0b5c854e2\"},\"breadcrumb\":{\"@id\":\"https:\/\/dmcsrb.com\/en\/drustvo\/crnogorski-start-up-ovi-danas-na-samitu-u-lisabonu\/#breadcrumb\"},\"inLanguage\":\"en-GB\",\"potentialAction\":[{\"@type\":\"ReadAction\",\"target\":[\"https:\/\/dmcsrb.com\/en\/drustvo\/crnogorski-start-up-ovi-danas-na-samitu-u-lisabonu\/\"]}]},{\"@type\":\"ImageObject\",\"inLanguage\":\"en-GB\",\"@id\":\"https:\/\/dmcsrb.com\/en\/drustvo\/crnogorski-start-up-ovi-danas-na-samitu-u-lisabonu\/#primaryimage\",\"url\":\"https:\/\/dmcsrb.com\/wp-content\/uploads\/2026\/01\/PKCG.webp\",\"contentUrl\":\"https:\/\/dmcsrb.com\/wp-content\/uploads\/2026\/01\/PKCG.webp\",\"width\":730,\"height\":816},{\"@type\":\"BreadcrumbList\",\"@id\":\"https:\/\/dmcsrb.com\/en\/drustvo\/crnogorski-start-up-ovi-danas-na-samitu-u-lisabonu\/#breadcrumb\",\"itemListElement\":[{\"@type\":\"ListItem\",\"position\":1,\"name\":\"Home\",\"item\":\"https:\/\/dmcsrb.com\/\"},{\"@type\":\"ListItem\",\"position\":2,\"name\":\"Crnogorski start up-ovi danas na samitu u Lisabonu\"}]},{\"@type\":\"WebSite\",\"@id\":\"https:\/\/dmcsrb.com\/#website\",\"url\":\"https:\/\/dmcsrb.com\/\",\"name\":\"dmcsrb.com\",\"description\":\"\",\"potentialAction\":[{\"@type\":\"SearchAction\",\"target\":{\"@type\":\"EntryPoint\",\"urlTemplate\":\"https:\/\/dmcsrb.com\/?s={search_term_string}\"},\"query-input\":{\"@type\":\"PropertyValueSpecification\",\"valueRequired\":true,\"valueName\":\"search_term_string\"}}],\"inLanguage\":\"en-GB\"},{\"@type\":\"Person\",\"@id\":\"https:\/\/dmcsrb.com\/#\/schema\/person\/5c39170f12db1b8b457732d0b5c854e2\",\"name\":\"dmcsrbija.com@gmail.com\",\"image\":{\"@type\":\"ImageObject\",\"inLanguage\":\"en-GB\",\"@id\":\"https:\/\/dmcsrb.com\/#\/schema\/person\/image\/\",\"url\":\"https:\/\/secure.gravatar.com\/avatar\/68592660ad6347fad0fb587f8d5d8f1a7b44961362f56e4f2cd524feb87e9069?s=96&d=mm&r=g\",\"contentUrl\":\"https:\/\/secure.gravatar.com\/avatar\/68592660ad6347fad0fb587f8d5d8f1a7b44961362f56e4f2cd524feb87e9069?s=96&d=mm&r=g\",\"caption\":\"dmcsrbija.com@gmail.com\"},\"sameAs\":[\"https:\/\/dmcsrb.com\"],\"url\":\"https:\/\/dmcsrb.com\/en\/author\/dmcsrbija-comgmail-com\/\"}]}<\/script>\n<!-- \/ Yoast SEO plugin. -->","yoast_head_json":{"title":"Crnogorski start up-ovi danas na samitu u Lisabonu - dmcsrb.com","robots":{"index":"index","follow":"follow","max-snippet":"max-snippet:-1","max-image-preview":"max-image-preview:large","max-video-preview":"max-video-preview:-1"},"canonical":"https:\/\/dmcsrb.com\/en\/drustvo\/crnogorski-start-up-ovi-danas-na-samitu-u-lisabonu\/","og_locale":"en_GB","og_type":"article","og_title":"Crnogorski start up-ovi danas na samitu u Lisabonu - dmcsrb.com","og_description":"Privredna komora (PKCG) organizova\u0107e prvi put nastup crnogorskih start up-ova na zajedni\u010dkom \u0161tandu na presti\u017enom me\u0111unarodnom tehnolo\u0161kom doga\u0111aju Web Summit 2025, koji danas po\u010dinje u Lisabonu.","og_url":"https:\/\/dmcsrb.com\/en\/drustvo\/crnogorski-start-up-ovi-danas-na-samitu-u-lisabonu\/","og_site_name":"dmcsrb.com","article_published_time":"2025-11-10T07:13:00+00:00","og_image":[{"width":730,"height":816,"url":"https:\/\/dmcsrb.com\/wp-content\/uploads\/2026\/01\/PKCG.webp","type":"image\/webp"}],"author":"dmcsrbija.com@gmail.com","twitter_card":"summary_large_image","twitter_misc":{"Written by":"dmcsrbija.com@gmail.com","Estimated reading time":"1 minute"},"schema":{"@context":"https:\/\/schema.org","@graph":[{"@type":"Article","@id":"https:\/\/dmcsrb.com\/en\/drustvo\/crnogorski-start-up-ovi-danas-na-samitu-u-lisabonu\/#article","isPartOf":{"@id":"https:\/\/dmcsrb.com\/en\/drustvo\/crnogorski-start-up-ovi-danas-na-samitu-u-lisabonu\/"},"author":{"name":"dmcsrbija.com@gmail.com","@id":"https:\/\/dmcsrb.com\/#\/schema\/person\/5c39170f12db1b8b457732d0b5c854e2"},"headline":"Crnogorski start up-ovi danas na samitu u Lisabonu","datePublished":"2025-11-10T07:13:00+00:00","mainEntityOfPage":{"@id":"https:\/\/dmcsrb.com\/en\/drustvo\/crnogorski-start-up-ovi-danas-na-samitu-u-lisabonu\/"},"wordCount":281,"commentCount":0,"image":{"@id":"https:\/\/dmcsrb.com\/en\/drustvo\/crnogorski-start-up-ovi-danas-na-samitu-u-lisabonu\/#primaryimage"},"thumbnailUrl":"https:\/\/dmcsrb.com\/wp-content\/uploads\/2026\/01\/PKCG.webp","keywords":["Crna Gora","Lisabon","PKCG","Portugal","Start up"],"articleSection":["Dru\u0161tvo"],"inLanguage":"en-GB","potentialAction":[{"@type":"CommentAction","name":"Comment","target":["https:\/\/dmcsrb.com\/en\/drustvo\/crnogorski-start-up-ovi-danas-na-samitu-u-lisabonu\/#respond"]}]},{"@type":"WebPage","@id":"https:\/\/dmcsrb.com\/en\/drustvo\/crnogorski-start-up-ovi-danas-na-samitu-u-lisabonu\/","url":"https:\/\/dmcsrb.com\/en\/drustvo\/crnogorski-start-up-ovi-danas-na-samitu-u-lisabonu\/","name":"Crnogorski start up-ovi danas na samitu u Lisabonu - dmcsrb.com","isPartOf":{"@id":"https:\/\/dmcsrb.com\/#website"},"primaryImageOfPage":{"@id":"https:\/\/dmcsrb.com\/en\/drustvo\/crnogorski-start-up-ovi-danas-na-samitu-u-lisabonu\/#primaryimage"},"image":{"@id":"https:\/\/dmcsrb.com\/en\/drustvo\/crnogorski-start-up-ovi-danas-na-samitu-u-lisabonu\/#primaryimage"},"thumbnailUrl":"https:\/\/dmcsrb.com\/wp-content\/uploads\/2026\/01\/PKCG.webp","datePublished":"2025-11-10T07:13:00+00:00","author":{"@id":"https:\/\/dmcsrb.com\/#\/schema\/person\/5c39170f12db1b8b457732d0b5c854e2"},"breadcrumb":{"@id":"https:\/\/dmcsrb.com\/en\/drustvo\/crnogorski-start-up-ovi-danas-na-samitu-u-lisabonu\/#breadcrumb"},"inLanguage":"en-GB","potentialAction":[{"@type":"ReadAction","target":["https:\/\/dmcsrb.com\/en\/drustvo\/crnogorski-start-up-ovi-danas-na-samitu-u-lisabonu\/"]}]},{"@type":"ImageObject","inLanguage":"en-GB","@id":"https:\/\/dmcsrb.com\/en\/drustvo\/crnogorski-start-up-ovi-danas-na-samitu-u-lisabonu\/#primaryimage","url":"https:\/\/dmcsrb.com\/wp-content\/uploads\/2026\/01\/PKCG.webp","contentUrl":"https:\/\/dmcsrb.com\/wp-content\/uploads\/2026\/01\/PKCG.webp","width":730,"height":816},{"@type":"BreadcrumbList","@id":"https:\/\/dmcsrb.com\/en\/drustvo\/crnogorski-start-up-ovi-danas-na-samitu-u-lisabonu\/#breadcrumb","itemListElement":[{"@type":"ListItem","position":1,"name":"Home","item":"https:\/\/dmcsrb.com\/"},{"@type":"ListItem","position":2,"name":"Crnogorski start up-ovi danas na samitu u Lisabonu"}]},{"@type":"WebSite","@id":"https:\/\/dmcsrb.com\/#website","url":"https:\/\/dmcsrb.com\/","name":"dmcsrb.com","description":"","potentialAction":[{"@type":"SearchAction","target":{"@type":"EntryPoint","urlTemplate":"https:\/\/dmcsrb.com\/?s={search_term_string}"},"query-input":{"@type":"PropertyValueSpecification","valueRequired":true,"valueName":"search_term_string"}}],"inLanguage":"en-GB"},{"@type":"Person","@id":"https:\/\/dmcsrb.com\/#\/schema\/person\/5c39170f12db1b8b457732d0b5c854e2","name":"dmcsrbija.com@gmail.com","image":{"@type":"ImageObject","inLanguage":"en-GB","@id":"https:\/\/dmcsrb.com\/#\/schema\/person\/image\/","url":"https:\/\/secure.gravatar.com\/avatar\/68592660ad6347fad0fb587f8d5d8f1a7b44961362f56e4f2cd524feb87e9069?s=96&d=mm&r=g","contentUrl":"https:\/\/secure.gravatar.com\/avatar\/68592660ad6347fad0fb587f8d5d8f1a7b44961362f56e4f2cd524feb87e9069?s=96&d=mm&r=g","caption":"dmcsrbija.com@gmail.com"},"sameAs":["https:\/\/dmcsrb.com"],"url":"https:\/\/dmcsrb.com\/en\/author\/dmcsrbija-comgmail-com\/"}]}},"_links":{"self":[{"href":"https:\/\/dmcsrb.com\/en\/wp-json\/wp\/v2\/posts\/962857","targetHints":{"allow":["GET"]}}],"collection":[{"href":"https:\/\/dmcsrb.com\/en\/wp-json\/wp\/v2\/posts"}],"about":[{"href":"https:\/\/dmcsrb.com\/en\/wp-json\/wp\/v2\/types\/post"}],"author":[{"embeddable":true,"href":"https:\/\/dmcsrb.com\/en\/wp-json\/wp\/v2\/users\/1"}],"replies":[{"embeddable":true,"href":"https:\/\/dmcsrb.com\/en\/wp-json\/wp\/v2\/comments?post=962857"}],"version-history":[{"count":0,"href":"https:\/\/dmcsrb.com\/en\/wp-json\/wp\/v2\/posts\/962857\/revisions"}],"wp:featuredmedia":[{"embeddable":true,"href":"https:\/\/dmcsrb.com\/en\/wp-json\/wp\/v2\/media\/962858"}],"wp:attachment":[{"href":"https:\/\/dmcsrb.com\/en\/wp-json\/wp\/v2\/media?parent=962857"}],"wp:term":[{"taxonomy":"category","embeddable":true,"href":"https:\/\/dmcsrb.com\/en\/wp-json\/wp\/v2\/categories?post=962857"},{"taxonomy":"post_tag","embeddable":true,"href":"https:\/\/dmcsrb.com\/en\/wp-json\/wp\/v2\/tags?post=962857"},{"taxonomy":"naslovna","embeddable":true,"href":"https:\/\/dmcsrb.com\/en\/wp-json\/wp\/v2\/naslovna?post=962857"}],"curies":[{"name":"wp","href":"https:\/\/api.w.org\/{rel}","templated":true}]}}