{"id":962845,"date":"2025-11-09T22:00:00","date_gmt":"2025-11-09T21:00:00","guid":{"rendered":"https:\/\/dmcsrb.com\/uncategorized\/sudar-vozova-u-slovackoj-povrijedjeno-najmanje-deset-ljudi\/"},"modified":"2025-11-09T22:00:00","modified_gmt":"2025-11-09T21:00:00","slug":"sudar-vozova-u-slovackoj-povrijedjeno-najmanje-deset-ljudi","status":"publish","type":"post","link":"https:\/\/dmcsrb.com\/en\/svijet\/sudar-vozova-u-slovackoj-povrijedjeno-najmanje-deset-ljudi\/","title":{"rendered":"Sudar vozova u Slova\u010dkoj, povrije\u0111eno najmanje deset ljudi"},"content":{"rendered":"<p>Nesre\u0107a se dogodila na dionici Pezinok\u2013Sveti Jur nakon napu\u0161tanja stanice Pezinok, prenose slova\u010dki mediji.<\/p>\n\n\n\n<p>Sve spasila\u010dke slu\u017ebe su upu\u0107ene na lice mjesta, potvrdila je Regionalna direkcija Policijskih snaga u Bratislavi, koja je o doga\u0111aju izvijestila na dru\u0161tvenim mre\u017eama, a kasnije i Slova\u010dka \u017eelezni\u010dka kompanija i Slova\u010dke \u017eeleznice.<\/p>\n\n\n\n<p>Portparolka Slova\u010dke \u017eeljeznice Petra Lanikova rekla je da spasila\u010dke slu\u017ebe evakui\u0161u putnike iz voza na bezbjedno mesto,ali i da pru\u017eaju pomo\u0107 povrije\u0111enima.<\/p>\n\n\n\n<p>Premijer Robert Fico pozvao je na smirenost.<\/p>\n\n\n\n<p>&#8220;Sada bi svi trebalo da se ujedinimo i mislimo na povre\u0111ene, a ne da \u0161irimo besmislice pune mr\u017enje&#8221;, naveo je Fico na\u00a0Fejsbuku.<\/p>\n\n\n\n<p>Potvrdio je i da je u kontaktu sa \u010dlanovima Vlade, kao i da su aktivirane sve spasila\u010dke slu\u017ebe.<\/p>\n\n\n\n<p>Fico je po\u017eelio je povrije\u0111enima brz oporavak i dodao da \u0107e nakon zavr\u0161etka spasila\u010dkih akcija biti utvr\u0111eno da li je u pitanju tehni\u010dka ili ljudska gre\u0161ka.<\/p>\n\n\n\n<p><\/p>","protected":false},"excerpt":{"rendered":"<p>Najmanje 10 ljudi je povre\u0111eno kada su se u Slova\u010dkoj sudarila dva voza.<\/p>","protected":false},"author":1,"featured_media":944957,"comment_status":"open","ping_status":"open","sticky":false,"template":"","format":"standard","meta":{"_acf_changed":false,"footnotes":""},"categories":[144],"tags":[2776,8869,2595],"naslovna":[],"class_list":["post-962845","post","type-post","status-publish","format-standard","has-post-thumbnail","hentry","category-svijet","tag-slovacka-2","tag-sudar","tag-voz"],"acf":[],"yoast_head":"<!-- This site is optimized with the Yoast SEO plugin v27.4 - https:\/\/yoast.com\/product\/yoast-seo-wordpress\/ -->\n<title>Sudar vozova u Slova\u010dkoj, povrije\u0111eno najmanje deset ljudi - dmcsrb.com<\/title>\n<meta name=\"robots\" content=\"index, follow, max-snippet:-1, max-image-preview:large, max-video-preview:-1\" \/>\n<link rel=\"canonical\" href=\"https:\/\/dmcsrb.com\/en\/svijet\/sudar-vozova-u-slovackoj-povrijedjeno-najmanje-deset-ljudi\/\" \/>\n<meta property=\"og:locale\" content=\"en_GB\" \/>\n<meta property=\"og:type\" content=\"article\" \/>\n<meta property=\"og:title\" content=\"Sudar vozova u Slova\u010dkoj, povrije\u0111eno najmanje deset ljudi - dmcsrb.com\" \/>\n<meta property=\"og:description\" content=\"Najmanje 10 ljudi je povre\u0111eno kada su se u Slova\u010dkoj sudarila dva voza.\" \/>\n<meta property=\"og:url\" content=\"https:\/\/dmcsrb.com\/en\/svijet\/sudar-vozova-u-slovackoj-povrijedjeno-najmanje-deset-ljudi\/\" \/>\n<meta property=\"og:site_name\" content=\"dmcsrb.com\" \/>\n<meta property=\"article:published_time\" content=\"2025-11-09T21:00:00+00:00\" \/>\n<meta property=\"og:image\" content=\"https:\/\/dmcsrb.com\/wp-content\/uploads\/2026\/01\/slovacka1.webp\" \/>\n\t<meta property=\"og:image:width\" content=\"840\" \/>\n\t<meta property=\"og:image:height\" content=\"555\" \/>\n\t<meta property=\"og:image:type\" content=\"image\/jpeg\" \/>\n<meta name=\"author\" content=\"dmcsrbija.com@gmail.com\" \/>\n<meta name=\"twitter:card\" content=\"summary_large_image\" \/>\n<meta name=\"twitter:label1\" content=\"Written by\" \/>\n\t<meta name=\"twitter:data1\" content=\"dmcsrbija.com@gmail.com\" \/>\n\t<meta name=\"twitter:label2\" content=\"Estimated reading time\" \/>\n\t<meta name=\"twitter:data2\" content=\"1 minute\" \/>\n<script type=\"application\/ld+json\" class=\"yoast-schema-graph\">{\"@context\":\"https:\\\/\\\/schema.org\",\"@graph\":[{\"@type\":\"Article\",\"@id\":\"https:\\\/\\\/dmcsrb.com\\\/en\\\/svijet\\\/sudar-vozova-u-slovackoj-povrijedjeno-najmanje-deset-ljudi\\\/#article\",\"isPartOf\":{\"@id\":\"https:\\\/\\\/dmcsrb.com\\\/en\\\/svijet\\\/sudar-vozova-u-slovackoj-povrijedjeno-najmanje-deset-ljudi\\\/\"},\"author\":{\"name\":\"dmcsrbija.com@gmail.com\",\"@id\":\"https:\\\/\\\/dmcsrb.com\\\/#\\\/schema\\\/person\\\/5c39170f12db1b8b457732d0b5c854e2\"},\"headline\":\"Sudar vozova u Slova\u010dkoj, povrije\u0111eno najmanje deset ljudi\",\"datePublished\":\"2025-11-09T21:00:00+00:00\",\"mainEntityOfPage\":{\"@id\":\"https:\\\/\\\/dmcsrb.com\\\/en\\\/svijet\\\/sudar-vozova-u-slovackoj-povrijedjeno-najmanje-deset-ljudi\\\/\"},\"wordCount\":184,\"commentCount\":0,\"image\":{\"@id\":\"https:\\\/\\\/dmcsrb.com\\\/en\\\/svijet\\\/sudar-vozova-u-slovackoj-povrijedjeno-najmanje-deset-ljudi\\\/#primaryimage\"},\"thumbnailUrl\":\"https:\\\/\\\/dmcsrb.com\\\/wp-content\\\/uploads\\\/2026\\\/01\\\/slovacka1.webp\",\"keywords\":[\"Slova\u010dka\",\"sudar\",\"voz\"],\"articleSection\":[\"Svijet\"],\"inLanguage\":\"en-GB\",\"potentialAction\":[{\"@type\":\"CommentAction\",\"name\":\"Comment\",\"target\":[\"https:\\\/\\\/dmcsrb.com\\\/en\\\/svijet\\\/sudar-vozova-u-slovackoj-povrijedjeno-najmanje-deset-ljudi\\\/#respond\"]}]},{\"@type\":\"WebPage\",\"@id\":\"https:\\\/\\\/dmcsrb.com\\\/en\\\/svijet\\\/sudar-vozova-u-slovackoj-povrijedjeno-najmanje-deset-ljudi\\\/\",\"url\":\"https:\\\/\\\/dmcsrb.com\\\/en\\\/svijet\\\/sudar-vozova-u-slovackoj-povrijedjeno-najmanje-deset-ljudi\\\/\",\"name\":\"Sudar vozova u Slova\u010dkoj, povrije\u0111eno najmanje deset ljudi - dmcsrb.com\",\"isPartOf\":{\"@id\":\"https:\\\/\\\/dmcsrb.com\\\/#website\"},\"primaryImageOfPage\":{\"@id\":\"https:\\\/\\\/dmcsrb.com\\\/en\\\/svijet\\\/sudar-vozova-u-slovackoj-povrijedjeno-najmanje-deset-ljudi\\\/#primaryimage\"},\"image\":{\"@id\":\"https:\\\/\\\/dmcsrb.com\\\/en\\\/svijet\\\/sudar-vozova-u-slovackoj-povrijedjeno-najmanje-deset-ljudi\\\/#primaryimage\"},\"thumbnailUrl\":\"https:\\\/\\\/dmcsrb.com\\\/wp-content\\\/uploads\\\/2026\\\/01\\\/slovacka1.webp\",\"datePublished\":\"2025-11-09T21:00:00+00:00\",\"author\":{\"@id\":\"https:\\\/\\\/dmcsrb.com\\\/#\\\/schema\\\/person\\\/5c39170f12db1b8b457732d0b5c854e2\"},\"breadcrumb\":{\"@id\":\"https:\\\/\\\/dmcsrb.com\\\/en\\\/svijet\\\/sudar-vozova-u-slovackoj-povrijedjeno-najmanje-deset-ljudi\\\/#breadcrumb\"},\"inLanguage\":\"en-GB\",\"potentialAction\":[{\"@type\":\"ReadAction\",\"target\":[\"https:\\\/\\\/dmcsrb.com\\\/en\\\/svijet\\\/sudar-vozova-u-slovackoj-povrijedjeno-najmanje-deset-ljudi\\\/\"]}]},{\"@type\":\"ImageObject\",\"inLanguage\":\"en-GB\",\"@id\":\"https:\\\/\\\/dmcsrb.com\\\/en\\\/svijet\\\/sudar-vozova-u-slovackoj-povrijedjeno-najmanje-deset-ljudi\\\/#primaryimage\",\"url\":\"https:\\\/\\\/dmcsrb.com\\\/wp-content\\\/uploads\\\/2026\\\/01\\\/slovacka1.webp\",\"contentUrl\":\"https:\\\/\\\/dmcsrb.com\\\/wp-content\\\/uploads\\\/2026\\\/01\\\/slovacka1.webp\",\"width\":840,\"height\":555},{\"@type\":\"BreadcrumbList\",\"@id\":\"https:\\\/\\\/dmcsrb.com\\\/en\\\/svijet\\\/sudar-vozova-u-slovackoj-povrijedjeno-najmanje-deset-ljudi\\\/#breadcrumb\",\"itemListElement\":[{\"@type\":\"ListItem\",\"position\":1,\"name\":\"Home\",\"item\":\"https:\\\/\\\/dmcsrb.com\\\/\"},{\"@type\":\"ListItem\",\"position\":2,\"name\":\"Sudar vozova u Slova\u010dkoj, povrije\u0111eno najmanje deset ljudi\"}]},{\"@type\":\"WebSite\",\"@id\":\"https:\\\/\\\/dmcsrb.com\\\/#website\",\"url\":\"https:\\\/\\\/dmcsrb.com\\\/\",\"name\":\"dmcsrb.com\",\"description\":\"\",\"potentialAction\":[{\"@type\":\"SearchAction\",\"target\":{\"@type\":\"EntryPoint\",\"urlTemplate\":\"https:\\\/\\\/dmcsrb.com\\\/?s={search_term_string}\"},\"query-input\":{\"@type\":\"PropertyValueSpecification\",\"valueRequired\":true,\"valueName\":\"search_term_string\"}}],\"inLanguage\":\"en-GB\"},{\"@type\":\"Person\",\"@id\":\"https:\\\/\\\/dmcsrb.com\\\/#\\\/schema\\\/person\\\/5c39170f12db1b8b457732d0b5c854e2\",\"name\":\"dmcsrbija.com@gmail.com\",\"image\":{\"@type\":\"ImageObject\",\"inLanguage\":\"en-GB\",\"@id\":\"https:\\\/\\\/secure.gravatar.com\\\/avatar\\\/68592660ad6347fad0fb587f8d5d8f1a7b44961362f56e4f2cd524feb87e9069?s=96&d=mm&r=g\",\"url\":\"https:\\\/\\\/secure.gravatar.com\\\/avatar\\\/68592660ad6347fad0fb587f8d5d8f1a7b44961362f56e4f2cd524feb87e9069?s=96&d=mm&r=g\",\"contentUrl\":\"https:\\\/\\\/secure.gravatar.com\\\/avatar\\\/68592660ad6347fad0fb587f8d5d8f1a7b44961362f56e4f2cd524feb87e9069?s=96&d=mm&r=g\",\"caption\":\"dmcsrbija.com@gmail.com\"},\"sameAs\":[\"https:\\\/\\\/dmcsrb.com\"],\"url\":\"https:\\\/\\\/dmcsrb.com\\\/en\\\/author\\\/dmcsrbija-comgmail-com\\\/\"}]}<\/script>\n<!-- \/ Yoast SEO plugin. -->","yoast_head_json":{"title":"Sudar vozova u Slova\u010dkoj, povrije\u0111eno najmanje deset ljudi - dmcsrb.com","robots":{"index":"index","follow":"follow","max-snippet":"max-snippet:-1","max-image-preview":"max-image-preview:large","max-video-preview":"max-video-preview:-1"},"canonical":"https:\/\/dmcsrb.com\/en\/svijet\/sudar-vozova-u-slovackoj-povrijedjeno-najmanje-deset-ljudi\/","og_locale":"en_GB","og_type":"article","og_title":"Sudar vozova u Slova\u010dkoj, povrije\u0111eno najmanje deset ljudi - dmcsrb.com","og_description":"Najmanje 10 ljudi je povre\u0111eno kada su se u Slova\u010dkoj sudarila dva voza.","og_url":"https:\/\/dmcsrb.com\/en\/svijet\/sudar-vozova-u-slovackoj-povrijedjeno-najmanje-deset-ljudi\/","og_site_name":"dmcsrb.com","article_published_time":"2025-11-09T21:00:00+00:00","og_image":[{"width":840,"height":555,"url":"https:\/\/dmcsrb.com\/wp-content\/uploads\/2026\/01\/slovacka1.webp","type":"image\/jpeg"}],"author":"dmcsrbija.com@gmail.com","twitter_card":"summary_large_image","twitter_misc":{"Written by":"dmcsrbija.com@gmail.com","Estimated reading time":"1 minute"},"schema":{"@context":"https:\/\/schema.org","@graph":[{"@type":"Article","@id":"https:\/\/dmcsrb.com\/en\/svijet\/sudar-vozova-u-slovackoj-povrijedjeno-najmanje-deset-ljudi\/#article","isPartOf":{"@id":"https:\/\/dmcsrb.com\/en\/svijet\/sudar-vozova-u-slovackoj-povrijedjeno-najmanje-deset-ljudi\/"},"author":{"name":"dmcsrbija.com@gmail.com","@id":"https:\/\/dmcsrb.com\/#\/schema\/person\/5c39170f12db1b8b457732d0b5c854e2"},"headline":"Sudar vozova u Slova\u010dkoj, povrije\u0111eno najmanje deset ljudi","datePublished":"2025-11-09T21:00:00+00:00","mainEntityOfPage":{"@id":"https:\/\/dmcsrb.com\/en\/svijet\/sudar-vozova-u-slovackoj-povrijedjeno-najmanje-deset-ljudi\/"},"wordCount":184,"commentCount":0,"image":{"@id":"https:\/\/dmcsrb.com\/en\/svijet\/sudar-vozova-u-slovackoj-povrijedjeno-najmanje-deset-ljudi\/#primaryimage"},"thumbnailUrl":"https:\/\/dmcsrb.com\/wp-content\/uploads\/2026\/01\/slovacka1.webp","keywords":["Slova\u010dka","sudar","voz"],"articleSection":["Svijet"],"inLanguage":"en-GB","potentialAction":[{"@type":"CommentAction","name":"Comment","target":["https:\/\/dmcsrb.com\/en\/svijet\/sudar-vozova-u-slovackoj-povrijedjeno-najmanje-deset-ljudi\/#respond"]}]},{"@type":"WebPage","@id":"https:\/\/dmcsrb.com\/en\/svijet\/sudar-vozova-u-slovackoj-povrijedjeno-najmanje-deset-ljudi\/","url":"https:\/\/dmcsrb.com\/en\/svijet\/sudar-vozova-u-slovackoj-povrijedjeno-najmanje-deset-ljudi\/","name":"Sudar vozova u Slova\u010dkoj, povrije\u0111eno najmanje deset ljudi - dmcsrb.com","isPartOf":{"@id":"https:\/\/dmcsrb.com\/#website"},"primaryImageOfPage":{"@id":"https:\/\/dmcsrb.com\/en\/svijet\/sudar-vozova-u-slovackoj-povrijedjeno-najmanje-deset-ljudi\/#primaryimage"},"image":{"@id":"https:\/\/dmcsrb.com\/en\/svijet\/sudar-vozova-u-slovackoj-povrijedjeno-najmanje-deset-ljudi\/#primaryimage"},"thumbnailUrl":"https:\/\/dmcsrb.com\/wp-content\/uploads\/2026\/01\/slovacka1.webp","datePublished":"2025-11-09T21:00:00+00:00","author":{"@id":"https:\/\/dmcsrb.com\/#\/schema\/person\/5c39170f12db1b8b457732d0b5c854e2"},"breadcrumb":{"@id":"https:\/\/dmcsrb.com\/en\/svijet\/sudar-vozova-u-slovackoj-povrijedjeno-najmanje-deset-ljudi\/#breadcrumb"},"inLanguage":"en-GB","potentialAction":[{"@type":"ReadAction","target":["https:\/\/dmcsrb.com\/en\/svijet\/sudar-vozova-u-slovackoj-povrijedjeno-najmanje-deset-ljudi\/"]}]},{"@type":"ImageObject","inLanguage":"en-GB","@id":"https:\/\/dmcsrb.com\/en\/svijet\/sudar-vozova-u-slovackoj-povrijedjeno-najmanje-deset-ljudi\/#primaryimage","url":"https:\/\/dmcsrb.com\/wp-content\/uploads\/2026\/01\/slovacka1.webp","contentUrl":"https:\/\/dmcsrb.com\/wp-content\/uploads\/2026\/01\/slovacka1.webp","width":840,"height":555},{"@type":"BreadcrumbList","@id":"https:\/\/dmcsrb.com\/en\/svijet\/sudar-vozova-u-slovackoj-povrijedjeno-najmanje-deset-ljudi\/#breadcrumb","itemListElement":[{"@type":"ListItem","position":1,"name":"Home","item":"https:\/\/dmcsrb.com\/"},{"@type":"ListItem","position":2,"name":"Sudar vozova u Slova\u010dkoj, povrije\u0111eno najmanje deset ljudi"}]},{"@type":"WebSite","@id":"https:\/\/dmcsrb.com\/#website","url":"https:\/\/dmcsrb.com\/","name":"dmcsrb.com","description":"","potentialAction":[{"@type":"SearchAction","target":{"@type":"EntryPoint","urlTemplate":"https:\/\/dmcsrb.com\/?s={search_term_string}"},"query-input":{"@type":"PropertyValueSpecification","valueRequired":true,"valueName":"search_term_string"}}],"inLanguage":"en-GB"},{"@type":"Person","@id":"https:\/\/dmcsrb.com\/#\/schema\/person\/5c39170f12db1b8b457732d0b5c854e2","name":"dmcsrbija.com@gmail.com","image":{"@type":"ImageObject","inLanguage":"en-GB","@id":"https:\/\/secure.gravatar.com\/avatar\/68592660ad6347fad0fb587f8d5d8f1a7b44961362f56e4f2cd524feb87e9069?s=96&d=mm&r=g","url":"https:\/\/secure.gravatar.com\/avatar\/68592660ad6347fad0fb587f8d5d8f1a7b44961362f56e4f2cd524feb87e9069?s=96&d=mm&r=g","contentUrl":"https:\/\/secure.gravatar.com\/avatar\/68592660ad6347fad0fb587f8d5d8f1a7b44961362f56e4f2cd524feb87e9069?s=96&d=mm&r=g","caption":"dmcsrbija.com@gmail.com"},"sameAs":["https:\/\/dmcsrb.com"],"url":"https:\/\/dmcsrb.com\/en\/author\/dmcsrbija-comgmail-com\/"}]}},"_links":{"self":[{"href":"https:\/\/dmcsrb.com\/en\/wp-json\/wp\/v2\/posts\/962845","targetHints":{"allow":["GET"]}}],"collection":[{"href":"https:\/\/dmcsrb.com\/en\/wp-json\/wp\/v2\/posts"}],"about":[{"href":"https:\/\/dmcsrb.com\/en\/wp-json\/wp\/v2\/types\/post"}],"author":[{"embeddable":true,"href":"https:\/\/dmcsrb.com\/en\/wp-json\/wp\/v2\/users\/1"}],"replies":[{"embeddable":true,"href":"https:\/\/dmcsrb.com\/en\/wp-json\/wp\/v2\/comments?post=962845"}],"version-history":[{"count":0,"href":"https:\/\/dmcsrb.com\/en\/wp-json\/wp\/v2\/posts\/962845\/revisions"}],"wp:featuredmedia":[{"embeddable":true,"href":"https:\/\/dmcsrb.com\/en\/wp-json\/wp\/v2\/media\/944957"}],"wp:attachment":[{"href":"https:\/\/dmcsrb.com\/en\/wp-json\/wp\/v2\/media?parent=962845"}],"wp:term":[{"taxonomy":"category","embeddable":true,"href":"https:\/\/dmcsrb.com\/en\/wp-json\/wp\/v2\/categories?post=962845"},{"taxonomy":"post_tag","embeddable":true,"href":"https:\/\/dmcsrb.com\/en\/wp-json\/wp\/v2\/tags?post=962845"},{"taxonomy":"naslovna","embeddable":true,"href":"https:\/\/dmcsrb.com\/en\/wp-json\/wp\/v2\/naslovna?post=962845"}],"curies":[{"name":"wp","href":"https:\/\/api.w.org\/{rel}","templated":true}]}}