{"id":962825,"date":"2025-11-09T19:35:00","date_gmt":"2025-11-09T18:35:00","guid":{"rendered":"https:\/\/dmcsrb.com\/uncategorized\/tramp-nominovao-dzona-koula-za-specijalnog-izaslanika-sad-u-bjelorusiji\/"},"modified":"2025-11-09T19:35:00","modified_gmt":"2025-11-09T18:35:00","slug":"tramp-nominovao-dzona-koula-za-specijalnog-izaslanika-sad-u-bjelorusiji","status":"publish","type":"post","link":"https:\/\/dmcsrb.com\/en\/svijet\/tramp-nominovao-dzona-koula-za-specijalnog-izaslanika-sad-u-bjelorusiji\/","title":{"rendered":"Tramp nominovao D\u017eona Koula za specijalnog izaslanika SAD u Bjelorusiji"},"content":{"rendered":"<p>D\u017eon Koul ve\u0107 je uspje\u0161no pregovarao o osloba\u0111anju 100 talaca i trenutno radi na osloba\u0111anju dodatnih 50, naveo je Donald Tramp u objavi na dru\u0161tvenim mre\u017eama.<\/p>\n\n\n\n<p>&#8220;\u017delio bih unapred da zahvalim veoma po\u0161tovanom predsjedniku Belorusije Aleksandru Luka\u0161enku na razmatranju osloba\u0111anja dodatnih ljudi&#8221;, istakao je Tramp.<\/p>\n\n\n\n<p>Koul je po obrazovanju advokat, koji trenutno obavlja funkciju zamjenika specijalnog izaslanika Trampa za Ukrajinu.\u00a0<\/p>\n\n\n\n<p>Bjelorusija je va\u017ean saveznik Rusije tokom rata protiv Ukrajine, ali Tramp je poslednjih mjeseci nastojao da njeguje bli\u017ee veze sa dugogodi\u0161njim bjeloruskim predsjednikom Aleksandrom Luka\u0161enkom.<\/p>\n\n\n\n<p>U septembru je\u00a0Bjelorusija oslobodila 52 zatvorenika\u00a0nakon Trampovog apela. \u0160ef Bijele ku\u0107e je prethodno pozvao Luka\u0161enka, koji je na vlasti vi\u0161e od 30 godina, da oslobodi 1.400 zatvorenika koje je ameri\u010dki lider opisao kao taoce.<\/p>\n\n\n\n<p>To je bila najve\u0107a grupa zatvorenika koju je pomilovao Luka\u0161enko, koji nastoji da popravi odnose sa SAD nakon godina izolacije i sankcija.<\/p>\n\n\n\n<p>Sjedinjene Ameri\u010dke Dr\u017eave su zatvorile svoju ambasadu u Minsku u februaru 2022. godine.<\/p>","protected":false},"excerpt":{"rendered":"<p>Ameri\u010dki predsjednik Donald Tramp nominovao je advokata D\u017eona Koula za specijalnog izaslanika SAD u Belorusiji.<\/p>","protected":false},"author":1,"featured_media":909320,"comment_status":"open","ping_status":"open","sticky":false,"template":"","format":"standard","meta":{"_acf_changed":false,"footnotes":""},"categories":[144],"tags":[2134,14032,14033,14034,195],"naslovna":[],"class_list":["post-962825","post","type-post","status-publish","format-standard","has-post-thumbnail","hentry","category-svijet","tag-bjelorusija","tag-donald-tarmp","tag-dzon-koul","tag-izasalnik","tag-sad"],"acf":[],"yoast_head":"<!-- This site is optimized with the Yoast SEO plugin v27.4 - https:\/\/yoast.com\/product\/yoast-seo-wordpress\/ -->\n<title>Tramp nominovao D\u017eona Koula za specijalnog izaslanika SAD u Bjelorusiji - dmcsrb.com<\/title>\n<meta name=\"robots\" content=\"index, follow, max-snippet:-1, max-image-preview:large, max-video-preview:-1\" \/>\n<link rel=\"canonical\" href=\"https:\/\/dmcsrb.com\/en\/svijet\/tramp-nominovao-dzona-koula-za-specijalnog-izaslanika-sad-u-bjelorusiji\/\" \/>\n<meta property=\"og:locale\" content=\"en_GB\" \/>\n<meta property=\"og:type\" content=\"article\" \/>\n<meta property=\"og:title\" content=\"Tramp nominovao D\u017eona Koula za specijalnog izaslanika SAD u Bjelorusiji - dmcsrb.com\" \/>\n<meta property=\"og:description\" content=\"Ameri\u010dki predsjednik Donald Tramp nominovao je advokata D\u017eona Koula za specijalnog izaslanika SAD u Belorusiji.\" \/>\n<meta property=\"og:url\" content=\"https:\/\/dmcsrb.com\/en\/svijet\/tramp-nominovao-dzona-koula-za-specijalnog-izaslanika-sad-u-bjelorusiji\/\" \/>\n<meta property=\"og:site_name\" content=\"dmcsrb.com\" \/>\n<meta property=\"article:published_time\" content=\"2025-11-09T18:35:00+00:00\" \/>\n<meta property=\"og:image\" content=\"https:\/\/dmcsrb.com\/wp-content\/uploads\/2026\/01\/Dinald-Tramp-AP.jpg\" \/>\n\t<meta property=\"og:image:width\" content=\"750\" \/>\n\t<meta property=\"og:image:height\" content=\"482\" \/>\n\t<meta property=\"og:image:type\" content=\"image\/jpeg\" \/>\n<meta name=\"author\" content=\"dmcsrbija.com@gmail.com\" \/>\n<meta name=\"twitter:card\" content=\"summary_large_image\" \/>\n<meta name=\"twitter:label1\" content=\"Written by\" \/>\n\t<meta name=\"twitter:data1\" content=\"dmcsrbija.com@gmail.com\" \/>\n\t<meta name=\"twitter:label2\" content=\"Estimated reading time\" \/>\n\t<meta name=\"twitter:data2\" content=\"1 minute\" \/>\n<script type=\"application\/ld+json\" class=\"yoast-schema-graph\">{\"@context\":\"https:\\\/\\\/schema.org\",\"@graph\":[{\"@type\":\"Article\",\"@id\":\"https:\\\/\\\/dmcsrb.com\\\/svijet\\\/tramp-nominovao-dzona-koula-za-specijalnog-izaslanika-sad-u-bjelorusiji\\\/#article\",\"isPartOf\":{\"@id\":\"https:\\\/\\\/dmcsrb.com\\\/svijet\\\/tramp-nominovao-dzona-koula-za-specijalnog-izaslanika-sad-u-bjelorusiji\\\/\"},\"author\":{\"name\":\"dmcsrbija.com@gmail.com\",\"@id\":\"https:\\\/\\\/dmcsrb.com\\\/#\\\/schema\\\/person\\\/5c39170f12db1b8b457732d0b5c854e2\"},\"headline\":\"Tramp nominovao D\u017eona Koula za specijalnog izaslanika SAD u Bjelorusiji\",\"datePublished\":\"2025-11-09T18:35:00+00:00\",\"mainEntityOfPage\":{\"@id\":\"https:\\\/\\\/dmcsrb.com\\\/svijet\\\/tramp-nominovao-dzona-koula-za-specijalnog-izaslanika-sad-u-bjelorusiji\\\/\"},\"wordCount\":182,\"commentCount\":0,\"image\":{\"@id\":\"https:\\\/\\\/dmcsrb.com\\\/svijet\\\/tramp-nominovao-dzona-koula-za-specijalnog-izaslanika-sad-u-bjelorusiji\\\/#primaryimage\"},\"thumbnailUrl\":\"https:\\\/\\\/dmcsrb.com\\\/wp-content\\\/uploads\\\/2026\\\/01\\\/Dinald-Tramp-AP.jpg\",\"keywords\":[\"Bjelorusija\",\"Donald Tarmp\",\"D\u017eon Koul\",\"Izasalnik\",\"SAD\"],\"articleSection\":[\"Svijet\"],\"inLanguage\":\"en-GB\",\"potentialAction\":[{\"@type\":\"CommentAction\",\"name\":\"Comment\",\"target\":[\"https:\\\/\\\/dmcsrb.com\\\/svijet\\\/tramp-nominovao-dzona-koula-za-specijalnog-izaslanika-sad-u-bjelorusiji\\\/#respond\"]}]},{\"@type\":\"WebPage\",\"@id\":\"https:\\\/\\\/dmcsrb.com\\\/svijet\\\/tramp-nominovao-dzona-koula-za-specijalnog-izaslanika-sad-u-bjelorusiji\\\/\",\"url\":\"https:\\\/\\\/dmcsrb.com\\\/svijet\\\/tramp-nominovao-dzona-koula-za-specijalnog-izaslanika-sad-u-bjelorusiji\\\/\",\"name\":\"Tramp nominovao D\u017eona Koula za specijalnog izaslanika SAD u Bjelorusiji - dmcsrb.com\",\"isPartOf\":{\"@id\":\"https:\\\/\\\/dmcsrb.com\\\/#website\"},\"primaryImageOfPage\":{\"@id\":\"https:\\\/\\\/dmcsrb.com\\\/svijet\\\/tramp-nominovao-dzona-koula-za-specijalnog-izaslanika-sad-u-bjelorusiji\\\/#primaryimage\"},\"image\":{\"@id\":\"https:\\\/\\\/dmcsrb.com\\\/svijet\\\/tramp-nominovao-dzona-koula-za-specijalnog-izaslanika-sad-u-bjelorusiji\\\/#primaryimage\"},\"thumbnailUrl\":\"https:\\\/\\\/dmcsrb.com\\\/wp-content\\\/uploads\\\/2026\\\/01\\\/Dinald-Tramp-AP.jpg\",\"datePublished\":\"2025-11-09T18:35:00+00:00\",\"author\":{\"@id\":\"https:\\\/\\\/dmcsrb.com\\\/#\\\/schema\\\/person\\\/5c39170f12db1b8b457732d0b5c854e2\"},\"breadcrumb\":{\"@id\":\"https:\\\/\\\/dmcsrb.com\\\/svijet\\\/tramp-nominovao-dzona-koula-za-specijalnog-izaslanika-sad-u-bjelorusiji\\\/#breadcrumb\"},\"inLanguage\":\"en-GB\",\"potentialAction\":[{\"@type\":\"ReadAction\",\"target\":[\"https:\\\/\\\/dmcsrb.com\\\/svijet\\\/tramp-nominovao-dzona-koula-za-specijalnog-izaslanika-sad-u-bjelorusiji\\\/\"]}]},{\"@type\":\"ImageObject\",\"inLanguage\":\"en-GB\",\"@id\":\"https:\\\/\\\/dmcsrb.com\\\/svijet\\\/tramp-nominovao-dzona-koula-za-specijalnog-izaslanika-sad-u-bjelorusiji\\\/#primaryimage\",\"url\":\"https:\\\/\\\/dmcsrb.com\\\/wp-content\\\/uploads\\\/2026\\\/01\\\/Dinald-Tramp-AP.jpg\",\"contentUrl\":\"https:\\\/\\\/dmcsrb.com\\\/wp-content\\\/uploads\\\/2026\\\/01\\\/Dinald-Tramp-AP.jpg\",\"width\":750,\"height\":482},{\"@type\":\"BreadcrumbList\",\"@id\":\"https:\\\/\\\/dmcsrb.com\\\/svijet\\\/tramp-nominovao-dzona-koula-za-specijalnog-izaslanika-sad-u-bjelorusiji\\\/#breadcrumb\",\"itemListElement\":[{\"@type\":\"ListItem\",\"position\":1,\"name\":\"Home\",\"item\":\"https:\\\/\\\/dmcsrb.com\\\/\"},{\"@type\":\"ListItem\",\"position\":2,\"name\":\"Tramp nominovao D\u017eona Koula za specijalnog izaslanika SAD u Bjelorusiji\"}]},{\"@type\":\"WebSite\",\"@id\":\"https:\\\/\\\/dmcsrb.com\\\/#website\",\"url\":\"https:\\\/\\\/dmcsrb.com\\\/\",\"name\":\"dmcsrb.com\",\"description\":\"\",\"potentialAction\":[{\"@type\":\"SearchAction\",\"target\":{\"@type\":\"EntryPoint\",\"urlTemplate\":\"https:\\\/\\\/dmcsrb.com\\\/?s={search_term_string}\"},\"query-input\":{\"@type\":\"PropertyValueSpecification\",\"valueRequired\":true,\"valueName\":\"search_term_string\"}}],\"inLanguage\":\"en-GB\"},{\"@type\":\"Person\",\"@id\":\"https:\\\/\\\/dmcsrb.com\\\/#\\\/schema\\\/person\\\/5c39170f12db1b8b457732d0b5c854e2\",\"name\":\"dmcsrbija.com@gmail.com\",\"image\":{\"@type\":\"ImageObject\",\"inLanguage\":\"en-GB\",\"@id\":\"https:\\\/\\\/secure.gravatar.com\\\/avatar\\\/68592660ad6347fad0fb587f8d5d8f1a7b44961362f56e4f2cd524feb87e9069?s=96&d=mm&r=g\",\"url\":\"https:\\\/\\\/secure.gravatar.com\\\/avatar\\\/68592660ad6347fad0fb587f8d5d8f1a7b44961362f56e4f2cd524feb87e9069?s=96&d=mm&r=g\",\"contentUrl\":\"https:\\\/\\\/secure.gravatar.com\\\/avatar\\\/68592660ad6347fad0fb587f8d5d8f1a7b44961362f56e4f2cd524feb87e9069?s=96&d=mm&r=g\",\"caption\":\"dmcsrbija.com@gmail.com\"},\"sameAs\":[\"https:\\\/\\\/dmcsrb.com\"],\"url\":\"https:\\\/\\\/dmcsrb.com\\\/en\\\/author\\\/dmcsrbija-comgmail-com\\\/\"}]}<\/script>\n<!-- \/ Yoast SEO plugin. -->","yoast_head_json":{"title":"Tramp nominovao D\u017eona Koula za specijalnog izaslanika SAD u Bjelorusiji - dmcsrb.com","robots":{"index":"index","follow":"follow","max-snippet":"max-snippet:-1","max-image-preview":"max-image-preview:large","max-video-preview":"max-video-preview:-1"},"canonical":"https:\/\/dmcsrb.com\/en\/svijet\/tramp-nominovao-dzona-koula-za-specijalnog-izaslanika-sad-u-bjelorusiji\/","og_locale":"en_GB","og_type":"article","og_title":"Tramp nominovao D\u017eona Koula za specijalnog izaslanika SAD u Bjelorusiji - dmcsrb.com","og_description":"Ameri\u010dki predsjednik Donald Tramp nominovao je advokata D\u017eona Koula za specijalnog izaslanika SAD u Belorusiji.","og_url":"https:\/\/dmcsrb.com\/en\/svijet\/tramp-nominovao-dzona-koula-za-specijalnog-izaslanika-sad-u-bjelorusiji\/","og_site_name":"dmcsrb.com","article_published_time":"2025-11-09T18:35:00+00:00","og_image":[{"width":750,"height":482,"url":"https:\/\/dmcsrb.com\/wp-content\/uploads\/2026\/01\/Dinald-Tramp-AP.jpg","type":"image\/jpeg"}],"author":"dmcsrbija.com@gmail.com","twitter_card":"summary_large_image","twitter_misc":{"Written by":"dmcsrbija.com@gmail.com","Estimated reading time":"1 minute"},"schema":{"@context":"https:\/\/schema.org","@graph":[{"@type":"Article","@id":"https:\/\/dmcsrb.com\/svijet\/tramp-nominovao-dzona-koula-za-specijalnog-izaslanika-sad-u-bjelorusiji\/#article","isPartOf":{"@id":"https:\/\/dmcsrb.com\/svijet\/tramp-nominovao-dzona-koula-za-specijalnog-izaslanika-sad-u-bjelorusiji\/"},"author":{"name":"dmcsrbija.com@gmail.com","@id":"https:\/\/dmcsrb.com\/#\/schema\/person\/5c39170f12db1b8b457732d0b5c854e2"},"headline":"Tramp nominovao D\u017eona Koula za specijalnog izaslanika SAD u Bjelorusiji","datePublished":"2025-11-09T18:35:00+00:00","mainEntityOfPage":{"@id":"https:\/\/dmcsrb.com\/svijet\/tramp-nominovao-dzona-koula-za-specijalnog-izaslanika-sad-u-bjelorusiji\/"},"wordCount":182,"commentCount":0,"image":{"@id":"https:\/\/dmcsrb.com\/svijet\/tramp-nominovao-dzona-koula-za-specijalnog-izaslanika-sad-u-bjelorusiji\/#primaryimage"},"thumbnailUrl":"https:\/\/dmcsrb.com\/wp-content\/uploads\/2026\/01\/Dinald-Tramp-AP.jpg","keywords":["Bjelorusija","Donald Tarmp","D\u017eon Koul","Izasalnik","SAD"],"articleSection":["Svijet"],"inLanguage":"en-GB","potentialAction":[{"@type":"CommentAction","name":"Comment","target":["https:\/\/dmcsrb.com\/svijet\/tramp-nominovao-dzona-koula-za-specijalnog-izaslanika-sad-u-bjelorusiji\/#respond"]}]},{"@type":"WebPage","@id":"https:\/\/dmcsrb.com\/svijet\/tramp-nominovao-dzona-koula-za-specijalnog-izaslanika-sad-u-bjelorusiji\/","url":"https:\/\/dmcsrb.com\/svijet\/tramp-nominovao-dzona-koula-za-specijalnog-izaslanika-sad-u-bjelorusiji\/","name":"Tramp nominovao D\u017eona Koula za specijalnog izaslanika SAD u Bjelorusiji - dmcsrb.com","isPartOf":{"@id":"https:\/\/dmcsrb.com\/#website"},"primaryImageOfPage":{"@id":"https:\/\/dmcsrb.com\/svijet\/tramp-nominovao-dzona-koula-za-specijalnog-izaslanika-sad-u-bjelorusiji\/#primaryimage"},"image":{"@id":"https:\/\/dmcsrb.com\/svijet\/tramp-nominovao-dzona-koula-za-specijalnog-izaslanika-sad-u-bjelorusiji\/#primaryimage"},"thumbnailUrl":"https:\/\/dmcsrb.com\/wp-content\/uploads\/2026\/01\/Dinald-Tramp-AP.jpg","datePublished":"2025-11-09T18:35:00+00:00","author":{"@id":"https:\/\/dmcsrb.com\/#\/schema\/person\/5c39170f12db1b8b457732d0b5c854e2"},"breadcrumb":{"@id":"https:\/\/dmcsrb.com\/svijet\/tramp-nominovao-dzona-koula-za-specijalnog-izaslanika-sad-u-bjelorusiji\/#breadcrumb"},"inLanguage":"en-GB","potentialAction":[{"@type":"ReadAction","target":["https:\/\/dmcsrb.com\/svijet\/tramp-nominovao-dzona-koula-za-specijalnog-izaslanika-sad-u-bjelorusiji\/"]}]},{"@type":"ImageObject","inLanguage":"en-GB","@id":"https:\/\/dmcsrb.com\/svijet\/tramp-nominovao-dzona-koula-za-specijalnog-izaslanika-sad-u-bjelorusiji\/#primaryimage","url":"https:\/\/dmcsrb.com\/wp-content\/uploads\/2026\/01\/Dinald-Tramp-AP.jpg","contentUrl":"https:\/\/dmcsrb.com\/wp-content\/uploads\/2026\/01\/Dinald-Tramp-AP.jpg","width":750,"height":482},{"@type":"BreadcrumbList","@id":"https:\/\/dmcsrb.com\/svijet\/tramp-nominovao-dzona-koula-za-specijalnog-izaslanika-sad-u-bjelorusiji\/#breadcrumb","itemListElement":[{"@type":"ListItem","position":1,"name":"Home","item":"https:\/\/dmcsrb.com\/"},{"@type":"ListItem","position":2,"name":"Tramp nominovao D\u017eona Koula za specijalnog izaslanika SAD u Bjelorusiji"}]},{"@type":"WebSite","@id":"https:\/\/dmcsrb.com\/#website","url":"https:\/\/dmcsrb.com\/","name":"dmcsrb.com","description":"","potentialAction":[{"@type":"SearchAction","target":{"@type":"EntryPoint","urlTemplate":"https:\/\/dmcsrb.com\/?s={search_term_string}"},"query-input":{"@type":"PropertyValueSpecification","valueRequired":true,"valueName":"search_term_string"}}],"inLanguage":"en-GB"},{"@type":"Person","@id":"https:\/\/dmcsrb.com\/#\/schema\/person\/5c39170f12db1b8b457732d0b5c854e2","name":"dmcsrbija.com@gmail.com","image":{"@type":"ImageObject","inLanguage":"en-GB","@id":"https:\/\/secure.gravatar.com\/avatar\/68592660ad6347fad0fb587f8d5d8f1a7b44961362f56e4f2cd524feb87e9069?s=96&d=mm&r=g","url":"https:\/\/secure.gravatar.com\/avatar\/68592660ad6347fad0fb587f8d5d8f1a7b44961362f56e4f2cd524feb87e9069?s=96&d=mm&r=g","contentUrl":"https:\/\/secure.gravatar.com\/avatar\/68592660ad6347fad0fb587f8d5d8f1a7b44961362f56e4f2cd524feb87e9069?s=96&d=mm&r=g","caption":"dmcsrbija.com@gmail.com"},"sameAs":["https:\/\/dmcsrb.com"],"url":"https:\/\/dmcsrb.com\/en\/author\/dmcsrbija-comgmail-com\/"}]}},"_links":{"self":[{"href":"https:\/\/dmcsrb.com\/en\/wp-json\/wp\/v2\/posts\/962825","targetHints":{"allow":["GET"]}}],"collection":[{"href":"https:\/\/dmcsrb.com\/en\/wp-json\/wp\/v2\/posts"}],"about":[{"href":"https:\/\/dmcsrb.com\/en\/wp-json\/wp\/v2\/types\/post"}],"author":[{"embeddable":true,"href":"https:\/\/dmcsrb.com\/en\/wp-json\/wp\/v2\/users\/1"}],"replies":[{"embeddable":true,"href":"https:\/\/dmcsrb.com\/en\/wp-json\/wp\/v2\/comments?post=962825"}],"version-history":[{"count":0,"href":"https:\/\/dmcsrb.com\/en\/wp-json\/wp\/v2\/posts\/962825\/revisions"}],"wp:featuredmedia":[{"embeddable":true,"href":"https:\/\/dmcsrb.com\/en\/wp-json\/wp\/v2\/media\/909320"}],"wp:attachment":[{"href":"https:\/\/dmcsrb.com\/en\/wp-json\/wp\/v2\/media?parent=962825"}],"wp:term":[{"taxonomy":"category","embeddable":true,"href":"https:\/\/dmcsrb.com\/en\/wp-json\/wp\/v2\/categories?post=962825"},{"taxonomy":"post_tag","embeddable":true,"href":"https:\/\/dmcsrb.com\/en\/wp-json\/wp\/v2\/tags?post=962825"},{"taxonomy":"naslovna","embeddable":true,"href":"https:\/\/dmcsrb.com\/en\/wp-json\/wp\/v2\/naslovna?post=962825"}],"curies":[{"name":"wp","href":"https:\/\/api.w.org\/{rel}","templated":true}]}}