{"id":962823,"date":"2025-11-09T20:03:00","date_gmt":"2025-11-09T19:03:00","guid":{"rendered":"https:\/\/dmcsrb.com\/uncategorized\/kampanja-mladih-reportera-unicef-a-za-solidarnost-i-empatiju\/"},"modified":"2025-11-09T20:03:00","modified_gmt":"2025-11-09T19:03:00","slug":"kampanja-mladih-reportera-unicef-a-za-solidarnost-i-empatiju","status":"publish","type":"post","link":"https:\/\/dmcsrb.com\/en\/drustvo\/kampanja-mladih-reportera-unicef-a-za-solidarnost-i-empatiju\/","title":{"rendered":"Kampanja mladih reportera UNICEF-a za solidarnost i empatiju"},"content":{"rendered":"<p>Mladi reporteri UNICEF-a Crna Gora pokrenuli su kampanju \u201eSvaka rije\u010d je izbor\u201c kojom pozivaju na solidarnost, empatiju i podr\u0161ku \u2013 kao odgovor na govor mr\u017enje i nasilje me\u0111u mladima u Crnoj Gori.<\/p>\n\n\n\n<p>Kako je saop\u0161teno iz UNICEF-a, poruka mladih reportera nastala je iz \u017eelje da se glas mladih \u010duje u javnosti i da poka\u017eu da im nije svejedno.<\/p>\n\n\n\n<p>&#8220;Da \u017eele zajednicu u kojoj se, umjesto podjela, njeguju razumijevanje, solidarnost i po\u0161tovanje razli\u010ditosti kao bogatstva svakog dru\u0161tva&#8221;, navodi se u saop\u0161tenju.<\/p>\n\n\n\n<p>Iz UNICEF-a su kazali da mladi reporteri, kroz video koji su snimili, pozivaju sve ljude da biraju empatiju, solidarnost i po\u0161tovanje razli\u010ditih identiteta i kultura, jer svaka rije\u010d, svaka poruka i svako dijeljenje ostavlja trag.<\/p>\n\n\n\n<p>\u201eSvaki dan biramo stranu \u2013 kad \u010dujemo govor mr\u017enje, kad neko \u0107uti, kad vidimo nepravdu ili kad neko ostane sam\u201c, poru\u010duju mladi reporteri u videu.<\/p>\n\n\n\n<p>Jedan od mladih reportera UNICEF-a, Luka Vujovi\u0107, kazao je da je ponekad te\u0161ko re\u0107i ne\u0161to druga\u010dije od ve\u0107ine, ali da se, ako \u0107utimo, ni\u0161ta ne mijenja.<\/p>\n\n\n\n<p>&#8220;Zato biram hrabrost da progovorim i da podr\u017eim one koji su sami\u201c, kazao je Luka.<\/p>\n\n\n\n<p>Mladi reporteri su, kako se navodi u saop\u0161tenju, podsjetili da svi \u2013 djeca, mladi i odrasli \u2013 svojim rije\u010dima, postupcima i reakcijama svakog dana oblikuju dru\u0161tvo u kojem \u017eivimo.<\/p>\n\n\n\n<p>Kako je saop\u0161teno iz UNICEF-a, kampanja mladih reportera \u201eSvaka rije\u010d je izbor\u201c sprovodi se uz podr\u0161ku UNICEF-a i UN-ovog Fonda za izgradnju mira.<\/p>","protected":false},"excerpt":{"rendered":"<p>Mladi reporteri UNICEF-a Crna Gora pokrenuli su kampanju \u201eSvaka rije\u010d je izbor\u201c kojom pozivaju na solidarnost, empatiju i podr\u0161ku \u2013 kao odgovor na govor mr\u017enje i nasilje me\u0111u mladima u Crnoj Gori.<\/p>","protected":false},"author":1,"featured_media":962824,"comment_status":"open","ping_status":"open","sticky":false,"template":"","format":"standard","meta":{"_acf_changed":false,"footnotes":""},"categories":[2],"tags":[95,14031,3733],"naslovna":[],"class_list":["post-962823","post","type-post","status-publish","format-standard","has-post-thumbnail","hentry","category-drustvo","tag-crna-gora","tag-mladi-reporteri","tag-unicef"],"acf":[],"yoast_head":"<!-- This site is optimized with the Yoast SEO plugin v27.4 - https:\/\/yoast.com\/product\/yoast-seo-wordpress\/ -->\n<title>Kampanja mladih reportera UNICEF-a za solidarnost i empatiju - dmcsrb.com<\/title>\n<meta name=\"robots\" content=\"index, follow, max-snippet:-1, max-image-preview:large, max-video-preview:-1\" \/>\n<link rel=\"canonical\" href=\"https:\/\/dmcsrb.com\/en\/drustvo\/kampanja-mladih-reportera-unicef-a-za-solidarnost-i-empatiju\/\" \/>\n<meta property=\"og:locale\" content=\"en_GB\" \/>\n<meta property=\"og:type\" content=\"article\" \/>\n<meta property=\"og:title\" content=\"Kampanja mladih reportera UNICEF-a za solidarnost i empatiju - dmcsrb.com\" \/>\n<meta property=\"og:description\" content=\"Mladi reporteri UNICEF-a Crna Gora pokrenuli su kampanju \u201eSvaka rije\u010d je izbor\u201c kojom pozivaju na solidarnost, empatiju i podr\u0161ku \u2013 kao odgovor na govor mr\u017enje i nasilje me\u0111u mladima u Crnoj Gori.\" \/>\n<meta property=\"og:url\" content=\"https:\/\/dmcsrb.com\/en\/drustvo\/kampanja-mladih-reportera-unicef-a-za-solidarnost-i-empatiju\/\" \/>\n<meta property=\"og:site_name\" content=\"dmcsrb.com\" \/>\n<meta property=\"article:published_time\" content=\"2025-11-09T19:03:00+00:00\" \/>\n<meta property=\"og:image\" content=\"https:\/\/dmcsrb.com\/wp-content\/uploads\/2026\/01\/download-4.webp\" \/>\n\t<meta property=\"og:image:width\" content=\"224\" \/>\n\t<meta property=\"og:image:height\" content=\"224\" \/>\n\t<meta property=\"og:image:type\" content=\"image\/png\" \/>\n<meta name=\"author\" content=\"dmcsrbija.com@gmail.com\" \/>\n<meta name=\"twitter:card\" content=\"summary_large_image\" \/>\n<meta name=\"twitter:label1\" content=\"Written by\" \/>\n\t<meta name=\"twitter:data1\" content=\"dmcsrbija.com@gmail.com\" \/>\n\t<meta name=\"twitter:label2\" content=\"Estimated reading time\" \/>\n\t<meta name=\"twitter:data2\" content=\"1 minute\" \/>\n<script type=\"application\/ld+json\" class=\"yoast-schema-graph\">{\"@context\":\"https:\\\/\\\/schema.org\",\"@graph\":[{\"@type\":\"Article\",\"@id\":\"https:\\\/\\\/dmcsrb.com\\\/drustvo\\\/kampanja-mladih-reportera-unicef-a-za-solidarnost-i-empatiju\\\/#article\",\"isPartOf\":{\"@id\":\"https:\\\/\\\/dmcsrb.com\\\/drustvo\\\/kampanja-mladih-reportera-unicef-a-za-solidarnost-i-empatiju\\\/\"},\"author\":{\"name\":\"dmcsrbija.com@gmail.com\",\"@id\":\"https:\\\/\\\/dmcsrb.com\\\/#\\\/schema\\\/person\\\/5c39170f12db1b8b457732d0b5c854e2\"},\"headline\":\"Kampanja mladih reportera UNICEF-a za solidarnost i empatiju\",\"datePublished\":\"2025-11-09T19:03:00+00:00\",\"mainEntityOfPage\":{\"@id\":\"https:\\\/\\\/dmcsrb.com\\\/drustvo\\\/kampanja-mladih-reportera-unicef-a-za-solidarnost-i-empatiju\\\/\"},\"wordCount\":262,\"commentCount\":0,\"image\":{\"@id\":\"https:\\\/\\\/dmcsrb.com\\\/drustvo\\\/kampanja-mladih-reportera-unicef-a-za-solidarnost-i-empatiju\\\/#primaryimage\"},\"thumbnailUrl\":\"https:\\\/\\\/dmcsrb.com\\\/wp-content\\\/uploads\\\/2026\\\/01\\\/download-4.webp\",\"keywords\":[\"Crna Gora\",\"mladi reporteri\",\"UNICEF\"],\"articleSection\":[\"Dru\u0161tvo\"],\"inLanguage\":\"en-GB\",\"potentialAction\":[{\"@type\":\"CommentAction\",\"name\":\"Comment\",\"target\":[\"https:\\\/\\\/dmcsrb.com\\\/drustvo\\\/kampanja-mladih-reportera-unicef-a-za-solidarnost-i-empatiju\\\/#respond\"]}]},{\"@type\":\"WebPage\",\"@id\":\"https:\\\/\\\/dmcsrb.com\\\/drustvo\\\/kampanja-mladih-reportera-unicef-a-za-solidarnost-i-empatiju\\\/\",\"url\":\"https:\\\/\\\/dmcsrb.com\\\/drustvo\\\/kampanja-mladih-reportera-unicef-a-za-solidarnost-i-empatiju\\\/\",\"name\":\"Kampanja mladih reportera UNICEF-a za solidarnost i empatiju - dmcsrb.com\",\"isPartOf\":{\"@id\":\"https:\\\/\\\/dmcsrb.com\\\/#website\"},\"primaryImageOfPage\":{\"@id\":\"https:\\\/\\\/dmcsrb.com\\\/drustvo\\\/kampanja-mladih-reportera-unicef-a-za-solidarnost-i-empatiju\\\/#primaryimage\"},\"image\":{\"@id\":\"https:\\\/\\\/dmcsrb.com\\\/drustvo\\\/kampanja-mladih-reportera-unicef-a-za-solidarnost-i-empatiju\\\/#primaryimage\"},\"thumbnailUrl\":\"https:\\\/\\\/dmcsrb.com\\\/wp-content\\\/uploads\\\/2026\\\/01\\\/download-4.webp\",\"datePublished\":\"2025-11-09T19:03:00+00:00\",\"author\":{\"@id\":\"https:\\\/\\\/dmcsrb.com\\\/#\\\/schema\\\/person\\\/5c39170f12db1b8b457732d0b5c854e2\"},\"breadcrumb\":{\"@id\":\"https:\\\/\\\/dmcsrb.com\\\/drustvo\\\/kampanja-mladih-reportera-unicef-a-za-solidarnost-i-empatiju\\\/#breadcrumb\"},\"inLanguage\":\"en-GB\",\"potentialAction\":[{\"@type\":\"ReadAction\",\"target\":[\"https:\\\/\\\/dmcsrb.com\\\/drustvo\\\/kampanja-mladih-reportera-unicef-a-za-solidarnost-i-empatiju\\\/\"]}]},{\"@type\":\"ImageObject\",\"inLanguage\":\"en-GB\",\"@id\":\"https:\\\/\\\/dmcsrb.com\\\/drustvo\\\/kampanja-mladih-reportera-unicef-a-za-solidarnost-i-empatiju\\\/#primaryimage\",\"url\":\"https:\\\/\\\/dmcsrb.com\\\/wp-content\\\/uploads\\\/2026\\\/01\\\/download-4.webp\",\"contentUrl\":\"https:\\\/\\\/dmcsrb.com\\\/wp-content\\\/uploads\\\/2026\\\/01\\\/download-4.webp\",\"width\":224,\"height\":224},{\"@type\":\"BreadcrumbList\",\"@id\":\"https:\\\/\\\/dmcsrb.com\\\/drustvo\\\/kampanja-mladih-reportera-unicef-a-za-solidarnost-i-empatiju\\\/#breadcrumb\",\"itemListElement\":[{\"@type\":\"ListItem\",\"position\":1,\"name\":\"Home\",\"item\":\"https:\\\/\\\/dmcsrb.com\\\/\"},{\"@type\":\"ListItem\",\"position\":2,\"name\":\"Kampanja mladih reportera UNICEF-a za solidarnost i empatiju\"}]},{\"@type\":\"WebSite\",\"@id\":\"https:\\\/\\\/dmcsrb.com\\\/#website\",\"url\":\"https:\\\/\\\/dmcsrb.com\\\/\",\"name\":\"dmcsrb.com\",\"description\":\"\",\"potentialAction\":[{\"@type\":\"SearchAction\",\"target\":{\"@type\":\"EntryPoint\",\"urlTemplate\":\"https:\\\/\\\/dmcsrb.com\\\/?s={search_term_string}\"},\"query-input\":{\"@type\":\"PropertyValueSpecification\",\"valueRequired\":true,\"valueName\":\"search_term_string\"}}],\"inLanguage\":\"en-GB\"},{\"@type\":\"Person\",\"@id\":\"https:\\\/\\\/dmcsrb.com\\\/#\\\/schema\\\/person\\\/5c39170f12db1b8b457732d0b5c854e2\",\"name\":\"dmcsrbija.com@gmail.com\",\"image\":{\"@type\":\"ImageObject\",\"inLanguage\":\"en-GB\",\"@id\":\"https:\\\/\\\/secure.gravatar.com\\\/avatar\\\/68592660ad6347fad0fb587f8d5d8f1a7b44961362f56e4f2cd524feb87e9069?s=96&d=mm&r=g\",\"url\":\"https:\\\/\\\/secure.gravatar.com\\\/avatar\\\/68592660ad6347fad0fb587f8d5d8f1a7b44961362f56e4f2cd524feb87e9069?s=96&d=mm&r=g\",\"contentUrl\":\"https:\\\/\\\/secure.gravatar.com\\\/avatar\\\/68592660ad6347fad0fb587f8d5d8f1a7b44961362f56e4f2cd524feb87e9069?s=96&d=mm&r=g\",\"caption\":\"dmcsrbija.com@gmail.com\"},\"sameAs\":[\"https:\\\/\\\/dmcsrb.com\"],\"url\":\"https:\\\/\\\/dmcsrb.com\\\/en\\\/author\\\/dmcsrbija-comgmail-com\\\/\"}]}<\/script>\n<!-- \/ Yoast SEO plugin. -->","yoast_head_json":{"title":"Kampanja mladih reportera UNICEF-a za solidarnost i empatiju - dmcsrb.com","robots":{"index":"index","follow":"follow","max-snippet":"max-snippet:-1","max-image-preview":"max-image-preview:large","max-video-preview":"max-video-preview:-1"},"canonical":"https:\/\/dmcsrb.com\/en\/drustvo\/kampanja-mladih-reportera-unicef-a-za-solidarnost-i-empatiju\/","og_locale":"en_GB","og_type":"article","og_title":"Kampanja mladih reportera UNICEF-a za solidarnost i empatiju - dmcsrb.com","og_description":"Mladi reporteri UNICEF-a Crna Gora pokrenuli su kampanju \u201eSvaka rije\u010d je izbor\u201c kojom pozivaju na solidarnost, empatiju i podr\u0161ku \u2013 kao odgovor na govor mr\u017enje i nasilje me\u0111u mladima u Crnoj Gori.","og_url":"https:\/\/dmcsrb.com\/en\/drustvo\/kampanja-mladih-reportera-unicef-a-za-solidarnost-i-empatiju\/","og_site_name":"dmcsrb.com","article_published_time":"2025-11-09T19:03:00+00:00","og_image":[{"width":224,"height":224,"url":"https:\/\/dmcsrb.com\/wp-content\/uploads\/2026\/01\/download-4.webp","type":"image\/png"}],"author":"dmcsrbija.com@gmail.com","twitter_card":"summary_large_image","twitter_misc":{"Written by":"dmcsrbija.com@gmail.com","Estimated reading time":"1 minute"},"schema":{"@context":"https:\/\/schema.org","@graph":[{"@type":"Article","@id":"https:\/\/dmcsrb.com\/drustvo\/kampanja-mladih-reportera-unicef-a-za-solidarnost-i-empatiju\/#article","isPartOf":{"@id":"https:\/\/dmcsrb.com\/drustvo\/kampanja-mladih-reportera-unicef-a-za-solidarnost-i-empatiju\/"},"author":{"name":"dmcsrbija.com@gmail.com","@id":"https:\/\/dmcsrb.com\/#\/schema\/person\/5c39170f12db1b8b457732d0b5c854e2"},"headline":"Kampanja mladih reportera UNICEF-a za solidarnost i empatiju","datePublished":"2025-11-09T19:03:00+00:00","mainEntityOfPage":{"@id":"https:\/\/dmcsrb.com\/drustvo\/kampanja-mladih-reportera-unicef-a-za-solidarnost-i-empatiju\/"},"wordCount":262,"commentCount":0,"image":{"@id":"https:\/\/dmcsrb.com\/drustvo\/kampanja-mladih-reportera-unicef-a-za-solidarnost-i-empatiju\/#primaryimage"},"thumbnailUrl":"https:\/\/dmcsrb.com\/wp-content\/uploads\/2026\/01\/download-4.webp","keywords":["Crna Gora","mladi reporteri","UNICEF"],"articleSection":["Dru\u0161tvo"],"inLanguage":"en-GB","potentialAction":[{"@type":"CommentAction","name":"Comment","target":["https:\/\/dmcsrb.com\/drustvo\/kampanja-mladih-reportera-unicef-a-za-solidarnost-i-empatiju\/#respond"]}]},{"@type":"WebPage","@id":"https:\/\/dmcsrb.com\/drustvo\/kampanja-mladih-reportera-unicef-a-za-solidarnost-i-empatiju\/","url":"https:\/\/dmcsrb.com\/drustvo\/kampanja-mladih-reportera-unicef-a-za-solidarnost-i-empatiju\/","name":"Kampanja mladih reportera UNICEF-a za solidarnost i empatiju - dmcsrb.com","isPartOf":{"@id":"https:\/\/dmcsrb.com\/#website"},"primaryImageOfPage":{"@id":"https:\/\/dmcsrb.com\/drustvo\/kampanja-mladih-reportera-unicef-a-za-solidarnost-i-empatiju\/#primaryimage"},"image":{"@id":"https:\/\/dmcsrb.com\/drustvo\/kampanja-mladih-reportera-unicef-a-za-solidarnost-i-empatiju\/#primaryimage"},"thumbnailUrl":"https:\/\/dmcsrb.com\/wp-content\/uploads\/2026\/01\/download-4.webp","datePublished":"2025-11-09T19:03:00+00:00","author":{"@id":"https:\/\/dmcsrb.com\/#\/schema\/person\/5c39170f12db1b8b457732d0b5c854e2"},"breadcrumb":{"@id":"https:\/\/dmcsrb.com\/drustvo\/kampanja-mladih-reportera-unicef-a-za-solidarnost-i-empatiju\/#breadcrumb"},"inLanguage":"en-GB","potentialAction":[{"@type":"ReadAction","target":["https:\/\/dmcsrb.com\/drustvo\/kampanja-mladih-reportera-unicef-a-za-solidarnost-i-empatiju\/"]}]},{"@type":"ImageObject","inLanguage":"en-GB","@id":"https:\/\/dmcsrb.com\/drustvo\/kampanja-mladih-reportera-unicef-a-za-solidarnost-i-empatiju\/#primaryimage","url":"https:\/\/dmcsrb.com\/wp-content\/uploads\/2026\/01\/download-4.webp","contentUrl":"https:\/\/dmcsrb.com\/wp-content\/uploads\/2026\/01\/download-4.webp","width":224,"height":224},{"@type":"BreadcrumbList","@id":"https:\/\/dmcsrb.com\/drustvo\/kampanja-mladih-reportera-unicef-a-za-solidarnost-i-empatiju\/#breadcrumb","itemListElement":[{"@type":"ListItem","position":1,"name":"Home","item":"https:\/\/dmcsrb.com\/"},{"@type":"ListItem","position":2,"name":"Kampanja mladih reportera UNICEF-a za solidarnost i empatiju"}]},{"@type":"WebSite","@id":"https:\/\/dmcsrb.com\/#website","url":"https:\/\/dmcsrb.com\/","name":"dmcsrb.com","description":"","potentialAction":[{"@type":"SearchAction","target":{"@type":"EntryPoint","urlTemplate":"https:\/\/dmcsrb.com\/?s={search_term_string}"},"query-input":{"@type":"PropertyValueSpecification","valueRequired":true,"valueName":"search_term_string"}}],"inLanguage":"en-GB"},{"@type":"Person","@id":"https:\/\/dmcsrb.com\/#\/schema\/person\/5c39170f12db1b8b457732d0b5c854e2","name":"dmcsrbija.com@gmail.com","image":{"@type":"ImageObject","inLanguage":"en-GB","@id":"https:\/\/secure.gravatar.com\/avatar\/68592660ad6347fad0fb587f8d5d8f1a7b44961362f56e4f2cd524feb87e9069?s=96&d=mm&r=g","url":"https:\/\/secure.gravatar.com\/avatar\/68592660ad6347fad0fb587f8d5d8f1a7b44961362f56e4f2cd524feb87e9069?s=96&d=mm&r=g","contentUrl":"https:\/\/secure.gravatar.com\/avatar\/68592660ad6347fad0fb587f8d5d8f1a7b44961362f56e4f2cd524feb87e9069?s=96&d=mm&r=g","caption":"dmcsrbija.com@gmail.com"},"sameAs":["https:\/\/dmcsrb.com"],"url":"https:\/\/dmcsrb.com\/en\/author\/dmcsrbija-comgmail-com\/"}]}},"_links":{"self":[{"href":"https:\/\/dmcsrb.com\/en\/wp-json\/wp\/v2\/posts\/962823","targetHints":{"allow":["GET"]}}],"collection":[{"href":"https:\/\/dmcsrb.com\/en\/wp-json\/wp\/v2\/posts"}],"about":[{"href":"https:\/\/dmcsrb.com\/en\/wp-json\/wp\/v2\/types\/post"}],"author":[{"embeddable":true,"href":"https:\/\/dmcsrb.com\/en\/wp-json\/wp\/v2\/users\/1"}],"replies":[{"embeddable":true,"href":"https:\/\/dmcsrb.com\/en\/wp-json\/wp\/v2\/comments?post=962823"}],"version-history":[{"count":0,"href":"https:\/\/dmcsrb.com\/en\/wp-json\/wp\/v2\/posts\/962823\/revisions"}],"wp:featuredmedia":[{"embeddable":true,"href":"https:\/\/dmcsrb.com\/en\/wp-json\/wp\/v2\/media\/962824"}],"wp:attachment":[{"href":"https:\/\/dmcsrb.com\/en\/wp-json\/wp\/v2\/media?parent=962823"}],"wp:term":[{"taxonomy":"category","embeddable":true,"href":"https:\/\/dmcsrb.com\/en\/wp-json\/wp\/v2\/categories?post=962823"},{"taxonomy":"post_tag","embeddable":true,"href":"https:\/\/dmcsrb.com\/en\/wp-json\/wp\/v2\/tags?post=962823"},{"taxonomy":"naslovna","embeddable":true,"href":"https:\/\/dmcsrb.com\/en\/wp-json\/wp\/v2\/naslovna?post=962823"}],"curies":[{"name":"wp","href":"https:\/\/api.w.org\/{rel}","templated":true}]}}