{"id":962778,"date":"2025-11-09T14:09:00","date_gmt":"2025-11-09T13:09:00","guid":{"rendered":"https:\/\/dmcsrb.com\/uncategorized\/crnogorski-startapovi-na-zajednickom-standu-na-web-summitu-u-lisabonu\/"},"modified":"2025-11-09T14:09:00","modified_gmt":"2025-11-09T13:09:00","slug":"crnogorski-startapovi-na-zajednickom-standu-na-web-summitu-u-lisabonu","status":"publish","type":"post","link":"https:\/\/dmcsrb.com\/en\/ekonomija\/crnogorski-startapovi-na-zajednickom-standu-na-web-summitu-u-lisabonu\/","title":{"rendered":"Crnogorski startapovi na zajedni\u010dkom \u0161tandu na Web Summitu u Lisabonu"},"content":{"rendered":"<p><\/p>\n\n\n\n<p>&#8220;Zajedni\u010dki nastup crnogorskih startapova na jednom od vode\u0107ih svjetskih tehnolo\u0161kih konferencija ima za cilj da oja\u010da me\u0111unarodnu vidljivost doma\u0107e startap scene, unaprijedi saradnju sa investitorima i partnerima iz inostranstva, te podstakne dalji razvoj inovativnih biznisa u Crnoj Gori&#8221;, saop\u0161teno je iz Privredne komore.<\/p>\n\n\n\n<p>Pored nastupa devet startapova na zajedni\u010dkom \u0161tandu, Privredna komora je organizovala i posjetu jo\u0161 17 kompanija iz Crne Gore ovom svjetskom tehnolo\u0161kom doga\u0111aju.<\/p>\n\n\n\n<p>U okviru nacionalnog \u0161tanda, devet crnogorskih startapova \u2013 Bucketora, GoGrant, Gold Bear Technologies, Limo express, Higem AI, LoRaSi, My turn, Pillbie i Skenify predstavi\u0107e \u0161irok spektar inovativnih rje\u0161enja \u2014 od putovanja i turizma do zdravlja, obrazovanja, pametnih mre\u017ea i sajber bezbjednosti.<\/p>\n\n\n\n<p>&#8220;Zajedni\u010dko u\u010de\u0161\u0107e na Web Summitu je jedinstvena prilika da na\u0161i startapovi poka\u017eu da Crna Gora ima znanje, kreativnost i potencijal da bude prepoznata kao tehnolo\u0161ki inovativna destinacija&#8221;, navode iz Privredne komore.<\/p>\n\n\n\n<p>Web Summit okuplja vi\u0161e od 70.000 u\u010desnika iz preko 150 zemalja i smatra se jednim od vode\u0107ih svjetskih tehnolo\u0161kih konferencija \u2014 mjesta gdje tehnolo\u0161ki lideri, inovatori, investitori i donosioci odluka razmjenjuju ideje i grade partnerstva. Web Summit pru\u017ea i izuzetne mogu\u0107nosti za umre\u017eavanje uz brojne sesije, izlo\u017ebene prostore, panele, investitorske sastanke i dodatne doga\u0111aje nakon konferencije.<\/p>","protected":false},"excerpt":{"rendered":"<p>Privredna komora Crne Gore organizuje po prvi put nastup crnogorskih startapova na zajedni\u010dkom \u0161tandu na presti\u017enom me\u0111unarodnom tehnolo\u0161kom doga\u0111aju Web Summit 2025, koji se od 10. do 13. novembra odr\u017eava u Lisabonu. Na zajedni\u010dkom \u0161tandu predstavi\u0107e se 9 crnogorskih startapova.<\/p>","protected":false},"author":1,"featured_media":962779,"comment_status":"open","ping_status":"open","sticky":false,"template":"","format":"standard","meta":{"_acf_changed":false,"footnotes":""},"categories":[27],"tags":[602,14016],"naslovna":[],"class_list":["post-962778","post","type-post","status-publish","format-standard","has-post-thumbnail","hentry","category-ekonomija","tag-privredna-komora","tag-veb-samit-u-lisabonu"],"acf":[],"yoast_head":"<!-- This site is optimized with the Yoast SEO plugin v27.0 - https:\/\/yoast.com\/product\/yoast-seo-wordpress\/ -->\n<title>Crnogorski startapovi na zajedni\u010dkom \u0161tandu na Web Summitu u Lisabonu - dmcsrb.com<\/title>\n<meta name=\"robots\" content=\"index, follow, max-snippet:-1, max-image-preview:large, max-video-preview:-1\" \/>\n<link rel=\"canonical\" href=\"https:\/\/dmcsrb.com\/en\/ekonomija\/crnogorski-startapovi-na-zajednickom-standu-na-web-summitu-u-lisabonu\/\" \/>\n<meta property=\"og:locale\" content=\"en_GB\" \/>\n<meta property=\"og:type\" content=\"article\" \/>\n<meta property=\"og:title\" content=\"Crnogorski startapovi na zajedni\u010dkom \u0161tandu na Web Summitu u Lisabonu - dmcsrb.com\" \/>\n<meta property=\"og:description\" content=\"Privredna komora Crne Gore organizuje po prvi put nastup crnogorskih startapova na zajedni\u010dkom \u0161tandu na presti\u017enom me\u0111unarodnom tehnolo\u0161kom doga\u0111aju Web Summit 2025, koji se od 10. do 13. novembra odr\u017eava u Lisabonu. Na zajedni\u010dkom \u0161tandu predstavi\u0107e se 9 crnogorskih startapova.\" \/>\n<meta property=\"og:url\" content=\"https:\/\/dmcsrb.com\/en\/ekonomija\/crnogorski-startapovi-na-zajednickom-standu-na-web-summitu-u-lisabonu\/\" \/>\n<meta property=\"og:site_name\" content=\"dmcsrb.com\" \/>\n<meta property=\"article:published_time\" content=\"2025-11-09T13:09:00+00:00\" \/>\n<meta property=\"og:image\" content=\"https:\/\/dmcsrb.com\/wp-content\/uploads\/2026\/01\/veb-samit-u-Lisabonu-foto-PKCG.webp\" \/>\n\t<meta property=\"og:image:width\" content=\"818\" \/>\n\t<meta property=\"og:image:height\" content=\"585\" \/>\n\t<meta property=\"og:image:type\" content=\"image\/jpeg\" \/>\n<meta name=\"author\" content=\"dmcsrbija.com@gmail.com\" \/>\n<meta name=\"twitter:card\" content=\"summary_large_image\" \/>\n<meta name=\"twitter:label1\" content=\"Written by\" \/>\n\t<meta name=\"twitter:data1\" content=\"dmcsrbija.com@gmail.com\" \/>\n\t<meta name=\"twitter:label2\" content=\"Estimated reading time\" \/>\n\t<meta name=\"twitter:data2\" content=\"1 minute\" \/>\n<script type=\"application\/ld+json\" class=\"yoast-schema-graph\">{\"@context\":\"https:\/\/schema.org\",\"@graph\":[{\"@type\":\"Article\",\"@id\":\"https:\/\/dmcsrb.com\/ekonomija\/crnogorski-startapovi-na-zajednickom-standu-na-web-summitu-u-lisabonu\/#article\",\"isPartOf\":{\"@id\":\"https:\/\/dmcsrb.com\/ekonomija\/crnogorski-startapovi-na-zajednickom-standu-na-web-summitu-u-lisabonu\/\"},\"author\":{\"name\":\"dmcsrbija.com@gmail.com\",\"@id\":\"https:\/\/dmcsrb.com\/#\/schema\/person\/5c39170f12db1b8b457732d0b5c854e2\"},\"headline\":\"Crnogorski startapovi na zajedni\u010dkom \u0161tandu na Web Summitu u Lisabonu\",\"datePublished\":\"2025-11-09T13:09:00+00:00\",\"mainEntityOfPage\":{\"@id\":\"https:\/\/dmcsrb.com\/ekonomija\/crnogorski-startapovi-na-zajednickom-standu-na-web-summitu-u-lisabonu\/\"},\"wordCount\":228,\"commentCount\":0,\"image\":{\"@id\":\"https:\/\/dmcsrb.com\/ekonomija\/crnogorski-startapovi-na-zajednickom-standu-na-web-summitu-u-lisabonu\/#primaryimage\"},\"thumbnailUrl\":\"https:\/\/dmcsrb.com\/wp-content\/uploads\/2026\/01\/veb-samit-u-Lisabonu-foto-PKCG.webp\",\"keywords\":[\"Privredna komora\",\"Veb Samit u Lisabonu\"],\"articleSection\":[\"Ekonomija\"],\"inLanguage\":\"en-GB\",\"potentialAction\":[{\"@type\":\"CommentAction\",\"name\":\"Comment\",\"target\":[\"https:\/\/dmcsrb.com\/ekonomija\/crnogorski-startapovi-na-zajednickom-standu-na-web-summitu-u-lisabonu\/#respond\"]}]},{\"@type\":\"WebPage\",\"@id\":\"https:\/\/dmcsrb.com\/ekonomija\/crnogorski-startapovi-na-zajednickom-standu-na-web-summitu-u-lisabonu\/\",\"url\":\"https:\/\/dmcsrb.com\/ekonomija\/crnogorski-startapovi-na-zajednickom-standu-na-web-summitu-u-lisabonu\/\",\"name\":\"Crnogorski startapovi na zajedni\u010dkom \u0161tandu na Web Summitu u Lisabonu - dmcsrb.com\",\"isPartOf\":{\"@id\":\"https:\/\/dmcsrb.com\/#website\"},\"primaryImageOfPage\":{\"@id\":\"https:\/\/dmcsrb.com\/ekonomija\/crnogorski-startapovi-na-zajednickom-standu-na-web-summitu-u-lisabonu\/#primaryimage\"},\"image\":{\"@id\":\"https:\/\/dmcsrb.com\/ekonomija\/crnogorski-startapovi-na-zajednickom-standu-na-web-summitu-u-lisabonu\/#primaryimage\"},\"thumbnailUrl\":\"https:\/\/dmcsrb.com\/wp-content\/uploads\/2026\/01\/veb-samit-u-Lisabonu-foto-PKCG.webp\",\"datePublished\":\"2025-11-09T13:09:00+00:00\",\"author\":{\"@id\":\"https:\/\/dmcsrb.com\/#\/schema\/person\/5c39170f12db1b8b457732d0b5c854e2\"},\"breadcrumb\":{\"@id\":\"https:\/\/dmcsrb.com\/ekonomija\/crnogorski-startapovi-na-zajednickom-standu-na-web-summitu-u-lisabonu\/#breadcrumb\"},\"inLanguage\":\"en-GB\",\"potentialAction\":[{\"@type\":\"ReadAction\",\"target\":[\"https:\/\/dmcsrb.com\/ekonomija\/crnogorski-startapovi-na-zajednickom-standu-na-web-summitu-u-lisabonu\/\"]}]},{\"@type\":\"ImageObject\",\"inLanguage\":\"en-GB\",\"@id\":\"https:\/\/dmcsrb.com\/ekonomija\/crnogorski-startapovi-na-zajednickom-standu-na-web-summitu-u-lisabonu\/#primaryimage\",\"url\":\"https:\/\/dmcsrb.com\/wp-content\/uploads\/2026\/01\/veb-samit-u-Lisabonu-foto-PKCG.webp\",\"contentUrl\":\"https:\/\/dmcsrb.com\/wp-content\/uploads\/2026\/01\/veb-samit-u-Lisabonu-foto-PKCG.webp\",\"width\":818,\"height\":585},{\"@type\":\"BreadcrumbList\",\"@id\":\"https:\/\/dmcsrb.com\/ekonomija\/crnogorski-startapovi-na-zajednickom-standu-na-web-summitu-u-lisabonu\/#breadcrumb\",\"itemListElement\":[{\"@type\":\"ListItem\",\"position\":1,\"name\":\"Home\",\"item\":\"https:\/\/dmcsrb.com\/\"},{\"@type\":\"ListItem\",\"position\":2,\"name\":\"Crnogorski startapovi na zajedni\u010dkom \u0161tandu na Web Summitu u Lisabonu\"}]},{\"@type\":\"WebSite\",\"@id\":\"https:\/\/dmcsrb.com\/#website\",\"url\":\"https:\/\/dmcsrb.com\/\",\"name\":\"dmcsrb.com\",\"description\":\"\",\"potentialAction\":[{\"@type\":\"SearchAction\",\"target\":{\"@type\":\"EntryPoint\",\"urlTemplate\":\"https:\/\/dmcsrb.com\/?s={search_term_string}\"},\"query-input\":{\"@type\":\"PropertyValueSpecification\",\"valueRequired\":true,\"valueName\":\"search_term_string\"}}],\"inLanguage\":\"en-GB\"},{\"@type\":\"Person\",\"@id\":\"https:\/\/dmcsrb.com\/#\/schema\/person\/5c39170f12db1b8b457732d0b5c854e2\",\"name\":\"dmcsrbija.com@gmail.com\",\"image\":{\"@type\":\"ImageObject\",\"inLanguage\":\"en-GB\",\"@id\":\"https:\/\/dmcsrb.com\/#\/schema\/person\/image\/\",\"url\":\"https:\/\/secure.gravatar.com\/avatar\/68592660ad6347fad0fb587f8d5d8f1a7b44961362f56e4f2cd524feb87e9069?s=96&d=mm&r=g\",\"contentUrl\":\"https:\/\/secure.gravatar.com\/avatar\/68592660ad6347fad0fb587f8d5d8f1a7b44961362f56e4f2cd524feb87e9069?s=96&d=mm&r=g\",\"caption\":\"dmcsrbija.com@gmail.com\"},\"sameAs\":[\"https:\/\/dmcsrb.com\"],\"url\":\"https:\/\/dmcsrb.com\/en\/author\/dmcsrbija-comgmail-com\/\"}]}<\/script>\n<!-- \/ Yoast SEO plugin. -->","yoast_head_json":{"title":"Crnogorski startapovi na zajedni\u010dkom \u0161tandu na Web Summitu u Lisabonu - dmcsrb.com","robots":{"index":"index","follow":"follow","max-snippet":"max-snippet:-1","max-image-preview":"max-image-preview:large","max-video-preview":"max-video-preview:-1"},"canonical":"https:\/\/dmcsrb.com\/en\/ekonomija\/crnogorski-startapovi-na-zajednickom-standu-na-web-summitu-u-lisabonu\/","og_locale":"en_GB","og_type":"article","og_title":"Crnogorski startapovi na zajedni\u010dkom \u0161tandu na Web Summitu u Lisabonu - dmcsrb.com","og_description":"Privredna komora Crne Gore organizuje po prvi put nastup crnogorskih startapova na zajedni\u010dkom \u0161tandu na presti\u017enom me\u0111unarodnom tehnolo\u0161kom doga\u0111aju Web Summit 2025, koji se od 10. do 13. novembra odr\u017eava u Lisabonu. Na zajedni\u010dkom \u0161tandu predstavi\u0107e se 9 crnogorskih startapova.","og_url":"https:\/\/dmcsrb.com\/en\/ekonomija\/crnogorski-startapovi-na-zajednickom-standu-na-web-summitu-u-lisabonu\/","og_site_name":"dmcsrb.com","article_published_time":"2025-11-09T13:09:00+00:00","og_image":[{"width":818,"height":585,"url":"https:\/\/dmcsrb.com\/wp-content\/uploads\/2026\/01\/veb-samit-u-Lisabonu-foto-PKCG.webp","type":"image\/jpeg"}],"author":"dmcsrbija.com@gmail.com","twitter_card":"summary_large_image","twitter_misc":{"Written by":"dmcsrbija.com@gmail.com","Estimated reading time":"1 minute"},"schema":{"@context":"https:\/\/schema.org","@graph":[{"@type":"Article","@id":"https:\/\/dmcsrb.com\/ekonomija\/crnogorski-startapovi-na-zajednickom-standu-na-web-summitu-u-lisabonu\/#article","isPartOf":{"@id":"https:\/\/dmcsrb.com\/ekonomija\/crnogorski-startapovi-na-zajednickom-standu-na-web-summitu-u-lisabonu\/"},"author":{"name":"dmcsrbija.com@gmail.com","@id":"https:\/\/dmcsrb.com\/#\/schema\/person\/5c39170f12db1b8b457732d0b5c854e2"},"headline":"Crnogorski startapovi na zajedni\u010dkom \u0161tandu na Web Summitu u Lisabonu","datePublished":"2025-11-09T13:09:00+00:00","mainEntityOfPage":{"@id":"https:\/\/dmcsrb.com\/ekonomija\/crnogorski-startapovi-na-zajednickom-standu-na-web-summitu-u-lisabonu\/"},"wordCount":228,"commentCount":0,"image":{"@id":"https:\/\/dmcsrb.com\/ekonomija\/crnogorski-startapovi-na-zajednickom-standu-na-web-summitu-u-lisabonu\/#primaryimage"},"thumbnailUrl":"https:\/\/dmcsrb.com\/wp-content\/uploads\/2026\/01\/veb-samit-u-Lisabonu-foto-PKCG.webp","keywords":["Privredna komora","Veb Samit u Lisabonu"],"articleSection":["Ekonomija"],"inLanguage":"en-GB","potentialAction":[{"@type":"CommentAction","name":"Comment","target":["https:\/\/dmcsrb.com\/ekonomija\/crnogorski-startapovi-na-zajednickom-standu-na-web-summitu-u-lisabonu\/#respond"]}]},{"@type":"WebPage","@id":"https:\/\/dmcsrb.com\/ekonomija\/crnogorski-startapovi-na-zajednickom-standu-na-web-summitu-u-lisabonu\/","url":"https:\/\/dmcsrb.com\/ekonomija\/crnogorski-startapovi-na-zajednickom-standu-na-web-summitu-u-lisabonu\/","name":"Crnogorski startapovi na zajedni\u010dkom \u0161tandu na Web Summitu u Lisabonu - dmcsrb.com","isPartOf":{"@id":"https:\/\/dmcsrb.com\/#website"},"primaryImageOfPage":{"@id":"https:\/\/dmcsrb.com\/ekonomija\/crnogorski-startapovi-na-zajednickom-standu-na-web-summitu-u-lisabonu\/#primaryimage"},"image":{"@id":"https:\/\/dmcsrb.com\/ekonomija\/crnogorski-startapovi-na-zajednickom-standu-na-web-summitu-u-lisabonu\/#primaryimage"},"thumbnailUrl":"https:\/\/dmcsrb.com\/wp-content\/uploads\/2026\/01\/veb-samit-u-Lisabonu-foto-PKCG.webp","datePublished":"2025-11-09T13:09:00+00:00","author":{"@id":"https:\/\/dmcsrb.com\/#\/schema\/person\/5c39170f12db1b8b457732d0b5c854e2"},"breadcrumb":{"@id":"https:\/\/dmcsrb.com\/ekonomija\/crnogorski-startapovi-na-zajednickom-standu-na-web-summitu-u-lisabonu\/#breadcrumb"},"inLanguage":"en-GB","potentialAction":[{"@type":"ReadAction","target":["https:\/\/dmcsrb.com\/ekonomija\/crnogorski-startapovi-na-zajednickom-standu-na-web-summitu-u-lisabonu\/"]}]},{"@type":"ImageObject","inLanguage":"en-GB","@id":"https:\/\/dmcsrb.com\/ekonomija\/crnogorski-startapovi-na-zajednickom-standu-na-web-summitu-u-lisabonu\/#primaryimage","url":"https:\/\/dmcsrb.com\/wp-content\/uploads\/2026\/01\/veb-samit-u-Lisabonu-foto-PKCG.webp","contentUrl":"https:\/\/dmcsrb.com\/wp-content\/uploads\/2026\/01\/veb-samit-u-Lisabonu-foto-PKCG.webp","width":818,"height":585},{"@type":"BreadcrumbList","@id":"https:\/\/dmcsrb.com\/ekonomija\/crnogorski-startapovi-na-zajednickom-standu-na-web-summitu-u-lisabonu\/#breadcrumb","itemListElement":[{"@type":"ListItem","position":1,"name":"Home","item":"https:\/\/dmcsrb.com\/"},{"@type":"ListItem","position":2,"name":"Crnogorski startapovi na zajedni\u010dkom \u0161tandu na Web Summitu u Lisabonu"}]},{"@type":"WebSite","@id":"https:\/\/dmcsrb.com\/#website","url":"https:\/\/dmcsrb.com\/","name":"dmcsrb.com","description":"","potentialAction":[{"@type":"SearchAction","target":{"@type":"EntryPoint","urlTemplate":"https:\/\/dmcsrb.com\/?s={search_term_string}"},"query-input":{"@type":"PropertyValueSpecification","valueRequired":true,"valueName":"search_term_string"}}],"inLanguage":"en-GB"},{"@type":"Person","@id":"https:\/\/dmcsrb.com\/#\/schema\/person\/5c39170f12db1b8b457732d0b5c854e2","name":"dmcsrbija.com@gmail.com","image":{"@type":"ImageObject","inLanguage":"en-GB","@id":"https:\/\/dmcsrb.com\/#\/schema\/person\/image\/","url":"https:\/\/secure.gravatar.com\/avatar\/68592660ad6347fad0fb587f8d5d8f1a7b44961362f56e4f2cd524feb87e9069?s=96&d=mm&r=g","contentUrl":"https:\/\/secure.gravatar.com\/avatar\/68592660ad6347fad0fb587f8d5d8f1a7b44961362f56e4f2cd524feb87e9069?s=96&d=mm&r=g","caption":"dmcsrbija.com@gmail.com"},"sameAs":["https:\/\/dmcsrb.com"],"url":"https:\/\/dmcsrb.com\/en\/author\/dmcsrbija-comgmail-com\/"}]}},"_links":{"self":[{"href":"https:\/\/dmcsrb.com\/en\/wp-json\/wp\/v2\/posts\/962778","targetHints":{"allow":["GET"]}}],"collection":[{"href":"https:\/\/dmcsrb.com\/en\/wp-json\/wp\/v2\/posts"}],"about":[{"href":"https:\/\/dmcsrb.com\/en\/wp-json\/wp\/v2\/types\/post"}],"author":[{"embeddable":true,"href":"https:\/\/dmcsrb.com\/en\/wp-json\/wp\/v2\/users\/1"}],"replies":[{"embeddable":true,"href":"https:\/\/dmcsrb.com\/en\/wp-json\/wp\/v2\/comments?post=962778"}],"version-history":[{"count":0,"href":"https:\/\/dmcsrb.com\/en\/wp-json\/wp\/v2\/posts\/962778\/revisions"}],"wp:featuredmedia":[{"embeddable":true,"href":"https:\/\/dmcsrb.com\/en\/wp-json\/wp\/v2\/media\/962779"}],"wp:attachment":[{"href":"https:\/\/dmcsrb.com\/en\/wp-json\/wp\/v2\/media?parent=962778"}],"wp:term":[{"taxonomy":"category","embeddable":true,"href":"https:\/\/dmcsrb.com\/en\/wp-json\/wp\/v2\/categories?post=962778"},{"taxonomy":"post_tag","embeddable":true,"href":"https:\/\/dmcsrb.com\/en\/wp-json\/wp\/v2\/tags?post=962778"},{"taxonomy":"naslovna","embeddable":true,"href":"https:\/\/dmcsrb.com\/en\/wp-json\/wp\/v2\/naslovna?post=962778"}],"curies":[{"name":"wp","href":"https:\/\/api.w.org\/{rel}","templated":true}]}}