{"id":962763,"date":"2025-11-09T11:22:00","date_gmt":"2025-11-09T10:22:00","guid":{"rendered":"https:\/\/dmcsrb.com\/uncategorized\/markovic-drzavno-tuzilastvo-nece-podleci-pritiscima\/"},"modified":"2025-11-09T11:22:00","modified_gmt":"2025-11-09T10:22:00","slug":"markovic-drzavno-tuzilastvo-nece-podleci-pritiscima","status":"publish","type":"post","link":"https:\/\/dmcsrb.com\/en\/politika\/markovic-drzavno-tuzilastvo-nece-podleci-pritiscima\/","title":{"rendered":"Markovi\u0107: Dr\u017eavno tu\u017eila\u0161tvo ne\u0107e podle\u0107i pritiscima"},"content":{"rendered":"<p><\/p>\n\n\n\n<p>Markovi\u0107 je u intervjuu Agenciji MINA, povodom nedavno objavljenog Izvje\u0161taja Evropske komisije (EK) o napretku Crne Gore, istakao i da \u0107e imenovanje \u010dlanova Tu\u017eila\u010dkog savjeta (TS) na transparentan i zakonit na\u010din biti sna\u017ena potvrda vrijednosti profesionalizma, odgovorne institucionalne saradnje i predanosti evropskim principima u interesu gra\u0111ana i budu\u0107nosti dr\u017eave.<\/p>\n\n\n\n<p>U tom dokumentu nagla\u0161ena je potreba za ja\u010danjem nezavisnosti Tu\u017eila\u0161tva, ali navodi se i politi\u010dki pritisak na rad Tu\u017eila\u0161tva.<\/p>\n\n\n\n<p>Na pitanje \u0161ta \u0107e preduzeti da osigura da Tu\u017eila\u0161tvo ostane nezavisno u svom radu, Markovi\u0107 je odgovorio da nezavisnost Dr\u017eavnog tu\u017eila\u0161tva nije privilegija, ve\u0107 ustavna i zakonska obaveza koja garantuje povjerenje gra\u0111ana u pravdu i stabilnost pravnog poretka.<\/p>\n\n\n\n<p>\u201cTokom prethodnog perioda vi\u0161e puta smo jasno i javno pokazali da Tu\u017eila\u0161tvo ne\u0107e podle\u0107i pod bilo kakav vid politi\u010dkog, institucionalnog ili bilo kog drugog pritiska\u201d, rekao je Markovi\u0107.<\/p>\n\n\n\n<p>O\u010duvanje i ja\u010danje nezavisnosti Dr\u017eavnog tu\u017eila\u0161tva, kako je poru\u010dio, ostaje jedno od su\u0161tinskih opredjeljenja njihovog rada i djelovanja.<\/p>\n\n\n\n<p>\u201cNa svaki poku\u0161aj pritiska odgovaramo profesionalizmom, dosljedno\u0161\u0107u i potpunom transparentno\u0161\u0107u u radu\u201d, naveo je Markovi\u0107.<\/p>\n\n\n\n<p>On je kazao da, s druge strane, nezavisnost ne postoji bez odgovornosti, dodaju\u0107i da su zato posebno usmjereni na ja\u010danje unutra\u0161njih mehanizama za\u0161tite integriteta, eti\u010dke odgovornosti i profesionalnog pona\u0161anja tu\u017eilaca.<\/p>\n\n\n\n<p>Prema rije\u010dima Markovi\u0107a, nedavno usvojeni Eti\u010dki kodeks dr\u017eavnih tu\u017eilaca dodatno afirmi\u0161e nepristrasnost, profesionalni integritet i standarde pona\u0161anja koji se o\u010dekuju od nosilaca tu\u017eila\u010dke funkcije.<\/p>\n\n\n\n<p>\u201cUsvajanjem ovog Eti\u010dkog kodeksa, kao i izmjenama Poslovnika TS-a, kojima je propisan postupak pred Komisijom za razmatranje pritu\u017ebi rukovodilaca dr\u017eavnih tu\u017eila\u0161tava i dr\u017eavnih tu\u017eilaca u vezi sa ugro\u017eavanjem njihove samostalnosti, uspostavljen je sveobuhvatan pravni i institucionalni okvir za za\u0161titu profesionalne etike i samostalnosti dr\u017eavnih tu\u017eilaca\u201d, naveo je Markovi\u0107.<\/p>\n\n\n\n<p>On je ukazao da ti akti zajedno predstavljaju va\u017ean korak ka unapre\u0111enju transparentnosti, odgovornosti i integriteta tu\u017eila\u010dke organizacije, \u0161to je od su\u0161tinskog zna\u010daja za dalji napredak Crne Gore u oblasti vladavine prava i procesu evropskih integracija.<\/p>\n\n\n\n<p>\u201cEK je u Izvje\u0161taju prepoznala napredak u ja\u010danju funkcionalne i operativne nezavisnosti Tu\u017eila\u0161tva, a na\u0161 prioritet ostaje da tu nezavisnost u\u010dinimo odr\u017eivom i otpornom na svaku vrstu spoljnog pritiska ili promjene politi\u010dkih okolnosti\u201d, istakao je Markovi\u0107.<\/p>\n\n\n\n<p>On je poru\u010dio da, istovremeno, ohrabruju javnu komunikaciju zasnovanu na \u010dinjenicama i zakonitosti, a ne na politi\u010dkim i pau\u0161alnim interpretacijama.<\/p>\n\n\n\n<p>\u201cNa\u0161 cilj je da gra\u0111ani Tu\u017eila\u0161tvo do\u017eivljavaju kao instituciju koja djeluje isklju\u010divo u interesu pravde, vladavine prava i za\u0161tite javnog interesa\u201d, naglasio je Markovi\u0107.<\/p>\n\n\n\n<p>Odgovaraju\u0107i na pitanje o\u010dekuje li da Skup\u0161tina uskoro izabere \u010dlanove TS-a, on je kazao da to tijelo predstavlja jedan od klju\u010dnih stubova institucionalne stabilnosti i garant samostalnosti Dr\u017eavnog tu\u017eila\u0161tva.<\/p>\n\n\n\n<p>\u201cImaju\u0107i to u vidu, o\u010dekujemo da Skup\u0161tina prepozna zna\u010daj pravovremenog, transparentnog i meritornog imenovanja \u010dlanova Savjeta, u skladu sa evropskim standardima i principima stru\u010dnosti i odgovornosti\u201d, rekao je Markovi\u0107.<\/p>\n\n\n\n<p>Trenutni nedostatak netu\u017eila\u010dkih \u010dlanova, kako je naveo, ima neposredan uticaj na efikasnost i operativnu funkcionalnost Savjeta, naro\u010dito u oblastima sprovo\u0111enja sistema odgovornosti, ocjenjivanja tu\u017eilaca i sprovo\u0111enja drugih klju\u010dnih procedura.<\/p>\n\n\n\n<p>\u201cStoga je va\u017eno da se u \u0161to skorijem roku obezbijedi puna funkcionalnost ovog tijela izborom \u010dlanova iz reda uglednih pravnika koji bi stru\u010dnim znanjem, profesionalizmom i integritetom doprinijeli u potpunosti ostvarivanju uloge TS-a u sistemu uspostavljanja efikasnosti i dosljedne primjene zakonskih i eti\u010dkih standarda\u201d, poru\u010dio je Markovi\u0107.<\/p>\n\n\n\n<p>On je istakao da je, nakon objavljivanja pozitivnog Izvje\u0161taja EK, odgovornost svih dr\u017eavnih institucija da zajedni\u010dki poka\u017eu posve\u0107enost reformama i evropskom putu Crne Gore.<\/p>\n\n\n\n<p>\u201cDr\u017eavno tu\u017eila\u0161tvo je ve\u0107 pokazalo da dosljedno ostvaruje rezultate, ja\u010da efikasnost i integritet, kao i da ostaje trajno opredijeljeno da doprinosi ja\u010danju pravosudnog sistema i ukupne institucionalne nezavisnosti\u201d, dodao je Markovi\u0107.<\/p>\n\n\n\n<p>On je kazao da je, u tom kontekstu, od su\u0161tinskog zna\u010daja da i institucionalni okvir bude u potpunosti funkcionalan.<\/p>\n\n\n\n<p>\u201cImenovanje \u010dlanova TS-a na transparentan i zakonit na\u010din bi\u0107e sna\u017ena potvrda vrijednosti koje dijelimo \u2013 profesionalizma, odgovorne institucionalne saradnje i predanosti evropskim principima u interesu gra\u0111ana i budu\u0107nosti Crne Gore\u201d, naglasio je Markovi\u0107.<\/p>\n\n\n\n<p>Upitan na koji na\u010din reformski procesi unutar dr\u017eavnotu\u017eila\u010dke organizacije doprinose evropskom putu dr\u017eave, Markovi\u0107 je kazao da oni predstavljaju jedan od klju\u010dnih stubova napretka Crne Gore u oblasti vladavine prava i njenog ukupnog evropskog puta i rekao da je Tu\u017eila\u0161tvo potvrdilo svoju ulogu nosioca i pokreta\u010da procesa koji su od su\u0161tinskog zna\u010daja za ispunjavanje privremenih mjerila u poglavljima 23 i 24.<\/p>\n\n\n\n<p>\u201cOve reforme dale su konkretne rezultate: unaprije\u0111ena je efikasnost i transparentnost pravosudnog sistema, oja\u010dana je odgovornost dr\u017eavnih tu\u017eilaca i uspostavljeni su jasniji mehanizmi pra\u0107enja napretka u primjeni evropskih standarda\u201d, naveo je Markovi\u0107.<\/p>\n\n\n\n<p>Prema njegovim rije\u010dima, poseban zna\u010daj reformskih procesa ogleda se kroz dono\u0161enje obavezuju\u0107ih uputstava, koja omogu\u0107avaju jednoobrazno sprovo\u0111enje zakona i internih procedura u radu dr\u017eavnih tu\u017eila\u0161tava.<\/p>\n\n\n\n<p>\u201cOva uputstva tu\u017eiocima pru\u017eaju jasne smjernice za pravilnu primjenu zakonskih odredbi, unapre\u0111enje profesionalne prakse i efikasnije vo\u0111enje postupaka, \u010dime direktno doprinose ja\u010danju vladavine prava i efikasnom reagovanju u oblastima temeljnih prava\u201d, istakao je Markovi\u0107 i naveo da su, u oblasti temeljnih prava, upravo ova obavezuju\u0107a uputstva omogu\u0107ila vidljive napretke.<\/p>\n\n\n\n<p>Tu\u017eila\u0161tvo je, kako je rekao, prepoznato kao klju\u010dni akter u ostvarivanju konkretnih rezultata u predmetima govora mr\u017enje i rodno zasnovanog nasilja, torture i za\u0161tite novinara.<\/p>\n\n\n\n<p>Markovi\u0107 je kazao da su, nakon davanja obavezuju\u0107eg uputstva, u ovoj godini formirana 862 predmeta, \u0161to predstavlja zna\u010dajan napredak i potvrdu efektnosti reformski vo\u0111enih inicijativa u skladu sa evropskim standardima.<\/p>\n\n\n\n<p>Kako je naveo, uvo\u0111enjem jasnih i objektivnih procedura za izbor i napredovanje tu\u017eilaca stvoren je sistem koji podsti\u010de profesionalnost, odgovornost i kvalitet u radu.<\/p>\n\n\n\n<p>Takav pristup, naglasio je Markovi\u0107, osigurava dosljednu primjenu zakona i evropskih standarda i doprinosi izgradnji pravosudnog sistema koji je sposoban da odgovori izazovima evropskih integracija.<\/p>\n\n\n\n<p>\u201cNa\u0161 cilj nije samo da sprovedemo reforme radi ispunjavanja obaveza prema Evropskoj uniji (EU), ve\u0107 da izgradimo sistem koji funkcioni\u0161e po najvi\u0161im standardima profesionalizma, nezavisnosti i odgovornosti\u201d, poru\u010dio je vrhovni dr\u017eavni tu\u017eilac.<\/p>\n\n\n\n<p>On je rekao da reformski procesi unutar Tu\u017eila\u0161tva, kroz jasno definisane procedure, dosljednu primjenu zakona i obavezuju\u0107a uputstva, direktno doprinose evropskom putu Crne Gore \u2013 ja\u010daju pravnu dr\u017eavu, osiguravaju za\u0161titu osnovnih prava i istovremeno grade povjerenje gra\u0111ana u institucije.<\/p>\n\n\n\n<p>\u201cPovjerenje javnosti u efikasnost, nepristrasnost i profesionalnost Tu\u017eila\u0161tva predstavlja klju\u010dni element integracije evropskih standarda u doma\u0107i pravosudni sistem, \u0161to potvr\u0111uje i EK u svojim izvje\u0161tajima\u201d, dodao je Markovi\u0107.<\/p>\n\n\n\n<p>EK je u Izvje\u0161taju o Crnoj Gori za ovu godinu istakla da je broj istraga i optu\u017enica za visoku korupciju i organizovani kriminal porastao, ali da broj kona\u010dnih presuda ostaje nizak. Upitan \u0161ta je klju\u010dno \u0161to je Tu\u017eila\u0161tvo uradilo da se taj trend promijeni, Markovi\u0107 je rekao da je, u periodu koji je obuhva\u0107en tim dokumentom, Dr\u017eavno tu\u017eila\u0161tvo nastavilo da ula\u017ee izuzetan trud usmjeren na unapre\u0111enje kvaliteta istraga i ja\u010danje dokazne argumentacije u predmetima za najte\u017ea krivi\u010dna djela.<\/p>\n\n\n\n<p>\u201cRezultati tih aktivnosti su ve\u0107 vidljivi \u2013 porast broja istraga i podignutih optu\u017enica za najte\u017ee oblike kriminala direktna je posljedica sistemskog pristupa koji podrazumijeva kontinuirano ja\u010danje stru\u010dnih kapaciteta, primjenu savremenih metoda rada, kao i efikasnu koordinaciju sa partnerskim institucijama\u201d, naveo je Markovi\u0107.<\/p>\n\n\n\n<p>On je istakao da se napredak postignut u prethodnom periodu najjasnije ogleda u rezultatima Specijalnog dr\u017eavnog tu\u017eila\u0161tva (SDT) u oblasti organizovanog kriminala, korupcije i pranja novca.<\/p>\n\n\n\n<p>\u201cU tim oblastima, broj optu\u017enica podignutih u prethodnih godinu zna\u010dajno nadma\u0161uje nivoe zabilje\u017eene u mnogim dr\u017eavama regiona, pa \u010dak i u pojedinim \u010dlanicama EU, a naro\u010dito imaju\u0107i u vidu veli\u010dinu na\u0161e zemlje i kapacitete na raspolaganju\u201d, dodao je Markovi\u0107.<\/p>\n\n\n\n<p>SDT je, kako je kazao, postiglo i zna\u010dajan napredak u oduzimanju imovinske koristi pribavljene kriminalnom djelatno\u0161\u0107u. \u201cPrivremeno oduzeta imovina u ovom periodu bilje\u017ei znatno pove\u0107anje u odnosu na prethodni period, \u010dime se dodatno osna\u017euje proces pravne odgovornosti i obeshrabruje kriminalna aktivnost\u201d, naveo je Markovi\u0107.<\/p>\n\n\n\n<p>On je poru\u010dio da cilj Tu\u017eila\u0161tva nije samo pove\u0107anje broja optu\u017enica, ve\u0107 i obezbje\u0111ivanje \u010dvrstih i odr\u017eivih dokaza koji vode ka pravosna\u017enim presudama.<\/p>\n\n\n\n<p>\u201cUpravo zbog toga, sada\u0161nje pove\u0107anje intenziteta istraga i podizanja optu\u017enica stvara \u010dvrst temelj za ve\u0107i broj kona\u010dnih presuda u narednom periodu. Tu\u017eila\u0161tvo je dalo sna\u017ean zamah ovom procesu, a rezultati \u0107e, uvjereni smo, postajati sve vidljiviji i mjerljiviji, o\u010dekuju\u0107i skorije sudske odluke\u201d, rekao je Markovi\u0107.<\/p>\n\n\n\n<p>Na pitanje kako komentari\u0161e to \u0161to se odre\u0111ene preporuke EK ponavljaju, izme\u0111u ostalih preporuka da bi Crna Gora trebalo da ostvari napredak u popunjavanju upra\u017enjenih mjesta u Specijalnom policijskom odjeljenju (SPO), SDT-u i Vi\u0161em sudu u Podgorici i obezbijedi odgovaraju\u0107e prostorije za SDT i SPO, on je odgovorio da EK s pravom ukazuje da su kadrovska stabilnost i adekvatni prostorni kapaciteti temelj efikasnog i nezavisnog pravosu\u0111a.<\/p>\n\n\n\n<p>Markovi\u0107 je rekao da je Dr\u017eavno tu\u017eila\u0161tvo prepoznalo zna\u010daj kontinuiranog ja\u010danja kapaciteta, posebno SDT-a, koje nosi najve\u0107i teret borbe protiv organizovanog kriminala i visoke korupcije, dodaju\u0107i da je TS nedavno pove\u0107ao broj tu\u017eilaca u SDT-u sa 16 na 20, kao i da su u prethodnoj godini imenovana tri nova specijalna tu\u017eioca.<\/p>\n\n\n\n<p>\u201cPored toga, privremeno su raspore\u0111ena \u010detiri dr\u017eavna tu\u017eioca iz drugih tu\u017eila\u0161tava, \u0161to dodatno ja\u010da operativne kapacitete ove klju\u010dne institucije u borbi protiv organizovanog kriminala i najte\u017eih oblika korupcije, omogu\u0107avaju\u0107i kontinuiran i efikasan odgovor na najkompleksnije istrage\u201d, kazao je Markovi\u0107.<\/p>\n\n\n\n<p>Kada je rije\u010d o prostornim kapacitetima, on je poru\u010dio da je stanje u vi\u0161e dr\u017eavnih tu\u017eila\u0161tava, uklju\u010duju\u0107i i SDT, i dalje izrazito izazovno zbog neadekvatnih i neuslovnih prostorija.<\/p>\n\n\n\n<p>\u201cIako je Vlada u aprilu pro\u0161le godine donijela zaklju\u010dak kojim je nadle\u017ene institucije obavezala da sprovedu adaptaciju objekta stare Vlade radi smje\u0161taja SDT-a i SPO, navedene aktivnosti do danas nijesu realizovane\u201d, naveo je Markovi\u0107.<\/p>\n\n\n\n<p>Kao rezultat toga, kako je rekao, specijalni tu\u017eioci i dalje funkcioni\u0161u u prostorima koji ozbiljno ograni\u010davaju bezbjednost, efikasnost i optimalnu organizaciju rada, \u0161to je posebno zabrinjavaju\u0107e imaju\u0107i u vidu prirodu predmeta kojima se bave.<\/p>\n\n\n\n<p>Markovi\u0107 je istakao da adekvatan i bezbjedan prostor za rad SDT-a i SPO-a, ali i drugih dr\u017eavnih tu\u017eila\u0161tava, predstavlja klju\u010dni preduslov za efikasno izvr\u0161avanje njihovih zakonskih nadle\u017enosti, za\u0161titu povjerljivih informacija i kontinuiranu borbu protiv svih oblika kriminala.<\/p>\n\n\n\n<p>\u201cRje\u0161avanje ovog pitanja u \u0161to kra\u0107em roku nije samo tehni\u010dko ili logisti\u010dko pitanje, ve\u0107 temelj za ja\u010danje institucionalne stabilnosti i integriteta pravosudnih institucija i napredak Crne Gore na putu evropsklih integracija\u201d, poru\u010dio je Markovi\u0107.<\/p>","protected":false},"excerpt":{"rendered":"<p>Nezavisnost Dr\u017eavnog tu\u017eila\u0161tva nije privilegija, ve\u0107 ustavna i zakonska obaveza koja garantuje povjerenje gra\u0111ana u pravdu i stabilnost pravnog poretka, kazao je vrhovni dr\u017eavni tu\u017eilac Milorad Markovi\u0107, poru\u010duju\u0107i da Tu\u017eila\u0161tvo ne\u0107e podle\u0107i pod bilo kakav vid politi\u010dkog, institucionalnog ili drugog pritiska.<\/p>","protected":false},"author":1,"featured_media":962764,"comment_status":"open","ping_status":"open","sticky":false,"template":"","format":"standard","meta":{"_acf_changed":false,"footnotes":""},"categories":[12],"tags":[2181,492],"naslovna":[],"class_list":["post-962763","post","type-post","status-publish","format-standard","has-post-thumbnail","hentry","category-politika","tag-milorad-markovic","tag-vdt"],"acf":[],"yoast_head":"<!-- This site is optimized with the Yoast SEO plugin v27.4 - https:\/\/yoast.com\/product\/yoast-seo-wordpress\/ -->\n<title>Markovi\u0107: Dr\u017eavno tu\u017eila\u0161tvo ne\u0107e podle\u0107i pritiscima - dmcsrb.com<\/title>\n<meta name=\"robots\" content=\"index, follow, max-snippet:-1, max-image-preview:large, max-video-preview:-1\" \/>\n<link rel=\"canonical\" href=\"https:\/\/dmcsrb.com\/en\/politika\/markovic-drzavno-tuzilastvo-nece-podleci-pritiscima\/\" \/>\n<meta property=\"og:locale\" content=\"en_GB\" \/>\n<meta property=\"og:type\" content=\"article\" \/>\n<meta property=\"og:title\" content=\"Markovi\u0107: Dr\u017eavno tu\u017eila\u0161tvo ne\u0107e podle\u0107i pritiscima - dmcsrb.com\" \/>\n<meta property=\"og:description\" content=\"Nezavisnost Dr\u017eavnog tu\u017eila\u0161tva nije privilegija, ve\u0107 ustavna i zakonska obaveza koja garantuje povjerenje gra\u0111ana u pravdu i stabilnost pravnog poretka, kazao je vrhovni dr\u017eavni tu\u017eilac Milorad Markovi\u0107, poru\u010duju\u0107i da Tu\u017eila\u0161tvo ne\u0107e podle\u0107i pod bilo kakav vid politi\u010dkog, institucionalnog ili drugog pritiska.\" \/>\n<meta property=\"og:url\" content=\"https:\/\/dmcsrb.com\/en\/politika\/markovic-drzavno-tuzilastvo-nece-podleci-pritiscima\/\" \/>\n<meta property=\"og:site_name\" content=\"dmcsrb.com\" \/>\n<meta property=\"article:published_time\" content=\"2025-11-09T10:22:00+00:00\" \/>\n<meta property=\"og:image\" content=\"https:\/\/dmcsrb.com\/wp-content\/uploads\/2026\/01\/Milorad-Markovic-VDT-foto-VDT.webp\" \/>\n\t<meta property=\"og:image:width\" content=\"918\" \/>\n\t<meta property=\"og:image:height\" content=\"606\" \/>\n\t<meta property=\"og:image:type\" content=\"image\/jpeg\" \/>\n<meta name=\"author\" content=\"dmcsrbija.com@gmail.com\" \/>\n<meta name=\"twitter:card\" content=\"summary_large_image\" \/>\n<meta name=\"twitter:label1\" content=\"Written by\" \/>\n\t<meta name=\"twitter:data1\" content=\"dmcsrbija.com@gmail.com\" \/>\n\t<meta name=\"twitter:label2\" content=\"Estimated reading time\" \/>\n\t<meta name=\"twitter:data2\" content=\"10 minutes\" \/>\n<script type=\"application\/ld+json\" class=\"yoast-schema-graph\">{\"@context\":\"https:\\\/\\\/schema.org\",\"@graph\":[{\"@type\":\"Article\",\"@id\":\"https:\\\/\\\/dmcsrb.com\\\/politika\\\/markovic-drzavno-tuzilastvo-nece-podleci-pritiscima\\\/#article\",\"isPartOf\":{\"@id\":\"https:\\\/\\\/dmcsrb.com\\\/politika\\\/markovic-drzavno-tuzilastvo-nece-podleci-pritiscima\\\/\"},\"author\":{\"name\":\"dmcsrbija.com@gmail.com\",\"@id\":\"https:\\\/\\\/dmcsrb.com\\\/#\\\/schema\\\/person\\\/5c39170f12db1b8b457732d0b5c854e2\"},\"headline\":\"Markovi\u0107: Dr\u017eavno tu\u017eila\u0161tvo ne\u0107e podle\u0107i pritiscima\",\"datePublished\":\"2025-11-09T10:22:00+00:00\",\"mainEntityOfPage\":{\"@id\":\"https:\\\/\\\/dmcsrb.com\\\/politika\\\/markovic-drzavno-tuzilastvo-nece-podleci-pritiscima\\\/\"},\"wordCount\":1917,\"commentCount\":0,\"image\":{\"@id\":\"https:\\\/\\\/dmcsrb.com\\\/politika\\\/markovic-drzavno-tuzilastvo-nece-podleci-pritiscima\\\/#primaryimage\"},\"thumbnailUrl\":\"https:\\\/\\\/dmcsrb.com\\\/wp-content\\\/uploads\\\/2026\\\/01\\\/Milorad-Markovic-VDT-foto-VDT.webp\",\"keywords\":[\"Milorad Markovi\u0107\",\"VDT\"],\"articleSection\":[\"Politika\"],\"inLanguage\":\"en-GB\",\"potentialAction\":[{\"@type\":\"CommentAction\",\"name\":\"Comment\",\"target\":[\"https:\\\/\\\/dmcsrb.com\\\/politika\\\/markovic-drzavno-tuzilastvo-nece-podleci-pritiscima\\\/#respond\"]}]},{\"@type\":\"WebPage\",\"@id\":\"https:\\\/\\\/dmcsrb.com\\\/politika\\\/markovic-drzavno-tuzilastvo-nece-podleci-pritiscima\\\/\",\"url\":\"https:\\\/\\\/dmcsrb.com\\\/politika\\\/markovic-drzavno-tuzilastvo-nece-podleci-pritiscima\\\/\",\"name\":\"Markovi\u0107: Dr\u017eavno tu\u017eila\u0161tvo ne\u0107e podle\u0107i pritiscima - dmcsrb.com\",\"isPartOf\":{\"@id\":\"https:\\\/\\\/dmcsrb.com\\\/#website\"},\"primaryImageOfPage\":{\"@id\":\"https:\\\/\\\/dmcsrb.com\\\/politika\\\/markovic-drzavno-tuzilastvo-nece-podleci-pritiscima\\\/#primaryimage\"},\"image\":{\"@id\":\"https:\\\/\\\/dmcsrb.com\\\/politika\\\/markovic-drzavno-tuzilastvo-nece-podleci-pritiscima\\\/#primaryimage\"},\"thumbnailUrl\":\"https:\\\/\\\/dmcsrb.com\\\/wp-content\\\/uploads\\\/2026\\\/01\\\/Milorad-Markovic-VDT-foto-VDT.webp\",\"datePublished\":\"2025-11-09T10:22:00+00:00\",\"author\":{\"@id\":\"https:\\\/\\\/dmcsrb.com\\\/#\\\/schema\\\/person\\\/5c39170f12db1b8b457732d0b5c854e2\"},\"breadcrumb\":{\"@id\":\"https:\\\/\\\/dmcsrb.com\\\/politika\\\/markovic-drzavno-tuzilastvo-nece-podleci-pritiscima\\\/#breadcrumb\"},\"inLanguage\":\"en-GB\",\"potentialAction\":[{\"@type\":\"ReadAction\",\"target\":[\"https:\\\/\\\/dmcsrb.com\\\/politika\\\/markovic-drzavno-tuzilastvo-nece-podleci-pritiscima\\\/\"]}]},{\"@type\":\"ImageObject\",\"inLanguage\":\"en-GB\",\"@id\":\"https:\\\/\\\/dmcsrb.com\\\/politika\\\/markovic-drzavno-tuzilastvo-nece-podleci-pritiscima\\\/#primaryimage\",\"url\":\"https:\\\/\\\/dmcsrb.com\\\/wp-content\\\/uploads\\\/2026\\\/01\\\/Milorad-Markovic-VDT-foto-VDT.webp\",\"contentUrl\":\"https:\\\/\\\/dmcsrb.com\\\/wp-content\\\/uploads\\\/2026\\\/01\\\/Milorad-Markovic-VDT-foto-VDT.webp\",\"width\":918,\"height\":606},{\"@type\":\"BreadcrumbList\",\"@id\":\"https:\\\/\\\/dmcsrb.com\\\/politika\\\/markovic-drzavno-tuzilastvo-nece-podleci-pritiscima\\\/#breadcrumb\",\"itemListElement\":[{\"@type\":\"ListItem\",\"position\":1,\"name\":\"Home\",\"item\":\"https:\\\/\\\/dmcsrb.com\\\/\"},{\"@type\":\"ListItem\",\"position\":2,\"name\":\"Markovi\u0107: Dr\u017eavno tu\u017eila\u0161tvo ne\u0107e podle\u0107i pritiscima\"}]},{\"@type\":\"WebSite\",\"@id\":\"https:\\\/\\\/dmcsrb.com\\\/#website\",\"url\":\"https:\\\/\\\/dmcsrb.com\\\/\",\"name\":\"dmcsrb.com\",\"description\":\"\",\"potentialAction\":[{\"@type\":\"SearchAction\",\"target\":{\"@type\":\"EntryPoint\",\"urlTemplate\":\"https:\\\/\\\/dmcsrb.com\\\/?s={search_term_string}\"},\"query-input\":{\"@type\":\"PropertyValueSpecification\",\"valueRequired\":true,\"valueName\":\"search_term_string\"}}],\"inLanguage\":\"en-GB\"},{\"@type\":\"Person\",\"@id\":\"https:\\\/\\\/dmcsrb.com\\\/#\\\/schema\\\/person\\\/5c39170f12db1b8b457732d0b5c854e2\",\"name\":\"dmcsrbija.com@gmail.com\",\"image\":{\"@type\":\"ImageObject\",\"inLanguage\":\"en-GB\",\"@id\":\"https:\\\/\\\/secure.gravatar.com\\\/avatar\\\/68592660ad6347fad0fb587f8d5d8f1a7b44961362f56e4f2cd524feb87e9069?s=96&d=mm&r=g\",\"url\":\"https:\\\/\\\/secure.gravatar.com\\\/avatar\\\/68592660ad6347fad0fb587f8d5d8f1a7b44961362f56e4f2cd524feb87e9069?s=96&d=mm&r=g\",\"contentUrl\":\"https:\\\/\\\/secure.gravatar.com\\\/avatar\\\/68592660ad6347fad0fb587f8d5d8f1a7b44961362f56e4f2cd524feb87e9069?s=96&d=mm&r=g\",\"caption\":\"dmcsrbija.com@gmail.com\"},\"sameAs\":[\"https:\\\/\\\/dmcsrb.com\"],\"url\":\"https:\\\/\\\/dmcsrb.com\\\/en\\\/author\\\/dmcsrbija-comgmail-com\\\/\"}]}<\/script>\n<!-- \/ Yoast SEO plugin. -->","yoast_head_json":{"title":"Markovi\u0107: Dr\u017eavno tu\u017eila\u0161tvo ne\u0107e podle\u0107i pritiscima - dmcsrb.com","robots":{"index":"index","follow":"follow","max-snippet":"max-snippet:-1","max-image-preview":"max-image-preview:large","max-video-preview":"max-video-preview:-1"},"canonical":"https:\/\/dmcsrb.com\/en\/politika\/markovic-drzavno-tuzilastvo-nece-podleci-pritiscima\/","og_locale":"en_GB","og_type":"article","og_title":"Markovi\u0107: Dr\u017eavno tu\u017eila\u0161tvo ne\u0107e podle\u0107i pritiscima - dmcsrb.com","og_description":"Nezavisnost Dr\u017eavnog tu\u017eila\u0161tva nije privilegija, ve\u0107 ustavna i zakonska obaveza koja garantuje povjerenje gra\u0111ana u pravdu i stabilnost pravnog poretka, kazao je vrhovni dr\u017eavni tu\u017eilac Milorad Markovi\u0107, poru\u010duju\u0107i da Tu\u017eila\u0161tvo ne\u0107e podle\u0107i pod bilo kakav vid politi\u010dkog, institucionalnog ili drugog pritiska.","og_url":"https:\/\/dmcsrb.com\/en\/politika\/markovic-drzavno-tuzilastvo-nece-podleci-pritiscima\/","og_site_name":"dmcsrb.com","article_published_time":"2025-11-09T10:22:00+00:00","og_image":[{"width":918,"height":606,"url":"https:\/\/dmcsrb.com\/wp-content\/uploads\/2026\/01\/Milorad-Markovic-VDT-foto-VDT.webp","type":"image\/jpeg"}],"author":"dmcsrbija.com@gmail.com","twitter_card":"summary_large_image","twitter_misc":{"Written by":"dmcsrbija.com@gmail.com","Estimated reading time":"10 minutes"},"schema":{"@context":"https:\/\/schema.org","@graph":[{"@type":"Article","@id":"https:\/\/dmcsrb.com\/politika\/markovic-drzavno-tuzilastvo-nece-podleci-pritiscima\/#article","isPartOf":{"@id":"https:\/\/dmcsrb.com\/politika\/markovic-drzavno-tuzilastvo-nece-podleci-pritiscima\/"},"author":{"name":"dmcsrbija.com@gmail.com","@id":"https:\/\/dmcsrb.com\/#\/schema\/person\/5c39170f12db1b8b457732d0b5c854e2"},"headline":"Markovi\u0107: Dr\u017eavno tu\u017eila\u0161tvo ne\u0107e podle\u0107i pritiscima","datePublished":"2025-11-09T10:22:00+00:00","mainEntityOfPage":{"@id":"https:\/\/dmcsrb.com\/politika\/markovic-drzavno-tuzilastvo-nece-podleci-pritiscima\/"},"wordCount":1917,"commentCount":0,"image":{"@id":"https:\/\/dmcsrb.com\/politika\/markovic-drzavno-tuzilastvo-nece-podleci-pritiscima\/#primaryimage"},"thumbnailUrl":"https:\/\/dmcsrb.com\/wp-content\/uploads\/2026\/01\/Milorad-Markovic-VDT-foto-VDT.webp","keywords":["Milorad Markovi\u0107","VDT"],"articleSection":["Politika"],"inLanguage":"en-GB","potentialAction":[{"@type":"CommentAction","name":"Comment","target":["https:\/\/dmcsrb.com\/politika\/markovic-drzavno-tuzilastvo-nece-podleci-pritiscima\/#respond"]}]},{"@type":"WebPage","@id":"https:\/\/dmcsrb.com\/politika\/markovic-drzavno-tuzilastvo-nece-podleci-pritiscima\/","url":"https:\/\/dmcsrb.com\/politika\/markovic-drzavno-tuzilastvo-nece-podleci-pritiscima\/","name":"Markovi\u0107: Dr\u017eavno tu\u017eila\u0161tvo ne\u0107e podle\u0107i pritiscima - dmcsrb.com","isPartOf":{"@id":"https:\/\/dmcsrb.com\/#website"},"primaryImageOfPage":{"@id":"https:\/\/dmcsrb.com\/politika\/markovic-drzavno-tuzilastvo-nece-podleci-pritiscima\/#primaryimage"},"image":{"@id":"https:\/\/dmcsrb.com\/politika\/markovic-drzavno-tuzilastvo-nece-podleci-pritiscima\/#primaryimage"},"thumbnailUrl":"https:\/\/dmcsrb.com\/wp-content\/uploads\/2026\/01\/Milorad-Markovic-VDT-foto-VDT.webp","datePublished":"2025-11-09T10:22:00+00:00","author":{"@id":"https:\/\/dmcsrb.com\/#\/schema\/person\/5c39170f12db1b8b457732d0b5c854e2"},"breadcrumb":{"@id":"https:\/\/dmcsrb.com\/politika\/markovic-drzavno-tuzilastvo-nece-podleci-pritiscima\/#breadcrumb"},"inLanguage":"en-GB","potentialAction":[{"@type":"ReadAction","target":["https:\/\/dmcsrb.com\/politika\/markovic-drzavno-tuzilastvo-nece-podleci-pritiscima\/"]}]},{"@type":"ImageObject","inLanguage":"en-GB","@id":"https:\/\/dmcsrb.com\/politika\/markovic-drzavno-tuzilastvo-nece-podleci-pritiscima\/#primaryimage","url":"https:\/\/dmcsrb.com\/wp-content\/uploads\/2026\/01\/Milorad-Markovic-VDT-foto-VDT.webp","contentUrl":"https:\/\/dmcsrb.com\/wp-content\/uploads\/2026\/01\/Milorad-Markovic-VDT-foto-VDT.webp","width":918,"height":606},{"@type":"BreadcrumbList","@id":"https:\/\/dmcsrb.com\/politika\/markovic-drzavno-tuzilastvo-nece-podleci-pritiscima\/#breadcrumb","itemListElement":[{"@type":"ListItem","position":1,"name":"Home","item":"https:\/\/dmcsrb.com\/"},{"@type":"ListItem","position":2,"name":"Markovi\u0107: Dr\u017eavno tu\u017eila\u0161tvo ne\u0107e podle\u0107i pritiscima"}]},{"@type":"WebSite","@id":"https:\/\/dmcsrb.com\/#website","url":"https:\/\/dmcsrb.com\/","name":"dmcsrb.com","description":"","potentialAction":[{"@type":"SearchAction","target":{"@type":"EntryPoint","urlTemplate":"https:\/\/dmcsrb.com\/?s={search_term_string}"},"query-input":{"@type":"PropertyValueSpecification","valueRequired":true,"valueName":"search_term_string"}}],"inLanguage":"en-GB"},{"@type":"Person","@id":"https:\/\/dmcsrb.com\/#\/schema\/person\/5c39170f12db1b8b457732d0b5c854e2","name":"dmcsrbija.com@gmail.com","image":{"@type":"ImageObject","inLanguage":"en-GB","@id":"https:\/\/secure.gravatar.com\/avatar\/68592660ad6347fad0fb587f8d5d8f1a7b44961362f56e4f2cd524feb87e9069?s=96&d=mm&r=g","url":"https:\/\/secure.gravatar.com\/avatar\/68592660ad6347fad0fb587f8d5d8f1a7b44961362f56e4f2cd524feb87e9069?s=96&d=mm&r=g","contentUrl":"https:\/\/secure.gravatar.com\/avatar\/68592660ad6347fad0fb587f8d5d8f1a7b44961362f56e4f2cd524feb87e9069?s=96&d=mm&r=g","caption":"dmcsrbija.com@gmail.com"},"sameAs":["https:\/\/dmcsrb.com"],"url":"https:\/\/dmcsrb.com\/en\/author\/dmcsrbija-comgmail-com\/"}]}},"_links":{"self":[{"href":"https:\/\/dmcsrb.com\/en\/wp-json\/wp\/v2\/posts\/962763","targetHints":{"allow":["GET"]}}],"collection":[{"href":"https:\/\/dmcsrb.com\/en\/wp-json\/wp\/v2\/posts"}],"about":[{"href":"https:\/\/dmcsrb.com\/en\/wp-json\/wp\/v2\/types\/post"}],"author":[{"embeddable":true,"href":"https:\/\/dmcsrb.com\/en\/wp-json\/wp\/v2\/users\/1"}],"replies":[{"embeddable":true,"href":"https:\/\/dmcsrb.com\/en\/wp-json\/wp\/v2\/comments?post=962763"}],"version-history":[{"count":0,"href":"https:\/\/dmcsrb.com\/en\/wp-json\/wp\/v2\/posts\/962763\/revisions"}],"wp:featuredmedia":[{"embeddable":true,"href":"https:\/\/dmcsrb.com\/en\/wp-json\/wp\/v2\/media\/962764"}],"wp:attachment":[{"href":"https:\/\/dmcsrb.com\/en\/wp-json\/wp\/v2\/media?parent=962763"}],"wp:term":[{"taxonomy":"category","embeddable":true,"href":"https:\/\/dmcsrb.com\/en\/wp-json\/wp\/v2\/categories?post=962763"},{"taxonomy":"post_tag","embeddable":true,"href":"https:\/\/dmcsrb.com\/en\/wp-json\/wp\/v2\/tags?post=962763"},{"taxonomy":"naslovna","embeddable":true,"href":"https:\/\/dmcsrb.com\/en\/wp-json\/wp\/v2\/naslovna?post=962763"}],"curies":[{"name":"wp","href":"https:\/\/api.w.org\/{rel}","templated":true}]}}