{"id":962755,"date":"2025-11-09T12:05:00","date_gmt":"2025-11-09T11:05:00","guid":{"rendered":"https:\/\/dmcsrb.com\/uncategorized\/kovacevic-idemo-na-pobjedu-u-svakom-mecu\/"},"modified":"2025-11-09T12:05:00","modified_gmt":"2025-11-09T11:05:00","slug":"kovacevic-idemo-na-pobjedu-u-svakom-mecu","status":"publish","type":"post","link":"https:\/\/dmcsrb.com\/en\/sport\/kovacevic-idemo-na-pobjedu-u-svakom-mecu\/","title":{"rendered":"Kova\u010devi\u0107: Idemo na pobjedu u svakom me\u010du"},"content":{"rendered":"<p>Na\u0161a selekcija duelom sa Ukrajinom u srijedu otvara kvalifikacije za Evropsko prvenstvo.<\/p>\n\n\n\n<p>U grupi su jo\u0161 Azerebejd\u017ean i Bugarska, a najbolje dvije ekipe idu u narednu rundu kvalifikacija.<\/p>\n\n\n\n<p>&#8220;O\u010dekivanja su uvijek ista kada se okupimo u reprezentaciji. \u017delimo da budemo maksimalno borbene, da budemo tim i da na svaku utakmicu idemo na pobjedu. \u0160to se ti\u010de kvalifikacija, \u017eelimo da budemo na nekoj od prve dvije pozicije&#8221;, kazala je Kova\u010devi\u0107.<\/p>\n\n\n\n<p>Igra\u010dica &#8220;crvenih&#8221; Zorana Radonji\u0107 je kazala da je spremna da preuzme ve\u0107u ulogu u nacionalnom timu.<\/p>\n\n\n\n<p>Od dresa Crne Gore su se oprostile Milica Jovanovi\u0107, Jelena Vu\u010deti\u0107 i Jovana Pa\u0161i\u0107.<\/p>\n\n\n\n<p>&#8220;Sre\u0107na sam, jer smo ponovo na okupu. Dolazi do smjene genracija, spremne smo da prihvatimo novu ulogu i odgovornost&#8221;, kazala je Radonji\u0107.<\/p>","protected":false},"excerpt":{"rendered":"<p>Bojana Kova\u010devi\u0107 bi\u0107e jedna od predvodnica nove generacije crnogorskih ko\u0161arka\u0161ica. Obe\u0107ala je da \u0107e ekipa na svakom me\u010du dati sve od sebe da do\u0111e do pobjede.<\/p>","protected":false},"author":1,"featured_media":962756,"comment_status":"open","ping_status":"open","sticky":false,"template":"","format":"standard","meta":{"_acf_changed":false,"footnotes":""},"categories":[148],"tags":[14005,3928,13951],"naslovna":[],"class_list":["post-962755","post","type-post","status-publish","format-standard","has-post-thumbnail","hentry","category-sport","tag-bojana-kovacevic","tag-kscg","tag-zenska-kosarkaska-reprezentacija-crne-gore"],"acf":[],"yoast_head":"<!-- This site is optimized with the Yoast SEO plugin v27.4 - https:\/\/yoast.com\/product\/yoast-seo-wordpress\/ -->\n<title>Kova\u010devi\u0107: Idemo na pobjedu u svakom me\u010du - dmcsrb.com<\/title>\n<meta name=\"robots\" content=\"index, follow, max-snippet:-1, max-image-preview:large, max-video-preview:-1\" \/>\n<link rel=\"canonical\" href=\"https:\/\/dmcsrb.com\/en\/sport\/kovacevic-idemo-na-pobjedu-u-svakom-mecu\/\" \/>\n<meta property=\"og:locale\" content=\"en_GB\" \/>\n<meta property=\"og:type\" content=\"article\" \/>\n<meta property=\"og:title\" content=\"Kova\u010devi\u0107: Idemo na pobjedu u svakom me\u010du - dmcsrb.com\" \/>\n<meta property=\"og:description\" content=\"Bojana Kova\u010devi\u0107 bi\u0107e jedna od predvodnica nove generacije crnogorskih ko\u0161arka\u0161ica. Obe\u0107ala je da \u0107e ekipa na svakom me\u010du dati sve od sebe da do\u0111e do pobjede.\" \/>\n<meta property=\"og:url\" content=\"https:\/\/dmcsrb.com\/en\/sport\/kovacevic-idemo-na-pobjedu-u-svakom-mecu\/\" \/>\n<meta property=\"og:site_name\" content=\"dmcsrb.com\" \/>\n<meta property=\"article:published_time\" content=\"2025-11-09T11:05:00+00:00\" \/>\n<meta property=\"og:image\" content=\"https:\/\/dmcsrb.com\/wp-content\/uploads\/2026\/01\/Kovacevic-KSCG.webp\" \/>\n\t<meta property=\"og:image:width\" content=\"900\" \/>\n\t<meta property=\"og:image:height\" content=\"598\" \/>\n\t<meta property=\"og:image:type\" content=\"image\/jpeg\" \/>\n<meta name=\"author\" content=\"dmcsrbija.com@gmail.com\" \/>\n<meta name=\"twitter:card\" content=\"summary_large_image\" \/>\n<meta name=\"twitter:label1\" content=\"Written by\" \/>\n\t<meta name=\"twitter:data1\" content=\"dmcsrbija.com@gmail.com\" \/>\n\t<meta name=\"twitter:label2\" content=\"Estimated reading time\" \/>\n\t<meta name=\"twitter:data2\" content=\"1 minute\" \/>\n<script type=\"application\/ld+json\" class=\"yoast-schema-graph\">{\"@context\":\"https:\\\/\\\/schema.org\",\"@graph\":[{\"@type\":\"Article\",\"@id\":\"https:\\\/\\\/dmcsrb.com\\\/sport\\\/kovacevic-idemo-na-pobjedu-u-svakom-mecu\\\/#article\",\"isPartOf\":{\"@id\":\"https:\\\/\\\/dmcsrb.com\\\/sport\\\/kovacevic-idemo-na-pobjedu-u-svakom-mecu\\\/\"},\"author\":{\"name\":\"dmcsrbija.com@gmail.com\",\"@id\":\"https:\\\/\\\/dmcsrb.com\\\/#\\\/schema\\\/person\\\/5c39170f12db1b8b457732d0b5c854e2\"},\"headline\":\"Kova\u010devi\u0107: Idemo na pobjedu u svakom me\u010du\",\"datePublished\":\"2025-11-09T11:05:00+00:00\",\"mainEntityOfPage\":{\"@id\":\"https:\\\/\\\/dmcsrb.com\\\/sport\\\/kovacevic-idemo-na-pobjedu-u-svakom-mecu\\\/\"},\"wordCount\":140,\"commentCount\":0,\"image\":{\"@id\":\"https:\\\/\\\/dmcsrb.com\\\/sport\\\/kovacevic-idemo-na-pobjedu-u-svakom-mecu\\\/#primaryimage\"},\"thumbnailUrl\":\"https:\\\/\\\/dmcsrb.com\\\/wp-content\\\/uploads\\\/2026\\\/01\\\/Kovacevic-KSCG.webp\",\"keywords\":[\"Bojana Kova\u010devi\u0107\",\"KSCG\",\"\u017denska ko\u0161arka\u0161ka reprezentacija Crne Gore\"],\"articleSection\":[\"Sport\"],\"inLanguage\":\"en-GB\",\"potentialAction\":[{\"@type\":\"CommentAction\",\"name\":\"Comment\",\"target\":[\"https:\\\/\\\/dmcsrb.com\\\/sport\\\/kovacevic-idemo-na-pobjedu-u-svakom-mecu\\\/#respond\"]}]},{\"@type\":\"WebPage\",\"@id\":\"https:\\\/\\\/dmcsrb.com\\\/sport\\\/kovacevic-idemo-na-pobjedu-u-svakom-mecu\\\/\",\"url\":\"https:\\\/\\\/dmcsrb.com\\\/sport\\\/kovacevic-idemo-na-pobjedu-u-svakom-mecu\\\/\",\"name\":\"Kova\u010devi\u0107: Idemo na pobjedu u svakom me\u010du - dmcsrb.com\",\"isPartOf\":{\"@id\":\"https:\\\/\\\/dmcsrb.com\\\/#website\"},\"primaryImageOfPage\":{\"@id\":\"https:\\\/\\\/dmcsrb.com\\\/sport\\\/kovacevic-idemo-na-pobjedu-u-svakom-mecu\\\/#primaryimage\"},\"image\":{\"@id\":\"https:\\\/\\\/dmcsrb.com\\\/sport\\\/kovacevic-idemo-na-pobjedu-u-svakom-mecu\\\/#primaryimage\"},\"thumbnailUrl\":\"https:\\\/\\\/dmcsrb.com\\\/wp-content\\\/uploads\\\/2026\\\/01\\\/Kovacevic-KSCG.webp\",\"datePublished\":\"2025-11-09T11:05:00+00:00\",\"author\":{\"@id\":\"https:\\\/\\\/dmcsrb.com\\\/#\\\/schema\\\/person\\\/5c39170f12db1b8b457732d0b5c854e2\"},\"breadcrumb\":{\"@id\":\"https:\\\/\\\/dmcsrb.com\\\/sport\\\/kovacevic-idemo-na-pobjedu-u-svakom-mecu\\\/#breadcrumb\"},\"inLanguage\":\"en-GB\",\"potentialAction\":[{\"@type\":\"ReadAction\",\"target\":[\"https:\\\/\\\/dmcsrb.com\\\/sport\\\/kovacevic-idemo-na-pobjedu-u-svakom-mecu\\\/\"]}]},{\"@type\":\"ImageObject\",\"inLanguage\":\"en-GB\",\"@id\":\"https:\\\/\\\/dmcsrb.com\\\/sport\\\/kovacevic-idemo-na-pobjedu-u-svakom-mecu\\\/#primaryimage\",\"url\":\"https:\\\/\\\/dmcsrb.com\\\/wp-content\\\/uploads\\\/2026\\\/01\\\/Kovacevic-KSCG.webp\",\"contentUrl\":\"https:\\\/\\\/dmcsrb.com\\\/wp-content\\\/uploads\\\/2026\\\/01\\\/Kovacevic-KSCG.webp\",\"width\":900,\"height\":598},{\"@type\":\"BreadcrumbList\",\"@id\":\"https:\\\/\\\/dmcsrb.com\\\/sport\\\/kovacevic-idemo-na-pobjedu-u-svakom-mecu\\\/#breadcrumb\",\"itemListElement\":[{\"@type\":\"ListItem\",\"position\":1,\"name\":\"Home\",\"item\":\"https:\\\/\\\/dmcsrb.com\\\/\"},{\"@type\":\"ListItem\",\"position\":2,\"name\":\"Kova\u010devi\u0107: Idemo na pobjedu u svakom me\u010du\"}]},{\"@type\":\"WebSite\",\"@id\":\"https:\\\/\\\/dmcsrb.com\\\/#website\",\"url\":\"https:\\\/\\\/dmcsrb.com\\\/\",\"name\":\"dmcsrb.com\",\"description\":\"\",\"potentialAction\":[{\"@type\":\"SearchAction\",\"target\":{\"@type\":\"EntryPoint\",\"urlTemplate\":\"https:\\\/\\\/dmcsrb.com\\\/?s={search_term_string}\"},\"query-input\":{\"@type\":\"PropertyValueSpecification\",\"valueRequired\":true,\"valueName\":\"search_term_string\"}}],\"inLanguage\":\"en-GB\"},{\"@type\":\"Person\",\"@id\":\"https:\\\/\\\/dmcsrb.com\\\/#\\\/schema\\\/person\\\/5c39170f12db1b8b457732d0b5c854e2\",\"name\":\"dmcsrbija.com@gmail.com\",\"image\":{\"@type\":\"ImageObject\",\"inLanguage\":\"en-GB\",\"@id\":\"https:\\\/\\\/secure.gravatar.com\\\/avatar\\\/68592660ad6347fad0fb587f8d5d8f1a7b44961362f56e4f2cd524feb87e9069?s=96&d=mm&r=g\",\"url\":\"https:\\\/\\\/secure.gravatar.com\\\/avatar\\\/68592660ad6347fad0fb587f8d5d8f1a7b44961362f56e4f2cd524feb87e9069?s=96&d=mm&r=g\",\"contentUrl\":\"https:\\\/\\\/secure.gravatar.com\\\/avatar\\\/68592660ad6347fad0fb587f8d5d8f1a7b44961362f56e4f2cd524feb87e9069?s=96&d=mm&r=g\",\"caption\":\"dmcsrbija.com@gmail.com\"},\"sameAs\":[\"https:\\\/\\\/dmcsrb.com\"],\"url\":\"https:\\\/\\\/dmcsrb.com\\\/en\\\/author\\\/dmcsrbija-comgmail-com\\\/\"}]}<\/script>\n<!-- \/ Yoast SEO plugin. -->","yoast_head_json":{"title":"Kova\u010devi\u0107: Idemo na pobjedu u svakom me\u010du - dmcsrb.com","robots":{"index":"index","follow":"follow","max-snippet":"max-snippet:-1","max-image-preview":"max-image-preview:large","max-video-preview":"max-video-preview:-1"},"canonical":"https:\/\/dmcsrb.com\/en\/sport\/kovacevic-idemo-na-pobjedu-u-svakom-mecu\/","og_locale":"en_GB","og_type":"article","og_title":"Kova\u010devi\u0107: Idemo na pobjedu u svakom me\u010du - dmcsrb.com","og_description":"Bojana Kova\u010devi\u0107 bi\u0107e jedna od predvodnica nove generacije crnogorskih ko\u0161arka\u0161ica. Obe\u0107ala je da \u0107e ekipa na svakom me\u010du dati sve od sebe da do\u0111e do pobjede.","og_url":"https:\/\/dmcsrb.com\/en\/sport\/kovacevic-idemo-na-pobjedu-u-svakom-mecu\/","og_site_name":"dmcsrb.com","article_published_time":"2025-11-09T11:05:00+00:00","og_image":[{"width":900,"height":598,"url":"https:\/\/dmcsrb.com\/wp-content\/uploads\/2026\/01\/Kovacevic-KSCG.webp","type":"image\/jpeg"}],"author":"dmcsrbija.com@gmail.com","twitter_card":"summary_large_image","twitter_misc":{"Written by":"dmcsrbija.com@gmail.com","Estimated reading time":"1 minute"},"schema":{"@context":"https:\/\/schema.org","@graph":[{"@type":"Article","@id":"https:\/\/dmcsrb.com\/sport\/kovacevic-idemo-na-pobjedu-u-svakom-mecu\/#article","isPartOf":{"@id":"https:\/\/dmcsrb.com\/sport\/kovacevic-idemo-na-pobjedu-u-svakom-mecu\/"},"author":{"name":"dmcsrbija.com@gmail.com","@id":"https:\/\/dmcsrb.com\/#\/schema\/person\/5c39170f12db1b8b457732d0b5c854e2"},"headline":"Kova\u010devi\u0107: Idemo na pobjedu u svakom me\u010du","datePublished":"2025-11-09T11:05:00+00:00","mainEntityOfPage":{"@id":"https:\/\/dmcsrb.com\/sport\/kovacevic-idemo-na-pobjedu-u-svakom-mecu\/"},"wordCount":140,"commentCount":0,"image":{"@id":"https:\/\/dmcsrb.com\/sport\/kovacevic-idemo-na-pobjedu-u-svakom-mecu\/#primaryimage"},"thumbnailUrl":"https:\/\/dmcsrb.com\/wp-content\/uploads\/2026\/01\/Kovacevic-KSCG.webp","keywords":["Bojana Kova\u010devi\u0107","KSCG","\u017denska ko\u0161arka\u0161ka reprezentacija Crne Gore"],"articleSection":["Sport"],"inLanguage":"en-GB","potentialAction":[{"@type":"CommentAction","name":"Comment","target":["https:\/\/dmcsrb.com\/sport\/kovacevic-idemo-na-pobjedu-u-svakom-mecu\/#respond"]}]},{"@type":"WebPage","@id":"https:\/\/dmcsrb.com\/sport\/kovacevic-idemo-na-pobjedu-u-svakom-mecu\/","url":"https:\/\/dmcsrb.com\/sport\/kovacevic-idemo-na-pobjedu-u-svakom-mecu\/","name":"Kova\u010devi\u0107: Idemo na pobjedu u svakom me\u010du - dmcsrb.com","isPartOf":{"@id":"https:\/\/dmcsrb.com\/#website"},"primaryImageOfPage":{"@id":"https:\/\/dmcsrb.com\/sport\/kovacevic-idemo-na-pobjedu-u-svakom-mecu\/#primaryimage"},"image":{"@id":"https:\/\/dmcsrb.com\/sport\/kovacevic-idemo-na-pobjedu-u-svakom-mecu\/#primaryimage"},"thumbnailUrl":"https:\/\/dmcsrb.com\/wp-content\/uploads\/2026\/01\/Kovacevic-KSCG.webp","datePublished":"2025-11-09T11:05:00+00:00","author":{"@id":"https:\/\/dmcsrb.com\/#\/schema\/person\/5c39170f12db1b8b457732d0b5c854e2"},"breadcrumb":{"@id":"https:\/\/dmcsrb.com\/sport\/kovacevic-idemo-na-pobjedu-u-svakom-mecu\/#breadcrumb"},"inLanguage":"en-GB","potentialAction":[{"@type":"ReadAction","target":["https:\/\/dmcsrb.com\/sport\/kovacevic-idemo-na-pobjedu-u-svakom-mecu\/"]}]},{"@type":"ImageObject","inLanguage":"en-GB","@id":"https:\/\/dmcsrb.com\/sport\/kovacevic-idemo-na-pobjedu-u-svakom-mecu\/#primaryimage","url":"https:\/\/dmcsrb.com\/wp-content\/uploads\/2026\/01\/Kovacevic-KSCG.webp","contentUrl":"https:\/\/dmcsrb.com\/wp-content\/uploads\/2026\/01\/Kovacevic-KSCG.webp","width":900,"height":598},{"@type":"BreadcrumbList","@id":"https:\/\/dmcsrb.com\/sport\/kovacevic-idemo-na-pobjedu-u-svakom-mecu\/#breadcrumb","itemListElement":[{"@type":"ListItem","position":1,"name":"Home","item":"https:\/\/dmcsrb.com\/"},{"@type":"ListItem","position":2,"name":"Kova\u010devi\u0107: Idemo na pobjedu u svakom me\u010du"}]},{"@type":"WebSite","@id":"https:\/\/dmcsrb.com\/#website","url":"https:\/\/dmcsrb.com\/","name":"dmcsrb.com","description":"","potentialAction":[{"@type":"SearchAction","target":{"@type":"EntryPoint","urlTemplate":"https:\/\/dmcsrb.com\/?s={search_term_string}"},"query-input":{"@type":"PropertyValueSpecification","valueRequired":true,"valueName":"search_term_string"}}],"inLanguage":"en-GB"},{"@type":"Person","@id":"https:\/\/dmcsrb.com\/#\/schema\/person\/5c39170f12db1b8b457732d0b5c854e2","name":"dmcsrbija.com@gmail.com","image":{"@type":"ImageObject","inLanguage":"en-GB","@id":"https:\/\/secure.gravatar.com\/avatar\/68592660ad6347fad0fb587f8d5d8f1a7b44961362f56e4f2cd524feb87e9069?s=96&d=mm&r=g","url":"https:\/\/secure.gravatar.com\/avatar\/68592660ad6347fad0fb587f8d5d8f1a7b44961362f56e4f2cd524feb87e9069?s=96&d=mm&r=g","contentUrl":"https:\/\/secure.gravatar.com\/avatar\/68592660ad6347fad0fb587f8d5d8f1a7b44961362f56e4f2cd524feb87e9069?s=96&d=mm&r=g","caption":"dmcsrbija.com@gmail.com"},"sameAs":["https:\/\/dmcsrb.com"],"url":"https:\/\/dmcsrb.com\/en\/author\/dmcsrbija-comgmail-com\/"}]}},"_links":{"self":[{"href":"https:\/\/dmcsrb.com\/en\/wp-json\/wp\/v2\/posts\/962755","targetHints":{"allow":["GET"]}}],"collection":[{"href":"https:\/\/dmcsrb.com\/en\/wp-json\/wp\/v2\/posts"}],"about":[{"href":"https:\/\/dmcsrb.com\/en\/wp-json\/wp\/v2\/types\/post"}],"author":[{"embeddable":true,"href":"https:\/\/dmcsrb.com\/en\/wp-json\/wp\/v2\/users\/1"}],"replies":[{"embeddable":true,"href":"https:\/\/dmcsrb.com\/en\/wp-json\/wp\/v2\/comments?post=962755"}],"version-history":[{"count":0,"href":"https:\/\/dmcsrb.com\/en\/wp-json\/wp\/v2\/posts\/962755\/revisions"}],"wp:featuredmedia":[{"embeddable":true,"href":"https:\/\/dmcsrb.com\/en\/wp-json\/wp\/v2\/media\/962756"}],"wp:attachment":[{"href":"https:\/\/dmcsrb.com\/en\/wp-json\/wp\/v2\/media?parent=962755"}],"wp:term":[{"taxonomy":"category","embeddable":true,"href":"https:\/\/dmcsrb.com\/en\/wp-json\/wp\/v2\/categories?post=962755"},{"taxonomy":"post_tag","embeddable":true,"href":"https:\/\/dmcsrb.com\/en\/wp-json\/wp\/v2\/tags?post=962755"},{"taxonomy":"naslovna","embeddable":true,"href":"https:\/\/dmcsrb.com\/en\/wp-json\/wp\/v2\/naslovna?post=962755"}],"curies":[{"name":"wp","href":"https:\/\/api.w.org\/{rel}","templated":true}]}}