{"id":962688,"date":"2025-11-08T19:20:00","date_gmt":"2025-11-08T18:20:00","guid":{"rendered":"https:\/\/dmcsrb.com\/uncategorized\/heroji-ne-umiru-porodica-dejana-bozovica-o-gubitku-i-hrabrosti-covjeka-lavljeg-srca\/"},"modified":"2025-11-08T19:20:00","modified_gmt":"2025-11-08T18:20:00","slug":"heroji-ne-umiru-porodica-dejana-bozovica-o-gubitku-i-hrabrosti-covjeka-lavljeg-srca","status":"publish","type":"post","link":"https:\/\/dmcsrb.com\/en\/drustvo\/heroji-ne-umiru-porodica-dejana-bozovica-o-gubitku-i-hrabrosti-covjeka-lavljeg-srca\/","title":{"rendered":"Heroji ne umiru: Porodica Dejana Bo\u017eovi\u0107a o gubitku i hrabrosti \u010dovjeka lavljeg srca"},"content":{"rendered":"<p><\/p>\n\n\n\n<p>Crnogorska porodica iz Berlina obezbijedila je stipendiju za \u0161kolovanje njegove djece. Njegova prodica danas zahvaljuje svima koji su odlu\u010dili da pru\u017ee pomo\u0107 i utjehu.<\/p>\n\n\n\n<p>Skoro su tri mjeseca od dana kada je Crna Gora izgubila jednog od svojih najboljih sinova.<\/p>\n\n\n\n<p>Neko koga je krasila ogromna hrabrost.<\/p>\n\n\n\n<p>Mla\u0111i vodnik Vojske Crne Gore, Dejan Bo\u017eovi\u0107, poginuo je u avgustu, bio je \u010dovjek lavljeg srca.&nbsp;<\/p>\n\n\n\n<p>Danas, prvi put, njegova porodica govori o svemu \u2014 o Dejanu , o gubitku, i o snazi koja ih dr\u017ei.<\/p>\n\n\n\n<p>Vladica Bo\u017eovi\u0107 \u2013 supruga preminulog Dejana Bo\u017eovi\u0107a ka\u017ee da tog&nbsp;dana kad je oti\u0161ao na zadatak i da je znao da ide u smrt on bi oti\u0161ao ipak.<\/p>\n\n\n\n<p>Cisterna kojom je i\u0161ao na interevenciju sletjela je u provaliju u te\u0161ko pristupa\u010dnom i tih dana dimom obavijenom rejonu Ku\u010da. Dejan je na mjestu stradao.<br><br>&#8220;Sat vremena prije nego \u0161to se sve to izde\u0161avalo \u010duli smo se, razmijenili te informacije, \u0161ta ko radi od nas, gdje su djeca. To je na\u017ealost bio posljednji put da smo se \u010duli. To je bio taj razgovor, i na\u0161e uobi\u010dajeno volim te&#8221;, kazala je Vladica.\u00a0<\/p>\n\n\n\n<p>Ti\u0161inu \u0107e zamijeniti neizmjerna tuga i bol, pomije\u0161ani potom sa osje\u0107anjem ponosa na supruga, oca, brata i sina koji je dao \u017eivot poku\u0161avaju\u0107i da za\u0161titi drugog. Uslijedili su prilozi gra\u0111ana, humanitarni mar\u0161, orden za hrabrost &#8211; sve to postalo je simbol zahvalnosti Dejanu i njegovoj \u017ertvi.<br><br>Boro Bo\u017eovi\u0107 \u2013 otac preminulog Dejana Bo\u017eovi\u0107a ka\u017ee da mu ubla\u017eava bol \u0161to je Dejan bio takav.\u00a0<\/p>\n\n\n\n<p>&#8220;Ja imam jo\u0161 dva sina a sa njim sam bio kao drug. On se stalno \u0161alio. Narod ga je pohvalio. Kad me sretnu ljudi govore evo oca onog vojnika. \u0160ta \u0107u, takva je sudbina, po\u0161ao je na zadatak&#8221;, rekao je on.&nbsp;<br><br>Dejanova smrt potresla je cijelu zemlju.<\/p>\n\n\n\n<p>Gra\u0111ani, dijaspora, kolege, svi su se ujedinili da pomognu njegovoj porodici.<\/p>\n\n\n\n<p>Za Vladicu i njenu djecu, \u017eivot bez Dejana nikada ne\u0107e biti isti.<\/p>\n\n\n\n<p>Ali sje\u0107anje na njega \u2014 i zahvalnost naroda \u2014 osta\u0107e kao dokaz da heroji ne umiru.<a href=\"https:\/\/play.google.com\/store\/apps\/details?id=me.rtcg\" target=\"_blank\" rel=\"noreferrer noopener\"><\/a><a href=\"https:\/\/apps.apple.com\/us\/app\/rtcg\/id1400067551\" target=\"_blank\" rel=\"noreferrer noopener\"><\/a><\/p>\n\n\n\n<p><a target=\"_blank\" href=\"https:\/\/play.google.com\/store\/apps\/details?id=me.rtcg\" rel=\"noreferrer noopener\"><\/a><a target=\"_blank\" href=\"https:\/\/apps.apple.com\/us\/app\/rtcg\/id1400067551\" rel=\"noreferrer noopener\"><\/a><\/p>","protected":false},"excerpt":{"rendered":"<p>Smrt vojnika Dejana Bo\u017eovi\u0107a u avgustu, tokom velikih po\u017eara koji su pogodili Crnu Goru, nije i nikad ne\u0107e biti zaboravljena. Sna\u017ena reakcija dru\u0161tva bila je lijek na ranu koja i dalje boli. Bra\u0107a \u0160ahovi\u0107 pokrenula su akciju prikupljanja pomo\u0107i, organizovan je i humanitarni mar\u0161, a Dejan je odlikovan ordenom za hrabrost.<\/p>","protected":false},"author":1,"featured_media":962689,"comment_status":"open","ping_status":"open","sticky":false,"template":"","format":"standard","meta":{"_acf_changed":false,"footnotes":""},"categories":[2],"tags":[13973,7063,622,787,5867,7670],"naslovna":[],"class_list":["post-962688","post","type-post","status-publish","format-standard","has-post-thumbnail","hentry","category-drustvo","tag-covjek-lavljeg-srca","tag-dejan-bozovic","tag-gubitak","tag-heroji","tag-hrabrost","tag-porodica"],"acf":[],"yoast_head":"<!-- This site is optimized with the Yoast SEO plugin v27.0 - https:\/\/yoast.com\/product\/yoast-seo-wordpress\/ -->\n<title>Heroji ne umiru: Porodica Dejana Bo\u017eovi\u0107a o gubitku i hrabrosti \u010dovjeka lavljeg srca - dmcsrb.com<\/title>\n<meta name=\"robots\" content=\"index, follow, max-snippet:-1, max-image-preview:large, max-video-preview:-1\" \/>\n<link rel=\"canonical\" href=\"https:\/\/dmcsrb.com\/en\/drustvo\/heroji-ne-umiru-porodica-dejana-bozovica-o-gubitku-i-hrabrosti-covjeka-lavljeg-srca\/\" \/>\n<meta property=\"og:locale\" content=\"en_GB\" \/>\n<meta property=\"og:type\" content=\"article\" \/>\n<meta property=\"og:title\" content=\"Heroji ne umiru: Porodica Dejana Bo\u017eovi\u0107a o gubitku i hrabrosti \u010dovjeka lavljeg srca - dmcsrb.com\" \/>\n<meta property=\"og:description\" content=\"Smrt vojnika Dejana Bo\u017eovi\u0107a u avgustu, tokom velikih po\u017eara koji su pogodili Crnu Goru, nije i nikad ne\u0107e biti zaboravljena. Sna\u017ena reakcija dru\u0161tva bila je lijek na ranu koja i dalje boli. Bra\u0107a \u0160ahovi\u0107 pokrenula su akciju prikupljanja pomo\u0107i, organizovan je i humanitarni mar\u0161, a Dejan je odlikovan ordenom za hrabrost.\" \/>\n<meta property=\"og:url\" content=\"https:\/\/dmcsrb.com\/en\/drustvo\/heroji-ne-umiru-porodica-dejana-bozovica-o-gubitku-i-hrabrosti-covjeka-lavljeg-srca\/\" \/>\n<meta property=\"og:site_name\" content=\"dmcsrb.com\" \/>\n<meta property=\"article:published_time\" content=\"2025-11-08T18:20:00+00:00\" \/>\n<meta property=\"og:image\" content=\"https:\/\/dmcsrb.com\/wp-content\/uploads\/2026\/01\/Screenshot-2025-11-08-195710.webp\" \/>\n\t<meta property=\"og:image:width\" content=\"1171\" \/>\n\t<meta property=\"og:image:height\" content=\"591\" \/>\n\t<meta property=\"og:image:type\" content=\"image\/png\" \/>\n<meta name=\"author\" content=\"dmcsrbija.com@gmail.com\" \/>\n<meta name=\"twitter:card\" content=\"summary_large_image\" \/>\n<meta name=\"twitter:label1\" content=\"Written by\" \/>\n\t<meta name=\"twitter:data1\" content=\"dmcsrbija.com@gmail.com\" \/>\n\t<meta name=\"twitter:label2\" content=\"Estimated reading time\" \/>\n\t<meta name=\"twitter:data2\" content=\"2 minutes\" \/>\n<script type=\"application\/ld+json\" class=\"yoast-schema-graph\">{\"@context\":\"https:\/\/schema.org\",\"@graph\":[{\"@type\":\"Article\",\"@id\":\"https:\/\/dmcsrb.com\/drustvo\/heroji-ne-umiru-porodica-dejana-bozovica-o-gubitku-i-hrabrosti-covjeka-lavljeg-srca\/#article\",\"isPartOf\":{\"@id\":\"https:\/\/dmcsrb.com\/drustvo\/heroji-ne-umiru-porodica-dejana-bozovica-o-gubitku-i-hrabrosti-covjeka-lavljeg-srca\/\"},\"author\":{\"name\":\"dmcsrbija.com@gmail.com\",\"@id\":\"https:\/\/dmcsrb.com\/#\/schema\/person\/5c39170f12db1b8b457732d0b5c854e2\"},\"headline\":\"Heroji ne umiru: Porodica Dejana Bo\u017eovi\u0107a o gubitku i hrabrosti \u010dovjeka lavljeg srca\",\"datePublished\":\"2025-11-08T18:20:00+00:00\",\"mainEntityOfPage\":{\"@id\":\"https:\/\/dmcsrb.com\/drustvo\/heroji-ne-umiru-porodica-dejana-bozovica-o-gubitku-i-hrabrosti-covjeka-lavljeg-srca\/\"},\"wordCount\":378,\"commentCount\":0,\"image\":{\"@id\":\"https:\/\/dmcsrb.com\/drustvo\/heroji-ne-umiru-porodica-dejana-bozovica-o-gubitku-i-hrabrosti-covjeka-lavljeg-srca\/#primaryimage\"},\"thumbnailUrl\":\"https:\/\/dmcsrb.com\/wp-content\/uploads\/2026\/01\/Screenshot-2025-11-08-195710.webp\",\"keywords\":[\"\u010covjek lavljeg srca\",\"Dejan Bo\u017eovi\u0107\",\"gubitak\",\"Heroji\",\"hrabrost\",\"Porodica\"],\"articleSection\":[\"Dru\u0161tvo\"],\"inLanguage\":\"en-GB\",\"potentialAction\":[{\"@type\":\"CommentAction\",\"name\":\"Comment\",\"target\":[\"https:\/\/dmcsrb.com\/drustvo\/heroji-ne-umiru-porodica-dejana-bozovica-o-gubitku-i-hrabrosti-covjeka-lavljeg-srca\/#respond\"]}]},{\"@type\":\"WebPage\",\"@id\":\"https:\/\/dmcsrb.com\/drustvo\/heroji-ne-umiru-porodica-dejana-bozovica-o-gubitku-i-hrabrosti-covjeka-lavljeg-srca\/\",\"url\":\"https:\/\/dmcsrb.com\/drustvo\/heroji-ne-umiru-porodica-dejana-bozovica-o-gubitku-i-hrabrosti-covjeka-lavljeg-srca\/\",\"name\":\"Heroji ne umiru: Porodica Dejana Bo\u017eovi\u0107a o gubitku i hrabrosti \u010dovjeka lavljeg srca - dmcsrb.com\",\"isPartOf\":{\"@id\":\"https:\/\/dmcsrb.com\/#website\"},\"primaryImageOfPage\":{\"@id\":\"https:\/\/dmcsrb.com\/drustvo\/heroji-ne-umiru-porodica-dejana-bozovica-o-gubitku-i-hrabrosti-covjeka-lavljeg-srca\/#primaryimage\"},\"image\":{\"@id\":\"https:\/\/dmcsrb.com\/drustvo\/heroji-ne-umiru-porodica-dejana-bozovica-o-gubitku-i-hrabrosti-covjeka-lavljeg-srca\/#primaryimage\"},\"thumbnailUrl\":\"https:\/\/dmcsrb.com\/wp-content\/uploads\/2026\/01\/Screenshot-2025-11-08-195710.webp\",\"datePublished\":\"2025-11-08T18:20:00+00:00\",\"author\":{\"@id\":\"https:\/\/dmcsrb.com\/#\/schema\/person\/5c39170f12db1b8b457732d0b5c854e2\"},\"breadcrumb\":{\"@id\":\"https:\/\/dmcsrb.com\/drustvo\/heroji-ne-umiru-porodica-dejana-bozovica-o-gubitku-i-hrabrosti-covjeka-lavljeg-srca\/#breadcrumb\"},\"inLanguage\":\"en-GB\",\"potentialAction\":[{\"@type\":\"ReadAction\",\"target\":[\"https:\/\/dmcsrb.com\/drustvo\/heroji-ne-umiru-porodica-dejana-bozovica-o-gubitku-i-hrabrosti-covjeka-lavljeg-srca\/\"]}]},{\"@type\":\"ImageObject\",\"inLanguage\":\"en-GB\",\"@id\":\"https:\/\/dmcsrb.com\/drustvo\/heroji-ne-umiru-porodica-dejana-bozovica-o-gubitku-i-hrabrosti-covjeka-lavljeg-srca\/#primaryimage\",\"url\":\"https:\/\/dmcsrb.com\/wp-content\/uploads\/2026\/01\/Screenshot-2025-11-08-195710.webp\",\"contentUrl\":\"https:\/\/dmcsrb.com\/wp-content\/uploads\/2026\/01\/Screenshot-2025-11-08-195710.webp\",\"width\":1171,\"height\":591},{\"@type\":\"BreadcrumbList\",\"@id\":\"https:\/\/dmcsrb.com\/drustvo\/heroji-ne-umiru-porodica-dejana-bozovica-o-gubitku-i-hrabrosti-covjeka-lavljeg-srca\/#breadcrumb\",\"itemListElement\":[{\"@type\":\"ListItem\",\"position\":1,\"name\":\"Home\",\"item\":\"https:\/\/dmcsrb.com\/\"},{\"@type\":\"ListItem\",\"position\":2,\"name\":\"Heroji ne umiru: Porodica Dejana Bo\u017eovi\u0107a o gubitku i hrabrosti \u010dovjeka lavljeg srca\"}]},{\"@type\":\"WebSite\",\"@id\":\"https:\/\/dmcsrb.com\/#website\",\"url\":\"https:\/\/dmcsrb.com\/\",\"name\":\"dmcsrb.com\",\"description\":\"\",\"potentialAction\":[{\"@type\":\"SearchAction\",\"target\":{\"@type\":\"EntryPoint\",\"urlTemplate\":\"https:\/\/dmcsrb.com\/?s={search_term_string}\"},\"query-input\":{\"@type\":\"PropertyValueSpecification\",\"valueRequired\":true,\"valueName\":\"search_term_string\"}}],\"inLanguage\":\"en-GB\"},{\"@type\":\"Person\",\"@id\":\"https:\/\/dmcsrb.com\/#\/schema\/person\/5c39170f12db1b8b457732d0b5c854e2\",\"name\":\"dmcsrbija.com@gmail.com\",\"image\":{\"@type\":\"ImageObject\",\"inLanguage\":\"en-GB\",\"@id\":\"https:\/\/dmcsrb.com\/#\/schema\/person\/image\/\",\"url\":\"https:\/\/secure.gravatar.com\/avatar\/68592660ad6347fad0fb587f8d5d8f1a7b44961362f56e4f2cd524feb87e9069?s=96&d=mm&r=g\",\"contentUrl\":\"https:\/\/secure.gravatar.com\/avatar\/68592660ad6347fad0fb587f8d5d8f1a7b44961362f56e4f2cd524feb87e9069?s=96&d=mm&r=g\",\"caption\":\"dmcsrbija.com@gmail.com\"},\"sameAs\":[\"https:\/\/dmcsrb.com\"],\"url\":\"https:\/\/dmcsrb.com\/en\/author\/dmcsrbija-comgmail-com\/\"}]}<\/script>\n<!-- \/ Yoast SEO plugin. -->","yoast_head_json":{"title":"Heroji ne umiru: Porodica Dejana Bo\u017eovi\u0107a o gubitku i hrabrosti \u010dovjeka lavljeg srca - dmcsrb.com","robots":{"index":"index","follow":"follow","max-snippet":"max-snippet:-1","max-image-preview":"max-image-preview:large","max-video-preview":"max-video-preview:-1"},"canonical":"https:\/\/dmcsrb.com\/en\/drustvo\/heroji-ne-umiru-porodica-dejana-bozovica-o-gubitku-i-hrabrosti-covjeka-lavljeg-srca\/","og_locale":"en_GB","og_type":"article","og_title":"Heroji ne umiru: Porodica Dejana Bo\u017eovi\u0107a o gubitku i hrabrosti \u010dovjeka lavljeg srca - dmcsrb.com","og_description":"Smrt vojnika Dejana Bo\u017eovi\u0107a u avgustu, tokom velikih po\u017eara koji su pogodili Crnu Goru, nije i nikad ne\u0107e biti zaboravljena. Sna\u017ena reakcija dru\u0161tva bila je lijek na ranu koja i dalje boli. Bra\u0107a \u0160ahovi\u0107 pokrenula su akciju prikupljanja pomo\u0107i, organizovan je i humanitarni mar\u0161, a Dejan je odlikovan ordenom za hrabrost.","og_url":"https:\/\/dmcsrb.com\/en\/drustvo\/heroji-ne-umiru-porodica-dejana-bozovica-o-gubitku-i-hrabrosti-covjeka-lavljeg-srca\/","og_site_name":"dmcsrb.com","article_published_time":"2025-11-08T18:20:00+00:00","og_image":[{"width":1171,"height":591,"url":"https:\/\/dmcsrb.com\/wp-content\/uploads\/2026\/01\/Screenshot-2025-11-08-195710.webp","type":"image\/png"}],"author":"dmcsrbija.com@gmail.com","twitter_card":"summary_large_image","twitter_misc":{"Written by":"dmcsrbija.com@gmail.com","Estimated reading time":"2 minutes"},"schema":{"@context":"https:\/\/schema.org","@graph":[{"@type":"Article","@id":"https:\/\/dmcsrb.com\/drustvo\/heroji-ne-umiru-porodica-dejana-bozovica-o-gubitku-i-hrabrosti-covjeka-lavljeg-srca\/#article","isPartOf":{"@id":"https:\/\/dmcsrb.com\/drustvo\/heroji-ne-umiru-porodica-dejana-bozovica-o-gubitku-i-hrabrosti-covjeka-lavljeg-srca\/"},"author":{"name":"dmcsrbija.com@gmail.com","@id":"https:\/\/dmcsrb.com\/#\/schema\/person\/5c39170f12db1b8b457732d0b5c854e2"},"headline":"Heroji ne umiru: Porodica Dejana Bo\u017eovi\u0107a o gubitku i hrabrosti \u010dovjeka lavljeg srca","datePublished":"2025-11-08T18:20:00+00:00","mainEntityOfPage":{"@id":"https:\/\/dmcsrb.com\/drustvo\/heroji-ne-umiru-porodica-dejana-bozovica-o-gubitku-i-hrabrosti-covjeka-lavljeg-srca\/"},"wordCount":378,"commentCount":0,"image":{"@id":"https:\/\/dmcsrb.com\/drustvo\/heroji-ne-umiru-porodica-dejana-bozovica-o-gubitku-i-hrabrosti-covjeka-lavljeg-srca\/#primaryimage"},"thumbnailUrl":"https:\/\/dmcsrb.com\/wp-content\/uploads\/2026\/01\/Screenshot-2025-11-08-195710.webp","keywords":["\u010covjek lavljeg srca","Dejan Bo\u017eovi\u0107","gubitak","Heroji","hrabrost","Porodica"],"articleSection":["Dru\u0161tvo"],"inLanguage":"en-GB","potentialAction":[{"@type":"CommentAction","name":"Comment","target":["https:\/\/dmcsrb.com\/drustvo\/heroji-ne-umiru-porodica-dejana-bozovica-o-gubitku-i-hrabrosti-covjeka-lavljeg-srca\/#respond"]}]},{"@type":"WebPage","@id":"https:\/\/dmcsrb.com\/drustvo\/heroji-ne-umiru-porodica-dejana-bozovica-o-gubitku-i-hrabrosti-covjeka-lavljeg-srca\/","url":"https:\/\/dmcsrb.com\/drustvo\/heroji-ne-umiru-porodica-dejana-bozovica-o-gubitku-i-hrabrosti-covjeka-lavljeg-srca\/","name":"Heroji ne umiru: Porodica Dejana Bo\u017eovi\u0107a o gubitku i hrabrosti \u010dovjeka lavljeg srca - dmcsrb.com","isPartOf":{"@id":"https:\/\/dmcsrb.com\/#website"},"primaryImageOfPage":{"@id":"https:\/\/dmcsrb.com\/drustvo\/heroji-ne-umiru-porodica-dejana-bozovica-o-gubitku-i-hrabrosti-covjeka-lavljeg-srca\/#primaryimage"},"image":{"@id":"https:\/\/dmcsrb.com\/drustvo\/heroji-ne-umiru-porodica-dejana-bozovica-o-gubitku-i-hrabrosti-covjeka-lavljeg-srca\/#primaryimage"},"thumbnailUrl":"https:\/\/dmcsrb.com\/wp-content\/uploads\/2026\/01\/Screenshot-2025-11-08-195710.webp","datePublished":"2025-11-08T18:20:00+00:00","author":{"@id":"https:\/\/dmcsrb.com\/#\/schema\/person\/5c39170f12db1b8b457732d0b5c854e2"},"breadcrumb":{"@id":"https:\/\/dmcsrb.com\/drustvo\/heroji-ne-umiru-porodica-dejana-bozovica-o-gubitku-i-hrabrosti-covjeka-lavljeg-srca\/#breadcrumb"},"inLanguage":"en-GB","potentialAction":[{"@type":"ReadAction","target":["https:\/\/dmcsrb.com\/drustvo\/heroji-ne-umiru-porodica-dejana-bozovica-o-gubitku-i-hrabrosti-covjeka-lavljeg-srca\/"]}]},{"@type":"ImageObject","inLanguage":"en-GB","@id":"https:\/\/dmcsrb.com\/drustvo\/heroji-ne-umiru-porodica-dejana-bozovica-o-gubitku-i-hrabrosti-covjeka-lavljeg-srca\/#primaryimage","url":"https:\/\/dmcsrb.com\/wp-content\/uploads\/2026\/01\/Screenshot-2025-11-08-195710.webp","contentUrl":"https:\/\/dmcsrb.com\/wp-content\/uploads\/2026\/01\/Screenshot-2025-11-08-195710.webp","width":1171,"height":591},{"@type":"BreadcrumbList","@id":"https:\/\/dmcsrb.com\/drustvo\/heroji-ne-umiru-porodica-dejana-bozovica-o-gubitku-i-hrabrosti-covjeka-lavljeg-srca\/#breadcrumb","itemListElement":[{"@type":"ListItem","position":1,"name":"Home","item":"https:\/\/dmcsrb.com\/"},{"@type":"ListItem","position":2,"name":"Heroji ne umiru: Porodica Dejana Bo\u017eovi\u0107a o gubitku i hrabrosti \u010dovjeka lavljeg srca"}]},{"@type":"WebSite","@id":"https:\/\/dmcsrb.com\/#website","url":"https:\/\/dmcsrb.com\/","name":"dmcsrb.com","description":"","potentialAction":[{"@type":"SearchAction","target":{"@type":"EntryPoint","urlTemplate":"https:\/\/dmcsrb.com\/?s={search_term_string}"},"query-input":{"@type":"PropertyValueSpecification","valueRequired":true,"valueName":"search_term_string"}}],"inLanguage":"en-GB"},{"@type":"Person","@id":"https:\/\/dmcsrb.com\/#\/schema\/person\/5c39170f12db1b8b457732d0b5c854e2","name":"dmcsrbija.com@gmail.com","image":{"@type":"ImageObject","inLanguage":"en-GB","@id":"https:\/\/dmcsrb.com\/#\/schema\/person\/image\/","url":"https:\/\/secure.gravatar.com\/avatar\/68592660ad6347fad0fb587f8d5d8f1a7b44961362f56e4f2cd524feb87e9069?s=96&d=mm&r=g","contentUrl":"https:\/\/secure.gravatar.com\/avatar\/68592660ad6347fad0fb587f8d5d8f1a7b44961362f56e4f2cd524feb87e9069?s=96&d=mm&r=g","caption":"dmcsrbija.com@gmail.com"},"sameAs":["https:\/\/dmcsrb.com"],"url":"https:\/\/dmcsrb.com\/en\/author\/dmcsrbija-comgmail-com\/"}]}},"_links":{"self":[{"href":"https:\/\/dmcsrb.com\/en\/wp-json\/wp\/v2\/posts\/962688","targetHints":{"allow":["GET"]}}],"collection":[{"href":"https:\/\/dmcsrb.com\/en\/wp-json\/wp\/v2\/posts"}],"about":[{"href":"https:\/\/dmcsrb.com\/en\/wp-json\/wp\/v2\/types\/post"}],"author":[{"embeddable":true,"href":"https:\/\/dmcsrb.com\/en\/wp-json\/wp\/v2\/users\/1"}],"replies":[{"embeddable":true,"href":"https:\/\/dmcsrb.com\/en\/wp-json\/wp\/v2\/comments?post=962688"}],"version-history":[{"count":0,"href":"https:\/\/dmcsrb.com\/en\/wp-json\/wp\/v2\/posts\/962688\/revisions"}],"wp:featuredmedia":[{"embeddable":true,"href":"https:\/\/dmcsrb.com\/en\/wp-json\/wp\/v2\/media\/962689"}],"wp:attachment":[{"href":"https:\/\/dmcsrb.com\/en\/wp-json\/wp\/v2\/media?parent=962688"}],"wp:term":[{"taxonomy":"category","embeddable":true,"href":"https:\/\/dmcsrb.com\/en\/wp-json\/wp\/v2\/categories?post=962688"},{"taxonomy":"post_tag","embeddable":true,"href":"https:\/\/dmcsrb.com\/en\/wp-json\/wp\/v2\/tags?post=962688"},{"taxonomy":"naslovna","embeddable":true,"href":"https:\/\/dmcsrb.com\/en\/wp-json\/wp\/v2\/naslovna?post=962688"}],"curies":[{"name":"wp","href":"https:\/\/api.w.org\/{rel}","templated":true}]}}