{"id":962679,"date":"2025-11-08T17:51:48","date_gmt":"2025-11-08T16:51:48","guid":{"rendered":"https:\/\/dmcsrb.com\/uncategorized\/crnogorski-tim-najbolji-na-regionalnoj-sajber-vjezbi-u-estoniji\/"},"modified":"2025-11-08T17:51:48","modified_gmt":"2025-11-08T16:51:48","slug":"crnogorski-tim-najbolji-na-regionalnoj-sajber-vjezbi-u-estoniji","status":"publish","type":"post","link":"https:\/\/dmcsrb.com\/en\/drustvo\/crnogorski-tim-najbolji-na-regionalnoj-sajber-vjezbi-u-estoniji\/","title":{"rendered":"Crnogorski tim najbolji na regionalnoj sajber vje\u017ebi u Estoniji"},"content":{"rendered":"<p><\/p>\n\n\n\n<p>Kako je saop\u0161teno iz MJU, to priznanje potvr\u0111uje posve\u0107enost, profesionalizam i stru\u010dnost crnogorske sajber zajednice.\u2028\u2028<\/p>\n\n\n\n<p>Navodi se da su na vje\u017ebi, koju je organizovala e-Governance Academy (eGA) kroz projekat Sajber Balkana,\u2028u\u010destvovali predstavnici svih zemalja Zapadnog Balkana.<\/p>\n\n\n\n<p>&#8220;Ovo dostignu\u0107e predstavlja zna\u010dajan korak naprijed u naporima Crne Gore da oja\u010da nacionalnu i regionalnu sajber otpornost&#8221;, navodi se u saop\u0161tenju.<\/p>\n\n\n\n<p>Iz MJU su istakli da to potvr\u0111uje i njihovu posve\u0107enost izgradnji bezbjednijeg digitalnog okru\u017eenja i spremnost na efikasan odgovor na savremene sajber prijetnje.<\/p>\n\n\n\n<p>Kako se navodi u saop\u0161tenju, tim koji je predstavljao Crnu Goru predvodio je Rikardo Jun\u010daj, dok su ga \u010dinili \u010dlanovi Vladinog bezbjedonosnog operativnog centra (GSOC) Ilija \u0160ofranac, Diana Ljeko\u010devi\u0107, Nata\u0161a Radunovi\u0107, zajedno sa kolegama iz drugih institucija.<\/p>\n\n\n\n<p>U timu su bili i Ivan Baj\u010deta iz Vojske Crne Gore, kao i predstavnici Agencije za nacionalnu bezbjedost i privatnog sektora, Aleksandar Mirkovi\u0107, Bojan Vukoti\u0107, Marko Ivanovi\u0107 i Danijel Du\u0161aj.<\/p>\n\n\n\n<p>Kako je saop\u0161teno, \u010dlanovi tima pokazali su izvanrednu koordinaciju, tehni\u010dke vje\u0161tine i strate\u0161ko razmi\u0161ljanje tokom cijele vje\u017ebe.<\/p>\n\n\n\n<p>Iz MJU su timu \u010destitali na zaslu\u017eenom priznanju i zahvalili im \u0161to su Crnu Goru predstavili na najbolji mogu\u0107i na\u010din.<\/p>\n\n\n\n<p>&#8220;Posebno zadovoljstvo nam predstavlja \u010dinjenica da je tim sastavljen od predstavnika dr\u017eavnih organa i privatnog sektora \u0161to potvr\u0111uje opredijeljenost MJU da ja\u010da povjerenje i izgra\u0111uje na partnerskim osnovama sa privatnim sektorom ekosistem sajber bezbjednosti&#8221;, ka\u017ee se u saop\u0161tenju.&nbsp;<\/p>","protected":false},"excerpt":{"rendered":"<p>Tim crnogorskog Ministarstva javne uprave (MJU), koji su \u010dinili i predstavnici drugih institucija i privatnog sektora, progla\u0161en je najboljim na Regionalnoj sajber vje\u017ebi u Estoniji.<\/p>","protected":false},"author":1,"featured_media":962680,"comment_status":"open","ping_status":"open","sticky":false,"template":"","format":"standard","meta":{"_acf_changed":false,"footnotes":""},"categories":[2],"tags":[8636,998,13972],"naslovna":[],"class_list":["post-962679","post","type-post","status-publish","format-standard","has-post-thumbnail","hentry","category-drustvo","tag-estonija","tag-ministarstvo-javne-uprave","tag-sajber-tim"],"acf":[],"yoast_head":"<!-- This site is optimized with the Yoast SEO plugin v27.4 - https:\/\/yoast.com\/product\/yoast-seo-wordpress\/ -->\n<title>Crnogorski tim najbolji na regionalnoj sajber vje\u017ebi u Estoniji - dmcsrb.com<\/title>\n<meta name=\"robots\" content=\"index, follow, max-snippet:-1, max-image-preview:large, max-video-preview:-1\" \/>\n<link rel=\"canonical\" href=\"https:\/\/dmcsrb.com\/en\/drustvo\/crnogorski-tim-najbolji-na-regionalnoj-sajber-vjezbi-u-estoniji\/\" \/>\n<meta property=\"og:locale\" content=\"en_GB\" \/>\n<meta property=\"og:type\" content=\"article\" \/>\n<meta property=\"og:title\" content=\"Crnogorski tim najbolji na regionalnoj sajber vje\u017ebi u Estoniji - dmcsrb.com\" \/>\n<meta property=\"og:description\" content=\"Tim crnogorskog Ministarstva javne uprave (MJU), koji su \u010dinili i predstavnici drugih institucija i privatnog sektora, progla\u0161en je najboljim na Regionalnoj sajber vje\u017ebi u Estoniji.\" \/>\n<meta property=\"og:url\" content=\"https:\/\/dmcsrb.com\/en\/drustvo\/crnogorski-tim-najbolji-na-regionalnoj-sajber-vjezbi-u-estoniji\/\" \/>\n<meta property=\"og:site_name\" content=\"dmcsrb.com\" \/>\n<meta property=\"article:published_time\" content=\"2025-11-08T16:51:48+00:00\" \/>\n<meta property=\"og:image\" content=\"https:\/\/dmcsrb.com\/wp-content\/uploads\/2026\/01\/crnogorski-sajber-tim-u-Estoniji-foto-MJU.webp\" \/>\n\t<meta property=\"og:image:width\" content=\"898\" \/>\n\t<meta property=\"og:image:height\" content=\"565\" \/>\n\t<meta property=\"og:image:type\" content=\"image\/jpeg\" \/>\n<meta name=\"author\" content=\"dmcsrbija.com@gmail.com\" \/>\n<meta name=\"twitter:card\" content=\"summary_large_image\" \/>\n<meta name=\"twitter:label1\" content=\"Written by\" \/>\n\t<meta name=\"twitter:data1\" content=\"dmcsrbija.com@gmail.com\" \/>\n\t<meta name=\"twitter:label2\" content=\"Estimated reading time\" \/>\n\t<meta name=\"twitter:data2\" content=\"1 minute\" \/>\n<script type=\"application\/ld+json\" class=\"yoast-schema-graph\">{\"@context\":\"https:\\\/\\\/schema.org\",\"@graph\":[{\"@type\":\"Article\",\"@id\":\"https:\\\/\\\/dmcsrb.com\\\/drustvo\\\/crnogorski-tim-najbolji-na-regionalnoj-sajber-vjezbi-u-estoniji\\\/#article\",\"isPartOf\":{\"@id\":\"https:\\\/\\\/dmcsrb.com\\\/drustvo\\\/crnogorski-tim-najbolji-na-regionalnoj-sajber-vjezbi-u-estoniji\\\/\"},\"author\":{\"name\":\"dmcsrbija.com@gmail.com\",\"@id\":\"https:\\\/\\\/dmcsrb.com\\\/#\\\/schema\\\/person\\\/5c39170f12db1b8b457732d0b5c854e2\"},\"headline\":\"Crnogorski tim najbolji na regionalnoj sajber vje\u017ebi u Estoniji\",\"datePublished\":\"2025-11-08T16:51:48+00:00\",\"mainEntityOfPage\":{\"@id\":\"https:\\\/\\\/dmcsrb.com\\\/drustvo\\\/crnogorski-tim-najbolji-na-regionalnoj-sajber-vjezbi-u-estoniji\\\/\"},\"wordCount\":268,\"commentCount\":0,\"image\":{\"@id\":\"https:\\\/\\\/dmcsrb.com\\\/drustvo\\\/crnogorski-tim-najbolji-na-regionalnoj-sajber-vjezbi-u-estoniji\\\/#primaryimage\"},\"thumbnailUrl\":\"https:\\\/\\\/dmcsrb.com\\\/wp-content\\\/uploads\\\/2026\\\/01\\\/crnogorski-sajber-tim-u-Estoniji-foto-MJU.webp\",\"keywords\":[\"Estonija\",\"MINISTARSTVO JAVNE UPRAVE\",\"Sajber tim\"],\"articleSection\":[\"Dru\u0161tvo\"],\"inLanguage\":\"en-GB\",\"potentialAction\":[{\"@type\":\"CommentAction\",\"name\":\"Comment\",\"target\":[\"https:\\\/\\\/dmcsrb.com\\\/drustvo\\\/crnogorski-tim-najbolji-na-regionalnoj-sajber-vjezbi-u-estoniji\\\/#respond\"]}]},{\"@type\":\"WebPage\",\"@id\":\"https:\\\/\\\/dmcsrb.com\\\/drustvo\\\/crnogorski-tim-najbolji-na-regionalnoj-sajber-vjezbi-u-estoniji\\\/\",\"url\":\"https:\\\/\\\/dmcsrb.com\\\/drustvo\\\/crnogorski-tim-najbolji-na-regionalnoj-sajber-vjezbi-u-estoniji\\\/\",\"name\":\"Crnogorski tim najbolji na regionalnoj sajber vje\u017ebi u Estoniji - dmcsrb.com\",\"isPartOf\":{\"@id\":\"https:\\\/\\\/dmcsrb.com\\\/#website\"},\"primaryImageOfPage\":{\"@id\":\"https:\\\/\\\/dmcsrb.com\\\/drustvo\\\/crnogorski-tim-najbolji-na-regionalnoj-sajber-vjezbi-u-estoniji\\\/#primaryimage\"},\"image\":{\"@id\":\"https:\\\/\\\/dmcsrb.com\\\/drustvo\\\/crnogorski-tim-najbolji-na-regionalnoj-sajber-vjezbi-u-estoniji\\\/#primaryimage\"},\"thumbnailUrl\":\"https:\\\/\\\/dmcsrb.com\\\/wp-content\\\/uploads\\\/2026\\\/01\\\/crnogorski-sajber-tim-u-Estoniji-foto-MJU.webp\",\"datePublished\":\"2025-11-08T16:51:48+00:00\",\"author\":{\"@id\":\"https:\\\/\\\/dmcsrb.com\\\/#\\\/schema\\\/person\\\/5c39170f12db1b8b457732d0b5c854e2\"},\"breadcrumb\":{\"@id\":\"https:\\\/\\\/dmcsrb.com\\\/drustvo\\\/crnogorski-tim-najbolji-na-regionalnoj-sajber-vjezbi-u-estoniji\\\/#breadcrumb\"},\"inLanguage\":\"en-GB\",\"potentialAction\":[{\"@type\":\"ReadAction\",\"target\":[\"https:\\\/\\\/dmcsrb.com\\\/drustvo\\\/crnogorski-tim-najbolji-na-regionalnoj-sajber-vjezbi-u-estoniji\\\/\"]}]},{\"@type\":\"ImageObject\",\"inLanguage\":\"en-GB\",\"@id\":\"https:\\\/\\\/dmcsrb.com\\\/drustvo\\\/crnogorski-tim-najbolji-na-regionalnoj-sajber-vjezbi-u-estoniji\\\/#primaryimage\",\"url\":\"https:\\\/\\\/dmcsrb.com\\\/wp-content\\\/uploads\\\/2026\\\/01\\\/crnogorski-sajber-tim-u-Estoniji-foto-MJU.webp\",\"contentUrl\":\"https:\\\/\\\/dmcsrb.com\\\/wp-content\\\/uploads\\\/2026\\\/01\\\/crnogorski-sajber-tim-u-Estoniji-foto-MJU.webp\",\"width\":898,\"height\":565},{\"@type\":\"BreadcrumbList\",\"@id\":\"https:\\\/\\\/dmcsrb.com\\\/drustvo\\\/crnogorski-tim-najbolji-na-regionalnoj-sajber-vjezbi-u-estoniji\\\/#breadcrumb\",\"itemListElement\":[{\"@type\":\"ListItem\",\"position\":1,\"name\":\"Home\",\"item\":\"https:\\\/\\\/dmcsrb.com\\\/\"},{\"@type\":\"ListItem\",\"position\":2,\"name\":\"Crnogorski tim najbolji na regionalnoj sajber vje\u017ebi u Estoniji\"}]},{\"@type\":\"WebSite\",\"@id\":\"https:\\\/\\\/dmcsrb.com\\\/#website\",\"url\":\"https:\\\/\\\/dmcsrb.com\\\/\",\"name\":\"dmcsrb.com\",\"description\":\"\",\"potentialAction\":[{\"@type\":\"SearchAction\",\"target\":{\"@type\":\"EntryPoint\",\"urlTemplate\":\"https:\\\/\\\/dmcsrb.com\\\/?s={search_term_string}\"},\"query-input\":{\"@type\":\"PropertyValueSpecification\",\"valueRequired\":true,\"valueName\":\"search_term_string\"}}],\"inLanguage\":\"en-GB\"},{\"@type\":\"Person\",\"@id\":\"https:\\\/\\\/dmcsrb.com\\\/#\\\/schema\\\/person\\\/5c39170f12db1b8b457732d0b5c854e2\",\"name\":\"dmcsrbija.com@gmail.com\",\"image\":{\"@type\":\"ImageObject\",\"inLanguage\":\"en-GB\",\"@id\":\"https:\\\/\\\/secure.gravatar.com\\\/avatar\\\/68592660ad6347fad0fb587f8d5d8f1a7b44961362f56e4f2cd524feb87e9069?s=96&d=mm&r=g\",\"url\":\"https:\\\/\\\/secure.gravatar.com\\\/avatar\\\/68592660ad6347fad0fb587f8d5d8f1a7b44961362f56e4f2cd524feb87e9069?s=96&d=mm&r=g\",\"contentUrl\":\"https:\\\/\\\/secure.gravatar.com\\\/avatar\\\/68592660ad6347fad0fb587f8d5d8f1a7b44961362f56e4f2cd524feb87e9069?s=96&d=mm&r=g\",\"caption\":\"dmcsrbija.com@gmail.com\"},\"sameAs\":[\"https:\\\/\\\/dmcsrb.com\"],\"url\":\"https:\\\/\\\/dmcsrb.com\\\/en\\\/author\\\/dmcsrbija-comgmail-com\\\/\"}]}<\/script>\n<!-- \/ Yoast SEO plugin. -->","yoast_head_json":{"title":"Crnogorski tim najbolji na regionalnoj sajber vje\u017ebi u Estoniji - dmcsrb.com","robots":{"index":"index","follow":"follow","max-snippet":"max-snippet:-1","max-image-preview":"max-image-preview:large","max-video-preview":"max-video-preview:-1"},"canonical":"https:\/\/dmcsrb.com\/en\/drustvo\/crnogorski-tim-najbolji-na-regionalnoj-sajber-vjezbi-u-estoniji\/","og_locale":"en_GB","og_type":"article","og_title":"Crnogorski tim najbolji na regionalnoj sajber vje\u017ebi u Estoniji - dmcsrb.com","og_description":"Tim crnogorskog Ministarstva javne uprave (MJU), koji su \u010dinili i predstavnici drugih institucija i privatnog sektora, progla\u0161en je najboljim na Regionalnoj sajber vje\u017ebi u Estoniji.","og_url":"https:\/\/dmcsrb.com\/en\/drustvo\/crnogorski-tim-najbolji-na-regionalnoj-sajber-vjezbi-u-estoniji\/","og_site_name":"dmcsrb.com","article_published_time":"2025-11-08T16:51:48+00:00","og_image":[{"width":898,"height":565,"url":"https:\/\/dmcsrb.com\/wp-content\/uploads\/2026\/01\/crnogorski-sajber-tim-u-Estoniji-foto-MJU.webp","type":"image\/jpeg"}],"author":"dmcsrbija.com@gmail.com","twitter_card":"summary_large_image","twitter_misc":{"Written by":"dmcsrbija.com@gmail.com","Estimated reading time":"1 minute"},"schema":{"@context":"https:\/\/schema.org","@graph":[{"@type":"Article","@id":"https:\/\/dmcsrb.com\/drustvo\/crnogorski-tim-najbolji-na-regionalnoj-sajber-vjezbi-u-estoniji\/#article","isPartOf":{"@id":"https:\/\/dmcsrb.com\/drustvo\/crnogorski-tim-najbolji-na-regionalnoj-sajber-vjezbi-u-estoniji\/"},"author":{"name":"dmcsrbija.com@gmail.com","@id":"https:\/\/dmcsrb.com\/#\/schema\/person\/5c39170f12db1b8b457732d0b5c854e2"},"headline":"Crnogorski tim najbolji na regionalnoj sajber vje\u017ebi u Estoniji","datePublished":"2025-11-08T16:51:48+00:00","mainEntityOfPage":{"@id":"https:\/\/dmcsrb.com\/drustvo\/crnogorski-tim-najbolji-na-regionalnoj-sajber-vjezbi-u-estoniji\/"},"wordCount":268,"commentCount":0,"image":{"@id":"https:\/\/dmcsrb.com\/drustvo\/crnogorski-tim-najbolji-na-regionalnoj-sajber-vjezbi-u-estoniji\/#primaryimage"},"thumbnailUrl":"https:\/\/dmcsrb.com\/wp-content\/uploads\/2026\/01\/crnogorski-sajber-tim-u-Estoniji-foto-MJU.webp","keywords":["Estonija","MINISTARSTVO JAVNE UPRAVE","Sajber tim"],"articleSection":["Dru\u0161tvo"],"inLanguage":"en-GB","potentialAction":[{"@type":"CommentAction","name":"Comment","target":["https:\/\/dmcsrb.com\/drustvo\/crnogorski-tim-najbolji-na-regionalnoj-sajber-vjezbi-u-estoniji\/#respond"]}]},{"@type":"WebPage","@id":"https:\/\/dmcsrb.com\/drustvo\/crnogorski-tim-najbolji-na-regionalnoj-sajber-vjezbi-u-estoniji\/","url":"https:\/\/dmcsrb.com\/drustvo\/crnogorski-tim-najbolji-na-regionalnoj-sajber-vjezbi-u-estoniji\/","name":"Crnogorski tim najbolji na regionalnoj sajber vje\u017ebi u Estoniji - dmcsrb.com","isPartOf":{"@id":"https:\/\/dmcsrb.com\/#website"},"primaryImageOfPage":{"@id":"https:\/\/dmcsrb.com\/drustvo\/crnogorski-tim-najbolji-na-regionalnoj-sajber-vjezbi-u-estoniji\/#primaryimage"},"image":{"@id":"https:\/\/dmcsrb.com\/drustvo\/crnogorski-tim-najbolji-na-regionalnoj-sajber-vjezbi-u-estoniji\/#primaryimage"},"thumbnailUrl":"https:\/\/dmcsrb.com\/wp-content\/uploads\/2026\/01\/crnogorski-sajber-tim-u-Estoniji-foto-MJU.webp","datePublished":"2025-11-08T16:51:48+00:00","author":{"@id":"https:\/\/dmcsrb.com\/#\/schema\/person\/5c39170f12db1b8b457732d0b5c854e2"},"breadcrumb":{"@id":"https:\/\/dmcsrb.com\/drustvo\/crnogorski-tim-najbolji-na-regionalnoj-sajber-vjezbi-u-estoniji\/#breadcrumb"},"inLanguage":"en-GB","potentialAction":[{"@type":"ReadAction","target":["https:\/\/dmcsrb.com\/drustvo\/crnogorski-tim-najbolji-na-regionalnoj-sajber-vjezbi-u-estoniji\/"]}]},{"@type":"ImageObject","inLanguage":"en-GB","@id":"https:\/\/dmcsrb.com\/drustvo\/crnogorski-tim-najbolji-na-regionalnoj-sajber-vjezbi-u-estoniji\/#primaryimage","url":"https:\/\/dmcsrb.com\/wp-content\/uploads\/2026\/01\/crnogorski-sajber-tim-u-Estoniji-foto-MJU.webp","contentUrl":"https:\/\/dmcsrb.com\/wp-content\/uploads\/2026\/01\/crnogorski-sajber-tim-u-Estoniji-foto-MJU.webp","width":898,"height":565},{"@type":"BreadcrumbList","@id":"https:\/\/dmcsrb.com\/drustvo\/crnogorski-tim-najbolji-na-regionalnoj-sajber-vjezbi-u-estoniji\/#breadcrumb","itemListElement":[{"@type":"ListItem","position":1,"name":"Home","item":"https:\/\/dmcsrb.com\/"},{"@type":"ListItem","position":2,"name":"Crnogorski tim najbolji na regionalnoj sajber vje\u017ebi u Estoniji"}]},{"@type":"WebSite","@id":"https:\/\/dmcsrb.com\/#website","url":"https:\/\/dmcsrb.com\/","name":"dmcsrb.com","description":"","potentialAction":[{"@type":"SearchAction","target":{"@type":"EntryPoint","urlTemplate":"https:\/\/dmcsrb.com\/?s={search_term_string}"},"query-input":{"@type":"PropertyValueSpecification","valueRequired":true,"valueName":"search_term_string"}}],"inLanguage":"en-GB"},{"@type":"Person","@id":"https:\/\/dmcsrb.com\/#\/schema\/person\/5c39170f12db1b8b457732d0b5c854e2","name":"dmcsrbija.com@gmail.com","image":{"@type":"ImageObject","inLanguage":"en-GB","@id":"https:\/\/secure.gravatar.com\/avatar\/68592660ad6347fad0fb587f8d5d8f1a7b44961362f56e4f2cd524feb87e9069?s=96&d=mm&r=g","url":"https:\/\/secure.gravatar.com\/avatar\/68592660ad6347fad0fb587f8d5d8f1a7b44961362f56e4f2cd524feb87e9069?s=96&d=mm&r=g","contentUrl":"https:\/\/secure.gravatar.com\/avatar\/68592660ad6347fad0fb587f8d5d8f1a7b44961362f56e4f2cd524feb87e9069?s=96&d=mm&r=g","caption":"dmcsrbija.com@gmail.com"},"sameAs":["https:\/\/dmcsrb.com"],"url":"https:\/\/dmcsrb.com\/en\/author\/dmcsrbija-comgmail-com\/"}]}},"_links":{"self":[{"href":"https:\/\/dmcsrb.com\/en\/wp-json\/wp\/v2\/posts\/962679","targetHints":{"allow":["GET"]}}],"collection":[{"href":"https:\/\/dmcsrb.com\/en\/wp-json\/wp\/v2\/posts"}],"about":[{"href":"https:\/\/dmcsrb.com\/en\/wp-json\/wp\/v2\/types\/post"}],"author":[{"embeddable":true,"href":"https:\/\/dmcsrb.com\/en\/wp-json\/wp\/v2\/users\/1"}],"replies":[{"embeddable":true,"href":"https:\/\/dmcsrb.com\/en\/wp-json\/wp\/v2\/comments?post=962679"}],"version-history":[{"count":0,"href":"https:\/\/dmcsrb.com\/en\/wp-json\/wp\/v2\/posts\/962679\/revisions"}],"wp:featuredmedia":[{"embeddable":true,"href":"https:\/\/dmcsrb.com\/en\/wp-json\/wp\/v2\/media\/962680"}],"wp:attachment":[{"href":"https:\/\/dmcsrb.com\/en\/wp-json\/wp\/v2\/media?parent=962679"}],"wp:term":[{"taxonomy":"category","embeddable":true,"href":"https:\/\/dmcsrb.com\/en\/wp-json\/wp\/v2\/categories?post=962679"},{"taxonomy":"post_tag","embeddable":true,"href":"https:\/\/dmcsrb.com\/en\/wp-json\/wp\/v2\/tags?post=962679"},{"taxonomy":"naslovna","embeddable":true,"href":"https:\/\/dmcsrb.com\/en\/wp-json\/wp\/v2\/naslovna?post=962679"}],"curies":[{"name":"wp","href":"https:\/\/api.w.org\/{rel}","templated":true}]}}