{"id":962653,"date":"2025-11-08T16:18:00","date_gmt":"2025-11-08T15:18:00","guid":{"rendered":"https:\/\/dmcsrb.com\/uncategorized\/montenegroberza-rast-indeksa-i-prometa\/"},"modified":"2025-11-08T16:18:00","modified_gmt":"2025-11-08T15:18:00","slug":"montenegroberza-rast-indeksa-i-prometa","status":"publish","type":"post","link":"https:\/\/dmcsrb.com\/en\/ekonomija\/montenegroberza-rast-indeksa-i-prometa\/","title":{"rendered":"Montenegroberza: Rast indeksa i prometa"},"content":{"rendered":"<p><\/p>\n\n\n\n<p>Pokazatelj vrijednosti deset najboljih kompanija na Montenegroberzi, MNSE10, kao i indeks MONEX, oja\u010dali su po jedan odsto na 1.190,48 poena, odnosno 18.349,71 bod.<\/p>\n\n\n\n<p>Promet je iznosio 313,8 hiljada eura i bio je skoro 12 puta ve\u0107i od pro\u0161losedmi\u010dnog.<\/p>\n\n\n\n<p>U izvje\u0161taju EK o napretku Crne Gore za ovu godinu, koji je objavljen ove sedmice i u koji je agencija Mina-business imala uvid, navodi se da je ekonomski rast usporio usljed slabijeg izvoza u sektoru turizma tokom pro\u0161le godine i prve polovine ove godine.&nbsp;<\/p>\n\n\n\n<p>Iz EK su rekli da, ipak, fiskalne ranjivosti i dalje postoje zbog velikih potreba za refinansiranjem duga i nedavnih mjera koje su oslabile prihode dr\u017eave i pove\u0107ale socijalnu potro\u0161nju.&nbsp;<\/p>\n\n\n\n<p>\u201cSituacija na tr\u017ei\u0161tu rada nastavila je da se pobolj\u0161ava, ali i dalje postoje strukturni problemi, poput visoke nezaposlenosti mladih i dugoro\u010dne nezaposlenosti\u201d, saop\u0161teno je iz EK.&nbsp;<\/p>\n\n\n\n<p>Ostvaren je odre\u0111eni napredak u unapre\u0111enju poslovnog okru\u017eenja i pripremi reforme dr\u017eavnih preduze\u0107a.<\/p>\n\n\n\n<p>Preporuke Komisije iz prethodne godine su djelimi\u010dno sprovedene, ali u ve\u0107ini slu\u010dajeva i dalje ostaju relevantne.&nbsp;<\/p>\n\n\n\n<p>&#8220;Da bi unaprijedila funkcionisanje tr\u017ei\u0161ne ekonomije, Crna Gora bi posebno trebalo da osmisli i sprovede mjere koje \u0107e ograni\u010diti javnu potro\u0161nju i pove\u0107ati prihode, uz obezbje\u0111ivanje po\u0161tovanja fiskalnih pravila&#8221;, smatraju u EK.<\/p>\n\n\n\n<p>Iz Ministarstva finansija su poru\u010dili da najnoviji izvje\u0161taj EK o Crnoj Gori potvr\u0111uje ono na \u010demu Ministarstvo finansija predano radi, a to je konkretan, mjerljiv i sveobuhvatan napredak u procesu pristupanja Evropskoj uniji (EU).<\/p>\n\n\n\n<p>Kako su naveli, EK je prepoznala Ministarstvo finansija kao jedan od klju\u010dnih generatora evropskih reformi, sa zapa\u017eenim rezultatima u gotovo svim poglavljima za koja je ovaj resor nadle\u017ean.<\/p>\n\n\n\n<p>Ove sedmice oja\u010dali su UTIP Crna Gora 25 odsto na 50 centi i Montenegr-Express Group Budva 0,5 odsto na 20 centi.<\/p>\n\n\n\n<p>Poskupila je i dionica Instituta \u201cSimo Milo\u0161evi\u0107\u201d 13,8 odsto na 66 EUR, Hotelska grupa (HG) Budvanska rivijera 2,6 odsto na osam, Otrantkomerc 2,6 odsto na 3,9, Crnogorski Telekom 2,2 odsto na 2,35, Zetatrans 0,9 odsto na 1,15 i Jugopetrol neznatno na 15,32 EUR.<\/p>\n\n\n\n<p>Cijenu akcije nijesu mijenjali Elektroprivreda (EPCG) \u0161est EUR, Sveti Stefan hoteli 5,5, Poslovno-logisti\u010dki centar (PLC) Mora\u010da pet, Autoboka tri i Vatrostalna 1,18 EUR.<\/p>\n\n\n\n<p>Predsjednik Odbora direktora EPCG, Milutin \u0110ukanovi\u0107, saop\u0161tio je na me\u0111unarodnoj konferenciji na Zlatiboru da je kompanija realizovala za tri godine investicije vrijedne preko 200 miliona EUR,&nbsp;<\/p>\n\n\n\n<p>\u0110ukanovi\u0107 je predstavio viziju EPCG-a usmjerenu ka aktivnom uklju\u010divanju gra\u0111ana i privrede u proizvodnju elektri\u010dne energije iz obnovljivih izvora, \u010dime se korisnici pretvaraju iz pasivnih potro\u0161a\u010da u aktivne proizvo\u0111a\u010de \u2013 prozjumere.<\/p>\n\n\n\n<p>Skup\u0161tinski Odbor za ekonomiju, finansije i bud\u017eet zakazao je za 17. novembar konsultativno saslu\u0161anje na temu prodaje brodova Crnogorske plovidbe.<\/p>\n\n\n\n<p>Na saslu\u0161anje su pozvani ministar pomorstva Filip Radulovi\u0107, predsjednik Odbora direktora i izvr\u0161ni direktor Crnogorske plovidbe, Petar Jankovi\u0107 i Vladimir Tadi\u0107, kao i predsjednik NVO Udru\u017eenje pomorskih kapetana, Mario Pilastro.<\/p>\n\n\n\n<p>Predmet saslu\u0161anja bi\u0107e prodaja brodova Crnogorske plovidbe &#8211; &#8220;Kotor&#8221; i &#8220;21. maj&#8221; danskoj kompaniji Navision Group, za ukupno 13,2 miliona USD.<\/p>\n\n\n\n<p>Prodaja je izazvala kritike stru\u010dne javnosti i eksperta, koji tvrde da su brodovi prodati znatno ispod tr\u017ei\u0161ne vrijednosti.<\/p>\n\n\n\n<p>Vlada je ove sedmice odlu\u010dila da produ\u017ei akciju Limitirane cijene do 31. marta naredne godine, u okviru koje \u0107e cijene 800 do 900 artikala biti sni\u017eene 15 do 20 odsto.<\/p>\n\n\n\n<p>Ministar ekonomskog razvoja, Nik Gjeloshaj, je na konferenciji za novinare kazao da su u saradnji sa Privrednom komorom (PKCG), proizvo\u0111a\u010dima i veleprodajom i maloprodajom, prethodnih dana odr\u017eali niz sastanaka, oformili radnu grupu i donijeli odluku o ograni\u010davanju mar\u017ei na odre\u0111eni broj proizvoda.&nbsp;<\/p>\n\n\n\n<p>Akcija Limitirane cijene \u0107e biti skoro ista kao i prethodna, odnosno obuhvati\u0107e iste proizvode, njih oko 70. Danas bi trebalo da bude objavljena u Slu\u017ebenom listu, a primjena \u0107e po\u010deti osmog dana od objave, kako bi se maloprodaja i veleprodaja pripremile.<\/p>\n\n\n\n<p>Ukupan promet na Montenegroberzi u oktobru je iznosio 392,62 hiljade EUR i bio je 37,9 odsto ni\u017ei u odnosu na septembar.<\/p>\n\n\n\n<p>\u201eU pore\u0111enju sa oktobrom pro\u0161le godine, promet je ni\u017ei 12,77 odsto. Prosje\u010dan dnevni promet u pro\u0161lom mjesecu iznosio je 17,07 hiljada EUR\u201d, navodi se u Biltenu Montenegroberze.<\/p>\n\n\n\n<p>Tr\u017ei\u0161na kapitalizacija akcija emitenata regulisanog i MTE ME tr\u017ei\u0161ta Montenegroberze na dan 31. oktobar iznosila je 2,19 milijardi EUR, \u0161to predstavlja pad od 42 odsto u odnosu na isti pro\u0161logodi\u0161nji period.<\/p>","protected":false},"excerpt":{"rendered":"<p>Rast indeksa i prometa obilje\u017eili su na Montenegroberzi sedmicu u kojoj je Evropska komisija (EK) ocijenila da je Crna Gora ostvarila odre\u0111eni napredak i nalazi se izme\u0111u umjerenog i dobrog nivoa pripremljenosti u razvoju funkcionalne tr\u017ei\u0161ne ekonomije.<\/p>","protected":false},"author":1,"featured_media":910208,"comment_status":"open","ping_status":"open","sticky":false,"template":"","format":"standard","meta":{"_acf_changed":false,"footnotes":""},"categories":[27],"tags":[5701,1493,2018],"naslovna":[],"class_list":["post-962653","post","type-post","status-publish","format-standard","has-post-thumbnail","hentry","category-ekonomija","tag-indeks","tag-montenegroberza","tag-promet"],"acf":[],"yoast_head":"<!-- This site is optimized with the Yoast SEO plugin v27.0 - https:\/\/yoast.com\/product\/yoast-seo-wordpress\/ -->\n<title>Montenegroberza: Rast indeksa i prometa - dmcsrb.com<\/title>\n<meta name=\"robots\" content=\"index, follow, max-snippet:-1, max-image-preview:large, max-video-preview:-1\" \/>\n<link rel=\"canonical\" href=\"https:\/\/dmcsrb.com\/en\/ekonomija\/montenegroberza-rast-indeksa-i-prometa\/\" \/>\n<meta property=\"og:locale\" content=\"en_GB\" \/>\n<meta property=\"og:type\" content=\"article\" \/>\n<meta property=\"og:title\" content=\"Montenegroberza: Rast indeksa i prometa - dmcsrb.com\" \/>\n<meta property=\"og:description\" content=\"Rast indeksa i prometa obilje\u017eili su na Montenegroberzi sedmicu u kojoj je Evropska komisija (EK) ocijenila da je Crna Gora ostvarila odre\u0111eni napredak i nalazi se izme\u0111u umjerenog i dobrog nivoa pripremljenosti u razvoju funkcionalne tr\u017ei\u0161ne ekonomije.\" \/>\n<meta property=\"og:url\" content=\"https:\/\/dmcsrb.com\/en\/ekonomija\/montenegroberza-rast-indeksa-i-prometa\/\" \/>\n<meta property=\"og:site_name\" content=\"dmcsrb.com\" \/>\n<meta property=\"article:published_time\" content=\"2025-11-08T15:18:00+00:00\" \/>\n<meta property=\"og:image\" content=\"https:\/\/dmcsrb.com\/wp-content\/uploads\/2026\/01\/000000000000000_600x900.jpeg\" \/>\n\t<meta property=\"og:image:width\" content=\"768\" \/>\n\t<meta property=\"og:image:height\" content=\"512\" \/>\n\t<meta property=\"og:image:type\" content=\"image\/jpeg\" \/>\n<meta name=\"author\" content=\"dmcsrbija.com@gmail.com\" \/>\n<meta name=\"twitter:card\" content=\"summary_large_image\" \/>\n<meta name=\"twitter:label1\" content=\"Written by\" \/>\n\t<meta name=\"twitter:data1\" content=\"dmcsrbija.com@gmail.com\" \/>\n\t<meta name=\"twitter:label2\" content=\"Estimated reading time\" \/>\n\t<meta name=\"twitter:data2\" content=\"4 minutes\" \/>\n<script type=\"application\/ld+json\" class=\"yoast-schema-graph\">{\"@context\":\"https:\/\/schema.org\",\"@graph\":[{\"@type\":\"Article\",\"@id\":\"https:\/\/dmcsrb.com\/en\/ekonomija\/montenegroberza-rast-indeksa-i-prometa\/#article\",\"isPartOf\":{\"@id\":\"https:\/\/dmcsrb.com\/en\/ekonomija\/montenegroberza-rast-indeksa-i-prometa\/\"},\"author\":{\"name\":\"dmcsrbija.com@gmail.com\",\"@id\":\"https:\/\/dmcsrb.com\/#\/schema\/person\/5c39170f12db1b8b457732d0b5c854e2\"},\"headline\":\"Montenegroberza: Rast indeksa i prometa\",\"datePublished\":\"2025-11-08T15:18:00+00:00\",\"mainEntityOfPage\":{\"@id\":\"https:\/\/dmcsrb.com\/en\/ekonomija\/montenegroberza-rast-indeksa-i-prometa\/\"},\"wordCount\":741,\"commentCount\":0,\"image\":{\"@id\":\"https:\/\/dmcsrb.com\/en\/ekonomija\/montenegroberza-rast-indeksa-i-prometa\/#primaryimage\"},\"thumbnailUrl\":\"https:\/\/dmcsrb.com\/wp-content\/uploads\/2026\/01\/000000000000000_600x900.jpeg\",\"keywords\":[\"indeks\",\"Montenegroberza\",\"Promet\"],\"articleSection\":[\"Ekonomija\"],\"inLanguage\":\"en-GB\",\"potentialAction\":[{\"@type\":\"CommentAction\",\"name\":\"Comment\",\"target\":[\"https:\/\/dmcsrb.com\/en\/ekonomija\/montenegroberza-rast-indeksa-i-prometa\/#respond\"]}]},{\"@type\":\"WebPage\",\"@id\":\"https:\/\/dmcsrb.com\/en\/ekonomija\/montenegroberza-rast-indeksa-i-prometa\/\",\"url\":\"https:\/\/dmcsrb.com\/en\/ekonomija\/montenegroberza-rast-indeksa-i-prometa\/\",\"name\":\"Montenegroberza: Rast indeksa i prometa - dmcsrb.com\",\"isPartOf\":{\"@id\":\"https:\/\/dmcsrb.com\/#website\"},\"primaryImageOfPage\":{\"@id\":\"https:\/\/dmcsrb.com\/en\/ekonomija\/montenegroberza-rast-indeksa-i-prometa\/#primaryimage\"},\"image\":{\"@id\":\"https:\/\/dmcsrb.com\/en\/ekonomija\/montenegroberza-rast-indeksa-i-prometa\/#primaryimage\"},\"thumbnailUrl\":\"https:\/\/dmcsrb.com\/wp-content\/uploads\/2026\/01\/000000000000000_600x900.jpeg\",\"datePublished\":\"2025-11-08T15:18:00+00:00\",\"author\":{\"@id\":\"https:\/\/dmcsrb.com\/#\/schema\/person\/5c39170f12db1b8b457732d0b5c854e2\"},\"breadcrumb\":{\"@id\":\"https:\/\/dmcsrb.com\/en\/ekonomija\/montenegroberza-rast-indeksa-i-prometa\/#breadcrumb\"},\"inLanguage\":\"en-GB\",\"potentialAction\":[{\"@type\":\"ReadAction\",\"target\":[\"https:\/\/dmcsrb.com\/en\/ekonomija\/montenegroberza-rast-indeksa-i-prometa\/\"]}]},{\"@type\":\"ImageObject\",\"inLanguage\":\"en-GB\",\"@id\":\"https:\/\/dmcsrb.com\/en\/ekonomija\/montenegroberza-rast-indeksa-i-prometa\/#primaryimage\",\"url\":\"https:\/\/dmcsrb.com\/wp-content\/uploads\/2026\/01\/000000000000000_600x900.jpeg\",\"contentUrl\":\"https:\/\/dmcsrb.com\/wp-content\/uploads\/2026\/01\/000000000000000_600x900.jpeg\",\"width\":768,\"height\":512},{\"@type\":\"BreadcrumbList\",\"@id\":\"https:\/\/dmcsrb.com\/en\/ekonomija\/montenegroberza-rast-indeksa-i-prometa\/#breadcrumb\",\"itemListElement\":[{\"@type\":\"ListItem\",\"position\":1,\"name\":\"Home\",\"item\":\"https:\/\/dmcsrb.com\/\"},{\"@type\":\"ListItem\",\"position\":2,\"name\":\"Montenegroberza: Rast indeksa i prometa\"}]},{\"@type\":\"WebSite\",\"@id\":\"https:\/\/dmcsrb.com\/#website\",\"url\":\"https:\/\/dmcsrb.com\/\",\"name\":\"dmcsrb.com\",\"description\":\"\",\"potentialAction\":[{\"@type\":\"SearchAction\",\"target\":{\"@type\":\"EntryPoint\",\"urlTemplate\":\"https:\/\/dmcsrb.com\/?s={search_term_string}\"},\"query-input\":{\"@type\":\"PropertyValueSpecification\",\"valueRequired\":true,\"valueName\":\"search_term_string\"}}],\"inLanguage\":\"en-GB\"},{\"@type\":\"Person\",\"@id\":\"https:\/\/dmcsrb.com\/#\/schema\/person\/5c39170f12db1b8b457732d0b5c854e2\",\"name\":\"dmcsrbija.com@gmail.com\",\"image\":{\"@type\":\"ImageObject\",\"inLanguage\":\"en-GB\",\"@id\":\"https:\/\/dmcsrb.com\/#\/schema\/person\/image\/\",\"url\":\"https:\/\/secure.gravatar.com\/avatar\/68592660ad6347fad0fb587f8d5d8f1a7b44961362f56e4f2cd524feb87e9069?s=96&d=mm&r=g\",\"contentUrl\":\"https:\/\/secure.gravatar.com\/avatar\/68592660ad6347fad0fb587f8d5d8f1a7b44961362f56e4f2cd524feb87e9069?s=96&d=mm&r=g\",\"caption\":\"dmcsrbija.com@gmail.com\"},\"sameAs\":[\"https:\/\/dmcsrb.com\"],\"url\":\"https:\/\/dmcsrb.com\/en\/author\/dmcsrbija-comgmail-com\/\"}]}<\/script>\n<!-- \/ Yoast SEO plugin. -->","yoast_head_json":{"title":"Montenegroberza: Rast indeksa i prometa - dmcsrb.com","robots":{"index":"index","follow":"follow","max-snippet":"max-snippet:-1","max-image-preview":"max-image-preview:large","max-video-preview":"max-video-preview:-1"},"canonical":"https:\/\/dmcsrb.com\/en\/ekonomija\/montenegroberza-rast-indeksa-i-prometa\/","og_locale":"en_GB","og_type":"article","og_title":"Montenegroberza: Rast indeksa i prometa - dmcsrb.com","og_description":"Rast indeksa i prometa obilje\u017eili su na Montenegroberzi sedmicu u kojoj je Evropska komisija (EK) ocijenila da je Crna Gora ostvarila odre\u0111eni napredak i nalazi se izme\u0111u umjerenog i dobrog nivoa pripremljenosti u razvoju funkcionalne tr\u017ei\u0161ne ekonomije.","og_url":"https:\/\/dmcsrb.com\/en\/ekonomija\/montenegroberza-rast-indeksa-i-prometa\/","og_site_name":"dmcsrb.com","article_published_time":"2025-11-08T15:18:00+00:00","og_image":[{"width":768,"height":512,"url":"https:\/\/dmcsrb.com\/wp-content\/uploads\/2026\/01\/000000000000000_600x900.jpeg","type":"image\/jpeg"}],"author":"dmcsrbija.com@gmail.com","twitter_card":"summary_large_image","twitter_misc":{"Written by":"dmcsrbija.com@gmail.com","Estimated reading time":"4 minutes"},"schema":{"@context":"https:\/\/schema.org","@graph":[{"@type":"Article","@id":"https:\/\/dmcsrb.com\/en\/ekonomija\/montenegroberza-rast-indeksa-i-prometa\/#article","isPartOf":{"@id":"https:\/\/dmcsrb.com\/en\/ekonomija\/montenegroberza-rast-indeksa-i-prometa\/"},"author":{"name":"dmcsrbija.com@gmail.com","@id":"https:\/\/dmcsrb.com\/#\/schema\/person\/5c39170f12db1b8b457732d0b5c854e2"},"headline":"Montenegroberza: Rast indeksa i prometa","datePublished":"2025-11-08T15:18:00+00:00","mainEntityOfPage":{"@id":"https:\/\/dmcsrb.com\/en\/ekonomija\/montenegroberza-rast-indeksa-i-prometa\/"},"wordCount":741,"commentCount":0,"image":{"@id":"https:\/\/dmcsrb.com\/en\/ekonomija\/montenegroberza-rast-indeksa-i-prometa\/#primaryimage"},"thumbnailUrl":"https:\/\/dmcsrb.com\/wp-content\/uploads\/2026\/01\/000000000000000_600x900.jpeg","keywords":["indeks","Montenegroberza","Promet"],"articleSection":["Ekonomija"],"inLanguage":"en-GB","potentialAction":[{"@type":"CommentAction","name":"Comment","target":["https:\/\/dmcsrb.com\/en\/ekonomija\/montenegroberza-rast-indeksa-i-prometa\/#respond"]}]},{"@type":"WebPage","@id":"https:\/\/dmcsrb.com\/en\/ekonomija\/montenegroberza-rast-indeksa-i-prometa\/","url":"https:\/\/dmcsrb.com\/en\/ekonomija\/montenegroberza-rast-indeksa-i-prometa\/","name":"Montenegroberza: Rast indeksa i prometa - dmcsrb.com","isPartOf":{"@id":"https:\/\/dmcsrb.com\/#website"},"primaryImageOfPage":{"@id":"https:\/\/dmcsrb.com\/en\/ekonomija\/montenegroberza-rast-indeksa-i-prometa\/#primaryimage"},"image":{"@id":"https:\/\/dmcsrb.com\/en\/ekonomija\/montenegroberza-rast-indeksa-i-prometa\/#primaryimage"},"thumbnailUrl":"https:\/\/dmcsrb.com\/wp-content\/uploads\/2026\/01\/000000000000000_600x900.jpeg","datePublished":"2025-11-08T15:18:00+00:00","author":{"@id":"https:\/\/dmcsrb.com\/#\/schema\/person\/5c39170f12db1b8b457732d0b5c854e2"},"breadcrumb":{"@id":"https:\/\/dmcsrb.com\/en\/ekonomija\/montenegroberza-rast-indeksa-i-prometa\/#breadcrumb"},"inLanguage":"en-GB","potentialAction":[{"@type":"ReadAction","target":["https:\/\/dmcsrb.com\/en\/ekonomija\/montenegroberza-rast-indeksa-i-prometa\/"]}]},{"@type":"ImageObject","inLanguage":"en-GB","@id":"https:\/\/dmcsrb.com\/en\/ekonomija\/montenegroberza-rast-indeksa-i-prometa\/#primaryimage","url":"https:\/\/dmcsrb.com\/wp-content\/uploads\/2026\/01\/000000000000000_600x900.jpeg","contentUrl":"https:\/\/dmcsrb.com\/wp-content\/uploads\/2026\/01\/000000000000000_600x900.jpeg","width":768,"height":512},{"@type":"BreadcrumbList","@id":"https:\/\/dmcsrb.com\/en\/ekonomija\/montenegroberza-rast-indeksa-i-prometa\/#breadcrumb","itemListElement":[{"@type":"ListItem","position":1,"name":"Home","item":"https:\/\/dmcsrb.com\/"},{"@type":"ListItem","position":2,"name":"Montenegroberza: Rast indeksa i prometa"}]},{"@type":"WebSite","@id":"https:\/\/dmcsrb.com\/#website","url":"https:\/\/dmcsrb.com\/","name":"dmcsrb.com","description":"","potentialAction":[{"@type":"SearchAction","target":{"@type":"EntryPoint","urlTemplate":"https:\/\/dmcsrb.com\/?s={search_term_string}"},"query-input":{"@type":"PropertyValueSpecification","valueRequired":true,"valueName":"search_term_string"}}],"inLanguage":"en-GB"},{"@type":"Person","@id":"https:\/\/dmcsrb.com\/#\/schema\/person\/5c39170f12db1b8b457732d0b5c854e2","name":"dmcsrbija.com@gmail.com","image":{"@type":"ImageObject","inLanguage":"en-GB","@id":"https:\/\/dmcsrb.com\/#\/schema\/person\/image\/","url":"https:\/\/secure.gravatar.com\/avatar\/68592660ad6347fad0fb587f8d5d8f1a7b44961362f56e4f2cd524feb87e9069?s=96&d=mm&r=g","contentUrl":"https:\/\/secure.gravatar.com\/avatar\/68592660ad6347fad0fb587f8d5d8f1a7b44961362f56e4f2cd524feb87e9069?s=96&d=mm&r=g","caption":"dmcsrbija.com@gmail.com"},"sameAs":["https:\/\/dmcsrb.com"],"url":"https:\/\/dmcsrb.com\/en\/author\/dmcsrbija-comgmail-com\/"}]}},"_links":{"self":[{"href":"https:\/\/dmcsrb.com\/en\/wp-json\/wp\/v2\/posts\/962653","targetHints":{"allow":["GET"]}}],"collection":[{"href":"https:\/\/dmcsrb.com\/en\/wp-json\/wp\/v2\/posts"}],"about":[{"href":"https:\/\/dmcsrb.com\/en\/wp-json\/wp\/v2\/types\/post"}],"author":[{"embeddable":true,"href":"https:\/\/dmcsrb.com\/en\/wp-json\/wp\/v2\/users\/1"}],"replies":[{"embeddable":true,"href":"https:\/\/dmcsrb.com\/en\/wp-json\/wp\/v2\/comments?post=962653"}],"version-history":[{"count":0,"href":"https:\/\/dmcsrb.com\/en\/wp-json\/wp\/v2\/posts\/962653\/revisions"}],"wp:featuredmedia":[{"embeddable":true,"href":"https:\/\/dmcsrb.com\/en\/wp-json\/wp\/v2\/media\/910208"}],"wp:attachment":[{"href":"https:\/\/dmcsrb.com\/en\/wp-json\/wp\/v2\/media?parent=962653"}],"wp:term":[{"taxonomy":"category","embeddable":true,"href":"https:\/\/dmcsrb.com\/en\/wp-json\/wp\/v2\/categories?post=962653"},{"taxonomy":"post_tag","embeddable":true,"href":"https:\/\/dmcsrb.com\/en\/wp-json\/wp\/v2\/tags?post=962653"},{"taxonomy":"naslovna","embeddable":true,"href":"https:\/\/dmcsrb.com\/en\/wp-json\/wp\/v2\/naslovna?post=962653"}],"curies":[{"name":"wp","href":"https:\/\/api.w.org\/{rel}","templated":true}]}}