{"id":962647,"date":"2025-11-08T14:15:00","date_gmt":"2025-11-08T13:15:00","guid":{"rendered":"https:\/\/dmcsrb.com\/uncategorized\/abramovic-pred-esbjerg-pokusacemo-da-pariramo-u-skladu-sa-nasim-mogucnostima\/"},"modified":"2025-11-08T14:15:00","modified_gmt":"2025-11-08T13:15:00","slug":"abramovic-pred-esbjerg-pokusacemo-da-pariramo-u-skladu-sa-nasim-mogucnostima","status":"publish","type":"post","link":"https:\/\/dmcsrb.com\/en\/sport\/abramovic-pred-esbjerg-pokusacemo-da-pariramo-u-skladu-sa-nasim-mogucnostima\/","title":{"rendered":"Abramovi\u0107 pred Esbjerg: Poku\u0161a\u0107emo da pariramo u skladu sa na\u0161im mogu\u0107nostima"},"content":{"rendered":"<p>Danski predstavnik ima po tri pobjede i poraza u dosada\u0161njem dijelu takmi\u010denja.<\/p>\n\n\n\n<p>&#8220;Imamo vi\u0161e samopouzdanja nego na po\u010detku sezone. Djevojke su svjesne da podi\u017eemo formu, vidjelo se to protiv Dortmunda i Glorije. Igrali smo kako to moderni rukomet zajtijeva, ostaje \u017eal \u0161to nismo pobijedili Rumunke. Na krilima te utakmice smo nastavili da treniramo ove sedmice&#8221;, kazao je trener Budu\u0107nosti Zoran Abramovi\u0107.<\/p>\n\n\n\n<p>Esbjerg u svom sastavu ima dvije najbolje igra\u010dice svijeta.<\/p>\n\n\n\n<p>&#8220;Imamo dvome\u010d sa Esbjergom, ekipom punom kvalitetnih igra\u010dica. Tu su Merk i Rej\u0161tat, koje su najbolje na svijetu. One su u formi, na nivou su \u0110era, od kojeg su izgubile nezaslu\u017eeno. Jedan od favorita su za plasman na fajnl-for&#8221;, istakao je trener &#8220;plavih&#8221;.<\/p>\n\n\n\n<p>Abramovi\u0107 je obe\u0107ao da \u0107e se ekipa boriti do posljednjeg atoma snage.<\/p>\n\n\n\n<p>&#8220;Poku\u0161a\u0107emo da pariramo u skladu sa na\u0161im mogu\u0107nostima. O\u010dekujem da \u0107emo imati periode dobre igre, u oba pravca. Proba\u0107emo da igramo tranziciju, da\u0107emo sve od sebe, ostaje da se vidi za koliko \u0107e to biti dovoljno&#8221;, zaklju\u010dio je iskusni stru\u010dnjak.<\/p>\n\n\n\n<p>Me\u010d u Esbjergu po\u010dinje u 14 \u010dasova, uz prenos na TVCG.<\/p>\n\n\n\n<p><\/p>","protected":false},"excerpt":{"rendered":"<p>Rukometa\u0161ice Budu\u0107nosti proteklog vikenda su stale na korak od pobjede u duelu protiv Glorije iz Bistrice. &#8220;Plave&#8221; tako i dalje nemaju osvojen bod u elitnom takmi\u010denju, a sjutra ih \u010deka te\u017eak zadatak, prakti\u010dno nemogu\u0107a misija &#8211; gostuju danskom Esbjergu.<\/p>","protected":false},"author":1,"featured_media":961260,"comment_status":"open","ping_status":"open","sticky":false,"template":"","format":"standard","meta":{"_acf_changed":false,"footnotes":""},"categories":[148],"tags":[6013,13954,6015,1901],"naslovna":[],"class_list":["post-962647","post","type-post","status-publish","format-standard","has-post-thumbnail","hentry","category-sport","tag-ehf-liga-sampiona","tag-esbjerg","tag-zoran-abramovic","tag-zrk-otp-group-buducnost"],"acf":[],"yoast_head":"<!-- This site is optimized with the Yoast SEO plugin v27.4 - https:\/\/yoast.com\/product\/yoast-seo-wordpress\/ -->\n<title>Abramovi\u0107 pred Esbjerg: Poku\u0161a\u0107emo da pariramo u skladu sa na\u0161im mogu\u0107nostima - dmcsrb.com<\/title>\n<meta name=\"robots\" content=\"index, follow, max-snippet:-1, max-image-preview:large, max-video-preview:-1\" \/>\n<link rel=\"canonical\" href=\"https:\/\/dmcsrb.com\/en\/sport\/abramovic-pred-esbjerg-pokusacemo-da-pariramo-u-skladu-sa-nasim-mogucnostima\/\" \/>\n<meta property=\"og:locale\" content=\"en_GB\" \/>\n<meta property=\"og:type\" content=\"article\" \/>\n<meta property=\"og:title\" content=\"Abramovi\u0107 pred Esbjerg: Poku\u0161a\u0107emo da pariramo u skladu sa na\u0161im mogu\u0107nostima - dmcsrb.com\" \/>\n<meta property=\"og:description\" content=\"Rukometa\u0161ice Budu\u0107nosti proteklog vikenda su stale na korak od pobjede u duelu protiv Glorije iz Bistrice. &quot;Plave&quot; tako i dalje nemaju osvojen bod u elitnom takmi\u010denju, a sjutra ih \u010deka te\u017eak zadatak, prakti\u010dno nemogu\u0107a misija - gostuju danskom Esbjergu.\" \/>\n<meta property=\"og:url\" content=\"https:\/\/dmcsrb.com\/en\/sport\/abramovic-pred-esbjerg-pokusacemo-da-pariramo-u-skladu-sa-nasim-mogucnostima\/\" \/>\n<meta property=\"og:site_name\" content=\"dmcsrb.com\" \/>\n<meta property=\"article:published_time\" content=\"2025-11-08T13:15:00+00:00\" \/>\n<meta property=\"og:image\" content=\"https:\/\/dmcsrb.com\/wp-content\/uploads\/2026\/01\/Zoran-Abramovic-ZRK-Buducnost-Luka-Stankovic.webp\" \/>\n\t<meta property=\"og:image:width\" content=\"1000\" \/>\n\t<meta property=\"og:image:height\" content=\"666\" \/>\n\t<meta property=\"og:image:type\" content=\"image\/jpeg\" \/>\n<meta name=\"author\" content=\"dmcsrbija.com@gmail.com\" \/>\n<meta name=\"twitter:card\" content=\"summary_large_image\" \/>\n<meta name=\"twitter:label1\" content=\"Written by\" \/>\n\t<meta name=\"twitter:data1\" content=\"dmcsrbija.com@gmail.com\" \/>\n\t<meta name=\"twitter:label2\" content=\"Estimated reading time\" \/>\n\t<meta name=\"twitter:data2\" content=\"1 minute\" \/>\n<script type=\"application\/ld+json\" class=\"yoast-schema-graph\">{\"@context\":\"https:\\\/\\\/schema.org\",\"@graph\":[{\"@type\":\"Article\",\"@id\":\"https:\\\/\\\/dmcsrb.com\\\/sport\\\/abramovic-pred-esbjerg-pokusacemo-da-pariramo-u-skladu-sa-nasim-mogucnostima\\\/#article\",\"isPartOf\":{\"@id\":\"https:\\\/\\\/dmcsrb.com\\\/sport\\\/abramovic-pred-esbjerg-pokusacemo-da-pariramo-u-skladu-sa-nasim-mogucnostima\\\/\"},\"author\":{\"name\":\"dmcsrbija.com@gmail.com\",\"@id\":\"https:\\\/\\\/dmcsrb.com\\\/#\\\/schema\\\/person\\\/5c39170f12db1b8b457732d0b5c854e2\"},\"headline\":\"Abramovi\u0107 pred Esbjerg: Poku\u0161a\u0107emo da pariramo u skladu sa na\u0161im mogu\u0107nostima\",\"datePublished\":\"2025-11-08T13:15:00+00:00\",\"mainEntityOfPage\":{\"@id\":\"https:\\\/\\\/dmcsrb.com\\\/sport\\\/abramovic-pred-esbjerg-pokusacemo-da-pariramo-u-skladu-sa-nasim-mogucnostima\\\/\"},\"wordCount\":211,\"commentCount\":0,\"image\":{\"@id\":\"https:\\\/\\\/dmcsrb.com\\\/sport\\\/abramovic-pred-esbjerg-pokusacemo-da-pariramo-u-skladu-sa-nasim-mogucnostima\\\/#primaryimage\"},\"thumbnailUrl\":\"https:\\\/\\\/dmcsrb.com\\\/wp-content\\\/uploads\\\/2026\\\/01\\\/Zoran-Abramovic-ZRK-Buducnost-Luka-Stankovic.webp\",\"keywords\":[\"EHF Liga \u0161ampiona\",\"Esbjerg\",\"Zoran Abramovi\u0107\",\"\u017dRK OTP Group Budu\u0107nost\"],\"articleSection\":[\"Sport\"],\"inLanguage\":\"en-GB\",\"potentialAction\":[{\"@type\":\"CommentAction\",\"name\":\"Comment\",\"target\":[\"https:\\\/\\\/dmcsrb.com\\\/sport\\\/abramovic-pred-esbjerg-pokusacemo-da-pariramo-u-skladu-sa-nasim-mogucnostima\\\/#respond\"]}]},{\"@type\":\"WebPage\",\"@id\":\"https:\\\/\\\/dmcsrb.com\\\/sport\\\/abramovic-pred-esbjerg-pokusacemo-da-pariramo-u-skladu-sa-nasim-mogucnostima\\\/\",\"url\":\"https:\\\/\\\/dmcsrb.com\\\/sport\\\/abramovic-pred-esbjerg-pokusacemo-da-pariramo-u-skladu-sa-nasim-mogucnostima\\\/\",\"name\":\"Abramovi\u0107 pred Esbjerg: Poku\u0161a\u0107emo da pariramo u skladu sa na\u0161im mogu\u0107nostima - dmcsrb.com\",\"isPartOf\":{\"@id\":\"https:\\\/\\\/dmcsrb.com\\\/#website\"},\"primaryImageOfPage\":{\"@id\":\"https:\\\/\\\/dmcsrb.com\\\/sport\\\/abramovic-pred-esbjerg-pokusacemo-da-pariramo-u-skladu-sa-nasim-mogucnostima\\\/#primaryimage\"},\"image\":{\"@id\":\"https:\\\/\\\/dmcsrb.com\\\/sport\\\/abramovic-pred-esbjerg-pokusacemo-da-pariramo-u-skladu-sa-nasim-mogucnostima\\\/#primaryimage\"},\"thumbnailUrl\":\"https:\\\/\\\/dmcsrb.com\\\/wp-content\\\/uploads\\\/2026\\\/01\\\/Zoran-Abramovic-ZRK-Buducnost-Luka-Stankovic.webp\",\"datePublished\":\"2025-11-08T13:15:00+00:00\",\"author\":{\"@id\":\"https:\\\/\\\/dmcsrb.com\\\/#\\\/schema\\\/person\\\/5c39170f12db1b8b457732d0b5c854e2\"},\"breadcrumb\":{\"@id\":\"https:\\\/\\\/dmcsrb.com\\\/sport\\\/abramovic-pred-esbjerg-pokusacemo-da-pariramo-u-skladu-sa-nasim-mogucnostima\\\/#breadcrumb\"},\"inLanguage\":\"en-GB\",\"potentialAction\":[{\"@type\":\"ReadAction\",\"target\":[\"https:\\\/\\\/dmcsrb.com\\\/sport\\\/abramovic-pred-esbjerg-pokusacemo-da-pariramo-u-skladu-sa-nasim-mogucnostima\\\/\"]}]},{\"@type\":\"ImageObject\",\"inLanguage\":\"en-GB\",\"@id\":\"https:\\\/\\\/dmcsrb.com\\\/sport\\\/abramovic-pred-esbjerg-pokusacemo-da-pariramo-u-skladu-sa-nasim-mogucnostima\\\/#primaryimage\",\"url\":\"https:\\\/\\\/dmcsrb.com\\\/wp-content\\\/uploads\\\/2026\\\/01\\\/Zoran-Abramovic-ZRK-Buducnost-Luka-Stankovic.webp\",\"contentUrl\":\"https:\\\/\\\/dmcsrb.com\\\/wp-content\\\/uploads\\\/2026\\\/01\\\/Zoran-Abramovic-ZRK-Buducnost-Luka-Stankovic.webp\",\"width\":1000,\"height\":666},{\"@type\":\"BreadcrumbList\",\"@id\":\"https:\\\/\\\/dmcsrb.com\\\/sport\\\/abramovic-pred-esbjerg-pokusacemo-da-pariramo-u-skladu-sa-nasim-mogucnostima\\\/#breadcrumb\",\"itemListElement\":[{\"@type\":\"ListItem\",\"position\":1,\"name\":\"Home\",\"item\":\"https:\\\/\\\/dmcsrb.com\\\/\"},{\"@type\":\"ListItem\",\"position\":2,\"name\":\"Abramovi\u0107 pred Esbjerg: Poku\u0161a\u0107emo da pariramo u skladu sa na\u0161im mogu\u0107nostima\"}]},{\"@type\":\"WebSite\",\"@id\":\"https:\\\/\\\/dmcsrb.com\\\/#website\",\"url\":\"https:\\\/\\\/dmcsrb.com\\\/\",\"name\":\"dmcsrb.com\",\"description\":\"\",\"potentialAction\":[{\"@type\":\"SearchAction\",\"target\":{\"@type\":\"EntryPoint\",\"urlTemplate\":\"https:\\\/\\\/dmcsrb.com\\\/?s={search_term_string}\"},\"query-input\":{\"@type\":\"PropertyValueSpecification\",\"valueRequired\":true,\"valueName\":\"search_term_string\"}}],\"inLanguage\":\"en-GB\"},{\"@type\":\"Person\",\"@id\":\"https:\\\/\\\/dmcsrb.com\\\/#\\\/schema\\\/person\\\/5c39170f12db1b8b457732d0b5c854e2\",\"name\":\"dmcsrbija.com@gmail.com\",\"image\":{\"@type\":\"ImageObject\",\"inLanguage\":\"en-GB\",\"@id\":\"https:\\\/\\\/secure.gravatar.com\\\/avatar\\\/68592660ad6347fad0fb587f8d5d8f1a7b44961362f56e4f2cd524feb87e9069?s=96&d=mm&r=g\",\"url\":\"https:\\\/\\\/secure.gravatar.com\\\/avatar\\\/68592660ad6347fad0fb587f8d5d8f1a7b44961362f56e4f2cd524feb87e9069?s=96&d=mm&r=g\",\"contentUrl\":\"https:\\\/\\\/secure.gravatar.com\\\/avatar\\\/68592660ad6347fad0fb587f8d5d8f1a7b44961362f56e4f2cd524feb87e9069?s=96&d=mm&r=g\",\"caption\":\"dmcsrbija.com@gmail.com\"},\"sameAs\":[\"https:\\\/\\\/dmcsrb.com\"],\"url\":\"https:\\\/\\\/dmcsrb.com\\\/en\\\/author\\\/dmcsrbija-comgmail-com\\\/\"}]}<\/script>\n<!-- \/ Yoast SEO plugin. -->","yoast_head_json":{"title":"Abramovi\u0107 pred Esbjerg: Poku\u0161a\u0107emo da pariramo u skladu sa na\u0161im mogu\u0107nostima - dmcsrb.com","robots":{"index":"index","follow":"follow","max-snippet":"max-snippet:-1","max-image-preview":"max-image-preview:large","max-video-preview":"max-video-preview:-1"},"canonical":"https:\/\/dmcsrb.com\/en\/sport\/abramovic-pred-esbjerg-pokusacemo-da-pariramo-u-skladu-sa-nasim-mogucnostima\/","og_locale":"en_GB","og_type":"article","og_title":"Abramovi\u0107 pred Esbjerg: Poku\u0161a\u0107emo da pariramo u skladu sa na\u0161im mogu\u0107nostima - dmcsrb.com","og_description":"Rukometa\u0161ice Budu\u0107nosti proteklog vikenda su stale na korak od pobjede u duelu protiv Glorije iz Bistrice. \"Plave\" tako i dalje nemaju osvojen bod u elitnom takmi\u010denju, a sjutra ih \u010deka te\u017eak zadatak, prakti\u010dno nemogu\u0107a misija - gostuju danskom Esbjergu.","og_url":"https:\/\/dmcsrb.com\/en\/sport\/abramovic-pred-esbjerg-pokusacemo-da-pariramo-u-skladu-sa-nasim-mogucnostima\/","og_site_name":"dmcsrb.com","article_published_time":"2025-11-08T13:15:00+00:00","og_image":[{"width":1000,"height":666,"url":"https:\/\/dmcsrb.com\/wp-content\/uploads\/2026\/01\/Zoran-Abramovic-ZRK-Buducnost-Luka-Stankovic.webp","type":"image\/jpeg"}],"author":"dmcsrbija.com@gmail.com","twitter_card":"summary_large_image","twitter_misc":{"Written by":"dmcsrbija.com@gmail.com","Estimated reading time":"1 minute"},"schema":{"@context":"https:\/\/schema.org","@graph":[{"@type":"Article","@id":"https:\/\/dmcsrb.com\/sport\/abramovic-pred-esbjerg-pokusacemo-da-pariramo-u-skladu-sa-nasim-mogucnostima\/#article","isPartOf":{"@id":"https:\/\/dmcsrb.com\/sport\/abramovic-pred-esbjerg-pokusacemo-da-pariramo-u-skladu-sa-nasim-mogucnostima\/"},"author":{"name":"dmcsrbija.com@gmail.com","@id":"https:\/\/dmcsrb.com\/#\/schema\/person\/5c39170f12db1b8b457732d0b5c854e2"},"headline":"Abramovi\u0107 pred Esbjerg: Poku\u0161a\u0107emo da pariramo u skladu sa na\u0161im mogu\u0107nostima","datePublished":"2025-11-08T13:15:00+00:00","mainEntityOfPage":{"@id":"https:\/\/dmcsrb.com\/sport\/abramovic-pred-esbjerg-pokusacemo-da-pariramo-u-skladu-sa-nasim-mogucnostima\/"},"wordCount":211,"commentCount":0,"image":{"@id":"https:\/\/dmcsrb.com\/sport\/abramovic-pred-esbjerg-pokusacemo-da-pariramo-u-skladu-sa-nasim-mogucnostima\/#primaryimage"},"thumbnailUrl":"https:\/\/dmcsrb.com\/wp-content\/uploads\/2026\/01\/Zoran-Abramovic-ZRK-Buducnost-Luka-Stankovic.webp","keywords":["EHF Liga \u0161ampiona","Esbjerg","Zoran Abramovi\u0107","\u017dRK OTP Group Budu\u0107nost"],"articleSection":["Sport"],"inLanguage":"en-GB","potentialAction":[{"@type":"CommentAction","name":"Comment","target":["https:\/\/dmcsrb.com\/sport\/abramovic-pred-esbjerg-pokusacemo-da-pariramo-u-skladu-sa-nasim-mogucnostima\/#respond"]}]},{"@type":"WebPage","@id":"https:\/\/dmcsrb.com\/sport\/abramovic-pred-esbjerg-pokusacemo-da-pariramo-u-skladu-sa-nasim-mogucnostima\/","url":"https:\/\/dmcsrb.com\/sport\/abramovic-pred-esbjerg-pokusacemo-da-pariramo-u-skladu-sa-nasim-mogucnostima\/","name":"Abramovi\u0107 pred Esbjerg: Poku\u0161a\u0107emo da pariramo u skladu sa na\u0161im mogu\u0107nostima - dmcsrb.com","isPartOf":{"@id":"https:\/\/dmcsrb.com\/#website"},"primaryImageOfPage":{"@id":"https:\/\/dmcsrb.com\/sport\/abramovic-pred-esbjerg-pokusacemo-da-pariramo-u-skladu-sa-nasim-mogucnostima\/#primaryimage"},"image":{"@id":"https:\/\/dmcsrb.com\/sport\/abramovic-pred-esbjerg-pokusacemo-da-pariramo-u-skladu-sa-nasim-mogucnostima\/#primaryimage"},"thumbnailUrl":"https:\/\/dmcsrb.com\/wp-content\/uploads\/2026\/01\/Zoran-Abramovic-ZRK-Buducnost-Luka-Stankovic.webp","datePublished":"2025-11-08T13:15:00+00:00","author":{"@id":"https:\/\/dmcsrb.com\/#\/schema\/person\/5c39170f12db1b8b457732d0b5c854e2"},"breadcrumb":{"@id":"https:\/\/dmcsrb.com\/sport\/abramovic-pred-esbjerg-pokusacemo-da-pariramo-u-skladu-sa-nasim-mogucnostima\/#breadcrumb"},"inLanguage":"en-GB","potentialAction":[{"@type":"ReadAction","target":["https:\/\/dmcsrb.com\/sport\/abramovic-pred-esbjerg-pokusacemo-da-pariramo-u-skladu-sa-nasim-mogucnostima\/"]}]},{"@type":"ImageObject","inLanguage":"en-GB","@id":"https:\/\/dmcsrb.com\/sport\/abramovic-pred-esbjerg-pokusacemo-da-pariramo-u-skladu-sa-nasim-mogucnostima\/#primaryimage","url":"https:\/\/dmcsrb.com\/wp-content\/uploads\/2026\/01\/Zoran-Abramovic-ZRK-Buducnost-Luka-Stankovic.webp","contentUrl":"https:\/\/dmcsrb.com\/wp-content\/uploads\/2026\/01\/Zoran-Abramovic-ZRK-Buducnost-Luka-Stankovic.webp","width":1000,"height":666},{"@type":"BreadcrumbList","@id":"https:\/\/dmcsrb.com\/sport\/abramovic-pred-esbjerg-pokusacemo-da-pariramo-u-skladu-sa-nasim-mogucnostima\/#breadcrumb","itemListElement":[{"@type":"ListItem","position":1,"name":"Home","item":"https:\/\/dmcsrb.com\/"},{"@type":"ListItem","position":2,"name":"Abramovi\u0107 pred Esbjerg: Poku\u0161a\u0107emo da pariramo u skladu sa na\u0161im mogu\u0107nostima"}]},{"@type":"WebSite","@id":"https:\/\/dmcsrb.com\/#website","url":"https:\/\/dmcsrb.com\/","name":"dmcsrb.com","description":"","potentialAction":[{"@type":"SearchAction","target":{"@type":"EntryPoint","urlTemplate":"https:\/\/dmcsrb.com\/?s={search_term_string}"},"query-input":{"@type":"PropertyValueSpecification","valueRequired":true,"valueName":"search_term_string"}}],"inLanguage":"en-GB"},{"@type":"Person","@id":"https:\/\/dmcsrb.com\/#\/schema\/person\/5c39170f12db1b8b457732d0b5c854e2","name":"dmcsrbija.com@gmail.com","image":{"@type":"ImageObject","inLanguage":"en-GB","@id":"https:\/\/secure.gravatar.com\/avatar\/68592660ad6347fad0fb587f8d5d8f1a7b44961362f56e4f2cd524feb87e9069?s=96&d=mm&r=g","url":"https:\/\/secure.gravatar.com\/avatar\/68592660ad6347fad0fb587f8d5d8f1a7b44961362f56e4f2cd524feb87e9069?s=96&d=mm&r=g","contentUrl":"https:\/\/secure.gravatar.com\/avatar\/68592660ad6347fad0fb587f8d5d8f1a7b44961362f56e4f2cd524feb87e9069?s=96&d=mm&r=g","caption":"dmcsrbija.com@gmail.com"},"sameAs":["https:\/\/dmcsrb.com"],"url":"https:\/\/dmcsrb.com\/en\/author\/dmcsrbija-comgmail-com\/"}]}},"_links":{"self":[{"href":"https:\/\/dmcsrb.com\/en\/wp-json\/wp\/v2\/posts\/962647","targetHints":{"allow":["GET"]}}],"collection":[{"href":"https:\/\/dmcsrb.com\/en\/wp-json\/wp\/v2\/posts"}],"about":[{"href":"https:\/\/dmcsrb.com\/en\/wp-json\/wp\/v2\/types\/post"}],"author":[{"embeddable":true,"href":"https:\/\/dmcsrb.com\/en\/wp-json\/wp\/v2\/users\/1"}],"replies":[{"embeddable":true,"href":"https:\/\/dmcsrb.com\/en\/wp-json\/wp\/v2\/comments?post=962647"}],"version-history":[{"count":0,"href":"https:\/\/dmcsrb.com\/en\/wp-json\/wp\/v2\/posts\/962647\/revisions"}],"wp:featuredmedia":[{"embeddable":true,"href":"https:\/\/dmcsrb.com\/en\/wp-json\/wp\/v2\/media\/961260"}],"wp:attachment":[{"href":"https:\/\/dmcsrb.com\/en\/wp-json\/wp\/v2\/media?parent=962647"}],"wp:term":[{"taxonomy":"category","embeddable":true,"href":"https:\/\/dmcsrb.com\/en\/wp-json\/wp\/v2\/categories?post=962647"},{"taxonomy":"post_tag","embeddable":true,"href":"https:\/\/dmcsrb.com\/en\/wp-json\/wp\/v2\/tags?post=962647"},{"taxonomy":"naslovna","embeddable":true,"href":"https:\/\/dmcsrb.com\/en\/wp-json\/wp\/v2\/naslovna?post=962647"}],"curies":[{"name":"wp","href":"https:\/\/api.w.org\/{rel}","templated":true}]}}