{"id":962643,"date":"2025-11-08T14:35:00","date_gmt":"2025-11-08T13:35:00","guid":{"rendered":"https:\/\/dmcsrb.com\/uncategorized\/u-domu-starih-pljevlja-odrzano-muzicko-pjesnicko-vece-dragana-koprivice-i-prijatelja\/"},"modified":"2025-11-08T14:35:00","modified_gmt":"2025-11-08T13:35:00","slug":"u-domu-starih-pljevlja-odrzano-muzicko-pjesnicko-vece-dragana-koprivice-i-prijatelja","status":"publish","type":"post","link":"https:\/\/dmcsrb.com\/en\/kultura\/u-domu-starih-pljevlja-odrzano-muzicko-pjesnicko-vece-dragana-koprivice-i-prijatelja\/","title":{"rendered":"U Domu starih \u201cPljevlja\u201d odr\u017eano muzi\u010dko-pjesni\u010dko ve\u010de Dragana Koprivice i prijatelja"},"content":{"rendered":"<p><\/p>\n\n\n\n<p>Na po\u010detku programa sve prisutne je srda\u010dno pozdravila direktorica Doma za smje\u0161taj odraslih i starih lica, D\u017eenana Musli\u0107, i istakla da su kulturni sadr\u017eaji po\u017eeljni u ovoj instituciji od posebnog dru\u0161tvenog zna\u010daja, gdje ve\u0107inom gostuju stvaraoci iz op\u0161tine Pljevlja, ukazala na plodnu saradnju sa NB \u201cStevan Samard\u017ei\u0107\u201d Pljevlja i navela da je u Domu prigodno obilje\u017een i Me\u0111unarodni dan starijih osoba, Prvi oktobar.<\/p>\n\n\n\n<p>Sve korisnike srda\u010dno je pozdravio i jedan od prisutnih, Stanko Vukovi\u0107 sa \u017dabljaka, zahvaliv\u0161i se direktorici Musli\u0107 na organizovanju programa i gostima ve\u010deri.<\/p>\n\n\n\n<p>Dragan Koprivica je uz optimalnu interakciju s korisnicima govorio svoje satiri\u010dne aforizme na mentalitetske teme, o politici, ljubavi, tradiciji i obi\u010dajima, uz smijeh prisutnih, i u prvom dijelu pjevao nove i stare hitove sa eks-ju prostora, \u0110or\u0111a Marjanovi\u0107a, Iva Robi\u0107a, Halida Be\u0161li\u0107a i druge. U drugom dijelu svirao je na harmonici poznate crnogorske refrene pjevaju\u0107i zajedno sa korisnicima i osobljem Doma. Po \u017eelji prisutnih, uz harmoniku, u znak sje\u0107anja na pro\u0161la vremena, najvi\u0161e aplauza izazvalo je zajedni\u010dko pjevanje starih refrena \u201cDru\u017ee Tito, ljubi\u010dice bijela\u201d i \u201cCrna Goro, zemljo mila, kr\u0161em bogata, milija mi ne bi bila da si od zlata\u201d, a u fini\u0161u ve\u010deri otpjevana je i \u201cOj moja ru\u017eo rumena\u201d.<\/p>\n\n\n\n<p>&#8220;Tokom dobro osmi\u0161ljenog programa, pjesnikinja Ana \u0110urovi\u0107, kao novo zapa\u017eeno lice na\u0161e savremene poezije, u vi\u0161e navrata nadahnuto je \u010ditala ljubavnu liriku iz predstoje\u0107e zbirke \u201cOna nije tu\u201d, koja je u \u0161tampi, i dobila zaslu\u017eene aplauze. Govorila je i o svojoj edukativnoj ilustrovanoj knjizi-bojanki za djecu o poznatim li\u010dnostima iz istorije Crne Gore \u201cPogodi ko sam\u201d, koja je ve\u0107 zapa\u017eena na nekim sajmovima knjiga&#8221;, navodi se u saop\u0161tenju.<\/p>\n\n\n\n<p>Od po\u010detka godine, uz u\u010de\u0161\u0107e brojnih autora, muzi\u010dara i pjesnika \u0161irom Crne Gore, Koprivici i prijateljima je gostovanje u Domu starih \u201cPljevlja\u201d bilo ve\u0107 dvadeset drugo po redu. U novijem periodu posebno su se izdvojili nastupi na glavnom gradskom trgu u Nik\u0161i\u0107u (\u201eAuto\/r na korzu\u201c), Mojkovcu (\u201eSlova slovenska\u201c), domovima starih \u201eDuga\u201c u Martini\u0107ima i \u201eNik\u0161i\u0107\u201c u Nik\u0161i\u0107u, u centrima za kulturu u Mojkovcu, Ro\u017eajama i Pljevljima, zatim u Budvi (humanitarni program za NVO \u201ePu\u017eeva ku\u0107ica\u201c), u \u017eenskom zatvoru UIKS-a i CZK Kola\u0161in, potom u JU Dje\u010dji dom \u201eMladost\u201c Bijela, u Nik\u0161i\u0107kom pozori\u0161tu, u NVU \u201ePru\u017eite nam \u0161ansu\u201c u Podgorici i JU \u201eKakaricka gora\u201c.<\/p>\n\n\n\n<p>Finalno Ve\u010de ovog muzi\u010dko-pjesni\u010dkog karavana bi\u0107e 13. decembra u velikoj sali KIC-a \u201eBudo Tomovi\u0107\u201c u Podgorici, uz u\u010de\u0161\u0107e brojnih gostiju programa i promociju nove zbirke satiri\u010dne poezije Milana Kne\u017eevi\u0107a \u201cNe dam mandat\u201d, a u planu su i nova gostovanja u novembru i decembru.<\/p>","protected":false},"excerpt":{"rendered":"<p>Dragan Koprivica i pjesnikinja Ana \u0110urovi\u0107 sino\u0107 su uspje\u0161no nastupili u Domu starih \u201cPljevlja\u201d u istoimenom gradu, i priredili kulturno ve\u010de uz odli\u010dnu sinergiju sa svim korisnicima i sa osobljem Doma.<\/p>","protected":false},"author":1,"featured_media":962644,"comment_status":"open","ping_status":"open","sticky":false,"template":"","format":"standard","meta":{"_acf_changed":false,"footnotes":""},"categories":[50],"tags":[2699,13953],"naslovna":[],"class_list":["post-962643","post","type-post","status-publish","format-standard","has-post-thumbnail","hentry","category-kultura","tag-dragan-koprivica-i-prijatelji","tag-dom-starih-pljevlja"],"acf":[],"yoast_head":"<!-- This site is optimized with the Yoast SEO plugin v27.0 - https:\/\/yoast.com\/product\/yoast-seo-wordpress\/ -->\n<title>U Domu starih \u201cPljevlja\u201d odr\u017eano muzi\u010dko-pjesni\u010dko ve\u010de Dragana Koprivice i prijatelja - dmcsrb.com<\/title>\n<meta name=\"robots\" content=\"index, follow, max-snippet:-1, max-image-preview:large, max-video-preview:-1\" \/>\n<link rel=\"canonical\" href=\"https:\/\/dmcsrb.com\/en\/kultura\/u-domu-starih-pljevlja-odrzano-muzicko-pjesnicko-vece-dragana-koprivice-i-prijatelja\/\" \/>\n<meta property=\"og:locale\" content=\"en_GB\" \/>\n<meta property=\"og:type\" content=\"article\" \/>\n<meta property=\"og:title\" content=\"U Domu starih \u201cPljevlja\u201d odr\u017eano muzi\u010dko-pjesni\u010dko ve\u010de Dragana Koprivice i prijatelja - dmcsrb.com\" \/>\n<meta property=\"og:description\" content=\"Dragan Koprivica i pjesnikinja Ana \u0110urovi\u0107 sino\u0107 su uspje\u0161no nastupili u Domu starih \u201cPljevlja\u201d u istoimenom gradu, i priredili kulturno ve\u010de uz odli\u010dnu sinergiju sa svim korisnicima i sa osobljem Doma.\" \/>\n<meta property=\"og:url\" content=\"https:\/\/dmcsrb.com\/en\/kultura\/u-domu-starih-pljevlja-odrzano-muzicko-pjesnicko-vece-dragana-koprivice-i-prijatelja\/\" \/>\n<meta property=\"og:site_name\" content=\"dmcsrb.com\" \/>\n<meta property=\"article:published_time\" content=\"2025-11-08T13:35:00+00:00\" \/>\n<meta property=\"og:image\" content=\"https:\/\/dmcsrb.com\/wp-content\/uploads\/2026\/01\/Dragan-Koprivica-i-prijatelji-u-Pljevljima.webp\" \/>\n\t<meta property=\"og:image:width\" content=\"1165\" \/>\n\t<meta property=\"og:image:height\" content=\"767\" \/>\n\t<meta property=\"og:image:type\" content=\"image\/jpeg\" \/>\n<meta name=\"author\" content=\"dmcsrbija.com@gmail.com\" \/>\n<meta name=\"twitter:card\" content=\"summary_large_image\" \/>\n<meta name=\"twitter:label1\" content=\"Written by\" \/>\n\t<meta name=\"twitter:data1\" content=\"dmcsrbija.com@gmail.com\" \/>\n\t<meta name=\"twitter:label2\" content=\"Estimated reading time\" \/>\n\t<meta name=\"twitter:data2\" content=\"2 minutes\" \/>\n<script type=\"application\/ld+json\" class=\"yoast-schema-graph\">{\"@context\":\"https:\/\/schema.org\",\"@graph\":[{\"@type\":\"Article\",\"@id\":\"https:\/\/dmcsrb.com\/kultura\/u-domu-starih-pljevlja-odrzano-muzicko-pjesnicko-vece-dragana-koprivice-i-prijatelja\/#article\",\"isPartOf\":{\"@id\":\"https:\/\/dmcsrb.com\/kultura\/u-domu-starih-pljevlja-odrzano-muzicko-pjesnicko-vece-dragana-koprivice-i-prijatelja\/\"},\"author\":{\"name\":\"dmcsrbija.com@gmail.com\",\"@id\":\"https:\/\/dmcsrb.com\/#\/schema\/person\/5c39170f12db1b8b457732d0b5c854e2\"},\"headline\":\"U Domu starih \u201cPljevlja\u201d odr\u017eano muzi\u010dko-pjesni\u010dko ve\u010de Dragana Koprivice i prijatelja\",\"datePublished\":\"2025-11-08T13:35:00+00:00\",\"mainEntityOfPage\":{\"@id\":\"https:\/\/dmcsrb.com\/kultura\/u-domu-starih-pljevlja-odrzano-muzicko-pjesnicko-vece-dragana-koprivice-i-prijatelja\/\"},\"wordCount\":497,\"commentCount\":0,\"image\":{\"@id\":\"https:\/\/dmcsrb.com\/kultura\/u-domu-starih-pljevlja-odrzano-muzicko-pjesnicko-vece-dragana-koprivice-i-prijatelja\/#primaryimage\"},\"thumbnailUrl\":\"https:\/\/dmcsrb.com\/wp-content\/uploads\/2026\/01\/Dragan-Koprivica-i-prijatelji-u-Pljevljima.webp\",\"keywords\":[\"''Dragan Koprivica i prijatelji''\",\"Dom starih Pljevlja\"],\"articleSection\":[\"Kultura\"],\"inLanguage\":\"en-GB\",\"potentialAction\":[{\"@type\":\"CommentAction\",\"name\":\"Comment\",\"target\":[\"https:\/\/dmcsrb.com\/kultura\/u-domu-starih-pljevlja-odrzano-muzicko-pjesnicko-vece-dragana-koprivice-i-prijatelja\/#respond\"]}]},{\"@type\":\"WebPage\",\"@id\":\"https:\/\/dmcsrb.com\/kultura\/u-domu-starih-pljevlja-odrzano-muzicko-pjesnicko-vece-dragana-koprivice-i-prijatelja\/\",\"url\":\"https:\/\/dmcsrb.com\/kultura\/u-domu-starih-pljevlja-odrzano-muzicko-pjesnicko-vece-dragana-koprivice-i-prijatelja\/\",\"name\":\"U Domu starih \u201cPljevlja\u201d odr\u017eano muzi\u010dko-pjesni\u010dko ve\u010de Dragana Koprivice i prijatelja - dmcsrb.com\",\"isPartOf\":{\"@id\":\"https:\/\/dmcsrb.com\/#website\"},\"primaryImageOfPage\":{\"@id\":\"https:\/\/dmcsrb.com\/kultura\/u-domu-starih-pljevlja-odrzano-muzicko-pjesnicko-vece-dragana-koprivice-i-prijatelja\/#primaryimage\"},\"image\":{\"@id\":\"https:\/\/dmcsrb.com\/kultura\/u-domu-starih-pljevlja-odrzano-muzicko-pjesnicko-vece-dragana-koprivice-i-prijatelja\/#primaryimage\"},\"thumbnailUrl\":\"https:\/\/dmcsrb.com\/wp-content\/uploads\/2026\/01\/Dragan-Koprivica-i-prijatelji-u-Pljevljima.webp\",\"datePublished\":\"2025-11-08T13:35:00+00:00\",\"author\":{\"@id\":\"https:\/\/dmcsrb.com\/#\/schema\/person\/5c39170f12db1b8b457732d0b5c854e2\"},\"breadcrumb\":{\"@id\":\"https:\/\/dmcsrb.com\/kultura\/u-domu-starih-pljevlja-odrzano-muzicko-pjesnicko-vece-dragana-koprivice-i-prijatelja\/#breadcrumb\"},\"inLanguage\":\"en-GB\",\"potentialAction\":[{\"@type\":\"ReadAction\",\"target\":[\"https:\/\/dmcsrb.com\/kultura\/u-domu-starih-pljevlja-odrzano-muzicko-pjesnicko-vece-dragana-koprivice-i-prijatelja\/\"]}]},{\"@type\":\"ImageObject\",\"inLanguage\":\"en-GB\",\"@id\":\"https:\/\/dmcsrb.com\/kultura\/u-domu-starih-pljevlja-odrzano-muzicko-pjesnicko-vece-dragana-koprivice-i-prijatelja\/#primaryimage\",\"url\":\"https:\/\/dmcsrb.com\/wp-content\/uploads\/2026\/01\/Dragan-Koprivica-i-prijatelji-u-Pljevljima.webp\",\"contentUrl\":\"https:\/\/dmcsrb.com\/wp-content\/uploads\/2026\/01\/Dragan-Koprivica-i-prijatelji-u-Pljevljima.webp\",\"width\":1165,\"height\":767},{\"@type\":\"BreadcrumbList\",\"@id\":\"https:\/\/dmcsrb.com\/kultura\/u-domu-starih-pljevlja-odrzano-muzicko-pjesnicko-vece-dragana-koprivice-i-prijatelja\/#breadcrumb\",\"itemListElement\":[{\"@type\":\"ListItem\",\"position\":1,\"name\":\"Home\",\"item\":\"https:\/\/dmcsrb.com\/\"},{\"@type\":\"ListItem\",\"position\":2,\"name\":\"U Domu starih \u201cPljevlja\u201d odr\u017eano muzi\u010dko-pjesni\u010dko ve\u010de Dragana Koprivice i prijatelja\"}]},{\"@type\":\"WebSite\",\"@id\":\"https:\/\/dmcsrb.com\/#website\",\"url\":\"https:\/\/dmcsrb.com\/\",\"name\":\"dmcsrb.com\",\"description\":\"\",\"potentialAction\":[{\"@type\":\"SearchAction\",\"target\":{\"@type\":\"EntryPoint\",\"urlTemplate\":\"https:\/\/dmcsrb.com\/?s={search_term_string}\"},\"query-input\":{\"@type\":\"PropertyValueSpecification\",\"valueRequired\":true,\"valueName\":\"search_term_string\"}}],\"inLanguage\":\"en-GB\"},{\"@type\":\"Person\",\"@id\":\"https:\/\/dmcsrb.com\/#\/schema\/person\/5c39170f12db1b8b457732d0b5c854e2\",\"name\":\"dmcsrbija.com@gmail.com\",\"image\":{\"@type\":\"ImageObject\",\"inLanguage\":\"en-GB\",\"@id\":\"https:\/\/dmcsrb.com\/#\/schema\/person\/image\/\",\"url\":\"https:\/\/secure.gravatar.com\/avatar\/68592660ad6347fad0fb587f8d5d8f1a7b44961362f56e4f2cd524feb87e9069?s=96&d=mm&r=g\",\"contentUrl\":\"https:\/\/secure.gravatar.com\/avatar\/68592660ad6347fad0fb587f8d5d8f1a7b44961362f56e4f2cd524feb87e9069?s=96&d=mm&r=g\",\"caption\":\"dmcsrbija.com@gmail.com\"},\"sameAs\":[\"https:\/\/dmcsrb.com\"],\"url\":\"https:\/\/dmcsrb.com\/en\/author\/dmcsrbija-comgmail-com\/\"}]}<\/script>\n<!-- \/ Yoast SEO plugin. -->","yoast_head_json":{"title":"U Domu starih \u201cPljevlja\u201d odr\u017eano muzi\u010dko-pjesni\u010dko ve\u010de Dragana Koprivice i prijatelja - dmcsrb.com","robots":{"index":"index","follow":"follow","max-snippet":"max-snippet:-1","max-image-preview":"max-image-preview:large","max-video-preview":"max-video-preview:-1"},"canonical":"https:\/\/dmcsrb.com\/en\/kultura\/u-domu-starih-pljevlja-odrzano-muzicko-pjesnicko-vece-dragana-koprivice-i-prijatelja\/","og_locale":"en_GB","og_type":"article","og_title":"U Domu starih \u201cPljevlja\u201d odr\u017eano muzi\u010dko-pjesni\u010dko ve\u010de Dragana Koprivice i prijatelja - dmcsrb.com","og_description":"Dragan Koprivica i pjesnikinja Ana \u0110urovi\u0107 sino\u0107 su uspje\u0161no nastupili u Domu starih \u201cPljevlja\u201d u istoimenom gradu, i priredili kulturno ve\u010de uz odli\u010dnu sinergiju sa svim korisnicima i sa osobljem Doma.","og_url":"https:\/\/dmcsrb.com\/en\/kultura\/u-domu-starih-pljevlja-odrzano-muzicko-pjesnicko-vece-dragana-koprivice-i-prijatelja\/","og_site_name":"dmcsrb.com","article_published_time":"2025-11-08T13:35:00+00:00","og_image":[{"width":1165,"height":767,"url":"https:\/\/dmcsrb.com\/wp-content\/uploads\/2026\/01\/Dragan-Koprivica-i-prijatelji-u-Pljevljima.webp","type":"image\/jpeg"}],"author":"dmcsrbija.com@gmail.com","twitter_card":"summary_large_image","twitter_misc":{"Written by":"dmcsrbija.com@gmail.com","Estimated reading time":"2 minutes"},"schema":{"@context":"https:\/\/schema.org","@graph":[{"@type":"Article","@id":"https:\/\/dmcsrb.com\/kultura\/u-domu-starih-pljevlja-odrzano-muzicko-pjesnicko-vece-dragana-koprivice-i-prijatelja\/#article","isPartOf":{"@id":"https:\/\/dmcsrb.com\/kultura\/u-domu-starih-pljevlja-odrzano-muzicko-pjesnicko-vece-dragana-koprivice-i-prijatelja\/"},"author":{"name":"dmcsrbija.com@gmail.com","@id":"https:\/\/dmcsrb.com\/#\/schema\/person\/5c39170f12db1b8b457732d0b5c854e2"},"headline":"U Domu starih \u201cPljevlja\u201d odr\u017eano muzi\u010dko-pjesni\u010dko ve\u010de Dragana Koprivice i prijatelja","datePublished":"2025-11-08T13:35:00+00:00","mainEntityOfPage":{"@id":"https:\/\/dmcsrb.com\/kultura\/u-domu-starih-pljevlja-odrzano-muzicko-pjesnicko-vece-dragana-koprivice-i-prijatelja\/"},"wordCount":497,"commentCount":0,"image":{"@id":"https:\/\/dmcsrb.com\/kultura\/u-domu-starih-pljevlja-odrzano-muzicko-pjesnicko-vece-dragana-koprivice-i-prijatelja\/#primaryimage"},"thumbnailUrl":"https:\/\/dmcsrb.com\/wp-content\/uploads\/2026\/01\/Dragan-Koprivica-i-prijatelji-u-Pljevljima.webp","keywords":["''Dragan Koprivica i prijatelji''","Dom starih Pljevlja"],"articleSection":["Kultura"],"inLanguage":"en-GB","potentialAction":[{"@type":"CommentAction","name":"Comment","target":["https:\/\/dmcsrb.com\/kultura\/u-domu-starih-pljevlja-odrzano-muzicko-pjesnicko-vece-dragana-koprivice-i-prijatelja\/#respond"]}]},{"@type":"WebPage","@id":"https:\/\/dmcsrb.com\/kultura\/u-domu-starih-pljevlja-odrzano-muzicko-pjesnicko-vece-dragana-koprivice-i-prijatelja\/","url":"https:\/\/dmcsrb.com\/kultura\/u-domu-starih-pljevlja-odrzano-muzicko-pjesnicko-vece-dragana-koprivice-i-prijatelja\/","name":"U Domu starih \u201cPljevlja\u201d odr\u017eano muzi\u010dko-pjesni\u010dko ve\u010de Dragana Koprivice i prijatelja - dmcsrb.com","isPartOf":{"@id":"https:\/\/dmcsrb.com\/#website"},"primaryImageOfPage":{"@id":"https:\/\/dmcsrb.com\/kultura\/u-domu-starih-pljevlja-odrzano-muzicko-pjesnicko-vece-dragana-koprivice-i-prijatelja\/#primaryimage"},"image":{"@id":"https:\/\/dmcsrb.com\/kultura\/u-domu-starih-pljevlja-odrzano-muzicko-pjesnicko-vece-dragana-koprivice-i-prijatelja\/#primaryimage"},"thumbnailUrl":"https:\/\/dmcsrb.com\/wp-content\/uploads\/2026\/01\/Dragan-Koprivica-i-prijatelji-u-Pljevljima.webp","datePublished":"2025-11-08T13:35:00+00:00","author":{"@id":"https:\/\/dmcsrb.com\/#\/schema\/person\/5c39170f12db1b8b457732d0b5c854e2"},"breadcrumb":{"@id":"https:\/\/dmcsrb.com\/kultura\/u-domu-starih-pljevlja-odrzano-muzicko-pjesnicko-vece-dragana-koprivice-i-prijatelja\/#breadcrumb"},"inLanguage":"en-GB","potentialAction":[{"@type":"ReadAction","target":["https:\/\/dmcsrb.com\/kultura\/u-domu-starih-pljevlja-odrzano-muzicko-pjesnicko-vece-dragana-koprivice-i-prijatelja\/"]}]},{"@type":"ImageObject","inLanguage":"en-GB","@id":"https:\/\/dmcsrb.com\/kultura\/u-domu-starih-pljevlja-odrzano-muzicko-pjesnicko-vece-dragana-koprivice-i-prijatelja\/#primaryimage","url":"https:\/\/dmcsrb.com\/wp-content\/uploads\/2026\/01\/Dragan-Koprivica-i-prijatelji-u-Pljevljima.webp","contentUrl":"https:\/\/dmcsrb.com\/wp-content\/uploads\/2026\/01\/Dragan-Koprivica-i-prijatelji-u-Pljevljima.webp","width":1165,"height":767},{"@type":"BreadcrumbList","@id":"https:\/\/dmcsrb.com\/kultura\/u-domu-starih-pljevlja-odrzano-muzicko-pjesnicko-vece-dragana-koprivice-i-prijatelja\/#breadcrumb","itemListElement":[{"@type":"ListItem","position":1,"name":"Home","item":"https:\/\/dmcsrb.com\/"},{"@type":"ListItem","position":2,"name":"U Domu starih \u201cPljevlja\u201d odr\u017eano muzi\u010dko-pjesni\u010dko ve\u010de Dragana Koprivice i prijatelja"}]},{"@type":"WebSite","@id":"https:\/\/dmcsrb.com\/#website","url":"https:\/\/dmcsrb.com\/","name":"dmcsrb.com","description":"","potentialAction":[{"@type":"SearchAction","target":{"@type":"EntryPoint","urlTemplate":"https:\/\/dmcsrb.com\/?s={search_term_string}"},"query-input":{"@type":"PropertyValueSpecification","valueRequired":true,"valueName":"search_term_string"}}],"inLanguage":"en-GB"},{"@type":"Person","@id":"https:\/\/dmcsrb.com\/#\/schema\/person\/5c39170f12db1b8b457732d0b5c854e2","name":"dmcsrbija.com@gmail.com","image":{"@type":"ImageObject","inLanguage":"en-GB","@id":"https:\/\/dmcsrb.com\/#\/schema\/person\/image\/","url":"https:\/\/secure.gravatar.com\/avatar\/68592660ad6347fad0fb587f8d5d8f1a7b44961362f56e4f2cd524feb87e9069?s=96&d=mm&r=g","contentUrl":"https:\/\/secure.gravatar.com\/avatar\/68592660ad6347fad0fb587f8d5d8f1a7b44961362f56e4f2cd524feb87e9069?s=96&d=mm&r=g","caption":"dmcsrbija.com@gmail.com"},"sameAs":["https:\/\/dmcsrb.com"],"url":"https:\/\/dmcsrb.com\/en\/author\/dmcsrbija-comgmail-com\/"}]}},"_links":{"self":[{"href":"https:\/\/dmcsrb.com\/en\/wp-json\/wp\/v2\/posts\/962643","targetHints":{"allow":["GET"]}}],"collection":[{"href":"https:\/\/dmcsrb.com\/en\/wp-json\/wp\/v2\/posts"}],"about":[{"href":"https:\/\/dmcsrb.com\/en\/wp-json\/wp\/v2\/types\/post"}],"author":[{"embeddable":true,"href":"https:\/\/dmcsrb.com\/en\/wp-json\/wp\/v2\/users\/1"}],"replies":[{"embeddable":true,"href":"https:\/\/dmcsrb.com\/en\/wp-json\/wp\/v2\/comments?post=962643"}],"version-history":[{"count":0,"href":"https:\/\/dmcsrb.com\/en\/wp-json\/wp\/v2\/posts\/962643\/revisions"}],"wp:featuredmedia":[{"embeddable":true,"href":"https:\/\/dmcsrb.com\/en\/wp-json\/wp\/v2\/media\/962644"}],"wp:attachment":[{"href":"https:\/\/dmcsrb.com\/en\/wp-json\/wp\/v2\/media?parent=962643"}],"wp:term":[{"taxonomy":"category","embeddable":true,"href":"https:\/\/dmcsrb.com\/en\/wp-json\/wp\/v2\/categories?post=962643"},{"taxonomy":"post_tag","embeddable":true,"href":"https:\/\/dmcsrb.com\/en\/wp-json\/wp\/v2\/tags?post=962643"},{"taxonomy":"naslovna","embeddable":true,"href":"https:\/\/dmcsrb.com\/en\/wp-json\/wp\/v2\/naslovna?post=962643"}],"curies":[{"name":"wp","href":"https:\/\/api.w.org\/{rel}","templated":true}]}}